{"id":12357,"date":"2025-08-12T23:20:26","date_gmt":"2025-08-12T21:20:26","guid":{"rendered":"https:\/\/www.musical-today.de\/?p=12357"},"modified":"2025-08-12T23:20:27","modified_gmt":"2025-08-12T21:20:27","slug":"moerbisch-saturday-night-fever","status":"publish","type":"post","link":"https:\/\/www.musical-today.de\/en\/moerbisch-saturday-night-fever\/","title":{"rendered":"Saturday Night Fever"},"content":{"rendered":"<div class=\"lets-info-up-wrap  lets-info-up--right lets-info-up--m-1 lets-info-up-skin-3 lets-info-up--side lets-info-up-53810\" style=\"background:#fafafa; color: #616161\">\t\t\t<div class=\"lets-info-up\">\r\n\t\t\t<div class=\"lets-info-up-fi\"><img decoding=\"async\" width=\"500\" height=\"333\" src=\"https:\/\/www.musical-today.de\/wp-content\/uploads\/2024\/01\/qi-addons-for-elementor-placeholder-500x333.png\" class=\"attachment-lets-info-up-d1 size-lets-info-up-d1\" alt=\"|\" srcset=\"https:\/\/www.musical-today.de\/wp-content\/uploads\/2024\/01\/qi-addons-for-elementor-placeholder-500x333.png 500w, https:\/\/www.musical-today.de\/wp-content\/uploads\/2024\/01\/qi-addons-for-elementor-placeholder-300x200.png 300w, https:\/\/www.musical-today.de\/wp-content\/uploads\/2024\/01\/qi-addons-for-elementor-placeholder-1024x683.png 1024w, https:\/\/www.musical-today.de\/wp-content\/uploads\/2024\/01\/qi-addons-for-elementor-placeholder-883x589.png 883w, https:\/\/www.musical-today.de\/wp-content\/uploads\/2024\/01\/qi-addons-for-elementor-placeholder-18x12.png 18w, https:\/\/www.musical-today.de\/wp-content\/uploads\/2024\/01\/qi-addons-for-elementor-placeholder-360x240.png 360w, https:\/\/www.musical-today.de\/wp-content\/uploads\/2024\/01\/qi-addons-for-elementor-placeholder-1155x770.png 1155w, https:\/\/www.musical-today.de\/wp-content\/uploads\/2024\/01\/qi-addons-for-elementor-placeholder-370x247.png 370w, https:\/\/www.musical-today.de\/wp-content\/uploads\/2024\/01\/qi-addons-for-elementor-placeholder-770x513.png 770w, https:\/\/www.musical-today.de\/wp-content\/uploads\/2024\/01\/qi-addons-for-elementor-placeholder-293x195.png 293w, https:\/\/www.musical-today.de\/wp-content\/uploads\/2024\/01\/qi-addons-for-elementor-placeholder-120x80.png 120w, https:\/\/www.musical-today.de\/wp-content\/uploads\/2024\/01\/qi-addons-for-elementor-placeholder-240x160.png 240w, https:\/\/www.musical-today.de\/wp-content\/uploads\/2024\/01\/qi-addons-for-elementor-placeholder-390x260.png 390w, https:\/\/www.musical-today.de\/wp-content\/uploads\/2024\/01\/qi-addons-for-elementor-placeholder.png 1200w\" sizes=\"(max-width: 500px) 100vw, 500px\" title=\"\"><\/div>\t\t\t<div class=\"lets-info-up-block-wrap\">\r\n\t\t\t\t<div class=\"lets-info-up-block lets-info-up-meta-block\"><div class=\"lets-info-up-meta-title lets-info-up-pretitle font-h\" style=\"color: #8c6d18;\">oRT<\/div><div class=\"lets-info-up-meta-content lets-info-up-title font-b\">Seefestspiele M\u00f6rbisch<\/div><\/div><div class=\"lets-info-up-block lets-info-up-meta-block\"><div class=\"lets-info-up-meta-title lets-info-up-pretitle font-h\" style=\"color: #8c6d18;\">von<\/div><div class=\"lets-info-up-meta-content lets-info-up-title font-b\">Robert Stigwood und Bill Oakes<br>mit Musik von \u201eThe Bee Gees\u201c<\/div><\/div><div class=\"lets-info-up-block lets-info-up-meta-block\"><div class=\"lets-info-up-meta-title lets-info-up-pretitle font-h\" style=\"color: #8c6d18;\">Regie<\/div><div class=\"lets-info-up-meta-content lets-info-up-title font-b\">Karl Absenger<\/div><\/div><div class=\"lets-info-up-block lets-info-up-meta-block\"><div class=\"lets-info-up-meta-title lets-info-up-pretitle font-h\" style=\"color: #8c6d18;\">Urauff\u00fchrung<\/div><div class=\"lets-info-up-meta-content lets-info-up-title font-b\">1998<\/div><\/div><div class=\"lets-info-up-block lets-info-up-meta-block\"><div class=\"lets-info-up-meta-title lets-info-up-pretitle font-h\" style=\"color: #8c6d18;\">INFOS<\/div><div class=\"lets-info-up-meta-content lets-info-up-title font-b\"><a href=\"https:\/\/www.seefestspiele-moerbisch.at\/\" data-type=\"link\" target=\"_blank\" rel=\"noopener noreferrer nofollow\">www.seefestspiele-moerbisch.at<\/a><\/div><\/div>\t\t\t<\/div>\r\n\t\t\t<\/div>\r\n\t\t<\/div>\r\n\t\t\n\n\n<p><strong>In einer \u00fcberw\u00e4ltigenden Kulisse geht das \u201eSaturday Night Fever\u201c baden<\/strong><\/p>\n\n\n\n<p>Hand aufs Herz, was soll schon schiefgehen, wo der offiziell lebensrettende Song \u201eStayin\u2019 Alive\u201c, der mit seinen 103 Schl\u00e4gen pro Minute die medizinisch empfohlene Taktfrequenz f\u00fcr die Herzdruckmassage vorgibt, im Zentrum steht? Eine vitale, mitrei\u00dfende Show scheint vorprogrammiert, good vibrations, elektrisierende Disco-Moves am laufenden Band, der 1977 erschienene \u201eSaturday Night\u201c-Soundtrack der Bee Gees, die damit ihren gr\u00f6\u00dften kommerziellen Erfolg feierten \u2026<\/p>\n\n\n\n<p>Und in der Tat, ob laut ausgesprochen oder still geseufzt: Das \u201eWOW!\u201c bleibt definitiv nicht aus. Der erste Blick auf die vom realen Vollmond beschienene B\u00fchne der Seefestspiele M\u00f6rbisch am Neusiedler See beamt die 6.000 (!) Zuschauer direkt ins Herz von Brooklyn. Der Grazer B\u00fchnenbildner Walter Vogelweider hat Gro\u00dfartiges geleistet, um die popul\u00e4re Seeb\u00fchne im Burgenland zum authentischen und die Sinne \u00fcberw\u00e4ltigenden Schauplatz f\u00fcr das Jukebox-Musical \u201eSaturday Night Fever\u201c (in der neueren Version von Ryan McBride) umzugestalten, das den amerikanischen Tanz-Kultfilm mit John Travolta alias Tony Manero (1977) leider ziemlich ungelenk adaptiert.<\/p>\n\n\n\n<p>W\u00e4hrend sich im Hintergrund die clever illuminierte Skyline Manhattans auft\u00fcrmt, wird ein Teil des Sees zum Hudson River, den eindrucksvoll New Yorks altehrw\u00fcrdiges H\u00e4ngebr\u00fccken-Wahrzeichen \u00fcberspannt. Raffiniert schieben sich aus den Geb\u00e4udefassaden der Hauptb\u00fchne immer wieder die zwei kontr\u00e4ren Indoor-Welten, in denen der ambitionierte Disco-K\u00f6nig, dem Paul Csitkovics zumindest vokal die ben\u00f6tigt l\u00e4ssige Kontur verleiht, sein wenig befriedigendes Dasein fristet. Links das miefig-bigotte Elternhaus, in dem Tony Manero sich vor dem Spiegel f\u00fcr die n\u00e4chtlichen Tanzorgien aufh\u00fcbscht, aber nicht ernst genommen wird; rechts das Tanzstudio, in dem mit Stephanie (sehr pr\u00e4sent: Anna Rosa D\u00f6ller) f\u00fcr den Tanzwettbewerb im \u201e2001 Odyssey\u201c geprobt wird. Erst im angedeuteten Happy End wagt er bekanntlich den Aus- und Aufbruch in neues Terrain.<\/p>\n\n\n<div  class=\"tpgb-wrap-956d14_12357  tpgb-wrap-fw \"  ><div id=\"956d14_12357\" class=\"tpgb-block-956d14_12357 tpgb-relative-block tpgb-gallery-list tpgb-metro gallery-style-2 hover-image-style-1   \" data-style=\"style-2\" data-id=\"956d14_12357\" data-layout=\"metro\" data-fancy-option='{\"loop\":false,\"thumb\":\"no\",\"infobar\":true,\"arrows\":true,\"transitionEffect\":\"slide\",\"button\":[\"close\"]}' data-splide='\"\"' data-metroAttr= '{\"metro_col\":3,\"tab_metro_col\":3,\"mobile_metro_col\":3,\"metro_style\":\"style-1\",\"tab_metro_style\":\"style-1\",\"mobile_metro_style\":\"style-1\"}' ><div class=\"tpgb-row post-loop-inner \"><div class=\"grid-item metro-item-0    tpgb-metro-1  tpgb-tab-metro-1  tpgb-mobile-metro-1 \"><a href=\"https:\/\/www.musical-today.de\/wp-content\/uploads\/2025\/08\/Amanda-Whitford.jpg\" class=\"tpgb-gallery-list-content tpgb-trans-easeinout\" data-fancybox=\"956d14_12357\" data-caption=\"Foto: www.kurtpinter.com\" aria-label=\"Foto: www.kurtpinter.com\"><div class=\"post-content-image\"><div class=\"tpgb-metro-gallery-image\" style=\"background: url(https:\/\/www.musical-today.de\/wp-content\/uploads\/2025\/08\/Amanda-Whitford.jpg);\"><\/div><\/div><div class=\"post-content-center\"><div class=\"post-zoom-icon\"><div class=\"meta-search-icon\"><span><img decoding=\"async\" class=\"fancy-img\" src=\"https:\/\/www.musical-today.de\/wp-content\/uploads\/2025\/08\/Amanda-Whitford.jpg\" alt=\"Media Image1\" title=\"\"><i class=\"fas fa-search-plus pop-icon\"><\/i><\/span><\/div><\/div><div class=\"post-content-bottom\"><p class=\"post-title tpgb-trans-easeinout\">Foto: www.kurtpinter.com<\/p><\/div><\/div><\/a><\/div><div class=\"grid-item metro-item-1    tpgb-metro-2  tpgb-tab-metro-2  tpgb-mobile-metro-2 \"><a href=\"https:\/\/www.musical-today.de\/wp-content\/uploads\/2025\/08\/Fabio-Diso-Aeneas-Hollweg-Ensemble-Statisterie.jpg\" class=\"tpgb-gallery-list-content tpgb-trans-easeinout\" data-fancybox=\"956d14_12357\" data-caption=\"Foto: www.kurtpinter.com\" aria-label=\"Foto: www.kurtpinter.com\"><div class=\"post-content-image\"><div class=\"tpgb-metro-gallery-image\" style=\"background: url(https:\/\/www.musical-today.de\/wp-content\/uploads\/2025\/08\/Fabio-Diso-Aeneas-Hollweg-Ensemble-Statisterie.jpg);\"><\/div><\/div><div class=\"post-content-center\"><div class=\"post-zoom-icon\"><div class=\"meta-search-icon\"><span><img decoding=\"async\" class=\"fancy-img\" src=\"https:\/\/www.musical-today.de\/wp-content\/uploads\/2025\/08\/Fabio-Diso-Aeneas-Hollweg-Ensemble-Statisterie.jpg\" alt=\"Media Image2\" title=\"\"><i class=\"fas fa-search-plus pop-icon\"><\/i><\/span><\/div><\/div><div class=\"post-content-bottom\"><p class=\"post-title tpgb-trans-easeinout\">Foto: www.kurtpinter.com<\/p><\/div><\/div><\/a><\/div><div class=\"grid-item metro-item-2    tpgb-metro-3  tpgb-tab-metro-3  tpgb-mobile-metro-3 \"><a href=\"https:\/\/www.musical-today.de\/wp-content\/uploads\/2025\/08\/SNF-Pano2.jpg\" class=\"tpgb-gallery-list-content tpgb-trans-easeinout\" data-fancybox=\"956d14_12357\" data-caption=\"Foto: www.kurtpinter.com\" aria-label=\"Foto: www.kurtpinter.com\"><div class=\"post-content-image\"><div class=\"tpgb-metro-gallery-image\" style=\"background: url(https:\/\/www.musical-today.de\/wp-content\/uploads\/2025\/08\/SNF-Pano2.jpg);\"><\/div><\/div><div class=\"post-content-center\"><div class=\"post-zoom-icon\"><div class=\"meta-search-icon\"><span><img decoding=\"async\" class=\"fancy-img\" src=\"https:\/\/www.musical-today.de\/wp-content\/uploads\/2025\/08\/SNF-Pano2.jpg\" alt=\"Media Image3\" title=\"\"><i class=\"fas fa-search-plus pop-icon\"><\/i><\/span><\/div><\/div><div class=\"post-content-bottom\"><p class=\"post-title tpgb-trans-easeinout\">Foto: www.kurtpinter.com<\/p><\/div><\/div><\/a><\/div><\/div><\/div><\/div>\n\n\n<p>Leider wird genau diese M\u00f6rbischer Mega-B\u00fchne diesmal zum Fallstrick f\u00fcr die von Karl Absenger eingerichtete Produktion, bei der 155.000 (!) verkaufte Tickets durchaus eine Ansage sind. Die Regie hat wohl die Herausforderung untersch\u00e4tzt, die es bedeutet, die r\u00e4umlichen Dimensionen und das musikalisch in die Jahre geratene Discofieber-Musical mit seiner mageren Story und den zu wenig Empathie stiftenden Charakteren sowie vorhersehbar formulierten Dialogen mit Leben zu f\u00fcllen \u2013 sprich mit sehr vielen singenden, spielen, tanzenden Akteuren. So wirken die Solisten und das Ensemble, die alles fein umsetzen, was Choreografin Faye Heather Anderson vorgegeben hat, komplett verloren. Das gilt in weiten Teilen auch f\u00fcr die Spannung, die von einem dramaturgisch gut gebauten, emotional ber\u00fchrenden Musical von ganz alleine ausgeht. Ein Highlight darf nicht unerw\u00e4hnt bleiben: das Solo von Bobby alias Aeneas Hollweg \u2013 gro\u00dfes Kino! Schnell merkt man, dass sich sonst nur schwach lodernde Disco-Funken aufs Publikum \u00fcbertragen.<\/p>\n\n\n\n<p>PS: Weitaus mehr Esprit, Originalit\u00e4t und Qualit\u00e4t besitzt in diesem Burgenland-Sommer 2025 \u201eDie Gro\u00dfe Robert Stolz Revue\u201c auf Schloss Tabor \u2013 vom n\u00e4mlichen Ausstatter Walter Vogelweider und mit einem sensationellen Solisten-Ensemble. Ein gerne weitergereichter Geheimtipp!<\/p>\n\n\n\n<hr class=\"wp-block-separator has-alpha-channel-opacity is-style-dots\"\/>\n\n\n\n<p class=\"has-small-font-size\">Musikalische Leitung: Tom Bitterlich \u2022 Choreografie: Faye Heather Anderson \u2022 B\u00fchne: Walter Vogelweider \u2022 Kost\u00fcme: Claudio Pohle \u2022 Licht: Andrew Voller \u2022 Mit: Paul Csitkovics (Tony Manero), Anna Rosa D\u00f6ller (Stephanie Mangano), Juliane Bischoff (Annette), Aeneas Hollweg (Bobby C.), Timotheus Hollweg (Double J.), Magnus Jahr (Joey), Peter Lesiak (Frank Manero Junior), Otto Beckmann (Frank Manero Senior), Shlomit Butbul (Flo Manero) u.a.<\/p>\n\n\n\n<p class=\"has-small-font-size\">Aufmacherfoto: www.kurtpinter.com<\/p>\n","protected":false},"excerpt":{"rendered":"<p>In einer \u00fcberw\u00e4ltigenden Kulisse geht das \u201eSaturday Night Fever\u201c baden Hand aufs Herz, was soll schon schiefgehen, wo der offiziell lebensrettende Song \u201eStayin\u2019 Alive\u201c, der mit seinen 103 Schl\u00e4gen pro Minute die medizinisch empfohlene Taktfrequenz f\u00fcr die Herzdruckmassage vorgibt, im Zentrum steht? Eine vitale, mitrei\u00dfende Show scheint vorprogrammiert, good vibrations, elektrisierende Disco-Moves am laufenden Band, der 1977 erschienene \u201eSaturday Night\u201c-Soundtrack der Bee Gees, die damit ihren gr\u00f6\u00dften kommerziellen Erfolg feierten \u2026 Und in der Tat, ob laut ausgesprochen oder still [&hellip;]<\/p>\n","protected":false},"author":18,"featured_media":12358,"comment_status":"closed","ping_status":"closed","sticky":false,"template":"","format":"standard","meta":{"tpgb_global_settings":"","footnotes":""},"categories":[178],"tags":[],"class_list":["post-12357","post","type-post","status-publish","format-standard","has-post-thumbnail","hentry","category-moerbisch-am-see"],"tpgb_featured_images":{"full":["https:\/\/www.musical-today.de\/wp-content\/uploads\/2025\/08\/Filippo-Strocchi-Ensemble.jpg",2000,1362,false],"tp-image-grid":["https:\/\/www.musical-today.de\/wp-content\/uploads\/2025\/08\/Filippo-Strocchi-Ensemble-700x700.jpg",700,700,true],"thumbnail":["https:\/\/www.musical-today.de\/wp-content\/uploads\/2025\/08\/Filippo-Strocchi-Ensemble-600x409.jpg",600,409,true],"medium":["https:\/\/www.musical-today.de\/wp-content\/uploads\/2025\/08\/Filippo-Strocchi-Ensemble-1200x817.jpg",1200,817,true],"medium_large":["https:\/\/www.musical-today.de\/wp-content\/uploads\/2025\/08\/Filippo-Strocchi-Ensemble-770x524.jpg",770,524,true],"large":["https:\/\/www.musical-today.de\/wp-content\/uploads\/2025\/08\/Filippo-Strocchi-Ensemble-1920x1308.jpg",1139,776,true],"default":"https:\/\/www.musical-today.de\/wp-content\/plugins\/the-plus-addons-for-block-editor\/assets\/images\/tpgb-placeholder.jpg"},"tpgb_post_meta_info":{"get_date":"12.08.2025","get_modified_date":"12.08.2025","category_list":{"category":[{"term_id":178,"name":"M\u00f6rbisch am See","slug":"moerbisch-am-see","term_group":0,"term_taxonomy_id":178,"taxonomy":"category","description":"","parent":114,"count":2,"filter":"raw","term_order":"9"}],"post_tag":false,"post_format":false},"author_name":"Renate Baumiller-Guggenberger","author_url":"https:\/\/www.musical-today.de\/en\/autor\/renatebaumillerguggenberger\/","author_email":"online898@musical-today.de","author_website":"","author_description":"studierte an der LMU M\u00fcnchen Theaterwissenschaft und war mit Schwerpunkt Tanz zehn Jahre Dramaturgin am Theater Augsburg. Seit \u00fcber 30 Jahren schreibt sie f\u00fcr Feuilletons, u.a. bei der Augsburger Allgemeinen, der BSZ und \u201ea3kultur\u201c. Als Redenschreiberin und Trauerrednerin hat sie ein weiteres Standbein. Die emotionale Power und das so viele Sparten umfassende Entertainment, das professionell inszenierte Musicals ausstrahlen, empfand sie immer schon als besonders kostbar.","author_facebook":"","author_twitter":"","author_instagram":"","author_role":["author"],"author_firstname":"Renate","author_lastname":"Baumiller-Guggenberger","user_login":"renatebaumillerguggenberger","author_avatar":"<img src=\"https:\/\/www.musical-today.de\/wp-content\/uploads\/2024\/03\/Autor_Baumiller-Guggenberger-293x293.jpg\" width=\"200\" height=\"200\" alt=\"Renate Baumiller-Guggenberger\" class=\"avatar avatar-200 wp-user-avatar wp-user-avatar-200 alignnone photo\" \/>","author_avatar_url":"https:\/\/www.musical-today.de\/wp-content\/uploads\/2024\/03\/Autor_Baumiller-Guggenberger.jpg","comment_count":0,"post_likes":0,"post_views":0},"tpgb_post_category":{"category":"<a href=\"https:\/\/www.musical-today.de\/en\/oesterreich\/moerbisch-am-see\/\" alt=\"M\u00f6rbisch am See\"  class=\"category-moerbisch-am-see\">M\u00f6rbisch am See<\/a> "},"_links":{"self":[{"href":"https:\/\/www.musical-today.de\/en\/wp-json\/wp\/v2\/posts\/12357","targetHints":{"allow":["GET"]}}],"collection":[{"href":"https:\/\/www.musical-today.de\/en\/wp-json\/wp\/v2\/posts"}],"about":[{"href":"https:\/\/www.musical-today.de\/en\/wp-json\/wp\/v2\/types\/post"}],"author":[{"embeddable":true,"href":"https:\/\/www.musical-today.de\/en\/wp-json\/wp\/v2\/users\/18"}],"replies":[{"embeddable":true,"href":"https:\/\/www.musical-today.de\/en\/wp-json\/wp\/v2\/comments?post=12357"}],"version-history":[{"count":0,"href":"https:\/\/www.musical-today.de\/en\/wp-json\/wp\/v2\/posts\/12357\/revisions"}],"wp:featuredmedia":[{"embeddable":true,"href":"https:\/\/www.musical-today.de\/en\/wp-json\/wp\/v2\/media\/12358"}],"wp:attachment":[{"href":"https:\/\/www.musical-today.de\/en\/wp-json\/wp\/v2\/media?parent=12357"}],"wp:term":[{"taxonomy":"category","embeddable":true,"href":"https:\/\/www.musical-today.de\/en\/wp-json\/wp\/v2\/categories?post=12357"},{"taxonomy":"post_tag","embeddable":true,"href":"https:\/\/www.musical-today.de\/en\/wp-json\/wp\/v2\/tags?post=12357"}],"curies":[{"name":"wp","href":"https:\/\/api.w.org\/{rel}","templated":true}]}}