{"id":12850,"date":"2025-09-08T20:14:38","date_gmt":"2025-09-08T18:14:38","guid":{"rendered":"https:\/\/www.musical-today.de\/?p=12850"},"modified":"2025-09-08T23:25:13","modified_gmt":"2025-09-08T21:25:13","slug":"hamburg-fame","status":"publish","type":"post","link":"https:\/\/www.musical-today.de\/en\/hamburg-fame\/","title":{"rendered":"Fame \u2013 Das Musical"},"content":{"rendered":"<div class=\"lets-info-up-wrap  lets-info-up--right lets-info-up--m-1 lets-info-up-skin-3 lets-info-up--side lets-info-up-28607\" style=\"background:#fafafa; color: #616161\">\t\t\t<div class=\"lets-info-up\">\r\n\t\t\t<div class=\"lets-info-up-fi\"><img decoding=\"async\" width=\"500\" height=\"333\" src=\"https:\/\/www.musical-today.de\/wp-content\/uploads\/2024\/01\/qi-addons-for-elementor-placeholder-500x333.png\" class=\"attachment-lets-info-up-d1 size-lets-info-up-d1\" alt=\"|\" srcset=\"https:\/\/www.musical-today.de\/wp-content\/uploads\/2024\/01\/qi-addons-for-elementor-placeholder-500x333.png 500w, https:\/\/www.musical-today.de\/wp-content\/uploads\/2024\/01\/qi-addons-for-elementor-placeholder-300x200.png 300w, https:\/\/www.musical-today.de\/wp-content\/uploads\/2024\/01\/qi-addons-for-elementor-placeholder-1024x683.png 1024w, https:\/\/www.musical-today.de\/wp-content\/uploads\/2024\/01\/qi-addons-for-elementor-placeholder-883x589.png 883w, https:\/\/www.musical-today.de\/wp-content\/uploads\/2024\/01\/qi-addons-for-elementor-placeholder-18x12.png 18w, https:\/\/www.musical-today.de\/wp-content\/uploads\/2024\/01\/qi-addons-for-elementor-placeholder-360x240.png 360w, https:\/\/www.musical-today.de\/wp-content\/uploads\/2024\/01\/qi-addons-for-elementor-placeholder-1155x770.png 1155w, https:\/\/www.musical-today.de\/wp-content\/uploads\/2024\/01\/qi-addons-for-elementor-placeholder-370x247.png 370w, https:\/\/www.musical-today.de\/wp-content\/uploads\/2024\/01\/qi-addons-for-elementor-placeholder-770x513.png 770w, https:\/\/www.musical-today.de\/wp-content\/uploads\/2024\/01\/qi-addons-for-elementor-placeholder-293x195.png 293w, https:\/\/www.musical-today.de\/wp-content\/uploads\/2024\/01\/qi-addons-for-elementor-placeholder-120x80.png 120w, https:\/\/www.musical-today.de\/wp-content\/uploads\/2024\/01\/qi-addons-for-elementor-placeholder-240x160.png 240w, https:\/\/www.musical-today.de\/wp-content\/uploads\/2024\/01\/qi-addons-for-elementor-placeholder-390x260.png 390w, https:\/\/www.musical-today.de\/wp-content\/uploads\/2024\/01\/qi-addons-for-elementor-placeholder.png 1200w\" sizes=\"(max-width: 500px) 100vw, 500px\" title=\"\"><\/div>\t\t\t<div class=\"lets-info-up-block-wrap\">\r\n\t\t\t\t<div class=\"lets-info-up-block lets-info-up-meta-block\"><div class=\"lets-info-up-meta-title lets-info-up-pretitle font-h\" style=\"color: #8c6d18;\">oRT<\/div><div class=\"lets-info-up-meta-content lets-info-up-title font-b\">First Stage Theater Hamburg<\/div><\/div><div class=\"lets-info-up-block lets-info-up-meta-block\"><div class=\"lets-info-up-meta-title lets-info-up-pretitle font-h\" style=\"color: #8c6d18;\">von<\/div><div class=\"lets-info-up-meta-content lets-info-up-title font-b\">Jose Fernandez (Buch)<br>Jacques Levy (Liedtexte)<br>Steve Margoshes (Musik)<\/div><\/div><div class=\"lets-info-up-block lets-info-up-meta-block\"><div class=\"lets-info-up-meta-title lets-info-up-pretitle font-h\" style=\"color: #8c6d18;\">Regie<\/div><div class=\"lets-info-up-meta-content lets-info-up-title font-b\">Erik Petersen<\/div><\/div><div class=\"lets-info-up-block lets-info-up-meta-block\"><div class=\"lets-info-up-meta-title lets-info-up-pretitle font-h\" style=\"color: #8c6d18;\">Urauff\u00fchrunG<\/div><div class=\"lets-info-up-meta-content lets-info-up-title font-b\">1988<\/div><\/div><div class=\"lets-info-up-block lets-info-up-meta-block\"><div class=\"lets-info-up-meta-title lets-info-up-pretitle font-h\" style=\"color: #8c6d18;\">INFOS<\/div><div class=\"lets-info-up-meta-content lets-info-up-title font-b\"><a href=\"https:\/\/firststagehamburg.de\/produktion\/fame-das-musical\" target=\"_blank\" rel=\"noopener noreferrer nofollow\">www.firststagehamburg.de<\/a><\/div><\/div>\t\t\t<\/div>\r\n\t\t\t<\/div>\r\n\t\t<\/div>\r\n\t\t\n\n\n<p><strong><strong>\u201eFame\u201c kann trotz einer gro\u00dfartigen Kerstin Ibald nicht \u00fcberzeugen<\/strong><\/strong><\/p>\n\n\n\n<p>Der 80er-Musical-Klassiker \u201eFame\u201c begleitet Sch\u00fclerinnen und Sch\u00fcler der High School of Performing Arts \u2013 vier Jahre harte Arbeit, Schwei\u00df, Tr\u00e4nen und der gro\u00dfe Traum: auf die B\u00fchne kommen, ber\u00fchmt werden. Dabei offenbart das St\u00fcck auch einen Blick in die Seele von K\u00fcnstlerinnen und K\u00fcnstlern, oder noch gr\u00f6\u00dfer: Es geht um die Leidenschaft, f\u00fcr etwas zu brennen und daf\u00fcr alles zu geben. So auch am First Stage Theater Hamburg, wo sichtlich alle Darstellenden f\u00fcr ihren Beruf brennen und in der Auftakt-Nummer \u201eHard Work\u201c mit Tempo und Spielfreude auftrumpfen. Leider \u00fcberzeugt das Gesamtergebnis nicht, was einigen Baustellen geschuldet ist.<\/p>\n\n\n\n<p>Regisseur Erik Petersen verlagert die Handlung behutsam ins Heute bzw. in eine zeitlose Umgebung (inklusive Handys). Aufgrund oberfl\u00e4chlicher Personenf\u00fchrung und einiger Handlungsl\u00fccken gelingt es ihm jedoch nicht, die Story in ihrer Drastik zu vermitteln. Warum geht Carmen nach L.A., was passiert dort, warum kommt sie zur\u00fcck? Diese Fragen werden h\u00f6chstens angerissen, dabei liegt genau in dieser Figur der Schl\u00fcssel zur Kernaussage des St\u00fccks: Wie weit kann ich gehen, bevor ich ausbrenne? Carmens Verzweiflung, die schlie\u00dflich zum Suizid f\u00fchrt, m\u00fcsste sich glaubhafter aufbauen. Sonst entfaltet der sinnstiftende Titelsong kaum Strahlkraft: \u201eFame! I\u2019m gonna live forever\u201c, schmettert die zur \u201eUnsterblichkeit\u201c vorbestimmte Carmen \u2013 in dieser Inszenierung kaum nachvollziehbar.<\/p>\n\n\n\n<p>Das B\u00fchnenbild von Felix Wienb\u00fcrger (gebaut von Studio Hamburg) versetzt als Mischung aus Aula mit Spinden und B\u00fchne mit Samtvorhang stimmungsvoll in eine Highschool. Die Kost\u00fcme von Florian B\u00e4nsch f\u00fcgen sich authentisch in das Setting: heutig-zeitlos mit leichtem 80er-Touch, von Tanz-Body bis Paillette, von Adidas-Jogger bis Anzug.<\/p>\n\n\n<div  class=\"tpgb-wrap-956d14_12850  tpgb-wrap-fw \"  ><div id=\"956d14_12850\" class=\"tpgb-block-956d14_12850 tpgb-relative-block tpgb-gallery-list tpgb-metro gallery-style-2 hover-image-style-1   \" data-style=\"style-2\" data-id=\"956d14_12850\" data-layout=\"metro\" data-fancy-option='{\"loop\":false,\"thumb\":\"no\",\"infobar\":true,\"arrows\":true,\"transitionEffect\":\"slide\",\"button\":[\"close\"]}' data-splide='\"\"' data-metroAttr= '{\"metro_col\":3,\"tab_metro_col\":3,\"mobile_metro_col\":3,\"metro_style\":\"style-1\",\"tab_metro_style\":\"style-1\",\"mobile_metro_style\":\"style-1\"}' ><div class=\"tpgb-row post-loop-inner \"><div class=\"grid-item metro-item-0    tpgb-metro-1  tpgb-tab-metro-1  tpgb-mobile-metro-1 \"><a href=\"http:\/\/www.musical-today.de\/wp-content\/uploads\/2025\/09\/STAGE_2025_FAME_Premiere-_ohne-116.jpg\" class=\"tpgb-gallery-list-content tpgb-trans-easeinout\" data-fancybox=\"956d14_12850\" data-caption=\"Foto: Dennis Mundkowski\" aria-label=\"Foto: Dennis Mundkowski\" target=\"_blank\" rel=\"noopener noreferrer nofollow\"><div class=\"post-content-image\"><div class=\"tpgb-metro-gallery-image\" style=\"background: url(https:\/\/www.musical-today.de\/wp-content\/uploads\/2025\/09\/STAGE_2025_FAME_Premiere-_ohne-116.jpg);\"><\/div><\/div><div class=\"post-content-center\"><div class=\"post-zoom-icon\"><div class=\"meta-search-icon\"><span><img decoding=\"async\" class=\"fancy-img\" src=\"https:\/\/www.musical-today.de\/wp-content\/uploads\/2025\/09\/STAGE_2025_FAME_Premiere-_ohne-116.jpg\" alt=\"Media Image1\" title=\"\"><i class=\"fas fa-search-plus pop-icon\"><\/i><\/span><\/div><\/div><div class=\"post-content-bottom\"><p class=\"post-title tpgb-trans-easeinout\">Foto: Dennis Mundkowski<\/p><\/div><\/div><\/a><\/div><div class=\"grid-item metro-item-1    tpgb-metro-2  tpgb-tab-metro-2  tpgb-mobile-metro-2 \"><a href=\"http:\/\/www.musical-today.de\/wp-content\/uploads\/2025\/09\/STAGE_2025_FAME_Premiere-_ohne-31.jpg\" class=\"tpgb-gallery-list-content tpgb-trans-easeinout\" data-fancybox=\"956d14_12850\" data-caption=\"Foto: Dennis Mundkowski\" aria-label=\"Foto: Dennis Mundkowski\" target=\"_blank\" rel=\"noopener noreferrer nofollow\"><div class=\"post-content-image\"><div class=\"tpgb-metro-gallery-image\" style=\"background: url(https:\/\/www.musical-today.de\/wp-content\/uploads\/2025\/09\/STAGE_2025_FAME_Premiere-_ohne-31.jpg);\"><\/div><\/div><div class=\"post-content-center\"><div class=\"post-zoom-icon\"><div class=\"meta-search-icon\"><span><img decoding=\"async\" class=\"fancy-img\" src=\"https:\/\/www.musical-today.de\/wp-content\/uploads\/2025\/09\/STAGE_2025_FAME_Premiere-_ohne-31.jpg\" alt=\"Media Image2\" title=\"\"><i class=\"fas fa-search-plus pop-icon\"><\/i><\/span><\/div><\/div><div class=\"post-content-bottom\"><p class=\"post-title tpgb-trans-easeinout\">Foto: Dennis Mundkowski<\/p><\/div><\/div><\/a><\/div><div class=\"grid-item metro-item-2    tpgb-metro-3  tpgb-tab-metro-3  tpgb-mobile-metro-3 \"><a href=\"http:\/\/www.musical-today.de\/wp-content\/uploads\/2025\/09\/STAGE_2025_FAME_Premiere-_ohne-12.jpg\" class=\"tpgb-gallery-list-content tpgb-trans-easeinout\" data-fancybox=\"956d14_12850\" data-caption=\"Foto: Dennis Mundkowski\" aria-label=\"Foto: Dennis Mundkowski\" target=\"_blank\" rel=\"noopener noreferrer nofollow\"><div class=\"post-content-image\"><div class=\"tpgb-metro-gallery-image\" style=\"background: url(https:\/\/www.musical-today.de\/wp-content\/uploads\/2025\/09\/STAGE_2025_FAME_Premiere-_ohne-12.jpg);\"><\/div><\/div><div class=\"post-content-center\"><div class=\"post-zoom-icon\"><div class=\"meta-search-icon\"><span><img decoding=\"async\" class=\"fancy-img\" src=\"https:\/\/www.musical-today.de\/wp-content\/uploads\/2025\/09\/STAGE_2025_FAME_Premiere-_ohne-12.jpg\" alt=\"Media Image3\" title=\"\"><i class=\"fas fa-search-plus pop-icon\"><\/i><\/span><\/div><\/div><div class=\"post-content-bottom\"><p class=\"post-title tpgb-trans-easeinout\">Foto: Dennis Mundkowski<\/p><\/div><\/div><\/a><\/div><\/div><\/div><\/div>\n\n\n<p>Dass Absolventinnen und Absolventen der Stage School und anderer Schulen auf langj\u00e4hrige Profis treffen, ist ambitioniert und passt zum St\u00fcck. Die gesanglichen und spielerisch teils gro\u00dfen Unterschiede gibt es aber nicht nur zwischen \u201eNeulingen\u201c und Profis, sondern auch unter den Profis.<\/p>\n\n\n\n<p>Als Schulleiterin Miss Sherman \u00fcberstrahlt Kerstin Ibald alle: Jedes Gef\u00fchl fein nuanciert, jeder Ton sitzt und selbst im Abseits der B\u00fchne kann sie eine unglaubliche Pr\u00e4senz entfalten. Grandios ihr Solo \u201eIch seh die Kinder\u201c (\u201eThese Are My Children\u201c \u2013 gesungen wird n\u00e4mlich gr\u00f6\u00dftenteils auf Deutsch). Auch das Duett mit Ann-Kathrin Amborn als Tanzlehrerin Miss Bell ist magisch. Stefan Reil hingegen wirkt als Schauspiellehrer Meyers viel zu aufgesetzt und steif. Ilka Kottkamp gibt die sch\u00fcchterne Serena treffend unbeholfen und kann mit klarer und gef\u00fchlvoller Stimme begeistern, vor allem im Duett \u201eLet\u2019s Play a Love Scene\u201c mit Christopher Dederichs als Nick, dessen Solo \u201eI Want to Make Magic\u201c blass bleibt. Babak Malekzadeh als Joe zieht mit seiner ungebremsten Spielfreude den ganzen Abend die Blicke auf sich. Daniela Tweesmann als Mabel gl\u00e4nzt im kraftvollen \u201eMabel\u2019s Prayer\u201c, Victoria Kerbl spielt sich als Carmen \u00fcberzeugend mehr und mehr in die Verzweiflung.<\/p>\n\n\n\n<p>Spannend ist, dass fast alle in den H\u00f6hen mit lautem Belting abliefern, oft aber in den Mittellagen und ruhigen Passagen schw\u00e4cheln. T\u00e4nzerisch h\u00e4tte man von fast allen mehr erwartet, auch von Sabine Artholds Choreografien \u2013 alles nicht grundverkehrt, aber auch nicht wahnsinnig originell oder mitrei\u00dfend. Gewohnt pr\u00e4zise punktet die Band des First Stage unter Leitung von Nicolas Mischke.<\/p>\n\n\n\n<p>Zum Schluss sorgt das Ensemble in der Reprise von \u201eBring on Tomorrow\u201c f\u00fcr einen sch\u00f6nen G\u00e4nsehaut-Moment und l\u00e4sst auf die Zukunft hoffen.<\/p>\n\n\n\n<hr class=\"wp-block-separator has-alpha-channel-opacity is-style-dots\"\/>\n\n\n\n<p class=\"has-small-font-size\">Musikalische Leitung: Nicolas Mischke \u2022 Choreografie: Sabine Arthold \u2022 B\u00fchne: Felix Wienb\u00fcrger\/Studio Hamburg \u2022 Kost\u00fcme: Florian B\u00e4nsch \u2022 Mit: Ilka Kottkamp (Serena Katz), Christopher Dederichs (Nick Piazza), Babak Malekzadeh (Joe Vegas), Ruby Smeets (Coco), Victoria Kerbl (Carmen Diaz), Jeslord Akuoko (Tyrone Jackson), Rose Vandrey (Iris Kelly), Daniela Tweesmann (Mabel Washington), Lina Sbaita (Beatrice\/Dance Captain), Dominik Wojtasik (Peter), Marc Verhaelen (Schlomo Metzenbaum), Viola Bremer (Grace Lamb), Dominik Krumschmidt (Goodman King), Charlotte Beba (Kira), Iman Khaleghi (Percy), Kerstin Ibald (Miss Sherman), Ann-Kathrin Amborn (Miss Bell), Max Kikken (Andre\/Mister Sheinkopf), Stefan Reil (Mister Meyers) u.a. \u2022 Band des First Stage Theaters Hamburg<br><br>Aufmacherfoto: Dennis Mundkowski<\/p>\n","protected":false},"excerpt":{"rendered":"<p>\u201eFame\u201c kann trotz einer gro\u00dfartigen Kerstin Ibald nicht \u00fcberzeugen Der 80er-Musical-Klassiker \u201eFame\u201c begleitet Sch\u00fclerinnen und Sch\u00fcler der High School of Performing Arts \u2013 vier Jahre harte Arbeit, Schwei\u00df, Tr\u00e4nen und der gro\u00dfe Traum: auf die B\u00fchne kommen, ber\u00fchmt werden. Dabei offenbart das St\u00fcck auch einen Blick in die Seele von K\u00fcnstlerinnen und K\u00fcnstlern, oder noch gr\u00f6\u00dfer: Es geht um die Leidenschaft, f\u00fcr etwas zu brennen und daf\u00fcr alles zu geben. So auch am First Stage Theater Hamburg, wo sichtlich alle [&hellip;]<\/p>\n","protected":false},"author":9,"featured_media":12851,"comment_status":"closed","ping_status":"closed","sticky":false,"template":"","format":"standard","meta":{"tpgb_global_settings":"","footnotes":""},"categories":[71],"tags":[],"class_list":["post-12850","post","type-post","status-publish","format-standard","has-post-thumbnail","hentry","category-hamburg"],"tpgb_featured_images":{"full":["https:\/\/www.musical-today.de\/wp-content\/uploads\/2025\/09\/STAGE_2025_FAME_Premiere-_ohne-37.jpg",2000,1333,false],"tp-image-grid":["https:\/\/www.musical-today.de\/wp-content\/uploads\/2025\/09\/STAGE_2025_FAME_Premiere-_ohne-37-700x700.jpg",700,700,true],"thumbnail":["https:\/\/www.musical-today.de\/wp-content\/uploads\/2025\/09\/STAGE_2025_FAME_Premiere-_ohne-37-600x400.jpg",600,400,true],"medium":["https:\/\/www.musical-today.de\/wp-content\/uploads\/2025\/09\/STAGE_2025_FAME_Premiere-_ohne-37-1200x800.jpg",1200,800,true],"medium_large":["https:\/\/www.musical-today.de\/wp-content\/uploads\/2025\/09\/STAGE_2025_FAME_Premiere-_ohne-37-770x513.jpg",770,513,true],"large":["https:\/\/www.musical-today.de\/wp-content\/uploads\/2025\/09\/STAGE_2025_FAME_Premiere-_ohne-37-1920x1280.jpg",1139,759,true],"default":"https:\/\/www.musical-today.de\/wp-content\/plugins\/the-plus-addons-for-block-editor\/assets\/images\/tpgb-placeholder.jpg"},"tpgb_post_meta_info":{"get_date":"08.09.2025","get_modified_date":"08.09.2025","category_list":{"category":[{"term_id":71,"name":"Hamburg","slug":"hamburg","term_group":0,"term_taxonomy_id":71,"taxonomy":"category","description":"","parent":19,"count":12,"filter":"raw","term_order":"45"}],"post_tag":false,"post_format":false},"author_name":"Christoph Oscar Hofbauer","author_url":"https:\/\/www.musical-today.de\/en\/autor\/cohofbauer\/","author_email":"online@musical-today.de","author_website":"","author_description":"arbeitet als Kommunikations-Freelancer f\u00fcr Theater, Bildungseinrichtungen und weitere kulturelle Institutionen in den Bereichen Marketing, Presse- und \u00d6ffentlichkeitsarbeit. Ihn faszinieren Theater, Oper und Musical, weil sie besonders intensiv Inhalte und Emotionen ausdr\u00fccken k\u00f6nnen. Mit seinen Rezensionen m\u00f6chte er nicht nur seine Eindr\u00fccke festhalten, sondern auch f\u00fcr Musiktheater begeistern.","author_facebook":"","author_twitter":"","author_instagram":"","author_role":["author"],"author_firstname":"Christoph Oscar","author_lastname":"Hofbauer","user_login":"cohofbauer","author_avatar":"<img src=\"https:\/\/www.musical-today.de\/wp-content\/uploads\/2024\/03\/Christoph-Oscar-Hofbauer-293x293.jpg\" width=\"200\" height=\"200\" alt=\"Christoph Oscar Hofbauer\" class=\"avatar avatar-200 wp-user-avatar wp-user-avatar-200 alignnone photo\" \/>","author_avatar_url":"https:\/\/www.musical-today.de\/wp-content\/uploads\/2024\/03\/Christoph-Oscar-Hofbauer.jpg","comment_count":0,"post_likes":0,"post_views":0},"tpgb_post_category":{"category":"<a href=\"https:\/\/www.musical-today.de\/en\/deutschland\/hamburg\/\" alt=\"Hamburg\"  class=\"category-hamburg\">Hamburg<\/a> "},"_links":{"self":[{"href":"https:\/\/www.musical-today.de\/en\/wp-json\/wp\/v2\/posts\/12850","targetHints":{"allow":["GET"]}}],"collection":[{"href":"https:\/\/www.musical-today.de\/en\/wp-json\/wp\/v2\/posts"}],"about":[{"href":"https:\/\/www.musical-today.de\/en\/wp-json\/wp\/v2\/types\/post"}],"author":[{"embeddable":true,"href":"https:\/\/www.musical-today.de\/en\/wp-json\/wp\/v2\/users\/9"}],"replies":[{"embeddable":true,"href":"https:\/\/www.musical-today.de\/en\/wp-json\/wp\/v2\/comments?post=12850"}],"version-history":[{"count":0,"href":"https:\/\/www.musical-today.de\/en\/wp-json\/wp\/v2\/posts\/12850\/revisions"}],"wp:featuredmedia":[{"embeddable":true,"href":"https:\/\/www.musical-today.de\/en\/wp-json\/wp\/v2\/media\/12851"}],"wp:attachment":[{"href":"https:\/\/www.musical-today.de\/en\/wp-json\/wp\/v2\/media?parent=12850"}],"wp:term":[{"taxonomy":"category","embeddable":true,"href":"https:\/\/www.musical-today.de\/en\/wp-json\/wp\/v2\/categories?post=12850"},{"taxonomy":"post_tag","embeddable":true,"href":"https:\/\/www.musical-today.de\/en\/wp-json\/wp\/v2\/tags?post=12850"}],"curies":[{"name":"wp","href":"https:\/\/api.w.org\/{rel}","templated":true}]}}