{"id":12996,"date":"2025-09-29T23:40:21","date_gmt":"2025-09-29T21:40:21","guid":{"rendered":"https:\/\/www.musical-today.de\/?p=12996"},"modified":"2025-09-29T23:41:39","modified_gmt":"2025-09-29T21:41:39","slug":"kaiserslautern-jesus-christ-superstar","status":"publish","type":"post","link":"https:\/\/www.musical-today.de\/en\/kaiserslautern-jesus-christ-superstar\/","title":{"rendered":"Jesus Christ Superstar"},"content":{"rendered":"\n<p><strong>Die Rockoper \u201eJesus Christ Superstar\u201c brandaktuell inszeniert<\/strong><\/p>\n\n\n<div class=\"lets-info-up-wrap  lets-info-up--right lets-info-up--m-1 lets-info-up-skin-3 lets-info-up--side lets-info-up-11442\" style=\"background:#fafafa; color: #616161\">\t\t\t<div class=\"lets-info-up\">\r\n\t\t\t<div class=\"lets-info-up-fi\"><img decoding=\"async\" width=\"500\" height=\"333\" src=\"https:\/\/www.musical-today.de\/wp-content\/uploads\/2024\/01\/qi-addons-for-elementor-placeholder-500x333.png\" class=\"attachment-lets-info-up-d1 size-lets-info-up-d1\" alt=\"|\" srcset=\"https:\/\/www.musical-today.de\/wp-content\/uploads\/2024\/01\/qi-addons-for-elementor-placeholder-500x333.png 500w, https:\/\/www.musical-today.de\/wp-content\/uploads\/2024\/01\/qi-addons-for-elementor-placeholder-300x200.png 300w, https:\/\/www.musical-today.de\/wp-content\/uploads\/2024\/01\/qi-addons-for-elementor-placeholder-1024x683.png 1024w, https:\/\/www.musical-today.de\/wp-content\/uploads\/2024\/01\/qi-addons-for-elementor-placeholder-883x589.png 883w, https:\/\/www.musical-today.de\/wp-content\/uploads\/2024\/01\/qi-addons-for-elementor-placeholder-18x12.png 18w, https:\/\/www.musical-today.de\/wp-content\/uploads\/2024\/01\/qi-addons-for-elementor-placeholder-360x240.png 360w, https:\/\/www.musical-today.de\/wp-content\/uploads\/2024\/01\/qi-addons-for-elementor-placeholder-1155x770.png 1155w, https:\/\/www.musical-today.de\/wp-content\/uploads\/2024\/01\/qi-addons-for-elementor-placeholder-370x247.png 370w, https:\/\/www.musical-today.de\/wp-content\/uploads\/2024\/01\/qi-addons-for-elementor-placeholder-770x513.png 770w, https:\/\/www.musical-today.de\/wp-content\/uploads\/2024\/01\/qi-addons-for-elementor-placeholder-293x195.png 293w, https:\/\/www.musical-today.de\/wp-content\/uploads\/2024\/01\/qi-addons-for-elementor-placeholder-120x80.png 120w, https:\/\/www.musical-today.de\/wp-content\/uploads\/2024\/01\/qi-addons-for-elementor-placeholder-240x160.png 240w, https:\/\/www.musical-today.de\/wp-content\/uploads\/2024\/01\/qi-addons-for-elementor-placeholder-390x260.png 390w, https:\/\/www.musical-today.de\/wp-content\/uploads\/2024\/01\/qi-addons-for-elementor-placeholder.png 1200w\" sizes=\"(max-width: 500px) 100vw, 500px\" title=\"\"><\/div>\t\t\t<div class=\"lets-info-up-block-wrap\">\r\n\t\t\t\t<div class=\"lets-info-up-block lets-info-up-meta-block\"><div class=\"lets-info-up-meta-title lets-info-up-pretitle font-h\" style=\"color: #8c6d18;\">oRT<\/div><div class=\"lets-info-up-meta-content lets-info-up-title font-b\">Pfalztheater<\/div><\/div><div class=\"lets-info-up-block lets-info-up-meta-block\"><div class=\"lets-info-up-meta-title lets-info-up-pretitle font-h\" style=\"color: #8c6d18;\">von<\/div><div class=\"lets-info-up-meta-content lets-info-up-title font-b\">Andrew Lloyd Webber (Musik)<br>Tim Rice (Liedtexte)<\/div><\/div><div class=\"lets-info-up-block lets-info-up-meta-block\"><div class=\"lets-info-up-meta-title lets-info-up-pretitle font-h\" style=\"color: #8c6d18;\">Regie<\/div><div class=\"lets-info-up-meta-content lets-info-up-title font-b\">Pascale-Sabine Chevroton<\/div><\/div><div class=\"lets-info-up-block lets-info-up-meta-block\"><div class=\"lets-info-up-meta-title lets-info-up-pretitle font-h\" style=\"color: #8c6d18;\">Urauff\u00fchrung<\/div><div class=\"lets-info-up-meta-content lets-info-up-title font-b\">1971<\/div><\/div><div class=\"lets-info-up-block lets-info-up-meta-block\"><div class=\"lets-info-up-meta-title lets-info-up-pretitle font-h\" style=\"color: #8c6d18;\">INFOS<\/div><div class=\"lets-info-up-meta-content lets-info-up-title font-b\"><a href=\"https:\/\/pfalztheater.de\/unsere-stuecke\/jesus-christ-superstar\" data-type=\"link\" target=\"_blank\" rel=\"noopener noreferrer nofollow\">www.pfalztheater.de<\/a><\/div><\/div>\t\t\t<\/div>\r\n\t\t\t<\/div>\r\n\t\t<\/div>\r\n\t\t\n\n\n<p>Keine Flower-Power, keine fr\u00f6hlichen tanzenden J\u00fcnger, keine Farben. In einem kargen, schwarzwei\u00dfen, von kalten Lichtkegeln und d\u00fcsteren Projektionen dominierten Setting gelingt Regisseurin Pascale-Sabine Chevroton und Dirigent Olivier Pols in der Provinz, weit weg vom knallbunten Hangar in Berlin, eine hochspannende, wahrlich faszinierende Produktion von Andrew Lloyd Webbers Rockoper.<\/p>\n\n\n\n<p>Mit radikaler Konsequenz verlegt Chevroton das St\u00fcck in unser Medienzeitalter, wo evangelikale Bewegungen eine Diktatur erst erm\u00f6glichen. Es sind Bilder, wie man sie ganz aktuell im Fernsehen sieht: Da steht Maria Magdalena wie die Witwe des Trump-Anh\u00e4ngers Charlie Kirk am Rednerpult und singt von ihrer Liebe f\u00fcr ein gro\u00dfes Publikum, da \u00e4u\u00dfert Pontius Pilatus seine Zweifel perfekt inszeniert in eine Kamera, da l\u00e4uft sich Herodes am Rande warm f\u00fcr seinen kurzen, gro\u00dfen Auftritt auf der Weltb\u00fchne. H\u00f6chst zynisch tanzt dazu ein Trupp vermummter Show-Soldaten mit Maschinenpistolen und hakt den halb ohnm\u00e4chtigen Jesus zur Chorus Line unter. Jeder agiert hier einzig f\u00fcr mediale Aufmerksamkeit, selbst die J\u00fcnger starren auf Laptops und Handys, anstatt miteinander zu reden.<\/p>\n\n\n\n<p>Noch fesselnder ist der Gedanke, Jesus und Judas ineinander zu spiegeln, sie quasi zu den zwei Seiten einer Person zu machen. Ihre Beziehung steht im Mittelpunkt des Geschehens, beide sind gleich gekleidet, spiegeln sich manchmal auch in ihren Bewegungen. Vor allem aber singen beide immer wieder zentrale S\u00e4tze des anderen mit. So spricht Jesus bei Judas\u2019 Verrat leise vor, wo er in dieser Nacht zu finden sein wird, oder Judas, der hier erst gemeinsam mit Jesus stirbt, fragt am Ende mit ihm \u201eMy God, my God, why have you forgotten me?\u201c. Beide wissen, dass sie Teil einer Inszenierung Gottes sind \u2013 einer erleidet das tapfer und am Rand seiner Kr\u00e4fte, der andere w\u00fctet dagegen. Aber Judas ist es, nicht Maria, der den schlafenden Jesus zu \u201eI don\u2019t know how to love him\u201c liebend in den Armen wiegt.\u00a0<\/p>\n\n\n<div  class=\"tpgb-wrap-956d14_12996  tpgb-wrap-fw \"  ><div id=\"956d14_12996\" class=\"tpgb-block-956d14_12996 tpgb-relative-block tpgb-gallery-list tpgb-metro gallery-style-2 hover-image-style-1   \" data-style=\"style-2\" data-id=\"956d14_12996\" data-layout=\"metro\" data-fancy-option='{\"loop\":false,\"thumb\":\"no\",\"infobar\":true,\"arrows\":true,\"transitionEffect\":\"slide\",\"button\":[\"close\"]}' data-splide='\"\"' data-metroAttr= '{\"metro_col\":3,\"tab_metro_col\":3,\"mobile_metro_col\":3,\"metro_style\":\"style-1\",\"tab_metro_style\":\"style-1\",\"mobile_metro_style\":\"style-1\"}' ><div class=\"tpgb-row post-loop-inner \"><div class=\"grid-item metro-item-0    tpgb-metro-1  tpgb-tab-metro-1  tpgb-mobile-metro-1 \"><a href=\"http:\/\/www.musical-today.de\/wp-content\/uploads\/2025\/09\/06_JESUS_Johannes-Hubmer_Tanzensemble_Foto-Andreas-Etter.jpg\" class=\"tpgb-gallery-list-content tpgb-trans-easeinout\" data-fancybox=\"956d14_12996\" data-caption=\"Foto: Andreas Etter\" aria-label=\"Foto: Andreas Etter\" target=\"_blank\" rel=\"noopener noreferrer nofollow\"><div class=\"post-content-image\"><div class=\"tpgb-metro-gallery-image\" style=\"background: url(https:\/\/www.musical-today.de\/wp-content\/uploads\/2025\/09\/06_JESUS_Johannes-Hubmer_Tanzensemble_Foto-Andreas-Etter.jpg);\"><\/div><\/div><div class=\"post-content-center\"><div class=\"post-zoom-icon\"><div class=\"meta-search-icon\"><span><img decoding=\"async\" class=\"fancy-img\" src=\"https:\/\/www.musical-today.de\/wp-content\/uploads\/2025\/09\/06_JESUS_Johannes-Hubmer_Tanzensemble_Foto-Andreas-Etter.jpg\" alt=\"Media Image1\" title=\"\"><i class=\"fas fa-search-plus pop-icon\"><\/i><\/span><\/div><\/div><div class=\"post-content-bottom\"><p class=\"post-title tpgb-trans-easeinout\">Foto: Andreas Etter<\/p><\/div><\/div><\/a><\/div><div class=\"grid-item metro-item-1    tpgb-metro-2  tpgb-tab-metro-2  tpgb-mobile-metro-2 \"><a href=\"http:\/\/www.musical-today.de\/wp-content\/uploads\/2025\/09\/01_JESUS_Gunnar-Frietsch_Patrick-Stanke_Valerie-Gels_Foto-Andreas-Etter.jpg\" class=\"tpgb-gallery-list-content tpgb-trans-easeinout\" data-fancybox=\"956d14_12996\" data-caption=\"Foto: Andreas Etter\" aria-label=\"Foto: Andreas Etter\" target=\"_blank\" rel=\"noopener noreferrer nofollow\"><div class=\"post-content-image\"><div class=\"tpgb-metro-gallery-image\" style=\"background: url(https:\/\/www.musical-today.de\/wp-content\/uploads\/2025\/09\/01_JESUS_Gunnar-Frietsch_Patrick-Stanke_Valerie-Gels_Foto-Andreas-Etter.jpg);\"><\/div><\/div><div class=\"post-content-center\"><div class=\"post-zoom-icon\"><div class=\"meta-search-icon\"><span><img decoding=\"async\" class=\"fancy-img\" src=\"https:\/\/www.musical-today.de\/wp-content\/uploads\/2025\/09\/01_JESUS_Gunnar-Frietsch_Patrick-Stanke_Valerie-Gels_Foto-Andreas-Etter.jpg\" alt=\"Media Image2\" title=\"\"><i class=\"fas fa-search-plus pop-icon\"><\/i><\/span><\/div><\/div><div class=\"post-content-bottom\"><p class=\"post-title tpgb-trans-easeinout\">Foto: Andreas Etter<\/p><\/div><\/div><\/a><\/div><div class=\"grid-item metro-item-2    tpgb-metro-3  tpgb-tab-metro-3  tpgb-mobile-metro-3 \"><a href=\"http:\/\/www.musical-today.de\/wp-content\/uploads\/2025\/09\/04_JESUS_Gunnar-Frietsch_Patrick-Stanke_Foto-Andreas-Etter.jpg\" class=\"tpgb-gallery-list-content tpgb-trans-easeinout\" data-fancybox=\"956d14_12996\" data-caption=\"Foto: Andreas Etter\" aria-label=\"Foto: Andreas Etter\" target=\"_blank\" rel=\"noopener noreferrer nofollow\"><div class=\"post-content-image\"><div class=\"tpgb-metro-gallery-image\" style=\"background: url(https:\/\/www.musical-today.de\/wp-content\/uploads\/2025\/09\/04_JESUS_Gunnar-Frietsch_Patrick-Stanke_Foto-Andreas-Etter.jpg);\"><\/div><\/div><div class=\"post-content-center\"><div class=\"post-zoom-icon\"><div class=\"meta-search-icon\"><span><img decoding=\"async\" class=\"fancy-img\" src=\"https:\/\/www.musical-today.de\/wp-content\/uploads\/2025\/09\/04_JESUS_Gunnar-Frietsch_Patrick-Stanke_Foto-Andreas-Etter.jpg\" alt=\"Media Image3\" title=\"\"><i class=\"fas fa-search-plus pop-icon\"><\/i><\/span><\/div><\/div><div class=\"post-content-bottom\"><p class=\"post-title tpgb-trans-easeinout\">Foto: Andreas Etter<\/p><\/div><\/div><\/a><\/div><\/div><\/div><\/div>\n\n\n<p>Obwohl man bei den fahlen Kost\u00fcmen an Kaufhof-Schick denkt, hat Ausstatterin Monika Biegler faszinierende Bilder entworfen, meist nur aus Licht und Schatten: die bedrohlichen Scheinwerferbatterien rechts und links, die Gitterst\u00e4be aus Licht, die kreisenden Lichtkegel, die sich weit nach oben hebenden B\u00fchnenebenen. Hinten flie\u00dfen schwarzwei\u00dfe Projektionen herab wie ein Handy-Feed, werden Gesichter b\u00fchnenhoch projiziert. In der Tempelszene stellt sich das Tanzensemble unter der Leuchtschrift \u201eParadise\u201c in Posen, die den Herrenrasse-Skulpturen des Nazi-K\u00fcnstlers Arno Breker \u00e4hneln. Den h\u00f6chst beweglichen, engagierten Opernchor l\u00e4sst die Regisseurin in einem martialischen Schreittanz aus der Tiefe aufsteigen, sein \u201eWell done, Judas\u201c steigert sich bedrohlich.<\/p>\n\n\n\n<p>Kaum weniger als die Inszenierung begeistert die musikalische Seite der Auff\u00fchrung: Dynamisch vereint Olivier Pols die Pfalzphilharmonie und eine gro\u00dfe Rockband zu Symphonic Rock vom Feinsten, samt fieser E-Gitarre und anderen gro\u00dfartigen Solos. Alles ist klar und vor allem sch\u00f6n laut ausgesteuert, die Stimmen liegen immer vor dem Orchester. Gesungen wird durchweg hervorragend; nat\u00fcrlich steckt Patrick Stanke mit seiner grenzenlosen Stimme alle in die Tasche, und doch ist der Ex-Jesus als Judas immer noch zu harmlos, m\u00fcsste manche Riffs dreckiger einf\u00e4rben. Als Jesus wirkt Gunnar Frietsch schmal, fast harmlos und setzt anfangs die Kopf- statt der Beltstimme ein; \u201eGethsemane\u201c haut er dann m\u00e4chtig heraus. Neben dem hellen, sch\u00f6nen Gesang von Valerie Gels (Maria Magdalena) gefallen Chris Green als schmieriger Annas, Johannes Fritsche als cooler Pilatus, der sich am Ende doch in Zweifeln windet, Samuel Franco als Simon und Arkadiusz Jakus als Kaiphas.&nbsp;<\/p>\n\n\n\n<p>Am Schluss gibt es keine Wiederholung des Titelsongs, kein Playout. Zu den elegischen Streichern von \u201eJohn Nineteen: Forty-One\u201c ziehen hinten Aschewolken. Beklemmung liegt \u00fcber dem Auditorium, bevor es sich zu Ovationen erhebt.<\/p>\n\n\n\n<hr class=\"wp-block-separator has-alpha-channel-opacity is-style-dots\"\/>\n\n\n\n<p class=\"has-small-font-size\">Musikalische Leitung: Olivier Pols \u2022 Regie und Choreografie: Pascale-Sabine Chevroton \u2022 Ausstattung: Monika Biegler \u2022 Licht: Manfred Wilking \u2022 Video: Aron Kitzig \u2022 Chorleitung: Aymeric Catalano und John Robert Lidfors \u2022 Mit: Gunnar Frietsch (Jesus), Patrick Stanke (Judas), Valerie Gels (Maria Magdalena), Johannes Fritsche (Pilatus), Arkadiusz Jakus (Kaiphas), Johannes Hubmer (Herodes), Chris Green (Annas), Andreas Neigel (3. Priester), Jos\u00e9 Carmona (Petrus), Samuel Franco (Simon Zelotes), Zoe Staubli, Janneke Thomassen, Tabea Floch (Drei Soulgirls) u.a. \u2022 Chor, Extrachor, Tanzensemble und Statisterie des Pfalztheaters \u2022 Pfalzphilharmonie Kaiserslautern<\/p>\n\n\n\n<p class=\"has-small-font-size\">Aufmacherfoto: Andreas Etter<\/p>\n","protected":false},"excerpt":{"rendered":"<p>Die Rockoper \u201eJesus Christ Superstar\u201c brandaktuell inszeniert Keine Flower-Power, keine fr\u00f6hlichen tanzenden J\u00fcnger, keine Farben. In einem kargen, schwarzwei\u00dfen, von kalten Lichtkegeln und d\u00fcsteren Projektionen dominierten Setting gelingt Regisseurin Pascale-Sabine Chevroton und Dirigent Olivier Pols in der Provinz, weit weg vom knallbunten Hangar in Berlin, eine hochspannende, wahrlich faszinierende Produktion von Andrew Lloyd Webbers Rockoper. Mit radikaler Konsequenz verlegt Chevroton das St\u00fcck in unser Medienzeitalter, wo evangelikale Bewegungen eine Diktatur erst erm\u00f6glichen. Es sind Bilder, wie man sie ganz aktuell [&hellip;]<\/p>\n","protected":false},"author":19,"featured_media":13002,"comment_status":"closed","ping_status":"closed","sticky":false,"template":"","format":"standard","meta":{"tpgb_global_settings":"","footnotes":""},"categories":[240],"tags":[],"class_list":["post-12996","post","type-post","status-publish","format-standard","has-post-thumbnail","hentry","category-kaiserslautern"],"tpgb_featured_images":{"full":["https:\/\/www.musical-today.de\/wp-content\/uploads\/2025\/09\/02_JESUS_Ensemble_Foto-Andreas-Etter.jpg",2000,1333,false],"tp-image-grid":["https:\/\/www.musical-today.de\/wp-content\/uploads\/2025\/09\/02_JESUS_Ensemble_Foto-Andreas-Etter-700x700.jpg",700,700,true],"thumbnail":["https:\/\/www.musical-today.de\/wp-content\/uploads\/2025\/09\/02_JESUS_Ensemble_Foto-Andreas-Etter-600x400.jpg",600,400,true],"medium":["https:\/\/www.musical-today.de\/wp-content\/uploads\/2025\/09\/02_JESUS_Ensemble_Foto-Andreas-Etter-1200x800.jpg",1200,800,true],"medium_large":["https:\/\/www.musical-today.de\/wp-content\/uploads\/2025\/09\/02_JESUS_Ensemble_Foto-Andreas-Etter-770x513.jpg",770,513,true],"large":["https:\/\/www.musical-today.de\/wp-content\/uploads\/2025\/09\/02_JESUS_Ensemble_Foto-Andreas-Etter-1920x1280.jpg",1139,759,true],"default":"https:\/\/www.musical-today.de\/wp-content\/plugins\/the-plus-addons-for-block-editor\/assets\/images\/tpgb-placeholder.jpg"},"tpgb_post_meta_info":{"get_date":"29.09.2025","get_modified_date":"29.09.2025","category_list":{"category":[{"term_id":240,"name":"Kaiserslautern","slug":"kaiserslautern","term_group":0,"term_taxonomy_id":240,"taxonomy":"category","description":"","parent":19,"count":1,"filter":"raw","term_order":"54"}],"post_tag":false,"post_format":false},"author_name":"Angela Reinhardt","author_url":"https:\/\/www.musical-today.de\/en\/autor\/angelareinhardt\/","author_email":"angelareinhardt@aol.com","author_website":"","author_description":"studierte in Stuttgart Germanistik und Romanistik und arbeitet seit 1990 als freie Kulturjournalistin. Sie schreibt vor allem \u00fcber Tanz und ist Mitautorin von B\u00fcchern \u00fcber die Choreografen John Cranko und Marco Goecke sowie \u00fcber den Stuttgarter Ballettintendanten Reid Anderson. Von 1991 bis 2023 war sie regelm\u00e4\u00dfig f\u00fcr die Zeitschrift \u201emusicals\u201c im s\u00fcddeutschen Raum unterwegs.","author_facebook":"","author_twitter":"","author_instagram":"","author_role":["author","editor","redakteur","redaktionsteam"],"author_firstname":"Angela","author_lastname":"Reinhardt","user_login":"angelareinhardt","author_avatar":"<img src=\"https:\/\/www.musical-today.de\/wp-content\/uploads\/2024\/03\/434034552_122093726612266069_5386620108228489486_n-293x293.jpg\" width=\"200\" height=\"200\" alt=\"Angela Reinhardt\" class=\"avatar avatar-200 wp-user-avatar wp-user-avatar-200 alignnone photo\" \/>","author_avatar_url":"https:\/\/www.musical-today.de\/wp-content\/uploads\/2024\/03\/434034552_122093726612266069_5386620108228489486_n.jpg","comment_count":0,"post_likes":0,"post_views":0},"tpgb_post_category":{"category":"<a href=\"https:\/\/www.musical-today.de\/en\/deutschland\/kaiserslautern\/\" alt=\"Kaiserslautern\"  class=\"category-kaiserslautern\">Kaiserslautern<\/a> "},"_links":{"self":[{"href":"https:\/\/www.musical-today.de\/en\/wp-json\/wp\/v2\/posts\/12996","targetHints":{"allow":["GET"]}}],"collection":[{"href":"https:\/\/www.musical-today.de\/en\/wp-json\/wp\/v2\/posts"}],"about":[{"href":"https:\/\/www.musical-today.de\/en\/wp-json\/wp\/v2\/types\/post"}],"author":[{"embeddable":true,"href":"https:\/\/www.musical-today.de\/en\/wp-json\/wp\/v2\/users\/19"}],"replies":[{"embeddable":true,"href":"https:\/\/www.musical-today.de\/en\/wp-json\/wp\/v2\/comments?post=12996"}],"version-history":[{"count":0,"href":"https:\/\/www.musical-today.de\/en\/wp-json\/wp\/v2\/posts\/12996\/revisions"}],"wp:featuredmedia":[{"embeddable":true,"href":"https:\/\/www.musical-today.de\/en\/wp-json\/wp\/v2\/media\/13002"}],"wp:attachment":[{"href":"https:\/\/www.musical-today.de\/en\/wp-json\/wp\/v2\/media?parent=12996"}],"wp:term":[{"taxonomy":"category","embeddable":true,"href":"https:\/\/www.musical-today.de\/en\/wp-json\/wp\/v2\/categories?post=12996"},{"taxonomy":"post_tag","embeddable":true,"href":"https:\/\/www.musical-today.de\/en\/wp-json\/wp\/v2\/tags?post=12996"}],"curies":[{"name":"wp","href":"https:\/\/api.w.org\/{rel}","templated":true}]}}