{"id":13005,"date":"2025-09-29T23:41:47","date_gmt":"2025-09-29T21:41:47","guid":{"rendered":"https:\/\/www.musical-today.de\/?p=13005"},"modified":"2025-09-29T23:41:48","modified_gmt":"2025-09-29T21:41:48","slug":"freiburg-wasserwelt-das-musical","status":"publish","type":"post","link":"https:\/\/www.musical-today.de\/en\/freiburg-wasserwelt-das-musical\/","title":{"rendered":"Wasserwelt. Das Musical"},"content":{"rendered":"<div class=\"lets-info-up-wrap  lets-info-up--right lets-info-up--m-1 lets-info-up-skin-3 lets-info-up--side lets-info-up-54987\" style=\"background:#fafafa; color: #616161\">\t\t\t<div class=\"lets-info-up\">\r\n\t\t\t<div class=\"lets-info-up-fi\"><img decoding=\"async\" width=\"500\" height=\"333\" src=\"https:\/\/www.musical-today.de\/wp-content\/uploads\/2024\/01\/qi-addons-for-elementor-placeholder-500x333.png\" class=\"attachment-lets-info-up-d1 size-lets-info-up-d1\" alt=\"|\" srcset=\"https:\/\/www.musical-today.de\/wp-content\/uploads\/2024\/01\/qi-addons-for-elementor-placeholder-500x333.png 500w, https:\/\/www.musical-today.de\/wp-content\/uploads\/2024\/01\/qi-addons-for-elementor-placeholder-300x200.png 300w, https:\/\/www.musical-today.de\/wp-content\/uploads\/2024\/01\/qi-addons-for-elementor-placeholder-1024x683.png 1024w, https:\/\/www.musical-today.de\/wp-content\/uploads\/2024\/01\/qi-addons-for-elementor-placeholder-883x589.png 883w, https:\/\/www.musical-today.de\/wp-content\/uploads\/2024\/01\/qi-addons-for-elementor-placeholder-18x12.png 18w, https:\/\/www.musical-today.de\/wp-content\/uploads\/2024\/01\/qi-addons-for-elementor-placeholder-360x240.png 360w, https:\/\/www.musical-today.de\/wp-content\/uploads\/2024\/01\/qi-addons-for-elementor-placeholder-1155x770.png 1155w, https:\/\/www.musical-today.de\/wp-content\/uploads\/2024\/01\/qi-addons-for-elementor-placeholder-370x247.png 370w, https:\/\/www.musical-today.de\/wp-content\/uploads\/2024\/01\/qi-addons-for-elementor-placeholder-770x513.png 770w, https:\/\/www.musical-today.de\/wp-content\/uploads\/2024\/01\/qi-addons-for-elementor-placeholder-293x195.png 293w, https:\/\/www.musical-today.de\/wp-content\/uploads\/2024\/01\/qi-addons-for-elementor-placeholder-120x80.png 120w, https:\/\/www.musical-today.de\/wp-content\/uploads\/2024\/01\/qi-addons-for-elementor-placeholder-240x160.png 240w, https:\/\/www.musical-today.de\/wp-content\/uploads\/2024\/01\/qi-addons-for-elementor-placeholder-390x260.png 390w, https:\/\/www.musical-today.de\/wp-content\/uploads\/2024\/01\/qi-addons-for-elementor-placeholder.png 1200w\" sizes=\"(max-width: 500px) 100vw, 500px\" title=\"\"><\/div>\t\t\t<div class=\"lets-info-up-block-wrap\">\r\n\t\t\t\t<div class=\"lets-info-up-block lets-info-up-meta-block\"><div class=\"lets-info-up-meta-title lets-info-up-pretitle font-h\" style=\"color: #8c6d18;\">oRT<\/div><div class=\"lets-info-up-meta-content lets-info-up-title font-b\">Theater Freiburg<\/div><\/div><div class=\"lets-info-up-block lets-info-up-meta-block\"><div class=\"lets-info-up-meta-title lets-info-up-pretitle font-h\" style=\"color: #8c6d18;\">von<\/div><div class=\"lets-info-up-meta-content lets-info-up-title font-b\">Jo Fl\u00fceler und Moritz Widrig (Musik)<br>Jan Eichberg und Felix Rothenh\u00e4usler (Buch und Liedtexte)<\/div><\/div><div class=\"lets-info-up-block lets-info-up-meta-block\"><div class=\"lets-info-up-meta-title lets-info-up-pretitle font-h\" style=\"color: #8c6d18;\">Regie<\/div><div class=\"lets-info-up-meta-content lets-info-up-title font-b\">Felix Rothenh\u00e4usler<\/div><\/div><div class=\"lets-info-up-block lets-info-up-meta-block\"><div class=\"lets-info-up-meta-title lets-info-up-pretitle font-h\" style=\"color: #8c6d18;\">Urauff\u00fchrung<\/div><div class=\"lets-info-up-meta-content lets-info-up-title font-b\">2024<\/div><\/div><div class=\"lets-info-up-block lets-info-up-meta-block\"><div class=\"lets-info-up-meta-title lets-info-up-pretitle font-h\" style=\"color: #8c6d18;\">INFOS<\/div><div class=\"lets-info-up-meta-content lets-info-up-title font-b\"><a href=\"https:\/\/theater.freiburg.de\/de_DE\/programm\/wasserwelt-das-musical.1378711\" data-type=\"link\" target=\"_blank\" rel=\"noopener noreferrer nofollow\">www.theater.freiburg.de<\/a><\/div><\/div>\t\t\t<\/div>\r\n\t\t\t<\/div>\r\n\t\t<\/div>\r\n\t\t\n\n\n<p><strong>\u201eWasserwelt\u201c pl\u00e4tschert 70 spannungsarme Minuten vor sich hin<\/strong><\/p>\n\n\n\n<p>Ein Bakterium, ein R\u00f6hrenwurm, eine Muschel und ein Krebs. Sie leben friedlich zusammen in 4.000 Metern Meerestiefe. Der gro\u00dfe wei\u00dfe Seestern in der Mitte der Drehb\u00fchne wird zur Wohnlandschaft, in der man chillt. Zwischen dem flankierenden Delfin und der Qualle herrscht Harmonie. Symbiose hei\u00dft das Zauberwort.<\/p>\n\n\n\n<p>Ein ungew\u00f6hnliches Setting haben Autor Jan Eichberg und Regisseur Felix Rothenh\u00e4usler f\u00fcr ihr Musical \u201eWasserwelt\u201c gew\u00e4hlt, das letztes Jahr am Theater Bremen seine Urauff\u00fchrung erlebte und nun die Spielzeit am Theater Freiburg unter der neuen Intendanz Rothenh\u00e4uslers er\u00f6ffnet. Zumindest in den Kost\u00fcmen von Katharina Pia Sch\u00fctz (auch B\u00fchne) sind noch Spuren von Musical-Glamour vorhanden. Das Bakterium (Andy Zondag) tr\u00e4gt goldenes Haar, der Krebs (Jorid Lukaczik) \u00fcberlange Augenwimpern.<\/p>\n\n\n\n<p>\u201eWasserwelt\u201c ist aber eher ein Antimusical, ein am Ende doch sehr bem\u00fcht wirkendes, ironisch gebrochenes Spiel mit der Gattung. Der symphonische Synthiekitsch-Sound von Jo Fl\u00fceler und Moritz Widrig ist genauso vorproduziert wie der Playback-Gesang aller Beteiligten. Kein Hauch von Groove ist zu sp\u00fcren. Es fehlen Tempo und Theatralik, \u00dcberraschungsmomente und Zuspitzungen. Die Drehb\u00fchne wird zur erm\u00fcdenden Dauerschleife. Die allgegenw\u00e4rtige Stimme des Ozeans aus dem Off sorgt auch nicht gerade f\u00fcr Spannung. Selbst Handlung und Dialoge bleiben in der Tiefsee seicht.<\/p>\n\n\n\n<p>Worum geht es? Der Krebs Nat wird vom Licht eines Tauchroboters inspiriert und verl\u00e4sst seine harmonische, dunkle Tiefsee-Community. Beim Auftauchen ger\u00e4t das Krebslein an Fressfeinde, singende Wale und Plastikm\u00fcll. Im Forschungsschiff wird dar\u00fcber gestritten, ob es gekocht oder seziert werden soll. Nat findet in dem siebenj\u00e4hrigen Kind Lio die Liebe \u2013 er selbst ist mit seinen sieben Jahren allerdings schon am Ende des Lebens angekommen und kehrt zum Sterben in die Tiefsee zur\u00fcck. \u201eDas ist der Gang der Natur\u201c, erkl\u00e4rt der Ozean. Und \u201eWasserwelt\u201c pl\u00e4tschert seinem undramatischen Ende entgegen. Eine begleitende Ausstellung des Bremer Forschungszentrums Marum zeigt im oberen Foyer des Freiburger Theaters Unterwasseraufnahmen, die die Autoren zu dem St\u00fcck inspiriert haben.<\/p>\n\n\n<div  class=\"tpgb-wrap-956d14_13005  tpgb-wrap-fw \"  ><div id=\"956d14_13005\" class=\"tpgb-block-956d14_13005 tpgb-relative-block tpgb-gallery-list tpgb-metro gallery-style-2 hover-image-style-1   \" data-style=\"style-2\" data-id=\"956d14_13005\" data-layout=\"metro\" data-fancy-option='{\"loop\":false,\"thumb\":\"no\",\"infobar\":true,\"arrows\":true,\"transitionEffect\":\"slide\",\"button\":[\"close\"]}' data-splide='\"\"' data-metroAttr= '{\"metro_col\":3,\"tab_metro_col\":3,\"mobile_metro_col\":3,\"metro_style\":\"style-1\",\"tab_metro_style\":\"style-1\",\"mobile_metro_style\":\"style-1\"}' ><div class=\"tpgb-row post-loop-inner \"><div class=\"grid-item metro-item-0    tpgb-metro-1  tpgb-tab-metro-1  tpgb-mobile-metro-1 \"><a href=\"http:\/\/www.musical-today.de\/wp-content\/uploads\/2025\/09\/10-Theater-Freiburg_-Jorid-Lukaczik-Siegfried-W.-Maschek_@Philip-Frowein.jpg\" class=\"tpgb-gallery-list-content tpgb-trans-easeinout\" data-fancybox=\"956d14_13005\" data-caption=\"Foto: Philip Frowein\" aria-label=\"Foto: Philip Frowein\" target=\"_blank\" rel=\"noopener noreferrer nofollow\"><div class=\"post-content-image\"><div class=\"tpgb-metro-gallery-image\" style=\"background: url(https:\/\/www.musical-today.de\/wp-content\/uploads\/2025\/09\/10-Theater-Freiburg_-Jorid-Lukaczik-Siegfried-W.-Maschek_@Philip-Frowein.jpg);\"><\/div><\/div><div class=\"post-content-center\"><div class=\"post-zoom-icon\"><div class=\"meta-search-icon\"><span><img decoding=\"async\" class=\"fancy-img\" src=\"https:\/\/www.musical-today.de\/wp-content\/uploads\/2025\/09\/10-Theater-Freiburg_-Jorid-Lukaczik-Siegfried-W.-Maschek_@Philip-Frowein.jpg\" alt=\"Media Image1\" title=\"\"><i class=\"fas fa-search-plus pop-icon\"><\/i><\/span><\/div><\/div><div class=\"post-content-bottom\"><p class=\"post-title tpgb-trans-easeinout\">Foto: Philip Frowein<\/p><\/div><\/div><\/a><\/div><div class=\"grid-item metro-item-1    tpgb-metro-2  tpgb-tab-metro-2  tpgb-mobile-metro-2 \"><a href=\"http:\/\/www.musical-today.de\/wp-content\/uploads\/2025\/09\/05-Theater-Freiburg_-Lara-Amelie-Sauer_@Philip-Frowein-scaled.jpg\" class=\"tpgb-gallery-list-content tpgb-trans-easeinout\" data-fancybox=\"956d14_13005\" data-caption=\"Foto: Philip Frowein\" aria-label=\"Foto: Philip Frowein\" target=\"_blank\" rel=\"noopener noreferrer nofollow\"><div class=\"post-content-image\"><div class=\"tpgb-metro-gallery-image\" style=\"background: url(https:\/\/www.musical-today.de\/wp-content\/uploads\/2025\/09\/05-Theater-Freiburg_-Lara-Amelie-Sauer_@Philip-Frowein-scaled.jpg);\"><\/div><\/div><div class=\"post-content-center\"><div class=\"post-zoom-icon\"><div class=\"meta-search-icon\"><span><img decoding=\"async\" class=\"fancy-img\" src=\"https:\/\/www.musical-today.de\/wp-content\/uploads\/2025\/09\/05-Theater-Freiburg_-Lara-Amelie-Sauer_@Philip-Frowein-scaled.jpg\" alt=\"Media Image2\" title=\"\"><i class=\"fas fa-search-plus pop-icon\"><\/i><\/span><\/div><\/div><div class=\"post-content-bottom\"><p class=\"post-title tpgb-trans-easeinout\">Foto: Philip Frowein<\/p><\/div><\/div><\/a><\/div><div class=\"grid-item metro-item-2    tpgb-metro-3  tpgb-tab-metro-3  tpgb-mobile-metro-3 \"><a href=\"http:\/\/www.musical-today.de\/wp-content\/uploads\/2025\/09\/03-Theater-Freiburg_-Nadine-Geyersbach-Andy-Zondag-Stefanie-Mrachacz-Lara-Amelie-Sauer_@Philip-Frowein.jpg\" class=\"tpgb-gallery-list-content tpgb-trans-easeinout\" data-fancybox=\"956d14_13005\" data-caption=\"Foto: Philip Frowein\" aria-label=\"Foto: Philip Frowein\" target=\"_blank\" rel=\"noopener noreferrer nofollow\"><div class=\"post-content-image\"><div class=\"tpgb-metro-gallery-image\" style=\"background: url(https:\/\/www.musical-today.de\/wp-content\/uploads\/2025\/09\/03-Theater-Freiburg_-Nadine-Geyersbach-Andy-Zondag-Stefanie-Mrachacz-Lara-Amelie-Sauer_@Philip-Frowein.jpg);\"><\/div><\/div><div class=\"post-content-center\"><div class=\"post-zoom-icon\"><div class=\"meta-search-icon\"><span><img decoding=\"async\" class=\"fancy-img\" src=\"https:\/\/www.musical-today.de\/wp-content\/uploads\/2025\/09\/03-Theater-Freiburg_-Nadine-Geyersbach-Andy-Zondag-Stefanie-Mrachacz-Lara-Amelie-Sauer_@Philip-Frowein.jpg\" alt=\"Media Image3\" title=\"\"><i class=\"fas fa-search-plus pop-icon\"><\/i><\/span><\/div><\/div><div class=\"post-content-bottom\"><p class=\"post-title tpgb-trans-easeinout\">Foto: Philip Frowein<\/p><\/div><\/div><\/a><\/div><\/div><\/div><\/div>\n\n\n<p>Musikalisch beginnt der Abend nicht ohne Witz mit dem polyphon aufgef\u00e4cherten Chor \u201eWir sind ein gutes Team\u201c, der die Good Vibrations unter Wasser beschreibt. \u201eEin kleiner Krebs will hoch hinaus\u201c singt Jorid Lukaczik mit leicht angerauter Stimme und guter Intonation \u2013 beziehungsweise bewegt synchron ihre Lippen dazu. Wie \u00fcberhaupt das Ensemble das Playback perfekt umsetzt. Auch Stefanie Mrachacz als Schwarze Raucherin und so dominante wie coole Chefin der Tiefe, Lara Amelie Sauer (Muschel\/Anglerfisch), Siegfried W. Maschek als sonor klingender Blauwal und Matthieu Svetchine als verliebtes Zweibeinerkind mit quengelnden \u201eMama\u201c-Rufen haben Pr\u00e4senz und Stimme. Die nach 20 Jahren ans Freiburger Theater zur\u00fcckgekehrte Nadine Geyersbach sorgt als Dr. Claire zwischen Helikoptermutter und von Ehrgeiz und Eitelkeit besessener Forscherin f\u00fcr ein bisschen mehr Dampf im \u201eWasserwelt\u201c- Whirlpool. Und S\u00e4tze wie \u201eIch hab\u2019 ja nur eine Zelle. Ich muss glauben, was man mir sagt\u201c sorgen zumindest tempor\u00e4r f\u00fcr ein Grinsen.<\/p>\n\n\n\n<p>Der Einf\u00fchrungstext schw\u00e4rmt von \u201eatmosph\u00e4rischen Klangwelten und hitverd\u00e4chtigen Songs\u201c (von denen allerdings wenig zu h\u00f6ren ist). Und betont die bewusst gew\u00e4hlte \u201einstallative Statuenhaftigkeit\u201c sowie den \u201eVerzicht aufs Rumgehopse\u201c. Nat\u00fcrlich kann solch ein Zugang \u00fcberraschen, das Genre \u00f6ffnen und Musical-Erwartungen erst einmal ins Leere laufen lassen. Aber f\u00fcr einen ganzen Abend ist das viel zu wenig, auch wenn er im Kleinen Haus des Freiburger Theaters nur 70 Minuten dauert.\u00a0\u00a0<\/p>\n\n\n\n<hr class=\"wp-block-separator has-alpha-channel-opacity is-style-dots\"\/>\n\n\n\n<p class=\"has-small-font-size\">Regie: Felix Rothenh\u00e4usler \u2022 Choreografische Mitarbeit: Andy Zondag \u2022 Ausstattung: Katharina Pia Sch\u00fctz \u2022 Licht: Daniel Thaden und Wilfried Hoffmann \u2022 Sounddesign: Sven Hofmann \u2022 Mit: Andy Zondag (Bakterium\/Anglerfisch\/Sturm), Stefanie Mrachacz (Schwarze Raucherin), Nadine Geyersbach (R\u00f6hrenwurm\/Dr. Claire), Lara Amelie Sauer (Muschel\/Anglerfisch), Jorid Lukaczik (Der kleine Krebs Nat), Siegfried W. Maschek (Bakterium\/Blauwal\/Koch), Matthieu Svetchine (Bakterium\/Zweibeinerkind Lio)<\/p>\n\n\n\n<p class=\"has-small-font-size\">Aufmacherfoto: Philip Frowein<\/p>\n","protected":false},"excerpt":{"rendered":"<p>\u201eWasserwelt\u201c pl\u00e4tschert 70 spannungsarme Minuten vor sich hin Ein Bakterium, ein R\u00f6hrenwurm, eine Muschel und ein Krebs. Sie leben friedlich zusammen in 4.000 Metern Meerestiefe. Der gro\u00dfe wei\u00dfe Seestern in der Mitte der Drehb\u00fchne wird zur Wohnlandschaft, in der man chillt. Zwischen dem flankierenden Delfin und der Qualle herrscht Harmonie. Symbiose hei\u00dft das Zauberwort. Ein ungew\u00f6hnliches Setting haben Autor Jan Eichberg und Regisseur Felix Rothenh\u00e4usler f\u00fcr ihr Musical \u201eWasserwelt\u201c gew\u00e4hlt, das letztes Jahr am Theater Bremen seine Urauff\u00fchrung erlebte und [&hellip;]<\/p>\n","protected":false},"author":14,"featured_media":12992,"comment_status":"closed","ping_status":"closed","sticky":false,"template":"","format":"standard","meta":{"tpgb_global_settings":"","footnotes":""},"categories":[57],"tags":[],"class_list":["post-13005","post","type-post","status-publish","format-standard","has-post-thumbnail","hentry","category-freiburg"],"tpgb_featured_images":{"full":["https:\/\/www.musical-today.de\/wp-content\/uploads\/2025\/09\/06-Theater-Freiburg_-Andy-Zondag-Siegfried-W.-Maschek-Jorid-Lukaczik-Nadine-Geyersbach-Matthieu-Svetchine_@Philip-Frowein.jpg",2000,1500,false],"tp-image-grid":["https:\/\/www.musical-today.de\/wp-content\/uploads\/2025\/09\/06-Theater-Freiburg_-Andy-Zondag-Siegfried-W.-Maschek-Jorid-Lukaczik-Nadine-Geyersbach-Matthieu-Svetchine_@Philip-Frowein-700x700.jpg",700,700,true],"thumbnail":["https:\/\/www.musical-today.de\/wp-content\/uploads\/2025\/09\/06-Theater-Freiburg_-Andy-Zondag-Siegfried-W.-Maschek-Jorid-Lukaczik-Nadine-Geyersbach-Matthieu-Svetchine_@Philip-Frowein-600x450.jpg",600,450,true],"medium":["https:\/\/www.musical-today.de\/wp-content\/uploads\/2025\/09\/06-Theater-Freiburg_-Andy-Zondag-Siegfried-W.-Maschek-Jorid-Lukaczik-Nadine-Geyersbach-Matthieu-Svetchine_@Philip-Frowein-1200x900.jpg",1200,900,true],"medium_large":["https:\/\/www.musical-today.de\/wp-content\/uploads\/2025\/09\/06-Theater-Freiburg_-Andy-Zondag-Siegfried-W.-Maschek-Jorid-Lukaczik-Nadine-Geyersbach-Matthieu-Svetchine_@Philip-Frowein-770x578.jpg",770,578,true],"large":["https:\/\/www.musical-today.de\/wp-content\/uploads\/2025\/09\/06-Theater-Freiburg_-Andy-Zondag-Siegfried-W.-Maschek-Jorid-Lukaczik-Nadine-Geyersbach-Matthieu-Svetchine_@Philip-Frowein-1920x1440.jpg",1139,854,true],"default":"https:\/\/www.musical-today.de\/wp-content\/plugins\/the-plus-addons-for-block-editor\/assets\/images\/tpgb-placeholder.jpg"},"tpgb_post_meta_info":{"get_date":"29.09.2025","get_modified_date":"29.09.2025","category_list":{"category":[{"term_id":57,"name":"Freiburg","slug":"freiburg","term_group":0,"term_taxonomy_id":57,"taxonomy":"category","description":"","parent":19,"count":3,"filter":"raw","term_order":"34"}],"post_tag":false,"post_format":false},"author_name":"Georg Rudiger","author_url":"https:\/\/www.musical-today.de\/en\/autor\/georgrudiger\/","author_email":"onliness@musical-today.de","author_website":"","author_description":"studierte Musikwissenschaft, Geschichte und Germanistik in Freiburg und Wien. Er lebt als freier Musikjournalist (u.a. Badische Zeitung, NZZ, Der Tagesspiegel) und Autor (u.a. Salzburger Festspiele, Lucerne Festival, Elbphilharmonie) in Freiburg im Breisgau und beobachtet die Musikszene im S\u00fcdwesten, aber auch \u00fcberregional. Er schreibt nicht nur \u00fcber Klassik, sondern auch \u00fcber Pop, Jazz und Musicals. Er ist Cellist in der Camerata Academica Freiburg und dem Camerata Streichquartett.","author_facebook":"","author_twitter":"","author_instagram":"","author_role":["author"],"author_firstname":"Georg","author_lastname":"Rudiger","user_login":"georgrudiger","author_avatar":"<img src=\"https:\/\/www.musical-today.de\/wp-content\/uploads\/2024\/03\/Autor_Rudiger-293x293.jpg\" width=\"200\" height=\"200\" alt=\"Georg Rudiger\" class=\"avatar avatar-200 wp-user-avatar wp-user-avatar-200 alignnone photo\" \/>","author_avatar_url":"https:\/\/www.musical-today.de\/wp-content\/uploads\/2024\/03\/Autor_Rudiger.jpg","comment_count":0,"post_likes":0,"post_views":0},"tpgb_post_category":{"category":"<a href=\"https:\/\/www.musical-today.de\/en\/deutschland\/freiburg\/\" alt=\"Freiburg\"  class=\"category-freiburg\">Freiburg<\/a> "},"_links":{"self":[{"href":"https:\/\/www.musical-today.de\/en\/wp-json\/wp\/v2\/posts\/13005","targetHints":{"allow":["GET"]}}],"collection":[{"href":"https:\/\/www.musical-today.de\/en\/wp-json\/wp\/v2\/posts"}],"about":[{"href":"https:\/\/www.musical-today.de\/en\/wp-json\/wp\/v2\/types\/post"}],"author":[{"embeddable":true,"href":"https:\/\/www.musical-today.de\/en\/wp-json\/wp\/v2\/users\/14"}],"replies":[{"embeddable":true,"href":"https:\/\/www.musical-today.de\/en\/wp-json\/wp\/v2\/comments?post=13005"}],"version-history":[{"count":0,"href":"https:\/\/www.musical-today.de\/en\/wp-json\/wp\/v2\/posts\/13005\/revisions"}],"wp:featuredmedia":[{"embeddable":true,"href":"https:\/\/www.musical-today.de\/en\/wp-json\/wp\/v2\/media\/12992"}],"wp:attachment":[{"href":"https:\/\/www.musical-today.de\/en\/wp-json\/wp\/v2\/media?parent=13005"}],"wp:term":[{"taxonomy":"category","embeddable":true,"href":"https:\/\/www.musical-today.de\/en\/wp-json\/wp\/v2\/categories?post=13005"},{"taxonomy":"post_tag","embeddable":true,"href":"https:\/\/www.musical-today.de\/en\/wp-json\/wp\/v2\/tags?post=13005"}],"curies":[{"name":"wp","href":"https:\/\/api.w.org\/{rel}","templated":true}]}}