{"id":13028,"date":"2025-09-30T23:35:00","date_gmt":"2025-09-30T21:35:00","guid":{"rendered":"https:\/\/www.musical-today.de\/?p=13028"},"modified":"2025-10-05T19:07:15","modified_gmt":"2025-10-05T17:07:15","slug":"wiesbaden-jekyll-and-hyde","status":"publish","type":"post","link":"https:\/\/www.musical-today.de\/en\/wiesbaden-jekyll-and-hyde\/","title":{"rendered":"Jekyll &amp; Hyde"},"content":{"rendered":"<div class=\"lets-info-up-wrap  lets-info-up--right lets-info-up--m-1 lets-info-up-skin-3 lets-info-up--side lets-info-up-76607\" style=\"background:#fafafa; color: #616161\">\t\t\t<div class=\"lets-info-up\">\r\n\t\t\t<div class=\"lets-info-up-fi\"><img decoding=\"async\" width=\"500\" height=\"333\" src=\"https:\/\/www.musical-today.de\/wp-content\/uploads\/2024\/01\/qi-addons-for-elementor-placeholder-500x333.png\" class=\"attachment-lets-info-up-d1 size-lets-info-up-d1\" alt=\"|\" srcset=\"https:\/\/www.musical-today.de\/wp-content\/uploads\/2024\/01\/qi-addons-for-elementor-placeholder-500x333.png 500w, https:\/\/www.musical-today.de\/wp-content\/uploads\/2024\/01\/qi-addons-for-elementor-placeholder-300x200.png 300w, https:\/\/www.musical-today.de\/wp-content\/uploads\/2024\/01\/qi-addons-for-elementor-placeholder-1024x683.png 1024w, https:\/\/www.musical-today.de\/wp-content\/uploads\/2024\/01\/qi-addons-for-elementor-placeholder-883x589.png 883w, https:\/\/www.musical-today.de\/wp-content\/uploads\/2024\/01\/qi-addons-for-elementor-placeholder-18x12.png 18w, https:\/\/www.musical-today.de\/wp-content\/uploads\/2024\/01\/qi-addons-for-elementor-placeholder-360x240.png 360w, https:\/\/www.musical-today.de\/wp-content\/uploads\/2024\/01\/qi-addons-for-elementor-placeholder-1155x770.png 1155w, https:\/\/www.musical-today.de\/wp-content\/uploads\/2024\/01\/qi-addons-for-elementor-placeholder-370x247.png 370w, https:\/\/www.musical-today.de\/wp-content\/uploads\/2024\/01\/qi-addons-for-elementor-placeholder-770x513.png 770w, https:\/\/www.musical-today.de\/wp-content\/uploads\/2024\/01\/qi-addons-for-elementor-placeholder-293x195.png 293w, https:\/\/www.musical-today.de\/wp-content\/uploads\/2024\/01\/qi-addons-for-elementor-placeholder-120x80.png 120w, https:\/\/www.musical-today.de\/wp-content\/uploads\/2024\/01\/qi-addons-for-elementor-placeholder-240x160.png 240w, https:\/\/www.musical-today.de\/wp-content\/uploads\/2024\/01\/qi-addons-for-elementor-placeholder-390x260.png 390w, https:\/\/www.musical-today.de\/wp-content\/uploads\/2024\/01\/qi-addons-for-elementor-placeholder.png 1200w\" sizes=\"(max-width: 500px) 100vw, 500px\" title=\"\"><\/div>\t\t\t<div class=\"lets-info-up-block-wrap\">\r\n\t\t\t\t<div class=\"lets-info-up-block lets-info-up-meta-block\"><div class=\"lets-info-up-meta-title lets-info-up-pretitle font-h\" style=\"color: #8c6d18;\">oRT<\/div><div class=\"lets-info-up-meta-content lets-info-up-title font-b\">Staatstheater Wiesbaden (Junges Staatsmusical)<\/div><\/div><div class=\"lets-info-up-block lets-info-up-meta-block\"><div class=\"lets-info-up-meta-title lets-info-up-pretitle font-h\" style=\"color: #8c6d18;\">von<\/div><div class=\"lets-info-up-meta-content lets-info-up-title font-b\">Frank Wildhorn (Musik)<br>Leslie Bricusse (Buch und Liedtexte)<br>Susanne Dengler und Eberhard Storz (Deutsche Fassung)<\/div><\/div><div class=\"lets-info-up-block lets-info-up-meta-block\"><div class=\"lets-info-up-meta-title lets-info-up-pretitle font-h\" style=\"color: #8c6d18;\">Regie<\/div><div class=\"lets-info-up-meta-content lets-info-up-title font-b\">Iris Limbarth<\/div><\/div><div class=\"lets-info-up-block lets-info-up-meta-block\"><div class=\"lets-info-up-meta-title lets-info-up-pretitle font-h\" style=\"color: #8c6d18;\">Urauff\u00fchrunG<\/div><div class=\"lets-info-up-meta-content lets-info-up-title font-b\">1990<\/div><\/div><div class=\"lets-info-up-block lets-info-up-meta-block\"><div class=\"lets-info-up-meta-title lets-info-up-pretitle font-h\" style=\"color: #8c6d18;\">INFOS<\/div><div class=\"lets-info-up-meta-content lets-info-up-title font-b\"><a href=\"https:\/\/www.staatstheater-wiesbaden.de\/spielplan\/a-z\/jekyll-and-hyde\" data-type=\"link\" target=\"_blank\" rel=\"noopener noreferrer nofollow\">www.staatstheater-wiesbaden.de<\/a><\/div><\/div>\t\t\t<\/div>\r\n\t\t\t<\/div>\r\n\t\t<\/div>\r\n\t\t\n\n\n<p><strong><strong>\u201eJekyll &amp; Hyde\u201c begeistert schaurig-sch\u00f6n<\/strong><\/strong><\/p>\n\n\n\n<p>Auch in dieser Spielzeit f\u00fchrt Iris Limbarth die lang gewachsene Tradition des Jungen Staatsmusicals in Wiesbaden weiter. Seit 35 Jahren finden Theaterbegeisterte zwischen 15 und 25 Jahren hier den Einstieg in die Theaterwelt, der viele an Schauspiel- und Musicalhochschulen bis ins Berufsleben f\u00fchrt. Mit Frank Wildhorns \u201eJekyll &amp; Hyde\u201c h\u00e4lt ein weiterer Musicalklassiker Einzug in das Repertoire des jungen Ensembles, welches das Wiesbadener Publikum rund ums Jahr mit verschiedenen Musicalproduktionen auf bis zu drei Spielst\u00e4tten versorgt. Schaurig-sch\u00f6n wird es dabei am umjubelten Premierenabend im Kleinen Haus des Hessischen Staatstheaters.<\/p>\n\n\n\n<p>\u201eWahnsinn ist das schlimmste aller Gef\u00e4ngnisse\u201c: In diesem findet sich Dr. Henry Jekyll wieder, als sein Versuch, das Gute vom B\u00f6sen im Menschen zu trennen, in der teuflischen Inkarnation des Edward Hyde endet. Der ergreift zunehmend Besitz von seinem Sch\u00f6pfer, welcher sich zwischen seiner Verlobten Lisa und der Prostituierten Lucy genauso hin und hergerissen f\u00fchlt wie zwischen seinen beiden Pers\u00f6nlichkeiten. Nach der langen Introduktion mutiert mit der Verwandlung Jekylls auch die Energie des Abends hin zu einem packenden Thriller, wobei das Publikum bereits nach dem ersten Song in Jubelst\u00fcrme verf\u00e4llt.<\/p>\n\n\n\n<p>Die Unterst\u00fctzung aller Gewerke des Staatstheaters, von Schneiderei, B\u00fchnenbild bis zu Ton und Licht, spiegelt sich in der handwerklichen Hochwertigkeit des Abends wider. Dabei wurde kein Aufwand gescheut und eine intelligente Inszenierung konstruiert, die sich f\u00fcr Details nicht zu schade ist und zugleich mit ihrer Simplizit\u00e4t besticht, die schnelle Verwandlungen vom Labor zum Schlafgemach erm\u00f6glicht und von dynamischen Tanznummern bis zu dramatischen Balladen reicht. Die ganze Tiefe der B\u00fchne wird genutzt, w\u00e4hrend starke Lichtakzente jeweils das Gute oder B\u00f6se in Henry Jekyll beleuchten. Besonders die finale Konfrontation mit seinem Alter Ego Hyde ist gekonnt illuminiert und in Szene gesetzt.<\/p>\n\n\n<div  class=\"tpgb-wrap-956d14_13028  tpgb-wrap-fw \"  ><div id=\"956d14_13028\" class=\"tpgb-block-956d14_13028 tpgb-relative-block tpgb-gallery-list tpgb-metro gallery-style-2 hover-image-style-1   \" data-style=\"style-2\" data-id=\"956d14_13028\" data-layout=\"metro\" data-fancy-option='{\"loop\":false,\"thumb\":\"no\",\"infobar\":true,\"arrows\":true,\"transitionEffect\":\"slide\",\"button\":[\"close\"]}' data-splide='\"\"' data-metroAttr= '{\"metro_col\":\"3\",\"tab_metro_col\":3,\"mobile_metro_col\":3,\"metro_style\":\"style-1\",\"tab_metro_style\":\"style-1\",\"mobile_metro_style\":\"style-1\"}' ><div class=\"tpgb-row post-loop-inner \"><div class=\"grid-item metro-item-0    tpgb-metro-1  tpgb-tab-metro-1  tpgb-mobile-metro-1 \"><a href=\"http:\/\/www.musical-today.de\/wp-content\/uploads\/2025\/10\/4240_jekyll_vlnr_denia_gilberg_tim_speckhardt_anastasia_bechtold_cpeteremig.jpg\" class=\"tpgb-gallery-list-content tpgb-trans-easeinout\" data-fancybox=\"956d14_13028\" data-caption=\"Foto: Peter Emig\" aria-label=\"Foto: Peter Emig\" target=\"_blank\" rel=\"noopener noreferrer nofollow\"><div class=\"post-content-image\"><div class=\"tpgb-metro-gallery-image\" style=\"background: url(https:\/\/www.musical-today.de\/wp-content\/uploads\/2025\/10\/4240_jekyll_vlnr_denia_gilberg_tim_speckhardt_anastasia_bechtold_cpeteremig.jpg);\"><\/div><\/div><div class=\"post-content-center\"><div class=\"post-zoom-icon\"><div class=\"meta-search-icon\"><span><img decoding=\"async\" class=\"fancy-img\" src=\"https:\/\/www.musical-today.de\/wp-content\/uploads\/2025\/10\/4240_jekyll_vlnr_denia_gilberg_tim_speckhardt_anastasia_bechtold_cpeteremig.jpg\" alt=\"Media Image1\" title=\"\"><i class=\"fas fa-search-plus pop-icon\"><\/i><\/span><\/div><\/div><div class=\"post-content-bottom\"><p class=\"post-title tpgb-trans-easeinout\">Foto: Peter Emig<\/p><\/div><\/div><\/a><\/div><div class=\"grid-item metro-item-1    tpgb-metro-2  tpgb-tab-metro-2  tpgb-mobile-metro-2 \"><a href=\"http:\/\/www.musical-today.de\/wp-content\/uploads\/2025\/10\/4237_jekyll_tim_speckhardt_cpeteremig_mitte.jpg\" class=\"tpgb-gallery-list-content tpgb-trans-easeinout\" data-fancybox=\"956d14_13028\" data-caption=\"Foto: Peter Emig\" aria-label=\"Foto: Peter Emig\" target=\"_blank\" rel=\"noopener noreferrer nofollow\"><div class=\"post-content-image\"><div class=\"tpgb-metro-gallery-image\" style=\"background: url(https:\/\/www.musical-today.de\/wp-content\/uploads\/2025\/10\/4237_jekyll_tim_speckhardt_cpeteremig_mitte.jpg);\"><\/div><\/div><div class=\"post-content-center\"><div class=\"post-zoom-icon\"><div class=\"meta-search-icon\"><span><img decoding=\"async\" class=\"fancy-img\" src=\"https:\/\/www.musical-today.de\/wp-content\/uploads\/2025\/10\/4237_jekyll_tim_speckhardt_cpeteremig_mitte.jpg\" alt=\"Media Image2\" title=\"\"><i class=\"fas fa-search-plus pop-icon\"><\/i><\/span><\/div><\/div><div class=\"post-content-bottom\"><p class=\"post-title tpgb-trans-easeinout\">Foto: Peter Emig<\/p><\/div><\/div><\/a><\/div><div class=\"grid-item metro-item-2    tpgb-metro-3  tpgb-tab-metro-3  tpgb-mobile-metro-3 \"><a href=\"http:\/\/www.musical-today.de\/wp-content\/uploads\/2025\/10\/4230_jekyll_denia_gilberg_mitte_cpeteremig.jpg\" class=\"tpgb-gallery-list-content tpgb-trans-easeinout\" data-fancybox=\"956d14_13028\" data-caption=\"Foto: Peter Emig\" aria-label=\"Foto: Peter Emig\" target=\"_blank\" rel=\"noopener noreferrer nofollow\"><div class=\"post-content-image\"><div class=\"tpgb-metro-gallery-image\" style=\"background: url(https:\/\/www.musical-today.de\/wp-content\/uploads\/2025\/10\/4230_jekyll_denia_gilberg_mitte_cpeteremig.jpg);\"><\/div><\/div><div class=\"post-content-center\"><div class=\"post-zoom-icon\"><div class=\"meta-search-icon\"><span><img decoding=\"async\" class=\"fancy-img\" src=\"https:\/\/www.musical-today.de\/wp-content\/uploads\/2025\/10\/4230_jekyll_denia_gilberg_mitte_cpeteremig.jpg\" alt=\"Media Image3\" title=\"\"><i class=\"fas fa-search-plus pop-icon\"><\/i><\/span><\/div><\/div><div class=\"post-content-bottom\"><p class=\"post-title tpgb-trans-easeinout\">Foto: Peter Emig<\/p><\/div><\/div><\/a><\/div><\/div><\/div><\/div>\n\n\n<p>In der Ausstattung macht vor allem die Historizit\u00e4t der hochwertigen Kost\u00fcme etwas her, wie beispielsweise das smaragd-samtige Kleid der Lady Beaconsfield (stilvoll: Viktoria Reese) oder auch das aufreizende Gewand der Nachtclub-\u00c4ltesten Nellie (reizend: Katharina Hoffmann). Als Erz\u00e4hler und Jekylls engster Freund John f\u00fchrt Dwayne Besier zudem souver\u00e4n und charismatisch durch den Abend.<\/p>\n\n\n\n<p>Anastasia Bechtolds Lisa vibriert zwischen Broadway und Oper wie ein kraftvolles V\u00f6gelchen. Im Nachtclub Red Rats l\u00e4dt Denia Gilberg als Lucy mit der Nummer \u201eSchafft die M\u00e4nner ran\u201c zu einem kleinen Abstecher nach K\u00f6ln ein. In Moulin-Rouge-Manier schwingt das Ensemble das Tanzbein, Gilbergs Broadway-Belt und feines Spiel sind klar und kraftvollen in allen Aspekten. Allgemein herrscht im St\u00fcck fast ein Tick zu viel Sexappeal, hin und wieder wird Lucy von Hyde ordentlich maltr\u00e4tiert \u2013 die Altersfreigabe ab 14 ist hier fast zu niedrig.<\/p>\n\n\n\n<p>Tim Speckhardt, langj\u00e4hriges Mitglied des Ensembles, tr\u00e4gt den Abend als Jekyll wie als Hyde. Glaubw\u00fcrdig und mit stimmlicher Pr\u00e4zision bewegt er sich zwischen dem liebevollen Forscher und dem ungez\u00fcgelten Monster, das das gesamte Kabinett des Krankenhausvorstands kaltbl\u00fctig ermordet. Das Liebesdreieck um Lisa und Lucy r\u00fcckt bei der existenziellen Frage rund um Gut und B\u00f6se fast in den Hintergrund; dennoch ersch\u00fcttert es bis ins Mark, wenn Lucy hinterr\u00fccks von Hyde erdolcht wird und Lisa zusehen muss, wie ihr Verlobter am Tag der Hochzeit zum Monster mutiert.<\/p>\n\n\n\n<p>Im Graben spielt das Orchester unter Frank Bangert Wildhorns melodi\u00f6se Musik mit vollem Sound und rei\u00dft das Publikum in bekannten Hits wie \u201eDies ist die Stunde\u201c mit. Die Choreografien von Iris Limbarth sind etwas in der Stilistik der 90er Jahre verankert, technisch jedoch pr\u00e4zise ausgef\u00fchrt.<\/p>\n\n\n\n<p>Mit einer simplen wie eindrucksvollen, aber vor allem emotionsgeladenen Darbietung steht das engagierte Ensemble den \u201eProfis\u201c in nichts nach. Theater-Jugendclubs Deutschlands: nachmachen!<\/p>\n\n\n\n<hr class=\"wp-block-separator has-alpha-channel-opacity is-style-dots\"\/>\n\n\n\n<p class=\"has-small-font-size\">Musikalische Leitung: Frank Bangert \u2022 Regie und Choreografie: Iris Limbarth \u2022 B\u00fchne: Britta Lammers \u2022 Kost\u00fcme: Heike Korn \u2022 Videodesign: Benjamin Geipel \u2022 Licht: Oliver Porst \u2022 Mit: Tim Speckhardt (Dr. Jekyll\/Mr. Hyde), Denia Gilberg (Lucy Harris), Anastasia Bechtold (Lisa Carew), Katharina Hoffmann (Nellie), Dwayne Besier (Gabriel John Utterson), Felipe Salazar (Sir Danvers Carew), Jakob H\u00f6hler (Simon Stride), Viktoria Reese (Lady Beaconsfield), Lukas Werner M\u00fcller (Bischof von Basingstoke\/Pfarrer), Nis Hansen (Lord Glossop\/Vater Jekylls), Linus Weinbrenner (Spider), Sarah Zimmermann (Lord Savage), Matthew Laszlo von Pokorny (Sir Archibald Proops), Lars Hofmann (Poole, Butler\/Biset, Apotheker) u.a.<br><br>Aufmacherfoto: Peter Emig<\/p>\n","protected":false},"excerpt":{"rendered":"<p>\u201eJekyll &amp; Hyde\u201c begeistert schaurig-sch\u00f6n Auch in dieser Spielzeit f\u00fchrt Iris Limbarth die lang gewachsene Tradition des Jungen Staatsmusicals in Wiesbaden weiter. Seit 35 Jahren finden Theaterbegeisterte zwischen 15 und 25 Jahren hier den Einstieg in die Theaterwelt, der viele an Schauspiel- und Musicalhochschulen bis ins Berufsleben f\u00fchrt. Mit Frank Wildhorns \u201eJekyll &amp; Hyde\u201c h\u00e4lt ein weiterer Musicalklassiker Einzug in das Repertoire des jungen Ensembles, welches das Wiesbadener Publikum rund ums Jahr mit verschiedenen Musicalproduktionen auf bis zu drei Spielst\u00e4tten [&hellip;]<\/p>\n","protected":false},"author":55,"featured_media":13022,"comment_status":"closed","ping_status":"closed","sticky":false,"template":"","format":"standard","meta":{"tpgb_global_settings":"","footnotes":""},"categories":[137],"tags":[],"class_list":["post-13028","post","type-post","status-publish","format-standard","has-post-thumbnail","hentry","category-wiesbaden"],"tpgb_featured_images":{"full":["https:\/\/www.musical-today.de\/wp-content\/uploads\/2025\/10\/4238_jekyll_tim_speckhardt_cpeteremig-e1759275095133.jpg",1760,1177,false],"tp-image-grid":["https:\/\/www.musical-today.de\/wp-content\/uploads\/2025\/10\/4238_jekyll_tim_speckhardt_cpeteremig-e1759275095133-700x700.jpg",700,700,true],"thumbnail":["https:\/\/www.musical-today.de\/wp-content\/uploads\/2025\/10\/4238_jekyll_tim_speckhardt_cpeteremig-e1759275095133-600x401.jpg",600,401,true],"medium":["https:\/\/www.musical-today.de\/wp-content\/uploads\/2025\/10\/4238_jekyll_tim_speckhardt_cpeteremig-e1759275095133-1200x802.jpg",1200,802,true],"medium_large":["https:\/\/www.musical-today.de\/wp-content\/uploads\/2025\/10\/4238_jekyll_tim_speckhardt_cpeteremig-e1759275095133-770x515.jpg",770,515,true],"large":["https:\/\/www.musical-today.de\/wp-content\/uploads\/2025\/10\/4238_jekyll_tim_speckhardt_cpeteremig-1920x1281.jpg",1139,760,true],"default":"https:\/\/www.musical-today.de\/wp-content\/plugins\/the-plus-addons-for-block-editor\/assets\/images\/tpgb-placeholder.jpg"},"tpgb_post_meta_info":{"get_date":"30.09.2025","get_modified_date":"05.10.2025","category_list":{"category":[{"term_id":137,"name":"Wiesbaden","slug":"wiesbaden","term_group":0,"term_taxonomy_id":137,"taxonomy":"category","description":"","parent":19,"count":5,"filter":"raw","term_order":"98"}],"post_tag":false,"post_format":false},"author_name":"Celina Larab","author_url":"https:\/\/www.musical-today.de\/en\/autor\/celinalarab\/","author_email":"online-cl@musical-today.de","author_website":"","author_description":"lebt neben der Liebe zum Musical ihre Leidenschaft als Kritikerin und Theaterinfluencerin auf ihrem Instagram-Kanal <a href=\"https:\/\/www.instagram.com\/thedramaq_een\">@thedramaq_een<\/a> aus. Nach Abschluss ihres Bachelorstudiums der Theaterwissenschaft sowie -praxis auf und hinter der B\u00fchne studiert sie aktuell Dramaturgie im Master an der Bayerischen Theaterakademie August Everding in M\u00fcnchen.","author_facebook":"","author_twitter":"","author_instagram":"","author_role":["author"],"author_firstname":"Celina","author_lastname":"Larab","user_login":"celinalarab","author_avatar":"<img src=\"https:\/\/www.musical-today.de\/wp-content\/uploads\/2024\/09\/Celina-Larab-275x275.jpg\" width=\"200\" height=\"200\" alt=\"Celina Larab\" class=\"avatar avatar-200 wp-user-avatar wp-user-avatar-200 alignnone photo\" \/>","author_avatar_url":"https:\/\/www.musical-today.de\/wp-content\/uploads\/2024\/09\/Celina-Larab.jpg","comment_count":0,"post_likes":0,"post_views":0},"tpgb_post_category":{"category":"<a href=\"https:\/\/www.musical-today.de\/en\/deutschland\/wiesbaden\/\" alt=\"Wiesbaden\"  class=\"category-wiesbaden\">Wiesbaden<\/a> "},"_links":{"self":[{"href":"https:\/\/www.musical-today.de\/en\/wp-json\/wp\/v2\/posts\/13028","targetHints":{"allow":["GET"]}}],"collection":[{"href":"https:\/\/www.musical-today.de\/en\/wp-json\/wp\/v2\/posts"}],"about":[{"href":"https:\/\/www.musical-today.de\/en\/wp-json\/wp\/v2\/types\/post"}],"author":[{"embeddable":true,"href":"https:\/\/www.musical-today.de\/en\/wp-json\/wp\/v2\/users\/55"}],"replies":[{"embeddable":true,"href":"https:\/\/www.musical-today.de\/en\/wp-json\/wp\/v2\/comments?post=13028"}],"version-history":[{"count":0,"href":"https:\/\/www.musical-today.de\/en\/wp-json\/wp\/v2\/posts\/13028\/revisions"}],"wp:featuredmedia":[{"embeddable":true,"href":"https:\/\/www.musical-today.de\/en\/wp-json\/wp\/v2\/media\/13022"}],"wp:attachment":[{"href":"https:\/\/www.musical-today.de\/en\/wp-json\/wp\/v2\/media?parent=13028"}],"wp:term":[{"taxonomy":"category","embeddable":true,"href":"https:\/\/www.musical-today.de\/en\/wp-json\/wp\/v2\/categories?post=13028"},{"taxonomy":"post_tag","embeddable":true,"href":"https:\/\/www.musical-today.de\/en\/wp-json\/wp\/v2\/tags?post=13028"}],"curies":[{"name":"wp","href":"https:\/\/api.w.org\/{rel}","templated":true}]}}