{"id":1306,"date":"2024-03-27T00:40:00","date_gmt":"2024-03-26T23:40:00","guid":{"rendered":"https:\/\/www.musical-today.de\/?p=1306"},"modified":"2025-04-15T14:28:19","modified_gmt":"2025-04-15T12:28:19","slug":"lueneburg-der-graf-von-monte-christo","status":"publish","type":"post","link":"https:\/\/www.musical-today.de\/en\/lueneburg-der-graf-von-monte-christo\/","title":{"rendered":"Der Graf von Monte Christo"},"content":{"rendered":"<div class=\"lets-info-up-wrap  lets-info-up--right lets-info-up--m-1 lets-info-up-skin-3 lets-info-up--side lets-info-up-90551\" style=\"background:#fafafa; color: #616161\">\t\t\t<div class=\"lets-info-up\">\r\n\t\t\t<div class=\"lets-info-up-fi\"><img decoding=\"async\" width=\"500\" height=\"333\" src=\"https:\/\/www.musical-today.de\/wp-content\/uploads\/2024\/01\/qi-addons-for-elementor-placeholder-500x333.png\" class=\"attachment-lets-info-up-d1 size-lets-info-up-d1\" alt=\"|\" srcset=\"https:\/\/www.musical-today.de\/wp-content\/uploads\/2024\/01\/qi-addons-for-elementor-placeholder-500x333.png 500w, https:\/\/www.musical-today.de\/wp-content\/uploads\/2024\/01\/qi-addons-for-elementor-placeholder-300x200.png 300w, https:\/\/www.musical-today.de\/wp-content\/uploads\/2024\/01\/qi-addons-for-elementor-placeholder-1024x683.png 1024w, https:\/\/www.musical-today.de\/wp-content\/uploads\/2024\/01\/qi-addons-for-elementor-placeholder-883x589.png 883w, https:\/\/www.musical-today.de\/wp-content\/uploads\/2024\/01\/qi-addons-for-elementor-placeholder-18x12.png 18w, https:\/\/www.musical-today.de\/wp-content\/uploads\/2024\/01\/qi-addons-for-elementor-placeholder-360x240.png 360w, https:\/\/www.musical-today.de\/wp-content\/uploads\/2024\/01\/qi-addons-for-elementor-placeholder-1155x770.png 1155w, https:\/\/www.musical-today.de\/wp-content\/uploads\/2024\/01\/qi-addons-for-elementor-placeholder-370x247.png 370w, https:\/\/www.musical-today.de\/wp-content\/uploads\/2024\/01\/qi-addons-for-elementor-placeholder-770x513.png 770w, https:\/\/www.musical-today.de\/wp-content\/uploads\/2024\/01\/qi-addons-for-elementor-placeholder-293x195.png 293w, https:\/\/www.musical-today.de\/wp-content\/uploads\/2024\/01\/qi-addons-for-elementor-placeholder-120x80.png 120w, https:\/\/www.musical-today.de\/wp-content\/uploads\/2024\/01\/qi-addons-for-elementor-placeholder-240x160.png 240w, https:\/\/www.musical-today.de\/wp-content\/uploads\/2024\/01\/qi-addons-for-elementor-placeholder-390x260.png 390w, https:\/\/www.musical-today.de\/wp-content\/uploads\/2024\/01\/qi-addons-for-elementor-placeholder.png 1200w\" sizes=\"(max-width: 500px) 100vw, 500px\" title=\"\"><\/div>\t\t\t<div class=\"lets-info-up-block-wrap\">\r\n\t\t\t\t<div class=\"lets-info-up-block lets-info-up-meta-block\"><div class=\"lets-info-up-meta-title lets-info-up-pretitle font-h\" style=\"color: #8c6d18;\">Ort<\/div><div class=\"lets-info-up-meta-content lets-info-up-title font-b\">Theater L\u00fcneburg<\/div><\/div><div class=\"lets-info-up-block lets-info-up-meta-block\"><div class=\"lets-info-up-meta-title lets-info-up-pretitle font-h\" style=\"color: #8c6d18;\">Von<\/div><div class=\"lets-info-up-meta-content lets-info-up-title font-b\">Frank Wildhorn (Musik)<br>Jack Murphy (Buch)<\/div><\/div><div class=\"lets-info-up-block lets-info-up-meta-block\"><div class=\"lets-info-up-meta-title lets-info-up-pretitle font-h\" style=\"color: #8c6d18;\">Regie<\/div><div class=\"lets-info-up-meta-content lets-info-up-title font-b\">Wolfgang Berthold<\/div><\/div><div class=\"lets-info-up-block lets-info-up-meta-block\"><div class=\"lets-info-up-meta-title lets-info-up-pretitle font-h\" style=\"color: #8c6d18;\">Urauff\u00fchrung<\/div><div class=\"lets-info-up-meta-content lets-info-up-title font-b\">2009<\/div><\/div><div class=\"lets-info-up-block lets-info-up-meta-block\"><div class=\"lets-info-up-meta-title lets-info-up-pretitle font-h\" style=\"color: #8c6d18;\">INFOS<\/div><div class=\"lets-info-up-meta-content lets-info-up-title font-b\"><a href=\"https:\/\/www.theater-lueneburg.de\/stuecke\/der-graf-von-monte-christo\/\" target=\"_blank\" rel=\"noopener noreferrer nofollow\">www.theater-lueneburg.de<\/a><\/div><\/div>\t\t\t<\/div>\r\n\t\t\t<\/div>\r\n\t\t<\/div>\r\n\t\t\n\n\n<p><strong>Ein beherztes Ensemble singt tapfer gegen das etwas eindimensionale \u201eGraf von Monte Christo\u201c-Musical an<\/strong><\/p>\n\n\n\n<p class=\"has-black-color has-text-color has-link-color wp-elements-d5994ccbc388c9d0c00a9968e23b25df\">Was fasziniert Zeitgenossen an dieser melodramatisch abenteuernden Mantel-und-Degen-Geschichte aus dem 19. Jahrhundert? Ist es die sp\u00e4t keimende Menschlichkeit des Titelhelden oder die eher dezente Kapitalismuskritik? Alexandre Dumas bewegt jedenfalls bis heute mit seinem monstr\u00f6sen Episodenroman von 1845 die Gem\u00fcter. Da reihen sich markige Themen wie Machtgier, Rachegel\u00fcste, Angst und Hass, Liebe und Intrige, hom\u00f6opathisch versetzt mit ein paar philosophischen Einsprengseln. Dutzendfach verfilmt gelangte die literarische Vorlage 2009 in St. Gallen als Musical auf die B\u00fchne, von Vielschreiber Frank Wildhorn (u. a. Musik f\u00fcr &#8222;Jekyll &amp; Hyde&#8220;, &#8222;The Scarlett Pimpernel&#8220;, &#8222;Dracula&#8220;) und Jack Murphy (Buch) auf ein effektheischendes Format zurechtgestutzt. Dem prominenten Darsteller Thomas Borchert widmete der Komponist sein St\u00fcck. Er spielte auch die Hauptrolle in der Urauff\u00fchrung und \u00fcbernahm den Part nun erneut am Theater L\u00fcneburg, wo &#8222;Der Graf von Monte Christo&#8220; auf begeisterte Resonanz stie\u00df.<\/p>\n\n\n\n<p class=\"has-black-color has-text-color has-link-color wp-elements-a4c88eedcf16c3157169940dc293e241\">Ein Riesenpendel schwingt zu bleischweren Orchesterkl\u00e4ngen. Aus dem Off intoniert der Chor d\u00fcstere T\u00f6ne, die an ein Requiem erinnern. Ein Mann sitzt im Kerker, eine Frau steht hinter ihm. Sie verk\u00f6rpert Sehnsucht und irrlichternde Vergangenheit zugleich. Dann folgt die R\u00fcckblende. Der H\u00e4ftling ist Edmond Dant\u00e8s, ein designierter Kapit\u00e4n kurz vor der Eheschlie\u00dfung mit der attraktiven Merc\u00e9d\u00e8s. Die steile Karriere und eine begehrenswerte Frau l\u00f6sen Neidgef\u00fchle bei seinen vermeintlichen Freunden aus. Die schmieden einen Komplott und bringen den Aufsteiger unrechtm\u00e4\u00dfig auf eine Festungsinsel. Dort trifft er auf Abb\u00e9 Faria, der ihm zahlreiche Erkenntnisse beschert und einen Fluchtplan. Der gelingt. Auf dem Weg in die Freiheit reisst er einen astronomisch wertvollen Schatz an sich, beeindruckt tollk\u00fchne Piratinnen und kehrt als Aristokrat nach Marseille zur\u00fcck. Dort treibt der Graf von Monte Christo seine einstigen Widersacher gallig in den Ruin und findet auch Merc\u00e9d\u00e8s wieder, die l\u00e4ngst, aber h\u00f6chst ungl\u00fccklich, mit Fernand Mondego verheiratet ist. Sohn Albert und seine Verlobte Valentine mit ihrer aufrichtigen Zuneigung bes\u00e4nftigen schlie\u00dflich den w\u00fctenden Grafen, am Ende winkt neues Gl\u00fcck.<\/p>\n\n\n\n<p class=\"has-black-color has-text-color has-link-color wp-elements-88485029e70dfd31fe1dfe2279f03db6\">Reichlich Text f\u00fcr zweieinhalb Stunden, den Jack Murphy auf eine rasant geschnittene Szenenfolge eindampfte. Da bleibt wenig Platz f\u00fcr Entwicklungen, Konturen und Tiefensch\u00e4rfe. Das \u00fcbernimmt die Musik von Frank Wildhorn. Der versteht sich pr\u00e4chtig auf emotional aufgeladene, hoch fahrende Balladen und Popsongs. Sie heizen die brodelnde Stimmung entsprechend an. Gaudens Bieri und die L\u00fcneburger Symphoniker erweisen sich als kompetente, zuverl\u00e4ssige Tr\u00e4ger dieser gef\u00fchlsintensiven Momente und gestalten daraus ein wahres Kraftzentrum, gipfelnd in &#8222;Niemals allein&#8220;, &#8222;K\u00f6nige&#8220; oder &#8222;H\u00f6lle auf Erden&#8220;. Regisseur Wolfgang Berthold arrangiert die rasch wechselnden Einstellungen handwerklich geschickt, kann aber das Schablonenhafte und Holzschnittartige nicht kaschieren. In der Konsequenz wirkt manches aufgesetzt und farblos, etwa der Auftritt sexbesessener Piratinnen, die mit ihrem aufreizendem Outfit offenbar einem Bordell entflohen sind. Auch die Choreografie von Olaf Schmidt kommt \u00fcber Belanglosigkeit kaum hinaus, lediglich im Auftritt der seefahrenden Matronen gelingt ihm ein Hingucker.\u00a0<\/p>\n\n\n<div  class=\"tpgb-wrap-956d14_1638  tpgb-wrap-fw \"  ><div id=\"956d14_1638\" class=\"tpgb-block-956d14_1638 tpgb-relative-block tpgb-gallery-list tpgb-metro gallery-style-2 hover-image-style-1   \" data-style=\"style-2\" data-id=\"956d14_1638\" data-layout=\"metro\" data-fancy-option='{\"loop\":false,\"thumb\":\"no\",\"infobar\":true,\"arrows\":true,\"transitionEffect\":\"slide\",\"button\":[\"close\"]}' data-splide='\"\"' data-metroAttr= '{\"metro_col\":3,\"tab_metro_col\":3,\"mobile_metro_col\":3,\"metro_style\":\"style-1\",\"tab_metro_style\":\"style-1\",\"mobile_metro_style\":\"style-1\"}' ><div class=\"tpgb-row post-loop-inner \"><div class=\"grid-item metro-item-0    tpgb-metro-1  tpgb-tab-metro-1  tpgb-mobile-metro-1 \"><a href=\"https:\/\/www.musical-today.de\/wp-content\/uploads\/2024\/03\/DER-GRAF-VON-MONTE-CHRISTO_c_tw_AndreasTamme-6-scaled.jpg\" class=\"tpgb-gallery-list-content tpgb-trans-easeinout\" data-fancybox=\"956d14_1638\" data-caption=\"Foto: t&amp;w\/Andreas Tamme\" aria-label=\"Foto: t&amp;w\/Andreas Tamme\"><div class=\"post-content-image\"><div class=\"tpgb-metro-gallery-image\" style=\"background: url(https:\/\/www.musical-today.de\/wp-content\/uploads\/2024\/03\/DER-GRAF-VON-MONTE-CHRISTO_c_tw_AndreasTamme-6-scaled.jpg);\"><\/div><\/div><div class=\"post-content-center\"><div class=\"post-zoom-icon\"><div class=\"meta-search-icon\"><span><img decoding=\"async\" class=\"fancy-img\" src=\"https:\/\/www.musical-today.de\/wp-content\/uploads\/2024\/03\/DER-GRAF-VON-MONTE-CHRISTO_c_tw_AndreasTamme-6-scaled.jpg\" alt=\"Media Image1\" title=\"\"><i class=\"fas fa-search-plus pop-icon\"><\/i><\/span><\/div><\/div><div class=\"post-content-bottom\"><p class=\"post-title tpgb-trans-easeinout\">Foto: t&amp;w\/Andreas Tamme<\/p><\/div><\/div><\/a><\/div><div class=\"grid-item metro-item-1    tpgb-metro-2  tpgb-tab-metro-2  tpgb-mobile-metro-2 \"><a href=\"https:\/\/www.musical-today.de\/wp-content\/uploads\/2024\/03\/DER-GRAF-VON-MONTE-CHRISTO_c_tw_AndreasTamme-5-scaled.jpg\" class=\"tpgb-gallery-list-content tpgb-trans-easeinout\" data-fancybox=\"956d14_1638\" data-caption=\"Foto: t&amp;w\/Andreas Tamme\" aria-label=\"Foto: t&amp;w\/Andreas Tamme\"><div class=\"post-content-image\"><div class=\"tpgb-metro-gallery-image\" style=\"background: url(https:\/\/www.musical-today.de\/wp-content\/uploads\/2024\/03\/DER-GRAF-VON-MONTE-CHRISTO_c_tw_AndreasTamme-5-scaled.jpg);\"><\/div><\/div><div class=\"post-content-center\"><div class=\"post-zoom-icon\"><div class=\"meta-search-icon\"><span><img decoding=\"async\" class=\"fancy-img\" src=\"https:\/\/www.musical-today.de\/wp-content\/uploads\/2024\/03\/DER-GRAF-VON-MONTE-CHRISTO_c_tw_AndreasTamme-5-scaled.jpg\" alt=\"Media Image2\" title=\"\"><i class=\"fas fa-search-plus pop-icon\"><\/i><\/span><\/div><\/div><div class=\"post-content-bottom\"><p class=\"post-title tpgb-trans-easeinout\">Foto: t&amp;w\/Andreas Tamme<\/p><\/div><\/div><\/a><\/div><div class=\"grid-item metro-item-2    tpgb-metro-3  tpgb-tab-metro-3  tpgb-mobile-metro-3 \"><a href=\"https:\/\/www.musical-today.de\/wp-content\/uploads\/2024\/03\/DER-GRAF-VON-MONTE-CHRISTO_c_tw_AndreasTamme-4-scaled.jpg\" class=\"tpgb-gallery-list-content tpgb-trans-easeinout\" data-fancybox=\"956d14_1638\" data-caption=\"Foto: t&amp;w\/Andreas Tamme\" aria-label=\"Foto: t&amp;w\/Andreas Tamme\"><div class=\"post-content-image\"><div class=\"tpgb-metro-gallery-image\" style=\"background: url(https:\/\/www.musical-today.de\/wp-content\/uploads\/2024\/03\/DER-GRAF-VON-MONTE-CHRISTO_c_tw_AndreasTamme-4-scaled.jpg);\"><\/div><\/div><div class=\"post-content-center\"><div class=\"post-zoom-icon\"><div class=\"meta-search-icon\"><span><img decoding=\"async\" class=\"fancy-img\" src=\"https:\/\/www.musical-today.de\/wp-content\/uploads\/2024\/03\/DER-GRAF-VON-MONTE-CHRISTO_c_tw_AndreasTamme-4-scaled.jpg\" alt=\"Media Image3\" title=\"\"><i class=\"fas fa-search-plus pop-icon\"><\/i><\/span><\/div><\/div><div class=\"post-content-bottom\"><p class=\"post-title tpgb-trans-easeinout\">Foto: t&amp;w\/Andreas Tamme<\/p><\/div><\/div><\/a><\/div><\/div><\/div><\/div>\n\n\n<p class=\"has-black-color has-text-color has-link-color wp-elements-a49d674ae91c6d3781232ba70cf873f0\">Die fantasievollen, opulenten Kost\u00fcme von Ausstatterin Cornelia Brunn variieren zwischen historisierenden Elementen und abstrakt Zeitlosem. Ihr entr\u00fcmpeltes, stark beeindruckendes B\u00fchnenbild besticht durch ein immens vergr\u00f6\u00dfertes Bullauge als Platz f\u00fcr Videoeinspielungen mit Wolkenformationen und Meeresassoziationen. In der gelgentlich holpernden \u00dcbersetzung von Kevin Schroeder schafft sich Thomas Borchert mit Abstand den breitesten Aktionsradius. Er macht die Wandlungen vom Seefahrer zum reum\u00fctigen Grafen glaubhaft, agiert wunderbar \u00fcberzeugend auf olympischem Niveau. Navina Heyne geht mit dem bl\u00e4sslichen Profil ihrer Rolle souver\u00e4n um und lotet alles aus, was Merc\u00e9d\u00e8s an Regungen zul\u00e4sst. Das \u00fcbrige Ensemble spielt und singt tapfer und beherzt gegen die Eindimensionalit\u00e4t ihrer Figuren an: Franziska Ringe als tollk\u00fche Luisa Vampa, der raffinierte Abb\u00e9 von Sascha Littig, Gerd Achilles als berechnender Mondego, Andrea Marchetti ist ein treu ergebener Jacopo, Pia Naegeli und Anton Frederik von Mansberg geben das brav verliebte Paar Valentine und Albert.<\/p>\n\n\n\n<p class=\"has-black-color has-text-color has-link-color wp-elements-dee74336b2aef8d67b294d87393d45f3\">Zwar erlebte der &#8222;Graf von Monte Christo&#8220; einige Erfolge in S\u00fcdkorea, Russland, Japan, Litauen und Deutschland, an den Broadway gelangte der vermusicalisierte und massiv geraffte Roman-Herkules bisher nicht. Das d\u00fcrfte angesichts der enormen Konkurrenz auch kaum gelingen. In L\u00fcneburg gab es Standing Ovations.<\/p>\n\n\n\n<hr class=\"wp-block-separator has-alpha-channel-opacity is-style-dots\"\/>\n\n\n\n<p class=\"has-small-font-size\">Musikalische Leitung: Gaudens Bieri \u2022 Regie: Wolfgang Berthold \u2022 Ausstattung: Cornelia Brunn \u2022 Choreografie: Olaf Schmidt \u2022 Fechtchoreografie: Axel Hambach \u2022 Mit: Thomas Borchert (Edmond Dant\u00e8s), Navina Heyne (Merc\u00e9d\u00e8s), Sascha Littig (Abb\u00e9 Faria), Gerd Achilles (Fernand Mondego), Steffen Neutze (G\u00e9rard von Villefort), Oliver Hennes (Baron Danglars), Franziska Ringe (Luisa Vampa), Andrea Marchetti (Jacopo), Anton Frederik von Mansberg (Albert von Morcerf), Pia Naegeli (Valentine), Eric Keller (Morrel), Falk Steingr\u00e4ber (Kommissar) \u2022 Opern- und Extrachor des Theaters L\u00fcneburg \u2022 L\u00fcneburger Symphoniker<\/p>\n\n\n\n<p class=\"has-small-font-size\">Aufmacherfoto: t&amp;w\/Andreas Tamme<\/p>\n","protected":false},"excerpt":{"rendered":"<p>Ein beherztes Ensemble singt tapfer gegen das etwas eindimensionale \u201eGraf von Monte Christo\u201c-Musical an Was fasziniert Zeitgenossen an dieser melodramatisch abenteuernden Mantel-und-Degen-Geschichte aus dem 19. Jahrhundert? Ist es die sp\u00e4t keimende Menschlichkeit des Titelhelden oder die eher dezente Kapitalismuskritik? Alexandre Dumas bewegt jedenfalls bis heute mit seinem monstr\u00f6sen Episodenroman von 1845 die Gem\u00fcter. Da reihen sich markige Themen wie Machtgier, Rachegel\u00fcste, Angst und Hass, Liebe und Intrige, hom\u00f6opathisch versetzt mit ein paar philosophischen Einsprengseln. Dutzendfach verfilmt gelangte die literarische Vorlage [&hellip;]<\/p>\n","protected":false},"author":4,"featured_media":4138,"comment_status":"closed","ping_status":"closed","sticky":false,"template":"","format":"standard","meta":{"tpgb_global_settings":"","footnotes":""},"categories":[89],"tags":[],"class_list":["post-1306","post","type-post","status-publish","format-standard","has-post-thumbnail","hentry","category-lueneburg"],"tpgb_featured_images":{"full":["https:\/\/www.musical-today.de\/wp-content\/uploads\/2024\/03\/DER-GRAF-VON-MONTE-CHRISTO_c_tw_AndreasTamme-3-1-scaled.jpg",2560,1598,false],"tp-image-grid":["https:\/\/www.musical-today.de\/wp-content\/uploads\/2024\/03\/DER-GRAF-VON-MONTE-CHRISTO_c_tw_AndreasTamme-3-1-700x700.jpg",700,700,true],"thumbnail":["https:\/\/www.musical-today.de\/wp-content\/uploads\/2024\/03\/DER-GRAF-VON-MONTE-CHRISTO_c_tw_AndreasTamme-3-1-600x375.jpg",600,375,true],"medium":["https:\/\/www.musical-today.de\/wp-content\/uploads\/2024\/03\/DER-GRAF-VON-MONTE-CHRISTO_c_tw_AndreasTamme-3-1-1200x749.jpg",1200,749,true],"medium_large":["https:\/\/www.musical-today.de\/wp-content\/uploads\/2024\/03\/DER-GRAF-VON-MONTE-CHRISTO_c_tw_AndreasTamme-3-1-770x481.jpg",770,481,true],"large":["https:\/\/www.musical-today.de\/wp-content\/uploads\/2024\/03\/DER-GRAF-VON-MONTE-CHRISTO_c_tw_AndreasTamme-3-1-1920x1199.jpg",1139,711,true],"default":"https:\/\/www.musical-today.de\/wp-content\/plugins\/the-plus-addons-for-block-editor\/assets\/images\/tpgb-placeholder.jpg"},"tpgb_post_meta_info":{"get_date":"27.03.2024","get_modified_date":"15.04.2025","category_list":{"category":[{"term_id":89,"name":"L\u00fcneburg","slug":"lueneburg","term_group":0,"term_taxonomy_id":89,"taxonomy":"category","description":"","parent":19,"count":7,"filter":"raw","term_order":"61"}],"post_tag":false,"post_format":false},"author_name":"J\u00fcrgen Rickert","author_url":"https:\/\/www.musical-today.de\/en\/autor\/juergenrickert\/","author_email":"maail@valentinboesing.de","author_website":"","author_description":"Redakteur, Journalist, PR-Manager, P\u00e4dagoge. Arbeit in s\u00e4mtlichen Medien, mit Schwerpunkt Musiktheater-Rezensionen. Mitinitiator verschiedener internationaler Formate der UNESCO wie Euro-Arabischer Dialog, Deutsch-Afrikanische Jugendakademie, Climate Action Network. Dramaturgie und Produktionsleitung, z. B. \"Wohin gehst Du\" (Tanzprojekt), \"Gelbe Ohrfeigen\" (ARTE), Entwicklung des mehrfach interkontinental durchgef\u00fchrten Konzepts \"From Head to Heart\" mit szenischen Installationen.","author_facebook":"","author_twitter":"","author_instagram":"","author_role":["redakteur","author","editor","redaktionsteam"],"author_firstname":"J\u00fcrgen","author_lastname":"Rickert","user_login":"hjr","author_avatar":"<img src=\"https:\/\/www.musical-today.de\/wp-content\/uploads\/2024\/01\/cropped-Bildschirmfoto-2024-01-21-um-09.35.54-293x293.jpeg\" width=\"200\" height=\"200\" alt=\"J\u00fcrgen Rickert\" class=\"avatar avatar-200 wp-user-avatar wp-user-avatar-200 alignnone photo\" \/>","author_avatar_url":"https:\/\/www.musical-today.de\/wp-content\/uploads\/2024\/01\/cropped-Bildschirmfoto-2024-01-21-um-09.35.54.jpeg","comment_count":0,"post_likes":0,"post_views":0},"tpgb_post_category":{"category":"<a href=\"https:\/\/www.musical-today.de\/en\/deutschland\/lueneburg\/\" alt=\"L\u00fcneburg\"  class=\"category-lueneburg\">L\u00fcneburg<\/a> "},"_links":{"self":[{"href":"https:\/\/www.musical-today.de\/en\/wp-json\/wp\/v2\/posts\/1306","targetHints":{"allow":["GET"]}}],"collection":[{"href":"https:\/\/www.musical-today.de\/en\/wp-json\/wp\/v2\/posts"}],"about":[{"href":"https:\/\/www.musical-today.de\/en\/wp-json\/wp\/v2\/types\/post"}],"author":[{"embeddable":true,"href":"https:\/\/www.musical-today.de\/en\/wp-json\/wp\/v2\/users\/4"}],"replies":[{"embeddable":true,"href":"https:\/\/www.musical-today.de\/en\/wp-json\/wp\/v2\/comments?post=1306"}],"version-history":[{"count":0,"href":"https:\/\/www.musical-today.de\/en\/wp-json\/wp\/v2\/posts\/1306\/revisions"}],"wp:featuredmedia":[{"embeddable":true,"href":"https:\/\/www.musical-today.de\/en\/wp-json\/wp\/v2\/media\/4138"}],"wp:attachment":[{"href":"https:\/\/www.musical-today.de\/en\/wp-json\/wp\/v2\/media?parent=1306"}],"wp:term":[{"taxonomy":"category","embeddable":true,"href":"https:\/\/www.musical-today.de\/en\/wp-json\/wp\/v2\/categories?post=1306"},{"taxonomy":"post_tag","embeddable":true,"href":"https:\/\/www.musical-today.de\/en\/wp-json\/wp\/v2\/tags?post=1306"}],"curies":[{"name":"wp","href":"https:\/\/api.w.org\/{rel}","templated":true}]}}