{"id":13158,"date":"2025-10-27T23:00:17","date_gmt":"2025-10-27T22:00:17","guid":{"rendered":"https:\/\/www.musical-today.de\/?p=13158"},"modified":"2025-10-27T23:00:19","modified_gmt":"2025-10-27T22:00:19","slug":"darmstadt-hairspray","status":"publish","type":"post","link":"https:\/\/www.musical-today.de\/en\/darmstadt-hairspray\/","title":{"rendered":"Hairspray"},"content":{"rendered":"<div class=\"lets-info-up-wrap  lets-info-up--right lets-info-up--m-1 lets-info-up-skin-3 lets-info-up--side lets-info-up-65597\" style=\"background:#fafafa; color: #616161\">\t\t\t<div class=\"lets-info-up\">\r\n\t\t\t<div class=\"lets-info-up-fi\"><img decoding=\"async\" width=\"500\" height=\"333\" src=\"https:\/\/www.musical-today.de\/wp-content\/uploads\/2024\/01\/qi-addons-for-elementor-placeholder-500x333.png\" class=\"attachment-lets-info-up-d1 size-lets-info-up-d1\" alt=\"|\" srcset=\"https:\/\/www.musical-today.de\/wp-content\/uploads\/2024\/01\/qi-addons-for-elementor-placeholder-500x333.png 500w, https:\/\/www.musical-today.de\/wp-content\/uploads\/2024\/01\/qi-addons-for-elementor-placeholder-300x200.png 300w, https:\/\/www.musical-today.de\/wp-content\/uploads\/2024\/01\/qi-addons-for-elementor-placeholder-1024x683.png 1024w, https:\/\/www.musical-today.de\/wp-content\/uploads\/2024\/01\/qi-addons-for-elementor-placeholder-883x589.png 883w, https:\/\/www.musical-today.de\/wp-content\/uploads\/2024\/01\/qi-addons-for-elementor-placeholder-18x12.png 18w, https:\/\/www.musical-today.de\/wp-content\/uploads\/2024\/01\/qi-addons-for-elementor-placeholder-360x240.png 360w, https:\/\/www.musical-today.de\/wp-content\/uploads\/2024\/01\/qi-addons-for-elementor-placeholder-1155x770.png 1155w, https:\/\/www.musical-today.de\/wp-content\/uploads\/2024\/01\/qi-addons-for-elementor-placeholder-370x247.png 370w, https:\/\/www.musical-today.de\/wp-content\/uploads\/2024\/01\/qi-addons-for-elementor-placeholder-770x513.png 770w, https:\/\/www.musical-today.de\/wp-content\/uploads\/2024\/01\/qi-addons-for-elementor-placeholder-293x195.png 293w, https:\/\/www.musical-today.de\/wp-content\/uploads\/2024\/01\/qi-addons-for-elementor-placeholder-120x80.png 120w, https:\/\/www.musical-today.de\/wp-content\/uploads\/2024\/01\/qi-addons-for-elementor-placeholder-240x160.png 240w, https:\/\/www.musical-today.de\/wp-content\/uploads\/2024\/01\/qi-addons-for-elementor-placeholder-390x260.png 390w, https:\/\/www.musical-today.de\/wp-content\/uploads\/2024\/01\/qi-addons-for-elementor-placeholder.png 1200w\" sizes=\"(max-width: 500px) 100vw, 500px\" title=\"\"><\/div>\t\t\t<div class=\"lets-info-up-block-wrap\">\r\n\t\t\t\t<div class=\"lets-info-up-block lets-info-up-meta-block\"><div class=\"lets-info-up-meta-title lets-info-up-pretitle font-h\" style=\"color: #8c6d18;\">oRT<\/div><div class=\"lets-info-up-meta-content lets-info-up-title font-b\">Staatstheater Darmstadt<\/div><\/div><div class=\"lets-info-up-block lets-info-up-meta-block\"><div class=\"lets-info-up-meta-title lets-info-up-pretitle font-h\" style=\"color: #8c6d18;\">von<\/div><div class=\"lets-info-up-meta-content lets-info-up-title font-b\">Marc Shaiman (Musik)<br>Mark O\u2019Donnell und Thomas Meehan (Buch)<br>Scott Wittman und Marc Shaiman (Liedtexte)<br>J\u00f6rn Ingwersen und Heiko Wohlgemuth (Deutsche Fassung)<\/div><\/div><div class=\"lets-info-up-block lets-info-up-meta-block\"><div class=\"lets-info-up-meta-title lets-info-up-pretitle font-h\" style=\"color: #8c6d18;\">Regie<\/div><div class=\"lets-info-up-meta-content lets-info-up-title font-b\">Erik Petersen<\/div><\/div><div class=\"lets-info-up-block lets-info-up-meta-block\"><div class=\"lets-info-up-meta-title lets-info-up-pretitle font-h\" style=\"color: #8c6d18;\">Urauff\u00fchrung<\/div><div class=\"lets-info-up-meta-content lets-info-up-title font-b\">2002<\/div><\/div><div class=\"lets-info-up-block lets-info-up-meta-block\"><div class=\"lets-info-up-meta-title lets-info-up-pretitle font-h\" style=\"color: #8c6d18;\">INFOS<\/div><div class=\"lets-info-up-meta-content lets-info-up-title font-b\"><a href=\"https:\/\/www.staatstheater-darmstadt.de\/veranstaltungen\/hairspray-das-broadway-musical.2033\" data-type=\"link\" target=\"_blank\" rel=\"noopener noreferrer nofollow\">www.staatstheater-darmstadt.de<\/a><\/div><\/div>\t\t\t<\/div>\r\n\t\t\t<\/div>\r\n\t\t<\/div>\r\n\t\t\n\n\n<p><strong>\u201eHairspray\u201c begeistert mit Herz, Humor und Haltung<\/strong><\/p>\n\n\n\n<p>Seit seiner Broadway-Premiere 2002 z\u00e4hlt \u201eHairspray\u201c, nicht zuletzt dank der erfolgreichen Verfilmung mit John Travolta, auch hierzulande zu den Musical-Dauerbrennern. Das Feelgood-St\u00fcck nach dem gleichnamigen Film von John Waters (1988) verbindet Unterhaltung, eing\u00e4ngige Musik und ernste Themen: Vorurteile, Diskriminierung, Rassismus und Body-Shaming sind nur einige davon.<\/p>\n\n\n\n<p>Erz\u00e4hlt wird die Geschichte von Tracy Turnblad, die im Baltimore der 1960er Jahre davon tr\u00e4umt, bei der Corny-Collins-Tanzshow mitzumachen. Im Verlauf der Handlung wird sie \u2013 vor dem obligatorischen Happy End \u2013 mehr und mehr mit der gesellschaftlichen Realit\u00e4t konfrontiert, zu der nicht nur missg\u00fcnstige Konkurrentinnen, sondern auch die damals in den USA noch immer herrschende Rassentrennung z\u00e4hlen.<\/p>\n\n\n\n<p>Die aus Bonn \u00fcbernommene Inszenierung von Erik Petersen findet eine ausgewogene Balance zwischen Entertainment und nachdenklichen Momenten. Sie ist temporeich, vermeidet unn\u00f6tige L\u00e4ngen und gibt den Darstellenden dennoch gen\u00fcgend Raum zur Entfaltung. Insbesondere mit optischen Schauwerten wird nicht gegeizt: angefangen bei den schier endlosen, wunderbar in die Zeit passenden Kost\u00fcmen bis zur detailverliebt eingerichteten B\u00fchne (Ausstattung: Dirk Hofacker). Als zentraler Schauplatz dient ein Einkaufszentrum, dessen L\u00e4den \u2013 allesamt im nostalgischen Sixties-Stil gestaltet \u2013 sich durch drehbare B\u00fchnenelemente in Sekundenschnelle verwandeln k\u00f6nnen.<\/p>\n\n\n<div  class=\"tpgb-wrap-956d14_13158  tpgb-wrap-fw \"  ><div id=\"956d14_13158\" class=\"tpgb-block-956d14_13158 tpgb-relative-block tpgb-gallery-list tpgb-metro gallery-style-2 hover-image-style-1   \" data-style=\"style-2\" data-id=\"956d14_13158\" data-layout=\"metro\" data-fancy-option='{\"loop\":false,\"thumb\":\"no\",\"infobar\":true,\"arrows\":true,\"transitionEffect\":\"slide\",\"button\":[\"close\"]}' data-splide='\"\"' data-metroAttr= '{\"metro_col\":3,\"tab_metro_col\":3,\"mobile_metro_col\":3,\"metro_style\":\"style-1\",\"tab_metro_style\":\"style-1\",\"mobile_metro_style\":\"style-1\"}' ><div class=\"tpgb-row post-loop-inner \"><div class=\"grid-item metro-item-0    tpgb-metro-1  tpgb-tab-metro-1  tpgb-mobile-metro-1 \"><a href=\"http:\/\/www.musical-today.de\/wp-content\/uploads\/2025\/10\/20251021_BO_HAIRSPRAY_STAATSTHEATERDA_NH2079_PRINT.jpg\" class=\"tpgb-gallery-list-content tpgb-trans-easeinout\" data-fancybox=\"956d14_13158\" data-caption=\"Foto: Nils Heck\" aria-label=\"Foto: Nils Heck\" target=\"_blank\" rel=\"noopener noreferrer nofollow\"><div class=\"post-content-image\"><div class=\"tpgb-metro-gallery-image\" style=\"background: url(https:\/\/www.musical-today.de\/wp-content\/uploads\/2025\/10\/20251021_BO_HAIRSPRAY_STAATSTHEATERDA_NH2079_PRINT.jpg);\"><\/div><\/div><div class=\"post-content-center\"><div class=\"post-zoom-icon\"><div class=\"meta-search-icon\"><span><img decoding=\"async\" class=\"fancy-img\" src=\"https:\/\/www.musical-today.de\/wp-content\/uploads\/2025\/10\/20251021_BO_HAIRSPRAY_STAATSTHEATERDA_NH2079_PRINT.jpg\" alt=\"Media Image1\" title=\"\"><i class=\"fas fa-search-plus pop-icon\"><\/i><\/span><\/div><\/div><div class=\"post-content-bottom\"><p class=\"post-title tpgb-trans-easeinout\">Foto: Nils Heck<\/p><\/div><\/div><\/a><\/div><div class=\"grid-item metro-item-1    tpgb-metro-2  tpgb-tab-metro-2  tpgb-mobile-metro-2 \"><a href=\"http:\/\/www.musical-today.de\/wp-content\/uploads\/2025\/10\/20251021_BO_HAIRSPRAY_STAATSTHEATERDA_NH0366_PRINT.jpg\" class=\"tpgb-gallery-list-content tpgb-trans-easeinout\" data-fancybox=\"956d14_13158\" data-caption=\"Foto: Nils Heck\" aria-label=\"Foto: Nils Heck\" target=\"_blank\" rel=\"noopener noreferrer nofollow\"><div class=\"post-content-image\"><div class=\"tpgb-metro-gallery-image\" style=\"background: url(https:\/\/www.musical-today.de\/wp-content\/uploads\/2025\/10\/20251021_BO_HAIRSPRAY_STAATSTHEATERDA_NH0366_PRINT.jpg);\"><\/div><\/div><div class=\"post-content-center\"><div class=\"post-zoom-icon\"><div class=\"meta-search-icon\"><span><img decoding=\"async\" class=\"fancy-img\" src=\"https:\/\/www.musical-today.de\/wp-content\/uploads\/2025\/10\/20251021_BO_HAIRSPRAY_STAATSTHEATERDA_NH0366_PRINT.jpg\" alt=\"Media Image2\" title=\"\"><i class=\"fas fa-search-plus pop-icon\"><\/i><\/span><\/div><\/div><div class=\"post-content-bottom\"><p class=\"post-title tpgb-trans-easeinout\">Foto: Nils Heck<\/p><\/div><\/div><\/a><\/div><div class=\"grid-item metro-item-2    tpgb-metro-3  tpgb-tab-metro-3  tpgb-mobile-metro-3 \"><a href=\"http:\/\/www.musical-today.de\/wp-content\/uploads\/2025\/10\/20251021_BO_HAIRSPRAY_STAATSTHEATERDA_NH0118_PRINT.jpg\" class=\"tpgb-gallery-list-content tpgb-trans-easeinout\" data-fancybox=\"956d14_13158\" data-caption=\"Foto: Nils Heck\" aria-label=\"Foto: Nils Heck\" target=\"_blank\" rel=\"noopener noreferrer nofollow\"><div class=\"post-content-image\"><div class=\"tpgb-metro-gallery-image\" style=\"background: url(https:\/\/www.musical-today.de\/wp-content\/uploads\/2025\/10\/20251021_BO_HAIRSPRAY_STAATSTHEATERDA_NH0118_PRINT.jpg);\"><\/div><\/div><div class=\"post-content-center\"><div class=\"post-zoom-icon\"><div class=\"meta-search-icon\"><span><img decoding=\"async\" class=\"fancy-img\" src=\"https:\/\/www.musical-today.de\/wp-content\/uploads\/2025\/10\/20251021_BO_HAIRSPRAY_STAATSTHEATERDA_NH0118_PRINT.jpg\" alt=\"Media Image3\" title=\"\"><i class=\"fas fa-search-plus pop-icon\"><\/i><\/span><\/div><\/div><div class=\"post-content-bottom\"><p class=\"post-title tpgb-trans-easeinout\">Foto: Nils Heck<\/p><\/div><\/div><\/a><\/div><\/div><\/div><\/div>\n\n\n<p>Star des Abends ist Antonia Tr\u00f6stl als Tracy, der es von Minute eins an gelingt, die Sympathien des Publikums f\u00fcr sich zu gewinnen und mit ihrer positiven Laune anzustecken. Darstellerisch besticht Tr\u00f6stl mit ihrer starken B\u00fchnenpr\u00e4senz, auch stimmlich beweist sie sich auf ganzer Linie. Ebenso hervorragend besetzt ist Dirk Weiler als Tracys Mutter Edna. Weiler beweist gro\u00dfes kom\u00f6diantisches Talent, ohne die Figur ins L\u00e4cherliche abgleiten oder zu einer Karikatur werden zu lassen. Sein mit Volker Metzger, der Tracys Vater mit viel Nahbarkeit spielt, dargebotenes Duett \u201eDu bist zeitlos f\u00fcr mich\u201c wird zum Showstopper \u2013 und vom Publikum mit reichlich Szenenapplaus belohnt.<\/p>\n\n\n\n<p>In den Nebenrollen wartet die Darmst\u00e4dter Produktion ebenfalls mit exzellenten Darstellenden auf: Daniel Johnson als charmanter Link Larkin, Maickel Leijenhorst als t\u00e4nzerisch ausgezeichneter Seaweed, Mirjam Wershofen als liebenswert-verschrobene Penny sowie Sarah Steinemer als herrlich zickige Amber. In gleich mehreren, gro\u00dfartig \u00fcberzeichneten Rollen ist Tobias Br\u00f6nner zu erleben, darunter Moderator Corny Collins und Mister Pinky. Kerstin Ibald spielt die fiese Velma van Tussel mit sichtlichem Vergn\u00fcgen und beeindruckt in \u201eMiss Baltimore Crabs\u201c mit ihrem pr\u00e4zisen Comedy-Timing, w\u00e4hrend Monica Lewis-Schmidt in der dankbaren Rolle von Motormouth Maybelle vollends zu \u00fcberzeugen wei\u00df. Mit \u201eIch wei\u00df, wo ich war\u201c liefert sie ein wahres Soul-Feuerwerk ab, das die zentrale Botschaft des Musicals eindrucksvoll b\u00fcndelt und f\u00fcr G\u00e4nsehautmomente sorgt.<\/p>\n\n\n\n<p>Das Staatsorchester Darmstadt unter Leitung von Luis Richter setzt Marc Shaimans ohrwurmlastige, nostalgisch schillernde Partitur mit Pr\u00e4zision, Drive und gutem Gesp\u00fcr f\u00fcr klangliche Nuancen um. Ein besonderes Lob verdienen die energiegeladenen Choreografien von Sabine Arthold, die das bestens gelaunte Ensemble mit ansteckender Spielfreude pr\u00e4sentiert. Sp\u00e4testens nach dem mitrei\u00dfenden Finale \u201eNiemand stoppt den Beat\u201c h\u00e4lt es keinen im Saal mehr auf den Sitzen. Der tosende Applaus am Ende unterstreicht, dass dem Staatstheater Darmstadt mit \u201eHairspray\u201c ein echter Publikumshit gegl\u00fcckt ist \u2013 ein Abend, bei dem neben hervorragender Unterhaltung auch die ernsten Botschaften nicht zu kurz kommen.<\/p>\n\n\n\n<hr class=\"wp-block-separator has-alpha-channel-opacity is-style-dots\"\/>\n\n\n\n<p class=\"has-small-font-size\">Musikalische Leitung: Luis Richter \u2022 Regie: Erik Petersen \u2022 Choreografie: Sabine Arthold \u2022 Ausstattung: Dirk Hofacker \u2022 Sounddesign: Niklas Keuser und Hendrik Dingler \u2022 Chorleitung Jugendchor: Rodrigo Cob Pe\u00f1a \u2022 Mit: Antonia Tr\u00f6stl (Tracy Turnblad), Dirk Weiler (Edna Turnblad), Volker Metzger (Wilbur Turnblad), Monica Lewis-Schmidt (Motormouth Maybelle), Maickel Leijenhorst (Seaweed J. Stubbs), Tobias Br\u00f6nner (Corny Collins u.a.), Kerstin Ibald (Velma von Tussle), Sarah Steinemer (Amber von Tussle), Mirjam Wershofen (Penny Pingleton), Sonja B\u00fchling (Prudy Pingleton u.a.) u.a. \u2022 Jugendchor und Statisterie des Staatstheaters Darmstadt \u2022 Staatsorchester Darmstadt<\/p>\n\n\n\n<p class=\"has-small-font-size\">Aufmacherfoto: Nils Heck<\/p>\n","protected":false},"excerpt":{"rendered":"<p>\u201eHairspray\u201c begeistert mit Herz, Humor und Haltung Seit seiner Broadway-Premiere 2002 z\u00e4hlt \u201eHairspray\u201c, nicht zuletzt dank der erfolgreichen Verfilmung mit John Travolta, auch hierzulande zu den Musical-Dauerbrennern. Das Feelgood-St\u00fcck nach dem gleichnamigen Film von John Waters (1988) verbindet Unterhaltung, eing\u00e4ngige Musik und ernste Themen: Vorurteile, Diskriminierung, Rassismus und Body-Shaming sind nur einige davon. Erz\u00e4hlt wird die Geschichte von Tracy Turnblad, die im Baltimore der 1960er Jahre davon tr\u00e4umt, bei der Corny-Collins-Tanzshow mitzumachen. Im Verlauf der Handlung wird sie \u2013 vor [&hellip;]<\/p>\n","protected":false},"author":63,"featured_media":13155,"comment_status":"closed","ping_status":"closed","sticky":false,"template":"","format":"standard","meta":{"tpgb_global_settings":"","footnotes":""},"categories":[241],"tags":[],"class_list":["post-13158","post","type-post","status-publish","format-standard","has-post-thumbnail","hentry","category-darmstadt"],"tpgb_featured_images":{"full":["https:\/\/www.musical-today.de\/wp-content\/uploads\/2025\/10\/20251021_BO_HAIRSPRAY_STAATSTHEATERDA_NH2000_PRINT.jpg",2000,1334,false],"tp-image-grid":["https:\/\/www.musical-today.de\/wp-content\/uploads\/2025\/10\/20251021_BO_HAIRSPRAY_STAATSTHEATERDA_NH2000_PRINT-700x700.jpg",700,700,true],"thumbnail":["https:\/\/www.musical-today.de\/wp-content\/uploads\/2025\/10\/20251021_BO_HAIRSPRAY_STAATSTHEATERDA_NH2000_PRINT-600x400.jpg",600,400,true],"medium":["https:\/\/www.musical-today.de\/wp-content\/uploads\/2025\/10\/20251021_BO_HAIRSPRAY_STAATSTHEATERDA_NH2000_PRINT-1200x800.jpg",1200,800,true],"medium_large":["https:\/\/www.musical-today.de\/wp-content\/uploads\/2025\/10\/20251021_BO_HAIRSPRAY_STAATSTHEATERDA_NH2000_PRINT-770x514.jpg",770,514,true],"large":["https:\/\/www.musical-today.de\/wp-content\/uploads\/2025\/10\/20251021_BO_HAIRSPRAY_STAATSTHEATERDA_NH2000_PRINT-1920x1281.jpg",1139,760,true],"default":"https:\/\/www.musical-today.de\/wp-content\/plugins\/the-plus-addons-for-block-editor\/assets\/images\/tpgb-placeholder.jpg"},"tpgb_post_meta_info":{"get_date":"27.10.2025","get_modified_date":"27.10.2025","category_list":{"category":[{"term_id":241,"name":"Darmstadt","slug":"darmstadt","term_group":0,"term_taxonomy_id":241,"taxonomy":"category","description":"","parent":19,"count":2,"filter":"raw","term_order":"18"}],"post_tag":false,"post_format":false},"author_name":"Dr. Patrick Mertens","author_url":"https:\/\/www.musical-today.de\/en\/autor\/patrickmertens\/","author_email":"mertens@musical-today.de","author_website":"","author_description":"","author_facebook":"","author_twitter":"","author_instagram":"","author_role":["author"],"author_firstname":"Dr. Patrick","author_lastname":"Mertens","user_login":"patrickmertens","author_avatar":"<img src=\"https:\/\/www.musical-today.de\/wp-content\/uploads\/2024\/03\/434034552_122093726612266069_5386620108228489486_n-293x293.jpg\" width=\"200\" height=\"200\" alt=\"Dr. Patrick Mertens\" class=\"avatar avatar-200 wp-user-avatar wp-user-avatar-200 alignnone photo\" \/>","author_avatar_url":"https:\/\/www.musical-today.de\/wp-content\/uploads\/2024\/03\/434034552_122093726612266069_5386620108228489486_n.jpg","comment_count":0,"post_likes":0,"post_views":0},"tpgb_post_category":{"category":"<a href=\"https:\/\/www.musical-today.de\/en\/deutschland\/darmstadt\/\" alt=\"Darmstadt\"  class=\"category-darmstadt\">Darmstadt<\/a> "},"_links":{"self":[{"href":"https:\/\/www.musical-today.de\/en\/wp-json\/wp\/v2\/posts\/13158","targetHints":{"allow":["GET"]}}],"collection":[{"href":"https:\/\/www.musical-today.de\/en\/wp-json\/wp\/v2\/posts"}],"about":[{"href":"https:\/\/www.musical-today.de\/en\/wp-json\/wp\/v2\/types\/post"}],"author":[{"embeddable":true,"href":"https:\/\/www.musical-today.de\/en\/wp-json\/wp\/v2\/users\/63"}],"replies":[{"embeddable":true,"href":"https:\/\/www.musical-today.de\/en\/wp-json\/wp\/v2\/comments?post=13158"}],"version-history":[{"count":0,"href":"https:\/\/www.musical-today.de\/en\/wp-json\/wp\/v2\/posts\/13158\/revisions"}],"wp:featuredmedia":[{"embeddable":true,"href":"https:\/\/www.musical-today.de\/en\/wp-json\/wp\/v2\/media\/13155"}],"wp:attachment":[{"href":"https:\/\/www.musical-today.de\/en\/wp-json\/wp\/v2\/media?parent=13158"}],"wp:term":[{"taxonomy":"category","embeddable":true,"href":"https:\/\/www.musical-today.de\/en\/wp-json\/wp\/v2\/categories?post=13158"},{"taxonomy":"post_tag","embeddable":true,"href":"https:\/\/www.musical-today.de\/en\/wp-json\/wp\/v2\/tags?post=13158"}],"curies":[{"name":"wp","href":"https:\/\/api.w.org\/{rel}","templated":true}]}}