{"id":13183,"date":"2025-10-27T23:14:11","date_gmt":"2025-10-27T22:14:11","guid":{"rendered":"https:\/\/www.musical-today.de\/?p=13183"},"modified":"2025-10-27T23:14:12","modified_gmt":"2025-10-27T22:14:12","slug":"neustrelitz-my-fair-lady","status":"publish","type":"post","link":"https:\/\/www.musical-today.de\/en\/neustrelitz-my-fair-lady\/","title":{"rendered":"My Fair Lady"},"content":{"rendered":"<div class=\"lets-info-up-wrap  lets-info-up--right lets-info-up--m-1 lets-info-up-skin-3 lets-info-up--side lets-info-up-77064\" style=\"background:#fafafa; color: #616161\">\t\t\t<div class=\"lets-info-up\">\r\n\t\t\t<div class=\"lets-info-up-fi\"><img decoding=\"async\" width=\"500\" height=\"375\" src=\"https:\/\/www.musical-today.de\/wp-content\/uploads\/visual-portfolio\/placeholder-500x375.png\" class=\"attachment-lets-info-up-d1 size-lets-info-up-d1\" alt=\"|\" srcset=\"https:\/\/www.musical-today.de\/wp-content\/uploads\/visual-portfolio\/placeholder-500x375.png 500w, https:\/\/www.musical-today.de\/wp-content\/uploads\/visual-portfolio\/placeholder-300x225.png 300w, https:\/\/www.musical-today.de\/wp-content\/uploads\/visual-portfolio\/placeholder-1024x767.png 1024w, https:\/\/www.musical-today.de\/wp-content\/uploads\/visual-portfolio\/placeholder-883x662.png 883w, https:\/\/www.musical-today.de\/wp-content\/uploads\/visual-portfolio\/placeholder-16x12.png 16w, https:\/\/www.musical-today.de\/wp-content\/uploads\/visual-portfolio\/placeholder-800x600.png 800w, https:\/\/www.musical-today.de\/wp-content\/uploads\/visual-portfolio\/placeholder.png 1201w\" sizes=\"(max-width: 500px) 100vw, 500px\" title=\"\"><\/div>\t\t\t<div class=\"lets-info-up-block-wrap\">\r\n\t\t\t\t<div class=\"lets-info-up-block lets-info-up-meta-block\"><div class=\"lets-info-up-meta-title lets-info-up-pretitle font-h\" style=\"color: #8c6d18;\">Ort<\/div><div class=\"lets-info-up-meta-content lets-info-up-title font-b\">Theater Neubrandenburg\/Neustrelitz<\/div><\/div><div class=\"lets-info-up-block lets-info-up-meta-block\"><div class=\"lets-info-up-meta-title lets-info-up-pretitle font-h\" style=\"color: #8c6d18;\">VON<\/div><div class=\"lets-info-up-meta-content lets-info-up-title font-b\">Frederick Loewe (Musik)<br>Alan Jay Lerner (Buch und Liedtexte)<br>Robert Gilbert (Deutsche Fassung)<\/div><\/div><div class=\"lets-info-up-block lets-info-up-meta-block\"><div class=\"lets-info-up-meta-title lets-info-up-pretitle font-h\" style=\"color: #8c6d18;\">Regie<\/div><div class=\"lets-info-up-meta-content lets-info-up-title font-b\">Ella Marchment<\/div><\/div><div class=\"lets-info-up-block lets-info-up-meta-block\"><div class=\"lets-info-up-meta-title lets-info-up-pretitle font-h\" style=\"color: #8c6d18;\">Urauff\u00fchrung<\/div><div class=\"lets-info-up-meta-content lets-info-up-title font-b\">1956<\/div><\/div><div class=\"lets-info-up-block lets-info-up-meta-block\"><div class=\"lets-info-up-meta-title lets-info-up-pretitle font-h\" style=\"color: #8c6d18;\">INFOS<\/div><div class=\"lets-info-up-meta-content lets-info-up-title font-b\"><a href=\"https:\/\/tog.de\/projekte\/my-fair-lady\" data-type=\"link\" target=\"_blank\" rel=\"noopener noreferrer nofollow\">www.tog.de<\/a><\/div><\/div>\t\t\t<\/div>\r\n\t\t\t<\/div>\r\n\t\t<\/div>\r\n\t\t\n\n\n<p><strong>Ungewohnte Akzente f\u00fcr \u201eMy Fair Lady\u201c<\/strong><\/p>\n\n\n\n<p>Aschenputtel hat diverse Schwestern. Sie tragen unterschiedliche Namen und geistern durch M\u00e4rchen, Filme oder B\u00fchnenwerke. Auch hier geht es um eine junge Frau, die bislang eher im Abseits stand und dann pl\u00f6tzlich salonf\u00e4hig wird. Ein Stoff wie aus dem Bilderbuch, Steilvorlage f\u00fcr ein Musical, dachten Komponist Frederick Loewe und Autor Alan Jay Lerner \u2013 ein Kreativteam nach Ma\u00df, das 1956 \u201eMy Fair Lady\u201c auf die Broadway-Bretter schickte und damals einen Auff\u00fchrungsrekord erzielte. Bald war das St\u00fcck ein Welterfolg und Kino-Hit. Die Mischung aus schwungvoll-spritziger Musik, Cinderella-Motiv und Pygmalion-Effekt funktioniert immer noch. Aktuell beweist das Landestheater Neustrelitz, welche Power weiterhin in Eliza und Professor Higgins stecken.<\/p>\n\n\n\n<p>Regisseurin Ella Marchment will ungewohnte Akzente setzen, Gewichte verschieben, sich auf soziale Gegens\u00e4tze konzentrieren. Ein bemerkenswertes Konzept, vom ersten Moment an konsequent realisiert. Vor einem riesigen, violettfarbenen Kasten spielt ein M\u00e4dchen mit Stabpuppen. Es ist die junge Eliza, die sich in eine andere Welt tr\u00e4umt. Am Schluss wird die Erwachsene ihrem Lehrer Higgins nicht vor den Traualtar folgen. Ein letztes Wort, eine finale Geste, dann verl\u00e4sst sie den Professor endg\u00fcltig, weil er seine Marotten behalten will und der ehemaligen Sch\u00fclerin niemals auf Augenh\u00f6he begegnen kann. Das Ganze passiert in einem abstrakten Raum: verschiebbare W\u00e4nde und Quader, kaum Mobiliar platziert Philomena Strack auf der Drehb\u00fchne. Rot-T\u00f6ne und T\u00fcrkisgr\u00fcn dominieren, auch bei den von Sascha Thomsen entworfenen Kost\u00fcmen. Es sind Attribute f\u00fcr die Klassenzugeh\u00f6rigkeit. Die Aristokraten stolzieren mit angedeuteten H\u00fcten und Fracks durch London, die alte Ordnung scheint fragil, aus den Fugen geraten.&nbsp;<\/p>\n\n\n<div  class=\"tpgb-wrap-956d14_13183  tpgb-wrap-fw \"  ><div id=\"956d14_13183\" class=\"tpgb-block-956d14_13183 tpgb-relative-block tpgb-gallery-list tpgb-metro gallery-style-2 hover-image-style-1   \" data-style=\"style-2\" data-id=\"956d14_13183\" data-layout=\"metro\" data-fancy-option='{\"loop\":false,\"thumb\":\"no\",\"infobar\":true,\"arrows\":true,\"transitionEffect\":\"slide\",\"button\":[\"close\"]}' data-splide='\"\"' data-metroAttr= '{\"metro_col\":3,\"tab_metro_col\":3,\"mobile_metro_col\":3,\"metro_style\":\"style-1\",\"tab_metro_style\":\"style-1\",\"mobile_metro_style\":\"style-1\"}' ><div class=\"tpgb-row post-loop-inner \"><div class=\"grid-item metro-item-0    tpgb-metro-1  tpgb-tab-metro-1  tpgb-mobile-metro-1 \"><a href=\"http:\/\/www.musical-today.de\/wp-content\/uploads\/2025\/10\/Ulrich-Burdack-Laura-Scherwitzl-Andres-Felipe-Orozco.jpg\" class=\"tpgb-gallery-list-content tpgb-trans-easeinout\" data-fancybox=\"956d14_13183\" data-caption=\"Foto: J\u00f6rg Metzner\" aria-label=\"Foto: J\u00f6rg Metzner\" target=\"_blank\" rel=\"noopener noreferrer nofollow\"><div class=\"post-content-image\"><div class=\"tpgb-metro-gallery-image\" style=\"background: url(https:\/\/www.musical-today.de\/wp-content\/uploads\/2025\/10\/Ulrich-Burdack-Laura-Scherwitzl-Andres-Felipe-Orozco.jpg);\"><\/div><\/div><div class=\"post-content-center\"><div class=\"post-zoom-icon\"><div class=\"meta-search-icon\"><span><img decoding=\"async\" class=\"fancy-img\" src=\"https:\/\/www.musical-today.de\/wp-content\/uploads\/2025\/10\/Ulrich-Burdack-Laura-Scherwitzl-Andres-Felipe-Orozco.jpg\" alt=\"Media Image1\" title=\"\"><i class=\"fas fa-search-plus pop-icon\"><\/i><\/span><\/div><\/div><div class=\"post-content-bottom\"><p class=\"post-title tpgb-trans-easeinout\">Foto: J\u00f6rg Metzner<\/p><\/div><\/div><\/a><\/div><div class=\"grid-item metro-item-1    tpgb-metro-2  tpgb-tab-metro-2  tpgb-mobile-metro-2 \"><a href=\"http:\/\/www.musical-today.de\/wp-content\/uploads\/2025\/10\/Constanze-Neuweg.jpg\" class=\"tpgb-gallery-list-content tpgb-trans-easeinout\" data-fancybox=\"956d14_13183\" data-caption=\"Foto: J\u00f6rg Metzner\" aria-label=\"Foto: J\u00f6rg Metzner\" target=\"_blank\" rel=\"noopener noreferrer nofollow\"><div class=\"post-content-image\"><div class=\"tpgb-metro-gallery-image\" style=\"background: url(https:\/\/www.musical-today.de\/wp-content\/uploads\/2025\/10\/Constanze-Neuweg.jpg);\"><\/div><\/div><div class=\"post-content-center\"><div class=\"post-zoom-icon\"><div class=\"meta-search-icon\"><span><img decoding=\"async\" class=\"fancy-img\" src=\"https:\/\/www.musical-today.de\/wp-content\/uploads\/2025\/10\/Constanze-Neuweg.jpg\" alt=\"Media Image2\" title=\"\"><i class=\"fas fa-search-plus pop-icon\"><\/i><\/span><\/div><\/div><div class=\"post-content-bottom\"><p class=\"post-title tpgb-trans-easeinout\">Foto: J\u00f6rg Metzner<\/p><\/div><\/div><\/a><\/div><div class=\"grid-item metro-item-2    tpgb-metro-3  tpgb-tab-metro-3  tpgb-mobile-metro-3 \"><a href=\"http:\/\/www.musical-today.de\/wp-content\/uploads\/2025\/10\/Tanzkompanie-und-Opernchor.jpg\" class=\"tpgb-gallery-list-content tpgb-trans-easeinout\" data-fancybox=\"956d14_13183\" data-caption=\"Foto: J\u00f6rg Metzner\" aria-label=\"Foto: J\u00f6rg Metzner\" target=\"_blank\" rel=\"noopener noreferrer nofollow\"><div class=\"post-content-image\"><div class=\"tpgb-metro-gallery-image\" style=\"background: url(https:\/\/www.musical-today.de\/wp-content\/uploads\/2025\/10\/Tanzkompanie-und-Opernchor.jpg);\"><\/div><\/div><div class=\"post-content-center\"><div class=\"post-zoom-icon\"><div class=\"meta-search-icon\"><span><img decoding=\"async\" class=\"fancy-img\" src=\"https:\/\/www.musical-today.de\/wp-content\/uploads\/2025\/10\/Tanzkompanie-und-Opernchor.jpg\" alt=\"Media Image3\" title=\"\"><i class=\"fas fa-search-plus pop-icon\"><\/i><\/span><\/div><\/div><div class=\"post-content-bottom\"><p class=\"post-title tpgb-trans-easeinout\">Foto: J\u00f6rg Metzner<\/p><\/div><\/div><\/a><\/div><\/div><\/div><\/div>\n\n\n<p>Etwas steril wirkt der Rahmen, er f\u00fcllt sich aber durch pr\u00e4chtig modellierte, lebenspralle Charaktere und die wild ausgelassene, fast zirzensische Choreografie von Adam Haigh. Sie animiert die Deutsche Tanzkompanie zu akrobatischem Wirbel. Bei Alfred Doolittle (berstend vor Energie: Ulrich Burdack) und seinen Kumpanen herrscht feucht-fr\u00f6hliche Stimmung, derweil im Domizil von Mrs. Pearce (britisch distinguiert: Sylke Urbanek), Oberst Pickering (ein heimlicher Schweren\u00f6ter: Ryszard Kalus) und dem hocheitlen, skurrilen Henry Higgins (famos: Robert Merwald) eine weitgehend emotionsfreie Atmosph\u00e4re obligatorisch ist. Da prallen nat\u00fcrlich Welten aufeinander. Mittendrin eine Eliza, die auf Selbsterm\u00e4chtigung zielt und den Herren rasch H\u00f6rner aufbrummt. Laura Scherwitzl macht das gro\u00dfartig und enorm \u00fcberzeugend. Andr\u00e9s Felipe Orozco gef\u00e4llt als plump-naiver Freddy und Gabriele Thomann als freundlich-forsche Mrs. Higgins. Stringent und klug r\u00fcckt Ella Marchment die Emanzipationsgeschichte von Eliza in den zentralen Blickwinkel. Dadurch wirkt \u201eMy Fair Lady\u201c durchaus heutig und schubst die Figur in den Jungbrunnen.<\/p>\n\n\n\n<p>Unschlagbar ist die Musik, die einen Evergreen an den n\u00e4chsten reiht. Kenichiro Kojima schw\u00f6rt die Neubrandenburger Philharmonie auf den Loewe-Soundtrack ein und das Orchester spaziert mit bet\u00f6rend s\u00fcffiger Leichtigkeit durch die Melodien, ohne die Streicher \u00fcber Geb\u00fchr in den Vordergrund zu hieven. So trifft der vertraute Klassiker auf eine bezwingend neue Lesart. Das funktioniert, weil alle Beteiligten f\u00fcr die Inszenierung brennen und sich ins Geschehen hineinwerfen. Folglich wird die Sache rund und das Publikum feiert lautstark diese spannende Inszenierung.&nbsp;&nbsp;<\/p>\n\n\n\n<hr class=\"wp-block-separator has-alpha-channel-opacity is-style-dots\"\/>\n\n\n\n<p class=\"has-small-font-size\">Musikalische Leitung: Kenichiro Kojima \u2022 Regie: Ella Marchment \u2022 Choreografie: Adam Haigh \u2022 B\u00fchne: Philomena Strack \u2022 Kost\u00fcme: Sascha Thomsen \u2022 Chorleitung: Joseph Feigl \u2022 Mit: Laura Scherwitzl (Eliza Doolittle), Robert Merwald (Prof. Henry Higgins), Ryszard Kalus (Oberst Pickering), Ulrich Burdack (Alfred P. Doolittle), Andr\u00e9s Felipe Orozco (Freddy Eynsford-Hill), Sylke Urbanek (Mrs. Pearce), Gabriele Thomann (Mrs. Higgins), Marin Silni (Harry), Andreas Hartig (Jamie), Constanze Neuweg (Little Eliza) \u2022 Deutsche Tanzkompanie \u2022 Opernchor der TOG \u2022 Neubrandenburger Philharmonie<\/p>\n\n\n\n<p class=\"has-small-font-size\">Aufmacherfoto: J\u00f6rg Metzner<\/p>\n\n\n\n<p><\/p>\n","protected":false},"excerpt":{"rendered":"<p>Ungewohnte Akzente f\u00fcr \u201eMy Fair Lady\u201c Aschenputtel hat diverse Schwestern. Sie tragen unterschiedliche Namen und geistern durch M\u00e4rchen, Filme oder B\u00fchnenwerke. Auch hier geht es um eine junge Frau, die bislang eher im Abseits stand und dann pl\u00f6tzlich salonf\u00e4hig wird. Ein Stoff wie aus dem Bilderbuch, Steilvorlage f\u00fcr ein Musical, dachten Komponist Frederick Loewe und Autor Alan Jay Lerner \u2013 ein Kreativteam nach Ma\u00df, das 1956 \u201eMy Fair Lady\u201c auf die Broadway-Bretter schickte und damals einen Auff\u00fchrungsrekord erzielte. Bald war [&hellip;]<\/p>\n","protected":false},"author":4,"featured_media":13173,"comment_status":"closed","ping_status":"closed","sticky":false,"template":"","format":"standard","meta":{"tpgb_global_settings":"","footnotes":""},"categories":[99],"tags":[],"class_list":["post-13183","post","type-post","status-publish","format-standard","has-post-thumbnail","hentry","category-neustrelitz"],"tpgb_featured_images":{"full":["https:\/\/www.musical-today.de\/wp-content\/uploads\/2025\/10\/Ryszard-Kalus-Laura-Scherwitzl-Ensemble.jpg",2000,1334,false],"tp-image-grid":["https:\/\/www.musical-today.de\/wp-content\/uploads\/2025\/10\/Ryszard-Kalus-Laura-Scherwitzl-Ensemble-700x700.jpg",700,700,true],"thumbnail":["https:\/\/www.musical-today.de\/wp-content\/uploads\/2025\/10\/Ryszard-Kalus-Laura-Scherwitzl-Ensemble-600x400.jpg",600,400,true],"medium":["https:\/\/www.musical-today.de\/wp-content\/uploads\/2025\/10\/Ryszard-Kalus-Laura-Scherwitzl-Ensemble-1200x800.jpg",1200,800,true],"medium_large":["https:\/\/www.musical-today.de\/wp-content\/uploads\/2025\/10\/Ryszard-Kalus-Laura-Scherwitzl-Ensemble-770x514.jpg",770,514,true],"large":["https:\/\/www.musical-today.de\/wp-content\/uploads\/2025\/10\/Ryszard-Kalus-Laura-Scherwitzl-Ensemble-1920x1281.jpg",1139,760,true],"default":"https:\/\/www.musical-today.de\/wp-content\/plugins\/the-plus-addons-for-block-editor\/assets\/images\/tpgb-placeholder.jpg"},"tpgb_post_meta_info":{"get_date":"27.10.2025","get_modified_date":"27.10.2025","category_list":{"category":[{"term_id":99,"name":"Neustrelitz","slug":"neustrelitz","term_group":0,"term_taxonomy_id":99,"taxonomy":"category","description":"","parent":19,"count":3,"filter":"raw","term_order":"70"}],"post_tag":false,"post_format":false},"author_name":"J\u00fcrgen Rickert","author_url":"https:\/\/www.musical-today.de\/en\/autor\/juergenrickert\/","author_email":"maail@valentinboesing.de","author_website":"","author_description":"Redakteur, Journalist, PR-Manager, P\u00e4dagoge. Arbeit in s\u00e4mtlichen Medien, mit Schwerpunkt Musiktheater-Rezensionen. Mitinitiator verschiedener internationaler Formate der UNESCO wie Euro-Arabischer Dialog, Deutsch-Afrikanische Jugendakademie, Climate Action Network. Dramaturgie und Produktionsleitung, z. B. \"Wohin gehst Du\" (Tanzprojekt), \"Gelbe Ohrfeigen\" (ARTE), Entwicklung des mehrfach interkontinental durchgef\u00fchrten Konzepts \"From Head to Heart\" mit szenischen Installationen.","author_facebook":"","author_twitter":"","author_instagram":"","author_role":["redakteur","author","editor","redaktionsteam"],"author_firstname":"J\u00fcrgen","author_lastname":"Rickert","user_login":"hjr","author_avatar":"<img src=\"https:\/\/www.musical-today.de\/wp-content\/uploads\/2024\/01\/cropped-Bildschirmfoto-2024-01-21-um-09.35.54-293x293.jpeg\" width=\"200\" height=\"200\" alt=\"J\u00fcrgen Rickert\" class=\"avatar avatar-200 wp-user-avatar wp-user-avatar-200 alignnone photo\" \/>","author_avatar_url":"https:\/\/www.musical-today.de\/wp-content\/uploads\/2024\/01\/cropped-Bildschirmfoto-2024-01-21-um-09.35.54.jpeg","comment_count":0,"post_likes":0,"post_views":0},"tpgb_post_category":{"category":"<a href=\"https:\/\/www.musical-today.de\/en\/deutschland\/neustrelitz\/\" alt=\"Neustrelitz\"  class=\"category-neustrelitz\">Neustrelitz<\/a> "},"_links":{"self":[{"href":"https:\/\/www.musical-today.de\/en\/wp-json\/wp\/v2\/posts\/13183","targetHints":{"allow":["GET"]}}],"collection":[{"href":"https:\/\/www.musical-today.de\/en\/wp-json\/wp\/v2\/posts"}],"about":[{"href":"https:\/\/www.musical-today.de\/en\/wp-json\/wp\/v2\/types\/post"}],"author":[{"embeddable":true,"href":"https:\/\/www.musical-today.de\/en\/wp-json\/wp\/v2\/users\/4"}],"replies":[{"embeddable":true,"href":"https:\/\/www.musical-today.de\/en\/wp-json\/wp\/v2\/comments?post=13183"}],"version-history":[{"count":0,"href":"https:\/\/www.musical-today.de\/en\/wp-json\/wp\/v2\/posts\/13183\/revisions"}],"wp:featuredmedia":[{"embeddable":true,"href":"https:\/\/www.musical-today.de\/en\/wp-json\/wp\/v2\/media\/13173"}],"wp:attachment":[{"href":"https:\/\/www.musical-today.de\/en\/wp-json\/wp\/v2\/media?parent=13183"}],"wp:term":[{"taxonomy":"category","embeddable":true,"href":"https:\/\/www.musical-today.de\/en\/wp-json\/wp\/v2\/categories?post=13183"},{"taxonomy":"post_tag","embeddable":true,"href":"https:\/\/www.musical-today.de\/en\/wp-json\/wp\/v2\/tags?post=13183"}],"curies":[{"name":"wp","href":"https:\/\/api.w.org\/{rel}","templated":true}]}}