{"id":13457,"date":"2025-11-11T23:55:26","date_gmt":"2025-11-11T22:55:26","guid":{"rendered":"https:\/\/www.musical-today.de\/?p=13457"},"modified":"2025-11-11T23:56:35","modified_gmt":"2025-11-11T22:56:35","slug":"dresden-evita","status":"publish","type":"post","link":"https:\/\/www.musical-today.de\/en\/dresden-evita\/","title":{"rendered":"Evita"},"content":{"rendered":"<div class=\"lets-info-up-wrap  lets-info-up--right lets-info-up--m-1 lets-info-up-skin-3 lets-info-up--side lets-info-up-69851\" style=\"background:#fafafa; color: #616161\">\t\t\t<div class=\"lets-info-up\">\r\n\t\t\t<div class=\"lets-info-up-fi\"><img decoding=\"async\" width=\"500\" height=\"333\" src=\"https:\/\/www.musical-today.de\/wp-content\/uploads\/2024\/01\/qi-addons-for-elementor-placeholder-500x333.png\" class=\"attachment-lets-info-up-d1 size-lets-info-up-d1\" alt=\"|\" srcset=\"https:\/\/www.musical-today.de\/wp-content\/uploads\/2024\/01\/qi-addons-for-elementor-placeholder-500x333.png 500w, https:\/\/www.musical-today.de\/wp-content\/uploads\/2024\/01\/qi-addons-for-elementor-placeholder-300x200.png 300w, https:\/\/www.musical-today.de\/wp-content\/uploads\/2024\/01\/qi-addons-for-elementor-placeholder-1024x683.png 1024w, https:\/\/www.musical-today.de\/wp-content\/uploads\/2024\/01\/qi-addons-for-elementor-placeholder-883x589.png 883w, https:\/\/www.musical-today.de\/wp-content\/uploads\/2024\/01\/qi-addons-for-elementor-placeholder-18x12.png 18w, https:\/\/www.musical-today.de\/wp-content\/uploads\/2024\/01\/qi-addons-for-elementor-placeholder-360x240.png 360w, https:\/\/www.musical-today.de\/wp-content\/uploads\/2024\/01\/qi-addons-for-elementor-placeholder-1155x770.png 1155w, https:\/\/www.musical-today.de\/wp-content\/uploads\/2024\/01\/qi-addons-for-elementor-placeholder-370x247.png 370w, https:\/\/www.musical-today.de\/wp-content\/uploads\/2024\/01\/qi-addons-for-elementor-placeholder-770x513.png 770w, https:\/\/www.musical-today.de\/wp-content\/uploads\/2024\/01\/qi-addons-for-elementor-placeholder-293x195.png 293w, https:\/\/www.musical-today.de\/wp-content\/uploads\/2024\/01\/qi-addons-for-elementor-placeholder-120x80.png 120w, https:\/\/www.musical-today.de\/wp-content\/uploads\/2024\/01\/qi-addons-for-elementor-placeholder-240x160.png 240w, https:\/\/www.musical-today.de\/wp-content\/uploads\/2024\/01\/qi-addons-for-elementor-placeholder-390x260.png 390w, https:\/\/www.musical-today.de\/wp-content\/uploads\/2024\/01\/qi-addons-for-elementor-placeholder.png 1200w\" sizes=\"(max-width: 500px) 100vw, 500px\" title=\"\"><\/div>\t\t\t<div class=\"lets-info-up-block-wrap\">\r\n\t\t\t\t<div class=\"lets-info-up-block lets-info-up-meta-block\"><div class=\"lets-info-up-meta-title lets-info-up-pretitle font-h\" style=\"color: #8c6d18;\">oRT<\/div><div class=\"lets-info-up-meta-content lets-info-up-title font-b\">Staatsoperette Dresden<\/div><\/div><div class=\"lets-info-up-block lets-info-up-meta-block\"><div class=\"lets-info-up-meta-title lets-info-up-pretitle font-h\" style=\"color: #8c6d18;\">von<\/div><div class=\"lets-info-up-meta-content lets-info-up-title font-b\">Andrew Lloyd Webber (Musik)<br>Tim Rice (Liedtexte)<\/div><\/div><div class=\"lets-info-up-block lets-info-up-meta-block\"><div class=\"lets-info-up-meta-title lets-info-up-pretitle font-h\" style=\"color: #8c6d18;\">Regie<\/div><div class=\"lets-info-up-meta-content lets-info-up-title font-b\">Simon Eichenberger<\/div><\/div><div class=\"lets-info-up-block lets-info-up-meta-block\"><div class=\"lets-info-up-meta-title lets-info-up-pretitle font-h\" style=\"color: #8c6d18;\">Urauff\u00fchrunG<\/div><div class=\"lets-info-up-meta-content lets-info-up-title font-b\">1978<\/div><\/div><div class=\"lets-info-up-block lets-info-up-meta-block\"><div class=\"lets-info-up-meta-title lets-info-up-pretitle font-h\" style=\"color: #8c6d18;\">INFOS<\/div><div class=\"lets-info-up-meta-content lets-info-up-title font-b\"><a href=\"https:\/\/www.staatsoperette.de\/spielplan\/a-z\/evita\" data-type=\"link\" target=\"_blank\" rel=\"noopener noreferrer nofollow\">www.staatsoperette.de<\/a><\/div><\/div>\t\t\t<\/div>\r\n\t\t\t<\/div>\r\n\t\t<\/div>\r\n\t\t\n\n\n<p><strong><strong>\u201eEvita\u201c \u2013 Licht und Schattenseiten einer Polit-Ikone<\/strong><\/strong><\/p>\n\n\n\n<p>Ob \u201eEvita\u201c politisches Theater oder einfach eine tolle Show \u00fcber eine besondere Frau ist, bleibt Interpretationssache. Bei einem Blick auf die USA, wo eine gute Show auch au\u00dferhalb des Wahlkampfes wichtiger ist als Inhalte und Ziele, kann man meinen, das St\u00fcck sei hochaktuell. Die Staatsoperette Dresden nimmt sich des Lloyd-Webber-Klassikers inzwischen zum dritten Mal an. Die Inszenierung von 1987 war die DDR-Erstauff\u00fchrung und ist bis heute hierzulande legend\u00e4r. 2014, noch im alten Haus in Leuben, war sie letztmalig zu sehen.<\/p>\n\n\n\n<p>Nun ist eine neue Version in der Inszenierung und Choreografie von Simon Eichenberger, im B\u00fchnenbild von Charles Quiggin und mit Kost\u00fcmen von Ale\u0161 Val\u00e1\u0161ek zu erleben. Das Inszenierungsteam setzt auf opulente Bilder und nutzt die fantastischen technischen M\u00f6glichkeiten des modernen Theaterbaus aus, um gro\u00dfe Show und ihre Schattenseiten, wortw\u00f6rtlich die R\u00fcckansicht der Geschichte, deutlich zu zeigen.<\/p>\n\n\n\n<p>Andrew Lloyd Webber und Autor Tim Rice lassen die Story der Polit-Diva von Che (\u00fcbersetzt \u201eBursche\u201c) erz\u00e4hlen und kommentieren. Er wird auch in dieser Inszenierung in Kampfanzug, mit wirrem Haar und Milit\u00e4rbarett deutlich als Che Guevara gekennzeichnet. Diese Figur, halb Mitspieler, halb au\u00dfenstehender Beobachter, relativiert die Attit\u00fcde der zur Heiligen stilisierten Frau aus dem Volke, die es bis zur argentinischen Pr\u00e4sidentengattin schaffte. Trotz oder gerade wegen ihres fr\u00fchen Todes wurde sie, wie Che, zu einer Ikone. Auch er war Jahre sp\u00e4ter mit seinem militanten Versuch, die Verh\u00e4ltnisse zu \u00e4ndern, in Bolivien gescheitert und ist bis heute f\u00fcr viele ein Idol.<\/p>\n\n\n<div  class=\"tpgb-wrap-956d14_13457  tpgb-wrap-fw \"  ><div id=\"956d14_13457\" class=\"tpgb-block-956d14_13457 tpgb-relative-block tpgb-gallery-list tpgb-metro gallery-style-2 hover-image-style-1   \" data-style=\"style-2\" data-id=\"956d14_13457\" data-layout=\"metro\" data-fancy-option='{\"loop\":false,\"thumb\":\"no\",\"infobar\":true,\"arrows\":true,\"transitionEffect\":\"slide\",\"button\":[\"close\"]}' data-splide='\"\"' data-metroAttr= '{\"metro_col\":\"3\",\"tab_metro_col\":3,\"mobile_metro_col\":3,\"metro_style\":\"style-1\",\"tab_metro_style\":\"style-1\",\"mobile_metro_style\":\"style-1\"}' ><div class=\"tpgb-row post-loop-inner \"><div class=\"grid-item metro-item-0    tpgb-metro-1  tpgb-tab-metro-1  tpgb-mobile-metro-1 \"><a href=\"http:\/\/www.musical-today.de\/wp-content\/uploads\/2025\/11\/9802_lutzmichen_251028133638.jpg\" class=\"tpgb-gallery-list-content tpgb-trans-easeinout\" data-fancybox=\"956d14_13457\" data-caption=\"Foto: Lutz Michen\" aria-label=\"Foto: Lutz Michen\" target=\"_blank\" rel=\"noopener noreferrer nofollow\"><div class=\"post-content-image\"><div class=\"tpgb-metro-gallery-image\" style=\"background: url(https:\/\/www.musical-today.de\/wp-content\/uploads\/2025\/11\/9802_lutzmichen_251028133638.jpg);\"><\/div><\/div><div class=\"post-content-center\"><div class=\"post-zoom-icon\"><div class=\"meta-search-icon\"><span><img decoding=\"async\" class=\"fancy-img\" src=\"https:\/\/www.musical-today.de\/wp-content\/uploads\/2025\/11\/9802_lutzmichen_251028133638.jpg\" alt=\"Media Image1\" title=\"\"><i class=\"fas fa-search-plus pop-icon\"><\/i><\/span><\/div><\/div><div class=\"post-content-bottom\"><p class=\"post-title tpgb-trans-easeinout\">Foto: Lutz Michen<\/p><\/div><\/div><\/a><\/div><div class=\"grid-item metro-item-1    tpgb-metro-2  tpgb-tab-metro-2  tpgb-mobile-metro-2 \"><a href=\"http:\/\/www.musical-today.de\/wp-content\/uploads\/2025\/11\/9801_lutzmichen_251028160541.jpg\" class=\"tpgb-gallery-list-content tpgb-trans-easeinout\" data-fancybox=\"956d14_13457\" data-caption=\"Foto: Lutz Michen\" aria-label=\"Foto: Lutz Michen\" target=\"_blank\" rel=\"noopener noreferrer nofollow\"><div class=\"post-content-image\"><div class=\"tpgb-metro-gallery-image\" style=\"background: url(https:\/\/www.musical-today.de\/wp-content\/uploads\/2025\/11\/9801_lutzmichen_251028160541.jpg);\"><\/div><\/div><div class=\"post-content-center\"><div class=\"post-zoom-icon\"><div class=\"meta-search-icon\"><span><img decoding=\"async\" class=\"fancy-img\" src=\"https:\/\/www.musical-today.de\/wp-content\/uploads\/2025\/11\/9801_lutzmichen_251028160541.jpg\" alt=\"Media Image2\" title=\"\"><i class=\"fas fa-search-plus pop-icon\"><\/i><\/span><\/div><\/div><div class=\"post-content-bottom\"><p class=\"post-title tpgb-trans-easeinout\">Foto: Lutz Michen<\/p><\/div><\/div><\/a><\/div><div class=\"grid-item metro-item-2    tpgb-metro-3  tpgb-tab-metro-3  tpgb-mobile-metro-3 \"><a href=\"http:\/\/www.musical-today.de\/wp-content\/uploads\/2025\/11\/9799_lutzmichen_251028152703_4x.jpg\" class=\"tpgb-gallery-list-content tpgb-trans-easeinout\" data-fancybox=\"956d14_13457\" data-caption=\"Foto: Lutz Michen\" aria-label=\"Foto: Lutz Michen\" target=\"_blank\" rel=\"noopener noreferrer nofollow\"><div class=\"post-content-image\"><div class=\"tpgb-metro-gallery-image\" style=\"background: url(https:\/\/www.musical-today.de\/wp-content\/uploads\/2025\/11\/9799_lutzmichen_251028152703_4x.jpg);\"><\/div><\/div><div class=\"post-content-center\"><div class=\"post-zoom-icon\"><div class=\"meta-search-icon\"><span><img decoding=\"async\" class=\"fancy-img\" src=\"https:\/\/www.musical-today.de\/wp-content\/uploads\/2025\/11\/9799_lutzmichen_251028152703_4x.jpg\" alt=\"Media Image3\" title=\"\"><i class=\"fas fa-search-plus pop-icon\"><\/i><\/span><\/div><\/div><div class=\"post-content-bottom\"><p class=\"post-title tpgb-trans-easeinout\">Foto: Lutz Michen<\/p><\/div><\/div><\/a><\/div><\/div><\/div><\/div>\n\n\n<p>Wenn die Regie eine m\u00f6gliche Beziehung der beiden, die sich im realen Leben nie begegnet sind, andeutet, entsteht eine kurzzeitige Utopie. Dies und der stumme Tanz der Hauptdarstellerin mit ihrem kindlichen Ich nach dem Applaus \u00fcber die quasi unbeleuchtete B\u00fchne sind die wenigen Momente, in denen die Inszenierung \u00fcber das St\u00fcck hinausgeht. In der Realit\u00e4t hatte sich Eva Duarte mit dem machtbewussten Juan Per\u00f3n zusammengetan. Gemeinsam lebten sie eine aus Demagogie, gro\u00dfer Show, kleinen sozialen Gesten und brutalem Durchsetzungsverm\u00f6gen gest\u00fctzte Herrschaft. Diese Schattenseiten zeigt die Inszenierung deutlicher als Lloyd Webber, allerdings ist das ergreifende Schicksal der Evita insgesamt st\u00e4rker.<\/p>\n\n\n\n<p>Mit Peter Christian Feigel hat, wie schon bei der letzten Inszenierung, der Musicalspezialist der Staatsoperette die musikalische Leitung. Er l\u00e4sst nicht nur die bekannten Melodien und mitrei\u00dfenden Rhythmen klingen. Sehr treffend wirken auch die schroffen, kontrastreich und spannungsvoll komponierten Momente der Musik.<\/p>\n\n\n\n<p>Die Dresdner Evita ist Sybille Lambrich. Mit gro\u00dfem Temperament und beeindruckender Kondition verbindet sie Gesang und Tanz. Leider ist sie im ersten Teil der Premiere so unter Druck, dass sie in der H\u00f6he forcieren muss und sehr angestrengt klingt. Gl\u00fccklicherweise verliert sich das im Zug der Auff\u00fchrung. Als entkr\u00e4ftete Frau, die nicht bereit ist, aufzugeben, gelingen ihr zwingend-bewegende Momente.<\/p>\n\n\n\n<p>Markus G\u00fcnzel, 2014 noch als Che zu erleben, gibt mit sch\u00f6ner, klangvoller Stimme den Pr\u00e4sidentengatten. Sein Per\u00f3n hat Ehrgeiz und H\u00e4rte, mit Evita die Macht zu erobern. Anders als sein historisches Vorbild aber k\u00fcmmert er sich auch liebevoll um seine Frau, wenn sie Schw\u00e4che zeigt. Gero Wendorff beweist als Che wieder seine vielf\u00e4ltigen Ausdrucksm\u00f6glichkeiten, entfaltet Charme und Zynismus, ist revolution\u00e4r zupackend, steht nach zahlreichen Attacken der Milit\u00e4rs und Geheimpolizisten immer wieder auf und verb\u00fcndet sich mit dem Publikum. Das bejubelt begeistert die Inszenierung und feiert St\u00fcck und Interpreten enthusiastisch.<\/p>\n\n\n\n<hr class=\"wp-block-separator has-alpha-channel-opacity is-style-dots\"\/>\n\n\n\n<p class=\"has-small-font-size\">Musikalische Leitung: Peter Christian Feigel \u2022 Regie und Choreografie: Simon Eichenberger \u2022 B\u00fchne: Charles Quiggin \u2022 Kost\u00fcme: Ale\u0161 Val\u00e1\u0161ek \u2022 Licht: Michael Grundner und Simon Eichenberger \u2022 Sounddesign: Martin Wingerath \u2022 Chorleitung: Thomas Runge \u2022 Mit: Sybille Lambrich (Eva (Evita) Per\u00f3n), Marcus G\u00fcnzel (Juan Per\u00f3n), Gero Wendorff (Che), V\u00e1clav Vallon (Agust\u00edn Magaldi\/Ansager), Charlotte Watzlawik (Per\u00f3ns Geliebte) u.a. \u2022 Ballett, Chor, Kinderchor und Orchester der Staatsoperette Dresden<br><br>Aufmacherfoto: Lutz Michen<\/p>\n","protected":false},"excerpt":{"rendered":"<p>\u201eEvita\u201c \u2013 Licht und Schattenseiten einer Polit-Ikone Ob \u201eEvita\u201c politisches Theater oder einfach eine tolle Show \u00fcber eine besondere Frau ist, bleibt Interpretationssache. Bei einem Blick auf die USA, wo eine gute Show auch au\u00dferhalb des Wahlkampfes wichtiger ist als Inhalte und Ziele, kann man meinen, das St\u00fcck sei hochaktuell. Die Staatsoperette Dresden nimmt sich des Lloyd-Webber-Klassikers inzwischen zum dritten Mal an. Die Inszenierung von 1987 war die DDR-Erstauff\u00fchrung und ist bis heute hierzulande legend\u00e4r. 2014, noch im alten Haus [&hellip;]<\/p>\n","protected":false},"author":61,"featured_media":13445,"comment_status":"closed","ping_status":"closed","sticky":false,"template":"","format":"standard","meta":{"tpgb_global_settings":"","footnotes":""},"categories":[185],"tags":[],"class_list":["post-13457","post","type-post","status-publish","format-standard","has-post-thumbnail","hentry","category-dresden"],"tpgb_featured_images":{"full":["https:\/\/www.musical-today.de\/wp-content\/uploads\/2025\/11\/9806_img_1711.jpg",2000,1330,false],"tp-image-grid":["https:\/\/www.musical-today.de\/wp-content\/uploads\/2025\/11\/9806_img_1711-700x700.jpg",700,700,true],"thumbnail":["https:\/\/www.musical-today.de\/wp-content\/uploads\/2025\/11\/9806_img_1711-600x399.jpg",600,399,true],"medium":["https:\/\/www.musical-today.de\/wp-content\/uploads\/2025\/11\/9806_img_1711-1200x798.jpg",1200,798,true],"medium_large":["https:\/\/www.musical-today.de\/wp-content\/uploads\/2025\/11\/9806_img_1711-770x512.jpg",770,512,true],"large":["https:\/\/www.musical-today.de\/wp-content\/uploads\/2025\/11\/9806_img_1711-1920x1277.jpg",1139,758,true],"default":"https:\/\/www.musical-today.de\/wp-content\/plugins\/the-plus-addons-for-block-editor\/assets\/images\/tpgb-placeholder.jpg"},"tpgb_post_meta_info":{"get_date":"11.11.2025","get_modified_date":"11.11.2025","category_list":{"category":[{"term_id":185,"name":"Dresden","slug":"dresden","term_group":0,"term_taxonomy_id":185,"taxonomy":"category","description":"","parent":19,"count":5,"filter":"raw","term_order":"23"}],"post_tag":false,"post_format":false},"author_name":"Jens Daniel Schubert","author_url":"https:\/\/www.musical-today.de\/en\/autor\/jensdanielschubert\/","author_email":"jensdanielschubert@musical-today.de","author_website":"","author_description":"","author_facebook":"","author_twitter":"","author_instagram":"","author_role":["author"],"author_firstname":"Jens Daniel","author_lastname":"Schubert","user_login":"jensdanielschubert","author_avatar":"<img src=\"https:\/\/www.musical-today.de\/wp-content\/uploads\/2024\/03\/434034552_122093726612266069_5386620108228489486_n-293x293.jpg\" width=\"200\" height=\"200\" alt=\"Jens Daniel Schubert\" class=\"avatar avatar-200 wp-user-avatar wp-user-avatar-200 alignnone photo\" \/>","author_avatar_url":"https:\/\/www.musical-today.de\/wp-content\/uploads\/2024\/03\/434034552_122093726612266069_5386620108228489486_n.jpg","comment_count":0,"post_likes":0,"post_views":0},"tpgb_post_category":{"category":"<a href=\"https:\/\/www.musical-today.de\/en\/deutschland\/dresden\/\" alt=\"Dresden\"  class=\"category-dresden\">Dresden<\/a> "},"_links":{"self":[{"href":"https:\/\/www.musical-today.de\/en\/wp-json\/wp\/v2\/posts\/13457","targetHints":{"allow":["GET"]}}],"collection":[{"href":"https:\/\/www.musical-today.de\/en\/wp-json\/wp\/v2\/posts"}],"about":[{"href":"https:\/\/www.musical-today.de\/en\/wp-json\/wp\/v2\/types\/post"}],"author":[{"embeddable":true,"href":"https:\/\/www.musical-today.de\/en\/wp-json\/wp\/v2\/users\/61"}],"replies":[{"embeddable":true,"href":"https:\/\/www.musical-today.de\/en\/wp-json\/wp\/v2\/comments?post=13457"}],"version-history":[{"count":0,"href":"https:\/\/www.musical-today.de\/en\/wp-json\/wp\/v2\/posts\/13457\/revisions"}],"wp:featuredmedia":[{"embeddable":true,"href":"https:\/\/www.musical-today.de\/en\/wp-json\/wp\/v2\/media\/13445"}],"wp:attachment":[{"href":"https:\/\/www.musical-today.de\/en\/wp-json\/wp\/v2\/media?parent=13457"}],"wp:term":[{"taxonomy":"category","embeddable":true,"href":"https:\/\/www.musical-today.de\/en\/wp-json\/wp\/v2\/categories?post=13457"},{"taxonomy":"post_tag","embeddable":true,"href":"https:\/\/www.musical-today.de\/en\/wp-json\/wp\/v2\/tags?post=13457"}],"curies":[{"name":"wp","href":"https:\/\/api.w.org\/{rel}","templated":true}]}}