{"id":13580,"date":"2025-12-01T23:35:00","date_gmt":"2025-12-01T22:35:00","guid":{"rendered":"https:\/\/www.musical-today.de\/?p=13580"},"modified":"2026-01-06T15:17:53","modified_gmt":"2026-01-06T14:17:53","slug":"zuerich-the-bodyguard-the-musical","status":"publish","type":"post","link":"https:\/\/www.musical-today.de\/en\/zuerich-the-bodyguard-the-musical\/","title":{"rendered":"The Bodyguard \u2013 The Musical"},"content":{"rendered":"<div class=\"lets-info-up-wrap  lets-info-up--right lets-info-up--m-1 lets-info-up-skin-3 lets-info-up--side lets-info-up-95670\" style=\"background:#fafafa; color: #616161\">\t\t\t<div class=\"lets-info-up\">\r\n\t\t\t<div class=\"lets-info-up-fi\"><img decoding=\"async\" width=\"500\" height=\"333\" src=\"https:\/\/www.musical-today.de\/wp-content\/uploads\/2024\/01\/qi-addons-for-elementor-placeholder-500x333.png\" class=\"attachment-lets-info-up-d1 size-lets-info-up-d1\" alt=\"|\" srcset=\"https:\/\/www.musical-today.de\/wp-content\/uploads\/2024\/01\/qi-addons-for-elementor-placeholder-500x333.png 500w, https:\/\/www.musical-today.de\/wp-content\/uploads\/2024\/01\/qi-addons-for-elementor-placeholder-300x200.png 300w, https:\/\/www.musical-today.de\/wp-content\/uploads\/2024\/01\/qi-addons-for-elementor-placeholder-1024x683.png 1024w, https:\/\/www.musical-today.de\/wp-content\/uploads\/2024\/01\/qi-addons-for-elementor-placeholder-883x589.png 883w, https:\/\/www.musical-today.de\/wp-content\/uploads\/2024\/01\/qi-addons-for-elementor-placeholder-18x12.png 18w, https:\/\/www.musical-today.de\/wp-content\/uploads\/2024\/01\/qi-addons-for-elementor-placeholder-360x240.png 360w, https:\/\/www.musical-today.de\/wp-content\/uploads\/2024\/01\/qi-addons-for-elementor-placeholder-1155x770.png 1155w, https:\/\/www.musical-today.de\/wp-content\/uploads\/2024\/01\/qi-addons-for-elementor-placeholder-370x247.png 370w, https:\/\/www.musical-today.de\/wp-content\/uploads\/2024\/01\/qi-addons-for-elementor-placeholder-770x513.png 770w, https:\/\/www.musical-today.de\/wp-content\/uploads\/2024\/01\/qi-addons-for-elementor-placeholder-293x195.png 293w, https:\/\/www.musical-today.de\/wp-content\/uploads\/2024\/01\/qi-addons-for-elementor-placeholder-120x80.png 120w, https:\/\/www.musical-today.de\/wp-content\/uploads\/2024\/01\/qi-addons-for-elementor-placeholder-240x160.png 240w, https:\/\/www.musical-today.de\/wp-content\/uploads\/2024\/01\/qi-addons-for-elementor-placeholder-390x260.png 390w, https:\/\/www.musical-today.de\/wp-content\/uploads\/2024\/01\/qi-addons-for-elementor-placeholder.png 1200w\" sizes=\"(max-width: 500px) 100vw, 500px\" title=\"\"><\/div>\t\t\t<div class=\"lets-info-up-block-wrap\">\r\n\t\t\t\t<div class=\"lets-info-up-block lets-info-up-meta-block\"><div class=\"lets-info-up-meta-title lets-info-up-pretitle font-h\" style=\"color: #8c6d18;\">oRT<\/div><div class=\"lets-info-up-meta-content lets-info-up-title font-b\">ATG Entertainment (Theater 11 Z\u00fcrich)<\/div><\/div><div class=\"lets-info-up-block lets-info-up-meta-block\"><div class=\"lets-info-up-meta-title lets-info-up-pretitle font-h\" style=\"color: #8c6d18;\">von<\/div><div class=\"lets-info-up-meta-content lets-info-up-title font-b\">Musik aus dem Film \u201eThe Bodyguard\u201c (1992)<br>Chris Egan (Zus\u00e4tzliche Musik)<br>Alexander Dinelaris (Buch)<\/div><\/div><div class=\"lets-info-up-block lets-info-up-meta-block\"><div class=\"lets-info-up-meta-title lets-info-up-pretitle font-h\" style=\"color: #8c6d18;\">Regie<\/div><div class=\"lets-info-up-meta-content lets-info-up-title font-b\">Thea Sharrock<\/div><\/div><div class=\"lets-info-up-block lets-info-up-meta-block\"><div class=\"lets-info-up-meta-title lets-info-up-pretitle font-h\" style=\"color: #8c6d18;\">Urauff\u00fchrung<\/div><div class=\"lets-info-up-meta-content lets-info-up-title font-b\">2012<\/div><\/div><div class=\"lets-info-up-block lets-info-up-meta-block\"><div class=\"lets-info-up-meta-title lets-info-up-pretitle font-h\" style=\"color: #8c6d18;\">INFOS<\/div><div class=\"lets-info-up-meta-content lets-info-up-title font-b\"><a href=\"https:\/\/www.atgtickets.de\/musicals-shows\/bodyguard-musical\" data-type=\"link\" target=\"_blank\" rel=\"noopener noreferrer nofollow\">www.atgtickets.de<\/a><\/div><\/div>\t\t\t<\/div>\r\n\t\t\t<\/div>\r\n\t\t<\/div>\r\n\t\t\n\n\n<p><strong>\u201eThe Bodyguard\u201c \u00fcberzeugt als stimmgewaltige Produktion<\/strong><\/p>\n\n\n\n<p>Einen Kultfilm wie \u201eBodyguard\u201c mit einer der ikonischsten Stimmen der Musikgeschichte auf die Musicalb\u00fchne zu bringen, klingt nach einer Herausforderung. Das Produktionsteam meistert dies gemeinsam mit einer tollen Cast in der aktuellen Tourneeproduktion mit Bravour. Regisseurin Thea Sharrock beweist ein feines Gesp\u00fcr f\u00fcr den cineastischen Kern der Vorlage.<\/p>\n\n\n\n<p>Der Abend beginnt mit einem Schockmoment: Ein ohrenbet\u00e4ubender Schuss l\u00e4sst das Publikum zusammenfahren, bevor die Lichter gedimmt werden. Ein gelungener Auftakt, der das Spannungsniveau definiert. Die Inszenierung arbeitet mit wechselnden Tempi, starkem Lichtdesign und pr\u00e4zise gesetzten Spezialeffekten. Szenenvorh\u00e4nge dienen nicht nur dem Umbau, sie werden selbst zu visuellen Highlights. Slow-Motion-Sequenzen intensivieren die Spannung als dramaturgisches Stilmittel. Es entsteht ein st\u00e4ndiger Wechsel zwischen Handlung und Konzert\u00e4sthetik, der die Zuschauenden in Atem h\u00e4lt.<\/p>\n\n\n\n<p>Zweifellos die schwierigste Aufgabe hat Sidonie Smith, die als Rachel in die legend\u00e4ren Fu\u00dfstapfen von Whitney Houston tritt. Ihre B\u00fchnenpr\u00e4senz ist imposant, ihre Stimmgewalt n\u00e4hert sich in manchen Momenten dem Original. In den gro\u00dfen Showszenen stemmt sie das enorme stimmliche Pensum souver\u00e4n, in den erz\u00e4hlerischen Passagen ist sie sehr ausdrucksstark und macht die Songs zu ihren eigenen. Gerade diese pers\u00f6nliche F\u00e4rbung verleiht ihrem Spiel das gewisse Etwas. In der Rolle ihrer Schwester Nicki steht ihr Sasha Monique in nichts nach. Ihre Stimme ist in den tiefen Lagen warm und unheimlich emotional. Das Duett der beiden wird zu einem der gro\u00dfen Highlights des Abends.<\/p>\n\n\n<div  class=\"tpgb-wrap-956d14_13580  tpgb-wrap-fw \"  ><div id=\"956d14_13580\" class=\"tpgb-block-956d14_13580 tpgb-relative-block tpgb-gallery-list tpgb-metro gallery-style-2 hover-image-style-1   \" data-style=\"style-2\" data-id=\"956d14_13580\" data-layout=\"metro\" data-fancy-option='{\"loop\":false,\"thumb\":\"no\",\"infobar\":true,\"arrows\":true,\"transitionEffect\":\"slide\",\"button\":[\"close\"]}' data-splide='\"\"' data-metroAttr= '{\"metro_col\":3,\"tab_metro_col\":3,\"mobile_metro_col\":3,\"metro_style\":\"style-1\",\"tab_metro_style\":\"style-1\",\"mobile_metro_style\":\"style-1\"}' ><div class=\"tpgb-row post-loop-inner \"><div class=\"grid-item metro-item-0    tpgb-metro-1  tpgb-tab-metro-1  tpgb-mobile-metro-1 \"><a href=\"http:\/\/www.musical-today.de\/wp-content\/uploads\/2025\/12\/10.-Sidonie-Smith-Adam-Garcia-and-Cast.-Credit-Paul-Coltas.jpg\" class=\"tpgb-gallery-list-content tpgb-trans-easeinout\" data-fancybox=\"956d14_13580\" data-caption=\"Foto: Paul Coltas\" aria-label=\"Foto: Paul Coltas\" target=\"_blank\" rel=\"noopener noreferrer nofollow\"><div class=\"post-content-image\"><div class=\"tpgb-metro-gallery-image\" style=\"background: url(https:\/\/www.musical-today.de\/wp-content\/uploads\/2025\/12\/10.-Sidonie-Smith-Adam-Garcia-and-Cast.-Credit-Paul-Coltas.jpg);\"><\/div><\/div><div class=\"post-content-center\"><div class=\"post-zoom-icon\"><div class=\"meta-search-icon\"><span><img decoding=\"async\" class=\"fancy-img\" src=\"https:\/\/www.musical-today.de\/wp-content\/uploads\/2025\/12\/10.-Sidonie-Smith-Adam-Garcia-and-Cast.-Credit-Paul-Coltas.jpg\" alt=\"Media Image1\" title=\"\"><i class=\"fas fa-search-plus pop-icon\"><\/i><\/span><\/div><\/div><div class=\"post-content-bottom\"><p class=\"post-title tpgb-trans-easeinout\">Foto: Paul Coltas<\/p><\/div><\/div><\/a><\/div><div class=\"grid-item metro-item-1    tpgb-metro-2  tpgb-tab-metro-2  tpgb-mobile-metro-2 \"><a href=\"http:\/\/www.musical-today.de\/wp-content\/uploads\/2025\/12\/5.a.-Sidonie-Smith-Cast-cropped.Credit-Paul-Coltas.jpg\" class=\"tpgb-gallery-list-content tpgb-trans-easeinout\" data-fancybox=\"956d14_13580\" data-caption=\"Foto: Paul Coltas\" aria-label=\"Foto: Paul Coltas\" target=\"_blank\" rel=\"noopener noreferrer nofollow\"><div class=\"post-content-image\"><div class=\"tpgb-metro-gallery-image\" style=\"background: url(https:\/\/www.musical-today.de\/wp-content\/uploads\/2025\/12\/5.a.-Sidonie-Smith-Cast-cropped.Credit-Paul-Coltas.jpg);\"><\/div><\/div><div class=\"post-content-center\"><div class=\"post-zoom-icon\"><div class=\"meta-search-icon\"><span><img decoding=\"async\" class=\"fancy-img\" src=\"https:\/\/www.musical-today.de\/wp-content\/uploads\/2025\/12\/5.a.-Sidonie-Smith-Cast-cropped.Credit-Paul-Coltas.jpg\" alt=\"Media Image2\" title=\"\"><i class=\"fas fa-search-plus pop-icon\"><\/i><\/span><\/div><\/div><div class=\"post-content-bottom\"><p class=\"post-title tpgb-trans-easeinout\">Foto: Paul Coltas<\/p><\/div><\/div><\/a><\/div><div class=\"grid-item metro-item-2    tpgb-metro-3  tpgb-tab-metro-3  tpgb-mobile-metro-3 \"><a href=\"http:\/\/www.musical-today.de\/wp-content\/uploads\/2025\/12\/7.-Sidonie-Smith-and-Adam-Garcia.-Credit-Paul-Coltas.jpg\" class=\"tpgb-gallery-list-content tpgb-trans-easeinout\" data-fancybox=\"956d14_13580\" data-caption=\"Foto: Paul Coltas\" aria-label=\"Foto: Paul Coltas\" target=\"_blank\" rel=\"noopener noreferrer nofollow\"><div class=\"post-content-image\"><div class=\"tpgb-metro-gallery-image\" style=\"background: url(https:\/\/www.musical-today.de\/wp-content\/uploads\/2025\/12\/7.-Sidonie-Smith-and-Adam-Garcia.-Credit-Paul-Coltas.jpg);\"><\/div><\/div><div class=\"post-content-center\"><div class=\"post-zoom-icon\"><div class=\"meta-search-icon\"><span><img decoding=\"async\" class=\"fancy-img\" src=\"https:\/\/www.musical-today.de\/wp-content\/uploads\/2025\/12\/7.-Sidonie-Smith-and-Adam-Garcia.-Credit-Paul-Coltas.jpg\" alt=\"Media Image3\" title=\"\"><i class=\"fas fa-search-plus pop-icon\"><\/i><\/span><\/div><\/div><div class=\"post-content-bottom\"><p class=\"post-title tpgb-trans-easeinout\">Foto: Paul Coltas<\/p><\/div><\/div><\/a><\/div><\/div><\/div><\/div>\n\n\n<p>Adam Garcia gibt einen glaubw\u00fcrdigen, nuancierten Bodyguard Frank Farmer. Sein Spiel ist ruhig und geerdet, mit wundersch\u00f6ner Sprechstimme. Er ist pr\u00e4sent, ohne sich aufzudr\u00e4ngen, und bildet damit einen Gegenpol zur glitzernden Rachel-Welt. In der Rolle des jungen Fletcher, Rachels Sohn, \u00fcberzeugt in der Vorpremiere der zehnj\u00e4hrige Rio Chigwedere mit Leichtigkeit und ber\u00fchrender Unbeschwertheit. Er bringt spielerische und gesangliche Frische in die Handlung. Ein weiteres Highlight des Abends ist James-Lee Harris in der Rolle des Stalkers. Er strahlt enorme Pr\u00e4senz aus und taucht zu Beginn w\u00e4hrend Szenenwechseln live und gleichzeitig als Projektion auf. Seine K\u00f6rpersprache \u2013 langsam, kraftvoll, bedrohlich \u2013 wirkt wunderbar verst\u00f6rend.&nbsp;<\/p>\n\n\n\n<p>Tim Hatley verantwortet B\u00fchnenbild und Kost\u00fcme und arbeitet mit klarer visueller Sprache. Die B\u00fchne wird in den Konzertsequenzen bis auf den letzten Zentimeter genutzt, kubische Lichtelemente schaffen zus\u00e4tzlich visuelle Tiefe. In den privaten Momenten in Rachels Zuhause dominieren im Kontrast dazu weiche Vorh\u00e4nge den Raum, die teilweise nur den relevanten B\u00fchnenbereich freigeben und das Auge perfekt lenken. Auch Hatleys Kost\u00fcme treffen ins Schwarze, sie wirken authentisch, abwechslungsreich, glaubhaft \u2013 sowohl in Alltags- als auch in den Showszenen. Besonders gelungen sind die rasanten Kost\u00fcmwechsel auf offener B\u00fchne. Einziger Wermutstropfen: Die Per\u00fccken der Hauptdarstellerinnen st\u00f6ren die ansonsten \u00fcberaus stimmige Wirkung.<\/p>\n\n\n\n<p>Bei den mitrei\u00dfenden Choreografien von Karen Bruce liefert das Ensemble t\u00e4nzerisch und akrobatisch ab. Besonders in den Konzertszenen entsteht eine mitrei\u00dfende Show. Die Musik kommt zwar vom Band, doch das mindert die Qualit\u00e4t nicht. Das Wummern der B\u00e4sse ist in spannungsgeladenen Momenten k\u00f6rperlich sp\u00fcrbar und intensiviert die emotionale Wirkung. Der Soundteppich tr\u00e4gt die Inszenierung passgenau und verst\u00e4rkt ihre cineastische Wirkung.<\/p>\n\n\n\n<p>Diese Tourneeproduktion erweist sich als starke und stimmlich beeindruckende Interpretation einer ikonischen Filmvorlage. Sie h\u00e4lt die Balance zwischen Glamour und Thriller, zwischen schillernder Pop-Show und emotionalem Kammerspiel. Das Ensemble \u00fcberzeugt in seiner Gesamtheit mit zwei herausragenden Hauptdarstellerinnen. Ein Musicalabend mit Hochspannung, gro\u00dfen Stimmen und viel Emotion in einer raffinierten Inszenierung, die garantiert niemanden kalt l\u00e4sst.&nbsp;<\/p>\n\n\n\n<hr class=\"wp-block-separator has-alpha-channel-opacity is-style-dots\"\/>\n\n\n\n<p class=\"has-small-font-size\">Music Supervision: Richard Beadle \u2022 Musikalische Leitung: Charlie Ingles \u2022 Regie: Thea Sharrock \u2022 Choreografie: Karen Bruce \u2022 Ausstattung: Tim Hatley \u2022 Licht: Mark Henderson \u2022 Videodesign: Duncan McLean \u2022 Sounddesign: Richard Brooker \u2022 Mit: Sidonie Smith (Rachel Marron), Adam Garcia (Frank Farmer), Sasha Monique (Nicki Marron), Matt Milburn (Sy Spector), John Macaulay (Bill Devaney), Jonathan Alden (Tony Sibelli), James-Lee Harris (The Stalker), Ryan Bennett (Ray Court), Rio Chigwedere (Fletcher) u.a.<\/p>\n\n\n\n<p class=\"has-small-font-size\">Aufmacherfoto: Paul Coltas<\/p>\n","protected":false},"excerpt":{"rendered":"<p>\u201eThe Bodyguard\u201c \u00fcberzeugt als stimmgewaltige Produktion Einen Kultfilm wie \u201eBodyguard\u201c mit einer der ikonischsten Stimmen der Musikgeschichte auf die Musicalb\u00fchne zu bringen, klingt nach einer Herausforderung. Das Produktionsteam meistert dies gemeinsam mit einer tollen Cast in der aktuellen Tourneeproduktion mit Bravour. Regisseurin Thea Sharrock beweist ein feines Gesp\u00fcr f\u00fcr den cineastischen Kern der Vorlage. Der Abend beginnt mit einem Schockmoment: Ein ohrenbet\u00e4ubender Schuss l\u00e4sst das Publikum zusammenfahren, bevor die Lichter gedimmt werden. Ein gelungener Auftakt, der das Spannungsniveau definiert. Die [&hellip;]<\/p>\n","protected":false},"author":13,"featured_media":13570,"comment_status":"closed","ping_status":"closed","sticky":false,"template":"","format":"standard","meta":{"tpgb_global_settings":"","footnotes":""},"categories":[194],"tags":[],"class_list":["post-13580","post","type-post","status-publish","format-standard","has-post-thumbnail","hentry","category-zuerich"],"tpgb_featured_images":{"full":["https:\/\/www.musical-today.de\/wp-content\/uploads\/2025\/12\/12.-Adam-Garcia-Sidonie-Smith.-Credit-Paul-Coltas_cut.jpg",2000,2000,false],"tp-image-grid":["https:\/\/www.musical-today.de\/wp-content\/uploads\/2025\/12\/12.-Adam-Garcia-Sidonie-Smith.-Credit-Paul-Coltas_cut-700x700.jpg",700,700,true],"thumbnail":["https:\/\/www.musical-today.de\/wp-content\/uploads\/2025\/12\/12.-Adam-Garcia-Sidonie-Smith.-Credit-Paul-Coltas_cut-600x600.jpg",600,600,true],"medium":["https:\/\/www.musical-today.de\/wp-content\/uploads\/2025\/12\/12.-Adam-Garcia-Sidonie-Smith.-Credit-Paul-Coltas_cut-1200x1200.jpg",1200,1200,true],"medium_large":["https:\/\/www.musical-today.de\/wp-content\/uploads\/2025\/12\/12.-Adam-Garcia-Sidonie-Smith.-Credit-Paul-Coltas_cut-770x770.jpg",770,770,true],"large":["https:\/\/www.musical-today.de\/wp-content\/uploads\/2025\/12\/12.-Adam-Garcia-Sidonie-Smith.-Credit-Paul-Coltas_cut-1920x1920.jpg",1139,1139,true],"default":"https:\/\/www.musical-today.de\/wp-content\/plugins\/the-plus-addons-for-block-editor\/assets\/images\/tpgb-placeholder.jpg"},"tpgb_post_meta_info":{"get_date":"01.12.2025","get_modified_date":"06.01.2026","category_list":{"category":[{"term_id":194,"name":"Z\u00fcrich","slug":"zuerich","term_group":0,"term_taxonomy_id":194,"taxonomy":"category","description":"","parent":115,"count":6,"filter":"raw","term_order":"8"}],"post_tag":false,"post_format":false},"author_name":"Susanne Weber","author_url":"https:\/\/www.musical-today.de\/en\/autor\/susanneweber\/","author_email":"online55@musical-today.de","author_website":"","author_description":"entdeckte bei einem Opernbesuch mit ihrer Gro\u00dfmutter und sp\u00e4ter als Geigerin in einer Schulmusicalproduktion schon als Jugendliche ihre Liebe zum Musiktheater. Seitdem hat sie diese Faszination nicht mehr losgelassen. Urspr\u00fcnglich studierte sie Sprachen, aktuell arbeitet sie als Chief of Staff am Schweizer Hauptsitz eines amerikanischen IT-Unternehmens.","author_facebook":"","author_twitter":"","author_instagram":"","author_role":["author"],"author_firstname":"Susanne","author_lastname":"Weber","user_login":"susanneweber","author_avatar":"<img src=\"https:\/\/www.musical-today.de\/wp-content\/uploads\/2024\/03\/Susanne-Weber1-293x293.jpg\" width=\"200\" height=\"200\" alt=\"Susanne Weber\" class=\"avatar avatar-200 wp-user-avatar wp-user-avatar-200 alignnone photo\" \/>","author_avatar_url":"https:\/\/www.musical-today.de\/wp-content\/uploads\/2024\/03\/Susanne-Weber1.jpg","comment_count":0,"post_likes":0,"post_views":0},"tpgb_post_category":{"category":"<a href=\"https:\/\/www.musical-today.de\/en\/schweiz\/zuerich\/\" alt=\"Z\u00fcrich\"  class=\"category-zuerich\">Z\u00fcrich<\/a> "},"_links":{"self":[{"href":"https:\/\/www.musical-today.de\/en\/wp-json\/wp\/v2\/posts\/13580","targetHints":{"allow":["GET"]}}],"collection":[{"href":"https:\/\/www.musical-today.de\/en\/wp-json\/wp\/v2\/posts"}],"about":[{"href":"https:\/\/www.musical-today.de\/en\/wp-json\/wp\/v2\/types\/post"}],"author":[{"embeddable":true,"href":"https:\/\/www.musical-today.de\/en\/wp-json\/wp\/v2\/users\/13"}],"replies":[{"embeddable":true,"href":"https:\/\/www.musical-today.de\/en\/wp-json\/wp\/v2\/comments?post=13580"}],"version-history":[{"count":3,"href":"https:\/\/www.musical-today.de\/en\/wp-json\/wp\/v2\/posts\/13580\/revisions"}],"predecessor-version":[{"id":13776,"href":"https:\/\/www.musical-today.de\/en\/wp-json\/wp\/v2\/posts\/13580\/revisions\/13776"}],"wp:featuredmedia":[{"embeddable":true,"href":"https:\/\/www.musical-today.de\/en\/wp-json\/wp\/v2\/media\/13570"}],"wp:attachment":[{"href":"https:\/\/www.musical-today.de\/en\/wp-json\/wp\/v2\/media?parent=13580"}],"wp:term":[{"taxonomy":"category","embeddable":true,"href":"https:\/\/www.musical-today.de\/en\/wp-json\/wp\/v2\/categories?post=13580"},{"taxonomy":"post_tag","embeddable":true,"href":"https:\/\/www.musical-today.de\/en\/wp-json\/wp\/v2\/tags?post=13580"}],"curies":[{"name":"wp","href":"https:\/\/api.w.org\/{rel}","templated":true}]}}