{"id":13635,"date":"2025-12-09T22:54:00","date_gmt":"2025-12-09T21:54:00","guid":{"rendered":"https:\/\/www.musical-today.de\/?p=13635"},"modified":"2025-12-10T00:55:07","modified_gmt":"2025-12-09T23:55:07","slug":"eisleben-cabaret","status":"publish","type":"post","link":"https:\/\/www.musical-today.de\/en\/eisleben-cabaret\/","title":{"rendered":"Cabaret"},"content":{"rendered":"<div class=\"lets-info-up-wrap  lets-info-up--right lets-info-up--m-1 lets-info-up-skin-3 lets-info-up--side lets-info-up-13683\" style=\"background:#fafafa; color: #616161\">\t\t\t<div class=\"lets-info-up\">\r\n\t\t\t<div class=\"lets-info-up-fi\"><img decoding=\"async\" width=\"500\" height=\"333\" src=\"https:\/\/www.musical-today.de\/wp-content\/uploads\/2024\/01\/qi-addons-for-elementor-placeholder-500x333.png\" class=\"attachment-lets-info-up-d1 size-lets-info-up-d1\" alt=\"|\" srcset=\"https:\/\/www.musical-today.de\/wp-content\/uploads\/2024\/01\/qi-addons-for-elementor-placeholder-500x333.png 500w, https:\/\/www.musical-today.de\/wp-content\/uploads\/2024\/01\/qi-addons-for-elementor-placeholder-300x200.png 300w, https:\/\/www.musical-today.de\/wp-content\/uploads\/2024\/01\/qi-addons-for-elementor-placeholder-1024x683.png 1024w, https:\/\/www.musical-today.de\/wp-content\/uploads\/2024\/01\/qi-addons-for-elementor-placeholder-883x589.png 883w, https:\/\/www.musical-today.de\/wp-content\/uploads\/2024\/01\/qi-addons-for-elementor-placeholder-18x12.png 18w, https:\/\/www.musical-today.de\/wp-content\/uploads\/2024\/01\/qi-addons-for-elementor-placeholder-360x240.png 360w, https:\/\/www.musical-today.de\/wp-content\/uploads\/2024\/01\/qi-addons-for-elementor-placeholder-1155x770.png 1155w, https:\/\/www.musical-today.de\/wp-content\/uploads\/2024\/01\/qi-addons-for-elementor-placeholder-370x247.png 370w, https:\/\/www.musical-today.de\/wp-content\/uploads\/2024\/01\/qi-addons-for-elementor-placeholder-770x513.png 770w, https:\/\/www.musical-today.de\/wp-content\/uploads\/2024\/01\/qi-addons-for-elementor-placeholder-293x195.png 293w, https:\/\/www.musical-today.de\/wp-content\/uploads\/2024\/01\/qi-addons-for-elementor-placeholder-120x80.png 120w, https:\/\/www.musical-today.de\/wp-content\/uploads\/2024\/01\/qi-addons-for-elementor-placeholder-240x160.png 240w, https:\/\/www.musical-today.de\/wp-content\/uploads\/2024\/01\/qi-addons-for-elementor-placeholder-390x260.png 390w, https:\/\/www.musical-today.de\/wp-content\/uploads\/2024\/01\/qi-addons-for-elementor-placeholder.png 1200w\" sizes=\"(max-width: 500px) 100vw, 500px\" title=\"\"><\/div>\t\t\t<div class=\"lets-info-up-block-wrap\">\r\n\t\t\t\t<div class=\"lets-info-up-block lets-info-up-meta-block\"><div class=\"lets-info-up-meta-title lets-info-up-pretitle font-h\" style=\"color: #8c6d18;\">oRT<\/div><div class=\"lets-info-up-meta-content lets-info-up-title font-b\">Theater Eisleben<\/div><\/div><div class=\"lets-info-up-block lets-info-up-meta-block\"><div class=\"lets-info-up-meta-title lets-info-up-pretitle font-h\" style=\"color: #8c6d18;\">von<\/div><div class=\"lets-info-up-meta-content lets-info-up-title font-b\">John Kander (Musik)<br>Joe Masteroff (Buch)<br>Fred Ebb (Liedtexte)<br>Robert Gilbert (Deutsche Fassung)<\/div><\/div><div class=\"lets-info-up-block lets-info-up-meta-block\"><div class=\"lets-info-up-meta-title lets-info-up-pretitle font-h\" style=\"color: #8c6d18;\">Regie<\/div><div class=\"lets-info-up-meta-content lets-info-up-title font-b\">Frank Martin Widmaier<\/div><\/div><div class=\"lets-info-up-block lets-info-up-meta-block\"><div class=\"lets-info-up-meta-title lets-info-up-pretitle font-h\" style=\"color: #8c6d18;\">Urauff\u00fchrung<\/div><div class=\"lets-info-up-meta-content lets-info-up-title font-b\">1966<\/div><\/div><div class=\"lets-info-up-block lets-info-up-meta-block\"><div class=\"lets-info-up-meta-title lets-info-up-pretitle font-h\" style=\"color: #8c6d18;\">INFOS<\/div><div class=\"lets-info-up-meta-content lets-info-up-title font-b\"><a href=\"https:\/\/theater-eisleben.de\/spielplan\/stueck\/cabaret\/27.09.2025\" data-type=\"link\" target=\"_blank\" rel=\"noopener noreferrer nofollow\">www.theater-eisleben.de<\/a><\/div><\/div>\t\t\t<\/div>\r\n\t\t\t<\/div>\r\n\t\t<\/div>\r\n\t\t\n\n\n<p><strong>\u201eCabaret\u201c ist \u00fcberall<\/strong><\/p>\n\n\n\n<p>W\u00fcrde man diese \u201eCabaret\u201c-Produktion am Rande einer Gro\u00dfstadt sehen, w\u00e4re sie bei Hipstern und Musical-Maniacs Kult. Das Theater Eisleben kann seit der Premiere Ende September \u00fcber mangelnde Publikumsstr\u00f6me nicht klagen. Dabei ist eine so gro\u00dfe Schauspiel- und Tanzproduktion mit eigens aus Leipzig verpflichteter Combo f\u00fcr das Kreistheater ungew\u00f6hnlich, ja au\u00dferordentlich. Mit Vollgas und sp\u00fcrbarem Nachdruck strebt das Theater Eisleben f\u00fcr die Lutherstadt, das Mansfelder Land und den S\u00fcdharz die Position eines vielseitigen Kulturzentrums inklusive Kino an.<\/p>\n\n\n\n<p>Es empfiehlt sich ein kurzer Blick auf die au\u00dfergew\u00f6hnliche Geschichte des ambitionierten B\u00fchnenbetriebs: Das erste Theater der Nachkriegszeit positionierte sich in einem fr\u00fcheren Gartenrestaurant und spielte in der DDR Schauspiel, Konzerte sowie manchmal Musicals wie \u201eGute Nacht, Bettina!\u201c. Nach der Wende behauptete sich das personell existenziell verschlankte Haus 31 Spielzeiten unter der Intendanz von Ulrich Fischer. Jetzt sorgt Frank Martin Widmaier mit frischem Wind und einem Programm f\u00fcr alle Generationen f\u00fcr intensive Verankerung in der besiedlungsarmen Region. Er verdichtet das Gastspielangebot mit Musiktheater von der Musikhochschule Leipzig, Konzerte mit der Staatskapelle Halle und Magneten wie Dagmar Frederic, aber auch mit ambitionierten St\u00fccken im zuletzt relativ selten genutzten Gro\u00dfen Haus. Eine Wiederaufnahme von \u201eCabaret\u201c und eine neue Musical-Gro\u00dfproduktion sind in Planung.<\/p>\n\n\n<div  class=\"tpgb-wrap-956d14_13635  tpgb-wrap-fw \"  ><div id=\"956d14_13635\" class=\"tpgb-block-956d14_13635 tpgb-relative-block tpgb-gallery-list tpgb-metro gallery-style-2 hover-image-style-1   \" data-style=\"style-2\" data-id=\"956d14_13635\" data-layout=\"metro\" data-fancy-option='{\"loop\":false,\"thumb\":\"no\",\"infobar\":true,\"arrows\":true,\"transitionEffect\":\"slide\",\"button\":[\"close\"]}' data-splide='\"\"' data-metroAttr= '{\"metro_col\":3,\"tab_metro_col\":3,\"mobile_metro_col\":3,\"metro_style\":\"style-1\",\"tab_metro_style\":\"style-1\",\"mobile_metro_style\":\"style-1\"}' ><div class=\"tpgb-row post-loop-inner \"><div class=\"grid-item metro-item-0    tpgb-metro-1  tpgb-tab-metro-1  tpgb-mobile-metro-1 \"><a href=\"http:\/\/www.musical-today.de\/wp-content\/uploads\/2025\/12\/Cabaret-klein.jpg\" class=\"tpgb-gallery-list-content tpgb-trans-easeinout\" data-fancybox=\"956d14_13635\" data-caption=\"Foto: Julia Fenske\" aria-label=\"Foto: Julia Fenske\" target=\"_blank\" rel=\"noopener noreferrer nofollow\"><div class=\"post-content-image\"><div class=\"tpgb-metro-gallery-image\" style=\"background: url(https:\/\/www.musical-today.de\/wp-content\/uploads\/2025\/12\/Cabaret-klein.jpg);\"><\/div><\/div><div class=\"post-content-center\"><div class=\"post-zoom-icon\"><div class=\"meta-search-icon\"><span><img decoding=\"async\" class=\"fancy-img\" src=\"https:\/\/www.musical-today.de\/wp-content\/uploads\/2025\/12\/Cabaret-klein.jpg\" alt=\"Media Image1\" title=\"\"><i class=\"fas fa-search-plus pop-icon\"><\/i><\/span><\/div><\/div><div class=\"post-content-bottom\"><p class=\"post-title tpgb-trans-easeinout\">Foto: Julia Fenske<\/p><\/div><\/div><\/a><\/div><div class=\"grid-item metro-item-1    tpgb-metro-2  tpgb-tab-metro-2  tpgb-mobile-metro-2 \"><a href=\"http:\/\/www.musical-today.de\/wp-content\/uploads\/2025\/12\/Cabaret-klein-59.jpg\" class=\"tpgb-gallery-list-content tpgb-trans-easeinout\" data-fancybox=\"956d14_13635\" data-caption=\"Foto: Julia Fenske\" aria-label=\"Foto: Julia Fenske\" target=\"_blank\" rel=\"noopener noreferrer nofollow\"><div class=\"post-content-image\"><div class=\"tpgb-metro-gallery-image\" style=\"background: url(https:\/\/www.musical-today.de\/wp-content\/uploads\/2025\/12\/Cabaret-klein-59.jpg);\"><\/div><\/div><div class=\"post-content-center\"><div class=\"post-zoom-icon\"><div class=\"meta-search-icon\"><span><img decoding=\"async\" class=\"fancy-img\" src=\"https:\/\/www.musical-today.de\/wp-content\/uploads\/2025\/12\/Cabaret-klein-59.jpg\" alt=\"Media Image2\" title=\"\"><i class=\"fas fa-search-plus pop-icon\"><\/i><\/span><\/div><\/div><div class=\"post-content-bottom\"><p class=\"post-title tpgb-trans-easeinout\">Foto: Julia Fenske<\/p><\/div><\/div><\/a><\/div><div class=\"grid-item metro-item-2    tpgb-metro-3  tpgb-tab-metro-3  tpgb-mobile-metro-3 \"><a href=\"http:\/\/www.musical-today.de\/wp-content\/uploads\/2025\/12\/Cabaret-klein-39.jpg\" class=\"tpgb-gallery-list-content tpgb-trans-easeinout\" data-fancybox=\"956d14_13635\" data-caption=\"Foto: Julia Fenske\" aria-label=\"Foto: Julia Fenske\" target=\"_blank\" rel=\"noopener noreferrer nofollow\"><div class=\"post-content-image\"><div class=\"tpgb-metro-gallery-image\" style=\"background: url(https:\/\/www.musical-today.de\/wp-content\/uploads\/2025\/12\/Cabaret-klein-39.jpg);\"><\/div><\/div><div class=\"post-content-center\"><div class=\"post-zoom-icon\"><div class=\"meta-search-icon\"><span><img decoding=\"async\" class=\"fancy-img\" src=\"https:\/\/www.musical-today.de\/wp-content\/uploads\/2025\/12\/Cabaret-klein-39.jpg\" alt=\"Media Image3\" title=\"\"><i class=\"fas fa-search-plus pop-icon\"><\/i><\/span><\/div><\/div><div class=\"post-content-bottom\"><p class=\"post-title tpgb-trans-easeinout\">Foto: Julia Fenske<\/p><\/div><\/div><\/a><\/div><\/div><\/div><\/div>\n\n\n<p>Den Kit Kat Club, dessen Tage im Schatten der Macht\u00fcbernahme durch die Nationalsozialisten gez\u00e4hlt sind, r\u00fcckt Patricia Walczak mit einem metallenen Laufsteg ins Parkett noch n\u00e4her ans Publikum. Diese \u201eCabaret\u201c-Produktion zeigt die Armut im Spree-Athen der Zwischenkriegszeit mit expressiver Deutlichkeit. Bedrohungen durch das v\u00f6lkische Gewaltpotenzial und die Angriffe gegen den libertin\u00e4ren Zeitgeist entwickeln sich ohne melodramatisch raunendes Menetekel. Damit setzt Widmaiers stimmige Besetzung ein lebendiges Spiel mit drastisch aufscheinenden Parallelen zur Gegenwart \u2013 fern von Belehrungsambitionen, aber mit offenem Blick auf unentschuldbare Gewalt-Eskalationen und Verletzungen der Menschenw\u00fcrde. Diese sehr ehrliche Darstellung der Figuren macht beklommen. Bei Annette Baldin merkt man, dass das Lebendigste an Fr\u00e4ulein Schneider deren geschmeidiger Pragmatismus ist. Oliver Beck gibt einen eindrucksvoll gebrochenen Herrn Schulze. Die Combo unter Melchior Walther funkt dazu mit einem r\u00fcdem \u2013 und deshalb Kanders genialen Songs angemessenem \u2013 Sound ins Geschehen. \u00dcber allem schwebt der ziemlich uncoole und bemerkenswert sinnliche Conf\u00e9rencier von Christopher Wartig als dunkler Engel des Kit Kat Club.<\/p>\n\n\n\n<p>Im derzeitigen Klima, das Queerness auch ohne bin\u00e4re Schubladen definiert, gewinnt der Handlungsmittelpunkt von \u201eCabaret\u201c an Plausibilit\u00e4t und Spannung. Die zwischen allen Mustern stehende, also an sich selbst verbrennende Beziehung des \u201eMilj\u00f6\u201c-Starlets Sally Bowles und des amerikanischen Autor Cliff, der seine erotischen Ladehemmungen hier verkompliziert und gerade deshalb \u00fcberwindet, gewinnt eine versch\u00e4rfte Dimension. Vivian Micksch ist im Absturz fast noch eindringlicher als in ihren B\u00fchnent\u00e4nzen als \u201eextraordin\u00e4re Person\u201c. Julius Christodulow zeigt als Alter Ego des Verfassers der Berlin-Stories, dass dessen vorgebliche Beobachter- und Au\u00dfenstellung in erster Linie eine Selbstschutzl\u00fcge ist. Mit smarter Suggestion und zunehmend enthemmter Gewalt l\u00e4dt Marcel Frank den Parteianh\u00e4nger Ernst Ludwig auf. Friederike Fink befreit Fr\u00e4ulein Kost von Bordsteinschwalben-Klischees. Und Julius B\u00f6hning heizt als Zuh\u00e4lter, Dauerkunde, Freier und Gigolo allen ein, die das zu sch\u00e4tzen wissen. Im virtuosen Tanz-Ensemble teilen sich alle Besetzungen die Positionen fair und redlich. Man sieht: Strikt bin\u00e4re Besetzungen sind sogar in l\u00e4ndlichen Regionen out. Auch unter diesem Aspekt bietet das Theater Eisleben aktuelles und gesch\u00e4rftes Musical.<\/p>\n\n\n\n<hr class=\"wp-block-separator has-alpha-channel-opacity is-style-dots\"\/>\n\n\n\n<p class=\"has-small-font-size\">Musikalische Leitung: Melchior Walther \u2022 Regie: Frank Martin Widmaier \u2022 Choreografie: Romeo Salazar \u2022 Ausstattung: Patricia Walczak \u2022 Mit: Vivian Micksch (Sally Bowles), Julius Christodulow (Clifford Bradshaw), Christopher Wartig (Conf\u00e9rencier), Marcel Frank (Ernst Ludwig), Annette Baldin (Fr\u00e4ulein Schneider), Friederike Fink (Fr\u00e4ulein Kost), Oliver Beck (Herr Schultz), Julius B\u00f6hning (Maximilian\/Seemann\/Matrose\/Kit Kat Boy), Khanh Vi Pham Do (Kit Kat Girl Trixie\/Dance Captain), Pascal Koch (Kit Kat Boy Bobby\/Gorilla), Diandra Ursu (Kit Kat Girl Inge), Laura Sophie Schr\u00f6der (Kit Kat Girl Helga) u.a.<\/p>\n\n\n\n<p class=\"has-small-font-size\">Aufmacherfoto: Julia Fenske<\/p>\n","protected":false},"excerpt":{"rendered":"<p>\u201eCabaret\u201c ist \u00fcberall W\u00fcrde man diese \u201eCabaret\u201c-Produktion am Rande einer Gro\u00dfstadt sehen, w\u00e4re sie bei Hipstern und Musical-Maniacs Kult. Das Theater Eisleben kann seit der Premiere Ende September \u00fcber mangelnde Publikumsstr\u00f6me nicht klagen. Dabei ist eine so gro\u00dfe Schauspiel- und Tanzproduktion mit eigens aus Leipzig verpflichteter Combo f\u00fcr das Kreistheater ungew\u00f6hnlich, ja au\u00dferordentlich. Mit Vollgas und sp\u00fcrbarem Nachdruck strebt das Theater Eisleben f\u00fcr die Lutherstadt, das Mansfelder Land und den S\u00fcdharz die Position eines vielseitigen Kulturzentrums inklusive Kino an. Es [&hellip;]<\/p>\n","protected":false},"author":34,"featured_media":13634,"comment_status":"closed","ping_status":"closed","sticky":false,"template":"","format":"standard","meta":{"tpgb_global_settings":"","footnotes":""},"categories":[246],"tags":[],"class_list":["post-13635","post","type-post","status-publish","format-standard","has-post-thumbnail","hentry","category-eisleben"],"tpgb_featured_images":{"full":["https:\/\/www.musical-today.de\/wp-content\/uploads\/2025\/12\/Cabaret-klein-58.jpg",2000,1333,false],"tp-image-grid":["https:\/\/www.musical-today.de\/wp-content\/uploads\/2025\/12\/Cabaret-klein-58-700x700.jpg",700,700,true],"thumbnail":["https:\/\/www.musical-today.de\/wp-content\/uploads\/2025\/12\/Cabaret-klein-58-600x400.jpg",600,400,true],"medium":["https:\/\/www.musical-today.de\/wp-content\/uploads\/2025\/12\/Cabaret-klein-58-1200x800.jpg",1200,800,true],"medium_large":["https:\/\/www.musical-today.de\/wp-content\/uploads\/2025\/12\/Cabaret-klein-58-770x513.jpg",770,513,true],"large":["https:\/\/www.musical-today.de\/wp-content\/uploads\/2025\/12\/Cabaret-klein-58-1920x1280.jpg",1139,759,true],"default":"https:\/\/www.musical-today.de\/wp-content\/plugins\/the-plus-addons-for-block-editor\/assets\/images\/tpgb-placeholder.jpg"},"tpgb_post_meta_info":{"get_date":"09.12.2025","get_modified_date":"10.12.2025","category_list":{"category":[{"term_id":246,"name":"Lutherstadt Eisleben","slug":"eisleben","term_group":0,"term_taxonomy_id":246,"taxonomy":"category","description":"","parent":19,"count":1,"filter":"raw","term_order":"62"}],"post_tag":false,"post_format":false},"author_name":"Roland H. Dippel","author_url":"https:\/\/www.musical-today.de\/en\/autor\/rolandhdippel\/","author_email":"temporary-removeco4qisvj4L3F9dg@tmp.com","author_website":"","author_description":"ist als Autor, Dramaturg und Kulturvermittler dem Theater seit seinem Studium an der LMU M\u00fcnchen verbunden. Neben Festanstellungen in Augsburg, Hof, Osnabr\u00fcck, Rostock, St. Gallen und Zwickau war er, ausgehend von seinem Schwerpunkt Musiktheater, an vielen Projekten aller Sparten und Neuer Musik beteiligt. Wissenschaftliche Schwerpunkte sind Operette und Musical der DDR sowie das Volksschauspiel im Alpenraum.","author_facebook":"","author_twitter":"","author_instagram":"","author_role":["author"],"author_firstname":"Roland H.","author_lastname":"Dippel","user_login":"rolanddippel","author_avatar":"<img src=\"https:\/\/www.musical-today.de\/wp-content\/uploads\/2024\/03\/Autor_Dippel-200x200.jpg\" width=\"200\" height=\"200\" alt=\"Roland H. Dippel\" class=\"avatar avatar-200 wp-user-avatar wp-user-avatar-200 alignnone photo\" \/>","author_avatar_url":"https:\/\/www.musical-today.de\/wp-content\/uploads\/2024\/03\/Autor_Dippel.jpg","comment_count":0,"post_likes":0,"post_views":0},"tpgb_post_category":{"category":"<a href=\"https:\/\/www.musical-today.de\/en\/deutschland\/eisleben\/\" alt=\"Lutherstadt Eisleben\"  class=\"category-eisleben\">Lutherstadt Eisleben<\/a> "},"_links":{"self":[{"href":"https:\/\/www.musical-today.de\/en\/wp-json\/wp\/v2\/posts\/13635","targetHints":{"allow":["GET"]}}],"collection":[{"href":"https:\/\/www.musical-today.de\/en\/wp-json\/wp\/v2\/posts"}],"about":[{"href":"https:\/\/www.musical-today.de\/en\/wp-json\/wp\/v2\/types\/post"}],"author":[{"embeddable":true,"href":"https:\/\/www.musical-today.de\/en\/wp-json\/wp\/v2\/users\/34"}],"replies":[{"embeddable":true,"href":"https:\/\/www.musical-today.de\/en\/wp-json\/wp\/v2\/comments?post=13635"}],"version-history":[{"count":1,"href":"https:\/\/www.musical-today.de\/en\/wp-json\/wp\/v2\/posts\/13635\/revisions"}],"predecessor-version":[{"id":13636,"href":"https:\/\/www.musical-today.de\/en\/wp-json\/wp\/v2\/posts\/13635\/revisions\/13636"}],"wp:featuredmedia":[{"embeddable":true,"href":"https:\/\/www.musical-today.de\/en\/wp-json\/wp\/v2\/media\/13634"}],"wp:attachment":[{"href":"https:\/\/www.musical-today.de\/en\/wp-json\/wp\/v2\/media?parent=13635"}],"wp:term":[{"taxonomy":"category","embeddable":true,"href":"https:\/\/www.musical-today.de\/en\/wp-json\/wp\/v2\/categories?post=13635"},{"taxonomy":"post_tag","embeddable":true,"href":"https:\/\/www.musical-today.de\/en\/wp-json\/wp\/v2\/tags?post=13635"}],"curies":[{"name":"wp","href":"https:\/\/api.w.org\/{rel}","templated":true}]}}