{"id":13640,"date":"2025-12-11T23:41:00","date_gmt":"2025-12-11T22:41:00","guid":{"rendered":"https:\/\/www.musical-today.de\/?p=13640"},"modified":"2025-12-12T01:42:15","modified_gmt":"2025-12-12T00:42:15","slug":"lueneburg-rent","status":"publish","type":"post","link":"https:\/\/www.musical-today.de\/en\/lueneburg-rent\/","title":{"rendered":"Rent"},"content":{"rendered":"<div class=\"lets-info-up-wrap  lets-info-up--right lets-info-up--m-1 lets-info-up-skin-3 lets-info-up--side lets-info-up-34965\" style=\"background:#fafafa; color: #616161\">\t\t\t<div class=\"lets-info-up\">\r\n\t\t\t<div class=\"lets-info-up-fi\"><img decoding=\"async\" width=\"500\" height=\"375\" src=\"https:\/\/www.musical-today.de\/wp-content\/uploads\/visual-portfolio\/placeholder-500x375.png\" class=\"attachment-lets-info-up-d1 size-lets-info-up-d1\" alt=\"|\" srcset=\"https:\/\/www.musical-today.de\/wp-content\/uploads\/visual-portfolio\/placeholder-500x375.png 500w, https:\/\/www.musical-today.de\/wp-content\/uploads\/visual-portfolio\/placeholder-300x225.png 300w, https:\/\/www.musical-today.de\/wp-content\/uploads\/visual-portfolio\/placeholder-1024x767.png 1024w, https:\/\/www.musical-today.de\/wp-content\/uploads\/visual-portfolio\/placeholder-883x662.png 883w, https:\/\/www.musical-today.de\/wp-content\/uploads\/visual-portfolio\/placeholder-16x12.png 16w, https:\/\/www.musical-today.de\/wp-content\/uploads\/visual-portfolio\/placeholder-800x600.png 800w, https:\/\/www.musical-today.de\/wp-content\/uploads\/visual-portfolio\/placeholder.png 1201w\" sizes=\"(max-width: 500px) 100vw, 500px\" title=\"\"><\/div>\t\t\t<div class=\"lets-info-up-block-wrap\">\r\n\t\t\t\t<div class=\"lets-info-up-block lets-info-up-meta-block\"><div class=\"lets-info-up-meta-title lets-info-up-pretitle font-h\" style=\"color: #8c6d18;\">Ort<\/div><div class=\"lets-info-up-meta-content lets-info-up-title font-b\">Theater L\u00fcneburg<\/div><\/div><div class=\"lets-info-up-block lets-info-up-meta-block\"><div class=\"lets-info-up-meta-title lets-info-up-pretitle font-h\" style=\"color: #8c6d18;\">VON<\/div><div class=\"lets-info-up-meta-content lets-info-up-title font-b\">VON<br>Jonathan Larson (Musik, Buch und Liedtexte)<br>Wolfgang Adenberg (Deutsche Fassung)<\/div><\/div><div class=\"lets-info-up-block lets-info-up-meta-block\"><div class=\"lets-info-up-meta-title lets-info-up-pretitle font-h\" style=\"color: #8c6d18;\">Regie<\/div><div class=\"lets-info-up-meta-content lets-info-up-title font-b\">Friedrich von Mansberg und Ruud van Overdijk <\/div><\/div><div class=\"lets-info-up-block lets-info-up-meta-block\"><div class=\"lets-info-up-meta-title lets-info-up-pretitle font-h\" style=\"color: #8c6d18;\">Urauff\u00fchrung<\/div><div class=\"lets-info-up-meta-content lets-info-up-title font-b\">1996<\/div><\/div><div class=\"lets-info-up-block lets-info-up-meta-block\"><div class=\"lets-info-up-meta-title lets-info-up-pretitle font-h\" style=\"color: #8c6d18;\">INFOS<\/div><div class=\"lets-info-up-meta-content lets-info-up-title font-b\"><a href=\"https:\/\/www.theater-lueneburg.de\/rent\" data-type=\"link\" target=\"_blank\" rel=\"noopener noreferrer nofollow\">www.theater-lueneburg.de<\/a><\/div><\/div>\t\t\t<\/div>\r\n\t\t\t<\/div>\r\n\t\t<\/div>\r\n\t\t\n\n\n<p><strong>\u201eRent\u201c: versuchte Wiederbelebung eines einstigen Broadway-Hits in der deutschen Provinz<\/strong><\/p>\n\n\n\n<p>Falsches St\u00fcck am falschen Ort zur falschen Zeit \u2013 oder wie anders l\u00e4sst es sich erkl\u00e4ren, wenn bereits in der ersten Vorstellung nach der \u201eRent\u201c-Premiere im Theater L\u00fcneburg gerade einmal jeder zweite Platz im Saal besetzt ist? Dabei hat Jonathan Larsons Musical eigentlich das Zeug zum Bestseller \u2013 am Broadway lief es zw\u00f6lf Jahre lang und spielte 280 Millionen Dollar ein \u2013, hat der US-Amerikaner doch f\u00fcr sein Werk Puccinis Opernhit \u201eLa Boh\u00e8me\u201c aufgegriffen und ins ebenso rockig-laute wie derbe New York des 20. Jahrhunderts \u00fcbertragen. Erz\u00e4hlt wird die Geschichte einer Gruppe junger Bohemiens im East Village um den Filmemacher Mark Cohen (Lukas Witzel), der mit seinem Freund, dem Songwriter Roger Davis (Ruud van Overdijk), ein armseliges Leben in einer Mansarde fristet und auch dort schon seit einem Jahr mit der Mietzahlung im R\u00fcckstand ist. Zu allem \u00dcberfluss soll eben dieses Geb\u00e4ude nun auch noch von ihrem einstigen Mitbewohner, dem neureichen Benjamin Coffin III. (Sascha Littig), in eine Luxusimmobilie umgewandelt werden. Die alten Bewohner will er vertreiben \u2026<\/p>\n\n\n\n<p>Auch musikalisch gibt es manchen Br\u00fcckenschlag zu Puccini in den Rocknummern und Balladen \u2013 allein das Finale ertrinkt dann im typisch amerikanischen Kitsch-Bombast, als die vermeintlich todkranke Mimi (Anna Langner) pl\u00f6tzlich doch wieder aufersteht. Das Hauptproblem der L\u00fcneburger Produktion indes ist, dass diese Erz\u00e4hlung aus den 90er Jahren wie aus einer fernen Zeit d\u00fcnkt: Das Aids-Syndrom, an dem Dragqueen Angel Dumott Schunard (Soufjan Ibrahim) und der arbeitslose Uni-Dozent Tom Collins (Sjoerd Knol) erkrankt sind, ist heute medial l\u00e4ngst kein Thema mehr; Immobilienhaie, soziale Gerechtigkeit und K\u00fcnstlerarmut wirken in der Gesellschaft einer wohlsituierten Kleinstadt wie aus einer anderen Welt \u2013 und \u00fcber winterliche Heizungssorgen klagt im dritten ukrainischen Kriegswinter hierzulande auch niemand mehr. Was die Geschichte einfach nicht sonderlich publikumswirksam macht, zumal \u201eRent\u201c eben auf Rock- und Rapkl\u00e4nge setzt \u2013 nicht gerade die Musik, die im l\u00e4ndlichen Niedersachsen die Menschen massenweise hinterm Ofen hervorlockt.<\/p>\n\n\n<div  class=\"tpgb-wrap-956d14_13640  tpgb-wrap-fw \"  ><div id=\"956d14_13640\" class=\"tpgb-block-956d14_13640 tpgb-relative-block tpgb-gallery-list tpgb-metro gallery-style-2 hover-image-style-1   \" data-style=\"style-2\" data-id=\"956d14_13640\" data-layout=\"metro\" data-fancy-option='{\"loop\":false,\"thumb\":\"no\",\"infobar\":true,\"arrows\":true,\"transitionEffect\":\"slide\",\"button\":[\"close\"]}' data-splide='\"\"' data-metroAttr= '{\"metro_col\":3,\"tab_metro_col\":3,\"mobile_metro_col\":3,\"metro_style\":\"style-1\",\"tab_metro_style\":\"style-1\",\"mobile_metro_style\":\"style-1\"}' ><div class=\"tpgb-row post-loop-inner \"><div class=\"grid-item metro-item-0    tpgb-metro-1  tpgb-tab-metro-1  tpgb-mobile-metro-1 \"><a href=\"http:\/\/www.musical-today.de\/wp-content\/uploads\/2025\/12\/Rent-c-Jochen-Quast-10.jpg\" class=\"tpgb-gallery-list-content tpgb-trans-easeinout\" data-fancybox=\"956d14_13640\" data-caption=\"Foto: Jochen Quast\" aria-label=\"Foto: Jochen Quast\" target=\"_blank\" rel=\"noopener noreferrer nofollow\"><div class=\"post-content-image\"><div class=\"tpgb-metro-gallery-image\" style=\"background: url(https:\/\/www.musical-today.de\/wp-content\/uploads\/2025\/12\/Rent-c-Jochen-Quast-10.jpg);\"><\/div><\/div><div class=\"post-content-center\"><div class=\"post-zoom-icon\"><div class=\"meta-search-icon\"><span><img decoding=\"async\" class=\"fancy-img\" src=\"https:\/\/www.musical-today.de\/wp-content\/uploads\/2025\/12\/Rent-c-Jochen-Quast-10.jpg\" alt=\"Media Image1\" title=\"\"><i class=\"fas fa-search-plus pop-icon\"><\/i><\/span><\/div><\/div><div class=\"post-content-bottom\"><p class=\"post-title tpgb-trans-easeinout\">Foto: Jochen Quast<\/p><\/div><\/div><\/a><\/div><div class=\"grid-item metro-item-1    tpgb-metro-2  tpgb-tab-metro-2  tpgb-mobile-metro-2 \"><a href=\"http:\/\/www.musical-today.de\/wp-content\/uploads\/2025\/12\/Rent-c-Jochen-Quast-8.jpg\" class=\"tpgb-gallery-list-content tpgb-trans-easeinout\" data-fancybox=\"956d14_13640\" data-caption=\"Foto: Jochen Quast\" aria-label=\"Foto: Jochen Quast\" target=\"_blank\" rel=\"noopener noreferrer nofollow\"><div class=\"post-content-image\"><div class=\"tpgb-metro-gallery-image\" style=\"background: url(https:\/\/www.musical-today.de\/wp-content\/uploads\/2025\/12\/Rent-c-Jochen-Quast-8.jpg);\"><\/div><\/div><div class=\"post-content-center\"><div class=\"post-zoom-icon\"><div class=\"meta-search-icon\"><span><img decoding=\"async\" class=\"fancy-img\" src=\"https:\/\/www.musical-today.de\/wp-content\/uploads\/2025\/12\/Rent-c-Jochen-Quast-8.jpg\" alt=\"Media Image2\" title=\"\"><i class=\"fas fa-search-plus pop-icon\"><\/i><\/span><\/div><\/div><div class=\"post-content-bottom\"><p class=\"post-title tpgb-trans-easeinout\">Foto: Jochen Quast<\/p><\/div><\/div><\/a><\/div><div class=\"grid-item metro-item-2    tpgb-metro-3  tpgb-tab-metro-3  tpgb-mobile-metro-3 \"><a href=\"http:\/\/www.musical-today.de\/wp-content\/uploads\/2025\/12\/Rent-c-Jochen-Quast-6.jpg\" class=\"tpgb-gallery-list-content tpgb-trans-easeinout\" data-fancybox=\"956d14_13640\" data-caption=\"Foto: Jochen Quast\" aria-label=\"Foto: Jochen Quast\" target=\"_blank\" rel=\"noopener noreferrer nofollow\"><div class=\"post-content-image\"><div class=\"tpgb-metro-gallery-image\" style=\"background: url(https:\/\/www.musical-today.de\/wp-content\/uploads\/2025\/12\/Rent-c-Jochen-Quast-6.jpg);\"><\/div><\/div><div class=\"post-content-center\"><div class=\"post-zoom-icon\"><div class=\"meta-search-icon\"><span><img decoding=\"async\" class=\"fancy-img\" src=\"https:\/\/www.musical-today.de\/wp-content\/uploads\/2025\/12\/Rent-c-Jochen-Quast-6.jpg\" alt=\"Media Image3\" title=\"\"><i class=\"fas fa-search-plus pop-icon\"><\/i><\/span><\/div><\/div><div class=\"post-content-bottom\"><p class=\"post-title tpgb-trans-easeinout\">Foto: Jochen Quast<\/p><\/div><\/div><\/a><\/div><\/div><\/div><\/div>\n\n\n<p>Selbst wenn die f\u00fcnfk\u00f6pfige Band die Songs mehr als nur ordentlich musiziert und ebenso eindringlich wie gef\u00fchlvoll aufzuspielen vermag, kommt die Inszenierung von Intendant Friedrich von Mansberg und Ruud van Overdijk weit weniger \u201eflott\u201c daher. Das liegt keineswegs am lediglich auf karges Mauerwerk und das Bullaugenfenster der Mansarde reduzierten B\u00fchnenbild Barbara Blochs, die sich mit schlichten, szenisch pragmatischen Requisiten begn\u00fcgt und nicht nur mit den Telefonen und Kameras auf eine historische Gegenwart verweist. Nein, das Regieduo l\u00e4sst trotz reichlich Raum viel zu wenig Bewegung auf der gro\u00dfen B\u00fchne zu und vermag selbst so klassische Musicalthemen wie Liebe und Verlust nur bedingt herauszuarbeiten.<\/p>\n\n\n\n<p>Dabei haben die L\u00fcneburger f\u00fcr die acht tragenden Figuren sogar G\u00e4ste engagiert, wohlwissend um die k\u00fcnstlerischen Herausforderungen dieser Rollen. Allein: Auch diese Darstellerinnen und Darsteller bleiben \u00fcberwiegend blass, kommen selten \u00fcber schlichte Charakterzeichnungen hinaus \u2013 nicht zuletzt s\u00e4ngerisch, wo immer wieder harmonische Defizite h\u00f6rbar werden. Und dass es obendrein an Textverst\u00e4ndlichkeit hapert, l\u00e4sst einem die Personen und ihre Gef\u00fchle auch nicht n\u00e4herkommen. Positiv sticht lediglich Alexandra Nikolina als Maureen heraus, die durch darstellerische Hingabe und stimmliche Energie gleicherma\u00dfen zu \u00fcberzeugen vermag. Das trifft auch auf das Ensemble der Akademie Junges Musiktheater zu, dessen Gesang wirklich mitrei\u00dft \u2013 schade nur, dass sie es nicht schaffen, die anderen Akteure auf der B\u00fchne anzustecken &#8230;<\/p>\n\n\n\n<hr class=\"wp-block-separator has-alpha-channel-opacity is-style-dots\"\/>\n\n\n\n<p class=\"has-small-font-size\">Musikalische Leitung: Peter Foggitt \u2022 Regie: Friedrich von Mansberg und Ruud van Overdijk \u2022 Choreografie: Marta di Giulio \u2022 Ausstattung: Barbara Bloch \u2022 Video: M&amp;B Filmproduktion GbR \u2022 Licht: Dirk Glowalla \u2022 Sounddesign: Claire Pape \u2022 Mit: Ruud van Overdijk (Roger Davis), Lukas Witzel (Mark Cohen), Anna Langner (Mimi Marquez), Alexandra Nikolina (Maureen Johnson), Terja Diava (Joanne Jefferson), Sjoerd Knol (Tom Collins), Soufjan Ibrahim (Angel Dumott Schunard), Sascha Littig (Benjamin Coffin III.) \u2022 Ensemble der Akademie Junges Musiktheater \u2022 Band der L\u00fcneburger Symphoniker<\/p>\n\n\n\n<p class=\"has-small-font-size\">Aufmacherfoto: Jochen Quast<\/p>\n","protected":false},"excerpt":{"rendered":"<p>\u201eRent\u201c: versuchte Wiederbelebung eines einstigen Broadway-Hits in der deutschen Provinz Falsches St\u00fcck am falschen Ort zur falschen Zeit \u2013 oder wie anders l\u00e4sst es sich erkl\u00e4ren, wenn bereits in der ersten Vorstellung nach der \u201eRent\u201c-Premiere im Theater L\u00fcneburg gerade einmal jeder zweite Platz im Saal besetzt ist? Dabei hat Jonathan Larsons Musical eigentlich das Zeug zum Bestseller \u2013 am Broadway lief es zw\u00f6lf Jahre lang und spielte 280 Millionen Dollar ein \u2013, hat der US-Amerikaner doch f\u00fcr sein Werk Puccinis [&hellip;]<\/p>\n","protected":false},"author":36,"featured_media":13648,"comment_status":"closed","ping_status":"closed","sticky":false,"template":"","format":"standard","meta":{"tpgb_global_settings":"","footnotes":""},"categories":[89],"tags":[],"class_list":["post-13640","post","type-post","status-publish","format-standard","has-post-thumbnail","hentry","category-lueneburg"],"tpgb_featured_images":{"full":["https:\/\/www.musical-today.de\/wp-content\/uploads\/2025\/12\/Rent-c-Jochen-Quast-13.jpg",2000,1334,false],"tp-image-grid":["https:\/\/www.musical-today.de\/wp-content\/uploads\/2025\/12\/Rent-c-Jochen-Quast-13-700x700.jpg",700,700,true],"thumbnail":["https:\/\/www.musical-today.de\/wp-content\/uploads\/2025\/12\/Rent-c-Jochen-Quast-13-600x400.jpg",600,400,true],"medium":["https:\/\/www.musical-today.de\/wp-content\/uploads\/2025\/12\/Rent-c-Jochen-Quast-13-1200x800.jpg",1200,800,true],"medium_large":["https:\/\/www.musical-today.de\/wp-content\/uploads\/2025\/12\/Rent-c-Jochen-Quast-13-770x514.jpg",770,514,true],"large":["https:\/\/www.musical-today.de\/wp-content\/uploads\/2025\/12\/Rent-c-Jochen-Quast-13-1920x1281.jpg",1139,760,true],"default":"https:\/\/www.musical-today.de\/wp-content\/plugins\/the-plus-addons-for-block-editor\/assets\/images\/tpgb-placeholder.jpg"},"tpgb_post_meta_info":{"get_date":"11.12.2025","get_modified_date":"12.12.2025","category_list":{"category":[{"term_id":89,"name":"L\u00fcneburg","slug":"lueneburg","term_group":0,"term_taxonomy_id":89,"taxonomy":"category","description":"","parent":19,"count":7,"filter":"raw","term_order":"61"}],"post_tag":false,"post_format":false},"author_name":"Christoph Forsthoff","author_url":"https:\/\/www.musical-today.de\/en\/autor\/christophforsthoff\/","author_email":"temporary-removeFM60NosPo3lWRXT@tmp.com","author_website":"","author_description":"war Ressortleiter, Textchef und Blattmacher, u.a. bei der Financial Times Deutschland. Seit 2001 betreibt der Cello-Liebhaber sein netzwerk Redaktionsb\u00fcro und arbeitet als Kulturjournalist f\u00fcr Medien in Deutschland, \u00d6sterreich, Luxemburg und der Schweiz. Seine Liebe zu Mecklenburg-Vorpommern und den dortigen Festspielen m\u00fcndete 2010 in der Gr\u00fcndung des Forsthoff-Cellofonds.","author_facebook":"","author_twitter":"","author_instagram":"","author_role":["author"],"author_firstname":"Christoph","author_lastname":"Forsthoff","user_login":"christophforsthoff","author_avatar":"<img src=\"https:\/\/www.musical-today.de\/wp-content\/uploads\/2024\/03\/Autor_Forsthoff-293x293.jpg\" width=\"200\" height=\"200\" alt=\"Christoph Forsthoff\" class=\"avatar avatar-200 wp-user-avatar wp-user-avatar-200 alignnone photo\" \/>","author_avatar_url":"https:\/\/www.musical-today.de\/wp-content\/uploads\/2024\/03\/Autor_Forsthoff.jpg","comment_count":0,"post_likes":0,"post_views":0},"tpgb_post_category":{"category":"<a href=\"https:\/\/www.musical-today.de\/en\/deutschland\/lueneburg\/\" alt=\"L\u00fcneburg\"  class=\"category-lueneburg\">L\u00fcneburg<\/a> "},"_links":{"self":[{"href":"https:\/\/www.musical-today.de\/en\/wp-json\/wp\/v2\/posts\/13640","targetHints":{"allow":["GET"]}}],"collection":[{"href":"https:\/\/www.musical-today.de\/en\/wp-json\/wp\/v2\/posts"}],"about":[{"href":"https:\/\/www.musical-today.de\/en\/wp-json\/wp\/v2\/types\/post"}],"author":[{"embeddable":true,"href":"https:\/\/www.musical-today.de\/en\/wp-json\/wp\/v2\/users\/36"}],"replies":[{"embeddable":true,"href":"https:\/\/www.musical-today.de\/en\/wp-json\/wp\/v2\/comments?post=13640"}],"version-history":[{"count":2,"href":"https:\/\/www.musical-today.de\/en\/wp-json\/wp\/v2\/posts\/13640\/revisions"}],"predecessor-version":[{"id":13651,"href":"https:\/\/www.musical-today.de\/en\/wp-json\/wp\/v2\/posts\/13640\/revisions\/13651"}],"wp:featuredmedia":[{"embeddable":true,"href":"https:\/\/www.musical-today.de\/en\/wp-json\/wp\/v2\/media\/13648"}],"wp:attachment":[{"href":"https:\/\/www.musical-today.de\/en\/wp-json\/wp\/v2\/media?parent=13640"}],"wp:term":[{"taxonomy":"category","embeddable":true,"href":"https:\/\/www.musical-today.de\/en\/wp-json\/wp\/v2\/categories?post=13640"},{"taxonomy":"post_tag","embeddable":true,"href":"https:\/\/www.musical-today.de\/en\/wp-json\/wp\/v2\/tags?post=13640"}],"curies":[{"name":"wp","href":"https:\/\/api.w.org\/{rel}","templated":true}]}}