{"id":13646,"date":"2025-12-11T23:45:00","date_gmt":"2025-12-11T22:45:00","guid":{"rendered":"https:\/\/www.musical-today.de\/?p=13646"},"modified":"2025-12-12T01:48:18","modified_gmt":"2025-12-12T00:48:18","slug":"charlie-und-die-schokoladenfabrik","status":"publish","type":"post","link":"https:\/\/www.musical-today.de\/en\/charlie-und-die-schokoladenfabrik\/","title":{"rendered":"Charlie und die Schokoladenfabrik"},"content":{"rendered":"<div class=\"lets-info-up-wrap  lets-info-up--right lets-info-up--m-1 lets-info-up-skin-3 lets-info-up--side lets-info-up-42516\" style=\"background:#fafafa; color: #616161\">\t\t\t<div class=\"lets-info-up\">\r\n\t\t\t<div class=\"lets-info-up-fi\"><img decoding=\"async\" width=\"500\" height=\"333\" src=\"https:\/\/www.musical-today.de\/wp-content\/uploads\/2024\/01\/qi-addons-for-elementor-placeholder-500x333.png\" class=\"attachment-lets-info-up-d1 size-lets-info-up-d1\" alt=\"|\" srcset=\"https:\/\/www.musical-today.de\/wp-content\/uploads\/2024\/01\/qi-addons-for-elementor-placeholder-500x333.png 500w, https:\/\/www.musical-today.de\/wp-content\/uploads\/2024\/01\/qi-addons-for-elementor-placeholder-300x200.png 300w, https:\/\/www.musical-today.de\/wp-content\/uploads\/2024\/01\/qi-addons-for-elementor-placeholder-1024x683.png 1024w, https:\/\/www.musical-today.de\/wp-content\/uploads\/2024\/01\/qi-addons-for-elementor-placeholder-883x589.png 883w, https:\/\/www.musical-today.de\/wp-content\/uploads\/2024\/01\/qi-addons-for-elementor-placeholder-18x12.png 18w, https:\/\/www.musical-today.de\/wp-content\/uploads\/2024\/01\/qi-addons-for-elementor-placeholder-360x240.png 360w, https:\/\/www.musical-today.de\/wp-content\/uploads\/2024\/01\/qi-addons-for-elementor-placeholder-1155x770.png 1155w, https:\/\/www.musical-today.de\/wp-content\/uploads\/2024\/01\/qi-addons-for-elementor-placeholder-370x247.png 370w, https:\/\/www.musical-today.de\/wp-content\/uploads\/2024\/01\/qi-addons-for-elementor-placeholder-770x513.png 770w, https:\/\/www.musical-today.de\/wp-content\/uploads\/2024\/01\/qi-addons-for-elementor-placeholder-293x195.png 293w, https:\/\/www.musical-today.de\/wp-content\/uploads\/2024\/01\/qi-addons-for-elementor-placeholder-120x80.png 120w, https:\/\/www.musical-today.de\/wp-content\/uploads\/2024\/01\/qi-addons-for-elementor-placeholder-240x160.png 240w, https:\/\/www.musical-today.de\/wp-content\/uploads\/2024\/01\/qi-addons-for-elementor-placeholder-390x260.png 390w, https:\/\/www.musical-today.de\/wp-content\/uploads\/2024\/01\/qi-addons-for-elementor-placeholder.png 1200w\" sizes=\"(max-width: 500px) 100vw, 500px\" title=\"\"><\/div>\t\t\t<div class=\"lets-info-up-block-wrap\">\r\n\t\t\t\t<div class=\"lets-info-up-block lets-info-up-meta-block\"><div class=\"lets-info-up-meta-title lets-info-up-pretitle font-h\" style=\"color: #8c6d18;\">oRT<\/div><div class=\"lets-info-up-meta-content lets-info-up-title font-b\">Theater Regensburg<\/div><\/div><div class=\"lets-info-up-block lets-info-up-meta-block\"><div class=\"lets-info-up-meta-title lets-info-up-pretitle font-h\" style=\"color: #8c6d18;\">von<\/div><div class=\"lets-info-up-meta-content lets-info-up-title font-b\">Marc Shaiman (Musik)<br>David Greig (Buch)<br>Scott Wittman und Marc Shaiman (Liedtexte)<br>Leslie Bricusse und Anthony Newley (Songs aus dem Film)<br>Christian Poewe (Deutsche Fassung)<\/div><\/div><div class=\"lets-info-up-block lets-info-up-meta-block\"><div class=\"lets-info-up-meta-title lets-info-up-pretitle font-h\" style=\"color: #8c6d18;\">Regie<\/div><div class=\"lets-info-up-meta-content lets-info-up-title font-b\">Ulrich Wiggers <\/div><\/div><div class=\"lets-info-up-block lets-info-up-meta-block\"><div class=\"lets-info-up-meta-title lets-info-up-pretitle font-h\" style=\"color: #8c6d18;\">Urauff\u00fchrung<\/div><div class=\"lets-info-up-meta-content lets-info-up-title font-b\">2013<\/div><\/div><div class=\"lets-info-up-block lets-info-up-meta-block\"><div class=\"lets-info-up-meta-title lets-info-up-pretitle font-h\" style=\"color: #8c6d18;\">INFOS<\/div><div class=\"lets-info-up-meta-content lets-info-up-title font-b\"><a href=\"https:\/\/www.theaterregensburg.de\/produktionen\/charlie-und-die-schokoladenfabrik.html\" data-type=\"link\" target=\"_blank\" rel=\"noopener noreferrer nofollow\">www.theaterregensburg.de<\/a><\/div><\/div>\t\t\t<\/div>\r\n\t\t\t<\/div>\r\n\t\t<\/div>\r\n\t\t\n\n\n<p><strong>Die deutschsprachige Erstauff\u00fchrung von \u201eCharlie und die Schokoladenfabrik\u201c ist knallbunt und bildm\u00e4chtig<\/strong><\/p>\n\n\n\n<p>\u201eRettet die Erde\u201c, verlautet ein beliebter Spruch, \u201ees ist der einzige Planet, wo es Schokolade gibt!\u201c Klimasch\u00fctzer, die diesen reichlich beliebigen Gag auf ihre Agenda anwenden, w\u00fcrden sich von \u201eCharlie und die Schokoladenfabrik\u201c ebenso bezaubern lassen wie andere Besucher. In Regensburg erlebt das von Marc Shaiman und Scott Wittman nach Roald Dahls Kinderbuch-Klassiker verfasste Musical seine umjubelte deutschsprachige Erstauff\u00fchrung.<\/p>\n\n\n\n<p>Mit der Inszenierung von Ulrich Wiggers setzt das Oberpf\u00e4lzer Theater den Reigen an Erstauff\u00fchrungen fort, f\u00fcr die es bereits mehrfach mit Preisen im Fach Musical ausgezeichnet worden ist. Die Geschichte vom armen, aber neugierigen und fantasiebegabten Schuljungen Charlie Bucket, der zum Nachfolger des Chocolatiers und Fabrikbesitzers Willy Wonka aufsteigt, ist ein knallbuntes, m\u00e4rchenhaftes Erlebnis mit \u00fcberzeugenden Stimmen. Musikalisch eindrucksvoll in Szene gesetzt wird es von Dirigentin Lucia Birzer. Die leitmotivisch Figurengruppen zugeordneten Themen der Partitur umspannen swingende Bigband-Sounds, soulige und Disco-Parts bis hin zu folkloristisch anmutenden Kl\u00e4ngen bayerischer Provenienz. Birzer schafft damit schwungvoll einen stimmungsvollen Raum, in dem sich das B\u00fchnengeschehen optimal entfalten kann.<\/p>\n\n\n\n<p>Das gro\u00dffl\u00e4chige B\u00fchnenbild, eine gigantische Schokoladentafel, mutiert mittels Hebeb\u00fchne zur zugigen Holzh\u00fctte, Charlies Zuhause, und zum verf\u00fchrerischen S\u00fc\u00dfigkeiten-Shop. Hier tr\u00e4umt der Junge von s\u00fc\u00dfen Kreationen und einem Besuch in der seit Jahren geschlossenen Fabrik, in der einst sein Gro\u00dfvater Joe besch\u00e4ftigt war und die seltsamerweise immer noch massenweise Schokolade ausspuckt.<\/p>\n\n\n<div  class=\"tpgb-wrap-956d14_13646  tpgb-wrap-fw \"  ><div id=\"956d14_13646\" class=\"tpgb-block-956d14_13646 tpgb-relative-block tpgb-gallery-list tpgb-metro gallery-style-2 hover-image-style-1   \" data-style=\"style-2\" data-id=\"956d14_13646\" data-layout=\"metro\" data-fancy-option='{\"loop\":false,\"thumb\":\"no\",\"infobar\":true,\"arrows\":true,\"transitionEffect\":\"slide\",\"button\":[\"close\"]}' data-splide='\"\"' data-metroAttr= '{\"metro_col\":3,\"tab_metro_col\":3,\"mobile_metro_col\":3,\"metro_style\":\"style-1\",\"tab_metro_style\":\"style-1\",\"mobile_metro_style\":\"style-1\"}' ><div class=\"tpgb-row post-loop-inner \"><div class=\"grid-item metro-item-0    tpgb-metro-1  tpgb-tab-metro-1  tpgb-mobile-metro-1 \"><a href=\"http:\/\/www.musical-today.de\/wp-content\/uploads\/2025\/12\/8_cMarie-Liebig_Alejandro-Nicolas-Firlei-Fernandez-und-Ensemble.jpg\" class=\"tpgb-gallery-list-content tpgb-trans-easeinout\" data-fancybox=\"956d14_13646\" data-caption=\"Foto: Marie Liebig\" aria-label=\"Foto: Marie Liebig\" target=\"_blank\" rel=\"noopener noreferrer nofollow\"><div class=\"post-content-image\"><div class=\"tpgb-metro-gallery-image\" style=\"background: url(https:\/\/www.musical-today.de\/wp-content\/uploads\/2025\/12\/8_cMarie-Liebig_Alejandro-Nicolas-Firlei-Fernandez-und-Ensemble.jpg);\"><\/div><\/div><div class=\"post-content-center\"><div class=\"post-zoom-icon\"><div class=\"meta-search-icon\"><span><img decoding=\"async\" class=\"fancy-img\" src=\"https:\/\/www.musical-today.de\/wp-content\/uploads\/2025\/12\/8_cMarie-Liebig_Alejandro-Nicolas-Firlei-Fernandez-und-Ensemble.jpg\" alt=\"Media Image1\" title=\"\"><i class=\"fas fa-search-plus pop-icon\"><\/i><\/span><\/div><\/div><div class=\"post-content-bottom\"><p class=\"post-title tpgb-trans-easeinout\">Foto: Marie Liebig<\/p><\/div><\/div><\/a><\/div><div class=\"grid-item metro-item-1    tpgb-metro-2  tpgb-tab-metro-2  tpgb-mobile-metro-2 \"><a href=\"http:\/\/www.musical-today.de\/wp-content\/uploads\/2025\/12\/7cMarie-Liebig_MAria-Mucha-Felix-Rabas-David-Holz-Christiana-Wimber-Andrea-Dohnicht-Pruditsch-und-Tom-Zahner.jpg\" class=\"tpgb-gallery-list-content tpgb-trans-easeinout\" data-fancybox=\"956d14_13646\" data-caption=\"Foto: Marie Liebig\" aria-label=\"Foto: Marie Liebig\" target=\"_blank\" rel=\"noopener noreferrer nofollow\"><div class=\"post-content-image\"><div class=\"tpgb-metro-gallery-image\" style=\"background: url(https:\/\/www.musical-today.de\/wp-content\/uploads\/2025\/12\/7cMarie-Liebig_MAria-Mucha-Felix-Rabas-David-Holz-Christiana-Wimber-Andrea-Dohnicht-Pruditsch-und-Tom-Zahner.jpg);\"><\/div><\/div><div class=\"post-content-center\"><div class=\"post-zoom-icon\"><div class=\"meta-search-icon\"><span><img decoding=\"async\" class=\"fancy-img\" src=\"https:\/\/www.musical-today.de\/wp-content\/uploads\/2025\/12\/7cMarie-Liebig_MAria-Mucha-Felix-Rabas-David-Holz-Christiana-Wimber-Andrea-Dohnicht-Pruditsch-und-Tom-Zahner.jpg\" alt=\"Media Image2\" title=\"\"><i class=\"fas fa-search-plus pop-icon\"><\/i><\/span><\/div><\/div><div class=\"post-content-bottom\"><p class=\"post-title tpgb-trans-easeinout\">Foto: Marie Liebig<\/p><\/div><\/div><\/a><\/div><div class=\"grid-item metro-item-2    tpgb-metro-3  tpgb-tab-metro-3  tpgb-mobile-metro-3 \"><a href=\"http:\/\/www.musical-today.de\/wp-content\/uploads\/2025\/12\/3_cMarie-Liebig_Ensemble.jpg\" class=\"tpgb-gallery-list-content tpgb-trans-easeinout\" data-fancybox=\"956d14_13646\" data-caption=\"Foto: Marie Liebig\" aria-label=\"Foto: Marie Liebig\" target=\"_blank\" rel=\"noopener noreferrer nofollow\"><div class=\"post-content-image\"><div class=\"tpgb-metro-gallery-image\" style=\"background: url(https:\/\/www.musical-today.de\/wp-content\/uploads\/2025\/12\/3_cMarie-Liebig_Ensemble.jpg);\"><\/div><\/div><div class=\"post-content-center\"><div class=\"post-zoom-icon\"><div class=\"meta-search-icon\"><span><img decoding=\"async\" class=\"fancy-img\" src=\"https:\/\/www.musical-today.de\/wp-content\/uploads\/2025\/12\/3_cMarie-Liebig_Ensemble.jpg\" alt=\"Media Image3\" title=\"\"><i class=\"fas fa-search-plus pop-icon\"><\/i><\/span><\/div><\/div><div class=\"post-content-bottom\"><p class=\"post-title tpgb-trans-easeinout\">Foto: Marie Liebig<\/p><\/div><\/div><\/a><\/div><\/div><\/div><\/div>\n\n\n<p>Mit in Tafeln versteckten, goldenen Tickets lockt der alternde Wonka f\u00fcnf Gewinner-Kinder in sein geheimnisvolles Fantasiereich aus unendlich S\u00fc\u00dfkram, m\u00e4chtigen Maschinen und schwerer Arbeit. Ausgef\u00fchrt wird diese von putzigen Eichh\u00f6rnchen und den roboterhaften Umpa Lumpas. Bis auf Charlie sind die psychisch und sozial auff\u00e4lligen Kinder mitsamt ihren miesen elterlichen Vorbildern heillos bis zur Karikatur \u00fcberzeichnet. Ob der verfressene bayerische Sohn Augustus Gier eher zuf\u00e4llig an den dauernd W\u00fcrste verzehrenden bayerischen Ministerpr\u00e4sidenten erinnert, bleibt das Geheimnis des Regisseurs. Assoziationen an gesellschaftliche Klischees stellen sich aber auch bei der gierigen russischen Ballettt\u00e4nzerin Veruca Snob, der selbsts\u00fcchtigen Violet Beauregarde und dem aufgeblasenen Technikfreak Mike Glotzer ein.<\/p>\n\n\n\n<p>Allesamt werden sie im zunehmend d\u00fcsteren zweiten Teil bei der F\u00fchrung durch Wonkas Fabrik aus dem Weg geschafft, fallen ihren Lastern zum Opfer. Ausgenommen nat\u00fcrlich Charlie \u2013 der wird schlie\u00dflich Erbe und Nachfolger des in Visionen schwelgenden Eigent\u00fcmers. Dessen eigentlich kaltbl\u00fctig-gruseliges Verhalten den Kindern gegen\u00fcber wird durch die fantasievollen Kost\u00fcme und Spiele grotesk \u00fcberlagert. Wortwitz und kleine versteckte Sprachspiele verpassen der optisch manchmal fast \u00fcberbordenden und bis in die Nebenrollen hervorragend besetzten Inszenierung intellektuellen Esprit.<\/p>\n\n\n\n<p>Stimmlich \u00fcberzeugen Chor und Solisten, allen voran der mitrei\u00dfende Alejandro Nicol\u00e1s Firlei Fern\u00e1ndez. Mit der vollen Breite und Tiefe seines spielerischen und gesanglichen K\u00f6nnens gibt er Willy Wonka eine machtvolle Kontur und l\u00e4sst den lebhaften Felix Rabas als Charlie gelegentlich ein wenig blass erscheinen. Ein bildm\u00e4chtiges Erlebnis, das unweigerlich hineinzieht und erst mit dem aufbrausenden Beifall langsam wieder aus seinem Bann entl\u00e4sst.<\/p>\n\n\n\n<hr class=\"wp-block-separator has-alpha-channel-opacity is-style-dots\"\/>\n\n\n\n<p class=\"has-small-font-size\">Musikalische Leitung: Lucia Birzer \u2022 Regie: Ulrich Wiggers \u2022 Choreografie: Yvonne Braschke \u2022 Ausstattung: Kristopher Kempf \u2022 Licht: Ulrich Wiggers und Maximilian Spielvogel \u2022 Choreinstudierung: Lucia Birzer \u2022 Mit: Alejandro Nicol\u00e1s Firlei Fern\u00e1ndez (Willy Wonka), Felix Rabas (Charlie Bucket), Tom Zahner (Grandpa Joe), Maria Mucha (Frau Bucket), Andrea Dohnicht-Pruditsch (Grandma Josephine), Christiana Wimber (Grandma Georgina), David Holz (Grandpa George), Esther Baar (Frau Gier), Vincent Treftz (Augustus Gier), Konstantin Igl (Herr Snob), Monika Schweighofer (Veruca Snob), Jakob Hoffmann (Herr Beauregarde), Friederike Bauer (Violet Beauregarde), Christian Rosprim (Mike Glotzer), Fabiana Locke (Frau Glotzer), Beata Mart\u00ed Fern\u00e1ndez Paix\u00e0 (Frau Gr\u00fcn), Maria Magdalena Fleck (Cherry), Malte Flierenbaum (Jerry) u.a. \u2022 Opernchor des Theaters Regensburg und Cantemus Chor \u2022 Philharmonisches Orchester Regensburg<\/p>\n\n\n\n<p class=\"has-small-font-size\">Aufmacherfoto: Marie Liebig<\/p>\n","protected":false},"excerpt":{"rendered":"<p>Die deutschsprachige Erstauff\u00fchrung von \u201eCharlie und die Schokoladenfabrik\u201c ist knallbunt und bildm\u00e4chtig \u201eRettet die Erde\u201c, verlautet ein beliebter Spruch, \u201ees ist der einzige Planet, wo es Schokolade gibt!\u201c Klimasch\u00fctzer, die diesen reichlich beliebigen Gag auf ihre Agenda anwenden, w\u00fcrden sich von \u201eCharlie und die Schokoladenfabrik\u201c ebenso bezaubern lassen wie andere Besucher. In Regensburg erlebt das von Marc Shaiman und Scott Wittman nach Roald Dahls Kinderbuch-Klassiker verfasste Musical seine umjubelte deutschsprachige Erstauff\u00fchrung. Mit der Inszenierung von Ulrich Wiggers setzt das Oberpf\u00e4lzer [&hellip;]<\/p>\n","protected":false},"author":65,"featured_media":13653,"comment_status":"closed","ping_status":"closed","sticky":false,"template":"","format":"standard","meta":{"tpgb_global_settings":"","footnotes":""},"categories":[174],"tags":[],"class_list":["post-13646","post","type-post","status-publish","format-standard","has-post-thumbnail","hentry","category-regensburg"],"tpgb_featured_images":{"full":["https:\/\/www.musical-today.de\/wp-content\/uploads\/2025\/12\/5_cMarie-Liebig_Felix-Rabas-Alejandro-Nicolas-Firlei-Fernandez-und-Vincent-Tretz_2.jpg",2000,1333,false],"tp-image-grid":["https:\/\/www.musical-today.de\/wp-content\/uploads\/2025\/12\/5_cMarie-Liebig_Felix-Rabas-Alejandro-Nicolas-Firlei-Fernandez-und-Vincent-Tretz_2-700x700.jpg",700,700,true],"thumbnail":["https:\/\/www.musical-today.de\/wp-content\/uploads\/2025\/12\/5_cMarie-Liebig_Felix-Rabas-Alejandro-Nicolas-Firlei-Fernandez-und-Vincent-Tretz_2-600x400.jpg",600,400,true],"medium":["https:\/\/www.musical-today.de\/wp-content\/uploads\/2025\/12\/5_cMarie-Liebig_Felix-Rabas-Alejandro-Nicolas-Firlei-Fernandez-und-Vincent-Tretz_2-1200x800.jpg",1200,800,true],"medium_large":["https:\/\/www.musical-today.de\/wp-content\/uploads\/2025\/12\/5_cMarie-Liebig_Felix-Rabas-Alejandro-Nicolas-Firlei-Fernandez-und-Vincent-Tretz_2-770x513.jpg",770,513,true],"large":["https:\/\/www.musical-today.de\/wp-content\/uploads\/2025\/12\/5_cMarie-Liebig_Felix-Rabas-Alejandro-Nicolas-Firlei-Fernandez-und-Vincent-Tretz_2-1920x1280.jpg",1139,759,true],"default":"https:\/\/www.musical-today.de\/wp-content\/plugins\/the-plus-addons-for-block-editor\/assets\/images\/tpgb-placeholder.jpg"},"tpgb_post_meta_info":{"get_date":"11.12.2025","get_modified_date":"12.12.2025","category_list":{"category":[{"term_id":174,"name":"Regensburg","slug":"regensburg","term_group":0,"term_taxonomy_id":174,"taxonomy":"category","description":"","parent":19,"count":5,"filter":"raw","term_order":"83"}],"post_tag":false,"post_format":false},"author_name":"Michael Scheiner","author_url":"https:\/\/www.musical-today.de\/en\/autor\/michaelscheiner\/","author_email":"scheiner@musical-today.de","author_website":"","author_description":"","author_facebook":"","author_twitter":"","author_instagram":"","author_role":["subscriber"],"author_firstname":"Michael","author_lastname":"Scheiner","user_login":"michaelscheiner","author_avatar":"<img src=\"https:\/\/www.musical-today.de\/wp-content\/uploads\/2024\/03\/434034552_122093726612266069_5386620108228489486_n-293x293.jpg\" width=\"200\" height=\"200\" alt=\"Michael Scheiner\" class=\"avatar avatar-200 wp-user-avatar wp-user-avatar-200 alignnone photo\" \/>","author_avatar_url":"https:\/\/www.musical-today.de\/wp-content\/uploads\/2024\/03\/434034552_122093726612266069_5386620108228489486_n.jpg","comment_count":0,"post_likes":0,"post_views":0},"tpgb_post_category":{"category":"<a href=\"https:\/\/www.musical-today.de\/en\/deutschland\/regensburg\/\" alt=\"Regensburg\"  class=\"category-regensburg\">Regensburg<\/a> "},"_links":{"self":[{"href":"https:\/\/www.musical-today.de\/en\/wp-json\/wp\/v2\/posts\/13646","targetHints":{"allow":["GET"]}}],"collection":[{"href":"https:\/\/www.musical-today.de\/en\/wp-json\/wp\/v2\/posts"}],"about":[{"href":"https:\/\/www.musical-today.de\/en\/wp-json\/wp\/v2\/types\/post"}],"author":[{"embeddable":true,"href":"https:\/\/www.musical-today.de\/en\/wp-json\/wp\/v2\/users\/65"}],"replies":[{"embeddable":true,"href":"https:\/\/www.musical-today.de\/en\/wp-json\/wp\/v2\/comments?post=13646"}],"version-history":[{"count":2,"href":"https:\/\/www.musical-today.de\/en\/wp-json\/wp\/v2\/posts\/13646\/revisions"}],"predecessor-version":[{"id":13652,"href":"https:\/\/www.musical-today.de\/en\/wp-json\/wp\/v2\/posts\/13646\/revisions\/13652"}],"wp:featuredmedia":[{"embeddable":true,"href":"https:\/\/www.musical-today.de\/en\/wp-json\/wp\/v2\/media\/13653"}],"wp:attachment":[{"href":"https:\/\/www.musical-today.de\/en\/wp-json\/wp\/v2\/media?parent=13646"}],"wp:term":[{"taxonomy":"category","embeddable":true,"href":"https:\/\/www.musical-today.de\/en\/wp-json\/wp\/v2\/categories?post=13646"},{"taxonomy":"post_tag","embeddable":true,"href":"https:\/\/www.musical-today.de\/en\/wp-json\/wp\/v2\/tags?post=13646"}],"curies":[{"name":"wp","href":"https:\/\/api.w.org\/{rel}","templated":true}]}}