{"id":13731,"date":"2025-12-22T22:24:06","date_gmt":"2025-12-22T21:24:06","guid":{"rendered":"https:\/\/www.musical-today.de\/?p=13731"},"modified":"2025-12-22T23:17:09","modified_gmt":"2025-12-22T22:17:09","slug":"hagen-flashdance","status":"publish","type":"post","link":"https:\/\/www.musical-today.de\/en\/hagen-flashdance\/","title":{"rendered":"Flashdance"},"content":{"rendered":"<div class=\"lets-info-up-wrap  lets-info-up--right lets-info-up--m-1 lets-info-up-skin-3 lets-info-up--side lets-info-up-67393\" style=\"background:#fafafa; color: #616161\">\t\t\t<div class=\"lets-info-up\">\r\n\t\t\t<div class=\"lets-info-up-fi\"><img decoding=\"async\" width=\"500\" height=\"333\" src=\"https:\/\/www.musical-today.de\/wp-content\/uploads\/2024\/01\/qi-addons-for-elementor-placeholder-500x333.png\" class=\"attachment-lets-info-up-d1 size-lets-info-up-d1\" alt=\"|\" srcset=\"https:\/\/www.musical-today.de\/wp-content\/uploads\/2024\/01\/qi-addons-for-elementor-placeholder-500x333.png 500w, https:\/\/www.musical-today.de\/wp-content\/uploads\/2024\/01\/qi-addons-for-elementor-placeholder-300x200.png 300w, https:\/\/www.musical-today.de\/wp-content\/uploads\/2024\/01\/qi-addons-for-elementor-placeholder-1024x683.png 1024w, https:\/\/www.musical-today.de\/wp-content\/uploads\/2024\/01\/qi-addons-for-elementor-placeholder-883x589.png 883w, https:\/\/www.musical-today.de\/wp-content\/uploads\/2024\/01\/qi-addons-for-elementor-placeholder-18x12.png 18w, https:\/\/www.musical-today.de\/wp-content\/uploads\/2024\/01\/qi-addons-for-elementor-placeholder-360x240.png 360w, https:\/\/www.musical-today.de\/wp-content\/uploads\/2024\/01\/qi-addons-for-elementor-placeholder-1155x770.png 1155w, https:\/\/www.musical-today.de\/wp-content\/uploads\/2024\/01\/qi-addons-for-elementor-placeholder-370x247.png 370w, https:\/\/www.musical-today.de\/wp-content\/uploads\/2024\/01\/qi-addons-for-elementor-placeholder-770x513.png 770w, https:\/\/www.musical-today.de\/wp-content\/uploads\/2024\/01\/qi-addons-for-elementor-placeholder-293x195.png 293w, https:\/\/www.musical-today.de\/wp-content\/uploads\/2024\/01\/qi-addons-for-elementor-placeholder-120x80.png 120w, https:\/\/www.musical-today.de\/wp-content\/uploads\/2024\/01\/qi-addons-for-elementor-placeholder-240x160.png 240w, https:\/\/www.musical-today.de\/wp-content\/uploads\/2024\/01\/qi-addons-for-elementor-placeholder-390x260.png 390w, https:\/\/www.musical-today.de\/wp-content\/uploads\/2024\/01\/qi-addons-for-elementor-placeholder.png 1200w\" sizes=\"(max-width: 500px) 100vw, 500px\" title=\"\"><\/div>\t\t\t<div class=\"lets-info-up-block-wrap\">\r\n\t\t\t\t<div class=\"lets-info-up-block lets-info-up-meta-block\"><div class=\"lets-info-up-meta-title lets-info-up-pretitle font-h\" style=\"color: #8c6d18;\">oRT<\/div><div class=\"lets-info-up-meta-content lets-info-up-title font-b\">Theater Hagen<\/div><\/div><div class=\"lets-info-up-block lets-info-up-meta-block\"><div class=\"lets-info-up-meta-title lets-info-up-pretitle font-h\" style=\"color: #8c6d18;\">von<\/div><div class=\"lets-info-up-meta-content lets-info-up-title font-b\">Robbie Roth (Musik)<br>Tom Hedley und Robert Cary (Buch)<br>Robert Cary und Robbie Roth (Liedtexte)<br>Anja Hauptmann (Deutsche Fassung)<\/div><\/div><div class=\"lets-info-up-block lets-info-up-meta-block\"><div class=\"lets-info-up-meta-title lets-info-up-pretitle font-h\" style=\"color: #8c6d18;\">Regie<\/div><div class=\"lets-info-up-meta-content lets-info-up-title font-b\">Florian Mahlberg<\/div><\/div><div class=\"lets-info-up-block lets-info-up-meta-block\"><div class=\"lets-info-up-meta-title lets-info-up-pretitle font-h\" style=\"color: #8c6d18;\">Urauff\u00fchrung<\/div><div class=\"lets-info-up-meta-content lets-info-up-title font-b\">2008<\/div><\/div><div class=\"lets-info-up-block lets-info-up-meta-block\"><div class=\"lets-info-up-meta-title lets-info-up-pretitle font-h\" style=\"color: #8c6d18;\">INFOS<\/div><div class=\"lets-info-up-meta-content lets-info-up-title font-b\"><a href=\"https:\/\/www.theaterhagen.de\/veranstaltung\/flashdance-1929\/0\/show\/Play\" target=\"_blank\" data-type=\"link\" rel=\"noreferrer noopener\">www.theaterhagen.de<\/a><\/div><\/div>\t\t\t<\/div>\r\n\t\t\t<\/div>\r\n\t\t<\/div>\r\n\t\t\n\n\n<p><strong>Einspringerin Katharina Wollmann rettet \u201eFlashdance\u201c<\/strong><\/p>\n\n\n\n<p>Selten d\u00fcrfte ein Publikum im Finale von \u201eFlashdance\u201c so sehr mitgefiebert haben wie hier am Theater Hagen. Denn die dritte Vorstellung dieser Neuinszenierung ist quasi noch einmal eine zweite Premiere, vor allem f\u00fcr Hauptdarstellerin Katharina Wollmann. Eigentlich in der Nebenrolle der Kiki besetzt, steht sie nach der krankheitsbedingten Absage ihrer gefeierten Kollegin Juliette Lapouthe n\u00e4mlich auf einmal selbst als Cover zentral im Rampenlicht \u2013 ohne eine einzige B\u00fchnenprobe!<\/p>\n\n\n\n<p>Und so geht es bei der ber\u00fchmten Audition-Szene nicht nur f\u00fcr die tanzbegeisterte Schwei\u00dferin Alex ums Ganze, sondern auch f\u00fcr ihre Darstellerin. Schlie\u00dflich hat das Publikum den ganzen Abend gemeinsam mit ihr diesem Moment entgegengefiebert: der ber\u00fchmten Tanzszene zu \u201eWhat a Feeling\u201c, mit der Wollmann am Ende nicht nur die Jury der Elite-Ballettschule \u00fcberzeugt, sondern auch das Publikum aus den Sitzen rei\u00dft. Denn auch wenn der Weg zur Primaballerina f\u00fcr den Rohdiamanten Alex noch weit ist, die Leidenschaft daf\u00fcr spricht bei ihr aus jeder Bewegung.<\/p>\n\n\n\n<p>Dass Wollmann bei diesem unerwarteten Rollendeb\u00fct derart abliefern kann, verdient h\u00f6chste Bewunderung. Es spricht aber auch f\u00fcr die Produktion selbst und die hier zusammengewachsene Theaterfamilie, die sich gegenseitig durch den Abend tr\u00e4gt. Denn h\u00e4tte es nicht die Ansage vor dem Vorhang gegeben, w\u00e4re wohl kaum jemandem im Saal aufgefallen, dass noch in letzter Sekunde Kost\u00fcme angepasst und Choreografien leicht justiert werden mussten. Die Show l\u00e4uft wie eine gut ge\u00f6lte Maschine: angefangen beim beinahe filmisch anmutenden Er\u00f6ffnungsbild, in dem Alex auf dem Fahrrad mit ausgebreiteten Armen ihren Tr\u00e4umen nachh\u00e4ngt, bis hin zur ersten Fabrikszene, wo Regisseur Florian Mahlberg im wahrsten Sinne die Funken fliegen l\u00e4sst.<\/p>\n\n\n<div  class=\"tpgb-wrap-956d14_13731  tpgb-wrap-fw \"  ><div id=\"956d14_13731\" class=\"tpgb-block-956d14_13731 tpgb-relative-block tpgb-gallery-list tpgb-metro gallery-style-2 hover-image-style-1   \" data-style=\"style-2\" data-id=\"956d14_13731\" data-layout=\"metro\" data-fancy-option='{\"loop\":false,\"thumb\":\"no\",\"infobar\":true,\"arrows\":true,\"transitionEffect\":\"slide\",\"button\":[\"close\"]}' data-splide='\"\"' data-metroAttr= '{\"metro_col\":3,\"tab_metro_col\":3,\"mobile_metro_col\":3,\"metro_style\":\"style-1\",\"tab_metro_style\":\"style-1\",\"mobile_metro_style\":\"style-1\"}' ><div class=\"tpgb-row post-loop-inner \"><div class=\"grid-item metro-item-0    tpgb-metro-1  tpgb-tab-metro-1  tpgb-mobile-metro-1 \"><a href=\"https:\/\/www.musical-today.de\/wp-content\/uploads\/2025\/12\/8_FlashDance_HP2_006.jpg\" class=\"tpgb-gallery-list-content tpgb-trans-easeinout\" data-fancybox=\"956d14_13731\" data-caption=\"Foto: Bj\u00f6rn Hickmann\" aria-label=\"Foto: Bj\u00f6rn Hickmann\"><div class=\"post-content-image\"><div class=\"tpgb-metro-gallery-image\" style=\"background: url(https:\/\/www.musical-today.de\/wp-content\/uploads\/2025\/12\/8_FlashDance_HP2_006.jpg);\"><\/div><\/div><div class=\"post-content-center\"><div class=\"post-zoom-icon\"><div class=\"meta-search-icon\"><span><img decoding=\"async\" class=\"fancy-img\" src=\"https:\/\/www.musical-today.de\/wp-content\/uploads\/2025\/12\/8_FlashDance_HP2_006.jpg\" alt=\"Media Image1\" title=\"\"><i class=\"fas fa-search-plus pop-icon\"><\/i><\/span><\/div><\/div><div class=\"post-content-bottom\"><p class=\"post-title tpgb-trans-easeinout\">Foto: Bj\u00f6rn Hickmann<\/p><\/div><\/div><\/a><\/div><div class=\"grid-item metro-item-1    tpgb-metro-2  tpgb-tab-metro-2  tpgb-mobile-metro-2 \"><a href=\"https:\/\/www.musical-today.de\/wp-content\/uploads\/2025\/12\/4_Flashdance_HP1_222.jpg\" class=\"tpgb-gallery-list-content tpgb-trans-easeinout\" data-fancybox=\"956d14_13731\" data-caption=\"Foto: Bj\u00f6rn Hickmann\" aria-label=\"Foto: Bj\u00f6rn Hickmann\"><div class=\"post-content-image\"><div class=\"tpgb-metro-gallery-image\" style=\"background: url(https:\/\/www.musical-today.de\/wp-content\/uploads\/2025\/12\/4_Flashdance_HP1_222.jpg);\"><\/div><\/div><div class=\"post-content-center\"><div class=\"post-zoom-icon\"><div class=\"meta-search-icon\"><span><img decoding=\"async\" class=\"fancy-img\" src=\"https:\/\/www.musical-today.de\/wp-content\/uploads\/2025\/12\/4_Flashdance_HP1_222.jpg\" alt=\"Media Image2\" title=\"\"><i class=\"fas fa-search-plus pop-icon\"><\/i><\/span><\/div><\/div><div class=\"post-content-bottom\"><p class=\"post-title tpgb-trans-easeinout\">Foto: Bj\u00f6rn Hickmann<\/p><\/div><\/div><\/a><\/div><div class=\"grid-item metro-item-2    tpgb-metro-3  tpgb-tab-metro-3  tpgb-mobile-metro-3 \"><a href=\"https:\/\/www.musical-today.de\/wp-content\/uploads\/2025\/12\/10_Flashdance_HP1_158.jpg\" class=\"tpgb-gallery-list-content tpgb-trans-easeinout\" data-fancybox=\"956d14_13731\" data-caption=\"Foto: Bj\u00f6rn Hickmann\" aria-label=\"Foto: Bj\u00f6rn Hickmann\"><div class=\"post-content-image\"><div class=\"tpgb-metro-gallery-image\" style=\"background: url(https:\/\/www.musical-today.de\/wp-content\/uploads\/2025\/12\/10_Flashdance_HP1_158.jpg);\"><\/div><\/div><div class=\"post-content-center\"><div class=\"post-zoom-icon\"><div class=\"meta-search-icon\"><span><img decoding=\"async\" class=\"fancy-img\" src=\"https:\/\/www.musical-today.de\/wp-content\/uploads\/2025\/12\/10_Flashdance_HP1_158.jpg\" alt=\"Media Image3\" title=\"\"><i class=\"fas fa-search-plus pop-icon\"><\/i><\/span><\/div><\/div><div class=\"post-content-bottom\"><p class=\"post-title tpgb-trans-easeinout\">Foto: Bj\u00f6rn Hickmann<\/p><\/div><\/div><\/a><\/div><\/div><\/div><\/div>\n\n\n<p class=\"has-small-font-size\"><em>Szenenfotos mit Juliette Lapouthe als Alex, Katharina Wollmann als Kiki und Clara Maria Determann im Ensemble<\/em><\/p>\n\n\n\n<div style=\"height:30px\" aria-hidden=\"true\" class=\"wp-block-spacer\"><\/div>\n\n\n\n<p>Damit ist das St\u00fcck gerade im Ruhrgebiet bestens aufgehoben. Und trotz einer gro\u00dfz\u00fcgigen Portion Nostalgie, die bei dieser B\u00fchnenadaption des Kinohits von 1983 nat\u00fcrlich ebenfalls bedient wird, wirkt die Geschichte keineswegs angestaubt, sondern auch heute noch ganz am Puls der Zeit. Mit einer taffen Protagonistin, die sich in einem traditionellen M\u00e4nnerberuf behauptet, die mit Herz und Faust f\u00fcr ihre Freundinnen einsteht, gleichzeitig aber auch ihren wahren Traum nie aus den Augen verliert.<\/p>\n\n\n\n<p>Der Weg dorthin f\u00fchrt bekannterma\u00dfen \u00fcber einen omin\u00f6sen Poledance-Club \u2013 inklusive der ikonischen Waterdrop-Szene, die schon das Plakat zum Film zierte und in keiner Produktion fehlen darf. Gelegenheit, um sich auszutoben, bleibt f\u00fcr Choreografin Nicole Eckenigk aber auch abseits solcher Zitate noch genug. Sie bietet bei den teilweise in bunte Fantasiewelten abdriftenden Shownummern einiges an Schauwerten. Unter anderem, wenn Alex\u2019 Freundin Kiki als Lara-Croft-Verschnitt erscheint und die ebenfalls kurzfristig aus dem Ensemble nachger\u00fcckte Clara Maria Determann selbstbewusst die Pistolen schwingt.<\/p>\n\n\n\n<p>Zus\u00e4tzlich angefeuert wird sie von Dirigent Andreas Vogelsberger, der mit seiner sechsk\u00f6pfigen Band im Graben ordentlich Stoff gibt. Sei es bei den Hits aus der Film-Playlist, wie \u201eManiac\u201c, \u201eGloria\u201c und \u201eI Love Rock\u2019n\u2019Roll\u201c, oder bei den neu hinzukomponierten Songs. Die haben zwar etwas weniger Ohrwurm-Potenzial, erlauben uns aber auch mal, die verletzlichere Seite von Alex kennenzulernen.<\/p>\n\n\n\n<p>Den Schutzschild ganz aufzubrechen gelingt da erst Nepo-Baby Nick, der im Gegenzug von ihr dazu inspiriert wird, ebenfalls mit den Erwartungen seiner wohlhabenden Familie zu brechen und seinen eigenen Weg zu suchen. Mit Marius Bingel hat man sich daf\u00fcr einen weiteren Musical-Profi ans Haus geholt, der sich mit sympathischer B\u00fchnenausstrahlung nicht nur ins Herz von Alex singt. Und egal, welche der beiden Damen man nun in der Hauptrolle erlebt, man darf sich bei beiden in sicheren H\u00e4nden f\u00fchlen.<\/p>\n\n\n\n<hr class=\"wp-block-separator has-alpha-channel-opacity is-style-dots\"\/>\n\n\n\n<p class=\"has-small-font-size\">Musikalische Leitung: Andreas Vogelsberger \u2022 Regie: Florian Mahlberg \u2022 Choreografie: Nicole Eckenigk \u2022 B\u00fchne: Norbert Bellen \u2022 Kost\u00fcme: Lisa-Jasmin Tomm \u2022 Licht und Video: Hans-Joachim K\u00f6ster \u2022 Mit: Katharina Wollmann (Alex), Marius Bingel (Nick), Sarah Steinemer (Gloria), Clara Maria Determann (Kiki), Joyce Diedrich (Tess), Tim Stolberg (Jimmy), Nicoletta Luna Iparraguirre de las Casas (Louise\/Mrs. Wilde), Richard van Gemert (C.C. ), Anja Frank-Engelhaupt (Hannah), G\u00f6tz Vogelgesang (Harry), John Baldoz (Joe), Manuel Lopez (Andy) u.a. \u2022 Statisterie Theater Hagen \u2022 Flashdance-Band<\/p>\n\n\n\n<p class=\"has-small-font-size\">Aufmacherfoto: Bj\u00f6rn Hickmann<\/p>\n","protected":false},"excerpt":{"rendered":"<p>Einspringerin Katharina Wollmann rettet \u201eFlashdance\u201c Selten d\u00fcrfte ein Publikum im Finale von \u201eFlashdance\u201c so sehr mitgefiebert haben wie hier am Theater Hagen. Denn die dritte Vorstellung dieser Neuinszenierung ist quasi noch einmal eine zweite Premiere, vor allem f\u00fcr Hauptdarstellerin Katharina Wollmann. Eigentlich in der Nebenrolle der Kiki besetzt, steht sie nach der krankheitsbedingten Absage ihrer gefeierten Kollegin Juliette Lapouthe n\u00e4mlich auf einmal selbst als Cover zentral im Rampenlicht \u2013 ohne eine einzige B\u00fchnenprobe! Und so geht es bei der ber\u00fchmten [&hellip;]<\/p>\n","protected":false},"author":38,"featured_media":13733,"comment_status":"closed","ping_status":"closed","sticky":false,"template":"","format":"standard","meta":{"tpgb_global_settings":"","footnotes":""},"categories":[170],"tags":[],"class_list":["post-13731","post","type-post","status-publish","format-standard","has-post-thumbnail","hentry","category-hagen"],"tpgb_featured_images":{"full":["https:\/\/www.musical-today.de\/wp-content\/uploads\/2025\/12\/2_FlashDance_HP2_280.jpg",1500,1000,false],"tp-image-grid":["https:\/\/www.musical-today.de\/wp-content\/uploads\/2025\/12\/2_FlashDance_HP2_280-700x700.jpg",700,700,true],"thumbnail":["https:\/\/www.musical-today.de\/wp-content\/uploads\/2025\/12\/2_FlashDance_HP2_280-600x400.jpg",600,400,true],"medium":["https:\/\/www.musical-today.de\/wp-content\/uploads\/2025\/12\/2_FlashDance_HP2_280-1200x800.jpg",1200,800,true],"medium_large":["https:\/\/www.musical-today.de\/wp-content\/uploads\/2025\/12\/2_FlashDance_HP2_280-770x513.jpg",770,513,true],"large":["https:\/\/www.musical-today.de\/wp-content\/uploads\/2025\/12\/2_FlashDance_HP2_280.jpg",1139,759,false],"default":"https:\/\/www.musical-today.de\/wp-content\/plugins\/the-plus-addons-for-block-editor\/assets\/images\/tpgb-placeholder.jpg"},"tpgb_post_meta_info":{"get_date":"22.12.2025","get_modified_date":"22.12.2025","category_list":{"category":[{"term_id":170,"name":"Hagen","slug":"hagen","term_group":0,"term_taxonomy_id":170,"taxonomy":"category","description":"","parent":19,"count":4,"filter":"raw","term_order":"42"}],"post_tag":false,"post_format":false},"author_name":"Tobias Hell","author_url":"https:\/\/www.musical-today.de\/en\/autor\/tobiashell\/","author_email":"temporary-remove0bz1HII6jAFYMA3@tmp.com","author_website":"","author_description":"hatte sein erstes Theatererlebnis im Alter von 15 Jahren mit dem \u201ePhantom der Oper\u201c in Wien, seine erste Oper folgte ein Jahr darauf mit Mozarts \u201eEntf\u00fchrung aus dem Serail\u201c in M\u00fcnchen. Nach dem Studium war er zun\u00e4chst als Dramaturg t\u00e4tig. Inzwischen unterrichtet er am Institut f\u00fcr Theaterwissenschaft der LMU und schreibt f\u00fcr verschiedene Tageszeitungen und Musikmagazine. Den Sommer verbringt er am liebsten in Bayreuth.\r\n(Foto: Jean-Marc Turmes)","author_facebook":"","author_twitter":"","author_instagram":"","author_role":["author"],"author_firstname":"Tobias","author_lastname":"Hell","user_login":"tobiashell","author_avatar":"<img src=\"https:\/\/www.musical-today.de\/wp-content\/uploads\/2024\/03\/Autor_Hell-293x293.jpg\" width=\"200\" height=\"200\" alt=\"Tobias Hell\" class=\"avatar avatar-200 wp-user-avatar wp-user-avatar-200 alignnone photo\" \/>","author_avatar_url":"https:\/\/www.musical-today.de\/wp-content\/uploads\/2024\/03\/Autor_Hell.jpg","comment_count":0,"post_likes":0,"post_views":0},"tpgb_post_category":{"category":"<a href=\"https:\/\/www.musical-today.de\/en\/deutschland\/hagen\/\" alt=\"Hagen\"  class=\"category-hagen\">Hagen<\/a> "},"_links":{"self":[{"href":"https:\/\/www.musical-today.de\/en\/wp-json\/wp\/v2\/posts\/13731","targetHints":{"allow":["GET"]}}],"collection":[{"href":"https:\/\/www.musical-today.de\/en\/wp-json\/wp\/v2\/posts"}],"about":[{"href":"https:\/\/www.musical-today.de\/en\/wp-json\/wp\/v2\/types\/post"}],"author":[{"embeddable":true,"href":"https:\/\/www.musical-today.de\/en\/wp-json\/wp\/v2\/users\/38"}],"replies":[{"embeddable":true,"href":"https:\/\/www.musical-today.de\/en\/wp-json\/wp\/v2\/comments?post=13731"}],"version-history":[{"count":2,"href":"https:\/\/www.musical-today.de\/en\/wp-json\/wp\/v2\/posts\/13731\/revisions"}],"predecessor-version":[{"id":13737,"href":"https:\/\/www.musical-today.de\/en\/wp-json\/wp\/v2\/posts\/13731\/revisions\/13737"}],"wp:featuredmedia":[{"embeddable":true,"href":"https:\/\/www.musical-today.de\/en\/wp-json\/wp\/v2\/media\/13733"}],"wp:attachment":[{"href":"https:\/\/www.musical-today.de\/en\/wp-json\/wp\/v2\/media?parent=13731"}],"wp:term":[{"taxonomy":"category","embeddable":true,"href":"https:\/\/www.musical-today.de\/en\/wp-json\/wp\/v2\/categories?post=13731"},{"taxonomy":"post_tag","embeddable":true,"href":"https:\/\/www.musical-today.de\/en\/wp-json\/wp\/v2\/tags?post=13731"}],"curies":[{"name":"wp","href":"https:\/\/api.w.org\/{rel}","templated":true}]}}