{"id":13812,"date":"2026-01-18T23:37:00","date_gmt":"2026-01-18T22:37:00","guid":{"rendered":"https:\/\/www.musical-today.de\/?p=13812"},"modified":"2026-01-19T20:42:28","modified_gmt":"2026-01-19T19:42:28","slug":"wien-pension-schoeller-das-musical","status":"publish","type":"post","link":"https:\/\/www.musical-today.de\/en\/wien-pension-schoeller-das-musical\/","title":{"rendered":"Pension Sch\u00f6ller \u2013 Das Musical"},"content":{"rendered":"<div class=\"lets-info-up-wrap  lets-info-up--right lets-info-up--m-1 lets-info-up-skin-3 lets-info-up--side lets-info-up-20599\" style=\"background:#fafafa; color: #616161\">\t\t\t<div class=\"lets-info-up\">\r\n\t\t\t<div class=\"lets-info-up-fi\"><img decoding=\"async\" width=\"500\" height=\"333\" src=\"https:\/\/www.musical-today.de\/wp-content\/uploads\/2024\/01\/qi-addons-for-elementor-placeholder-500x333.png\" class=\"attachment-lets-info-up-d1 size-lets-info-up-d1\" alt=\"|\" srcset=\"https:\/\/www.musical-today.de\/wp-content\/uploads\/2024\/01\/qi-addons-for-elementor-placeholder-500x333.png 500w, https:\/\/www.musical-today.de\/wp-content\/uploads\/2024\/01\/qi-addons-for-elementor-placeholder-300x200.png 300w, https:\/\/www.musical-today.de\/wp-content\/uploads\/2024\/01\/qi-addons-for-elementor-placeholder-1024x683.png 1024w, https:\/\/www.musical-today.de\/wp-content\/uploads\/2024\/01\/qi-addons-for-elementor-placeholder-883x589.png 883w, https:\/\/www.musical-today.de\/wp-content\/uploads\/2024\/01\/qi-addons-for-elementor-placeholder-18x12.png 18w, https:\/\/www.musical-today.de\/wp-content\/uploads\/2024\/01\/qi-addons-for-elementor-placeholder-360x240.png 360w, https:\/\/www.musical-today.de\/wp-content\/uploads\/2024\/01\/qi-addons-for-elementor-placeholder-1155x770.png 1155w, https:\/\/www.musical-today.de\/wp-content\/uploads\/2024\/01\/qi-addons-for-elementor-placeholder-370x247.png 370w, https:\/\/www.musical-today.de\/wp-content\/uploads\/2024\/01\/qi-addons-for-elementor-placeholder-770x513.png 770w, https:\/\/www.musical-today.de\/wp-content\/uploads\/2024\/01\/qi-addons-for-elementor-placeholder-293x195.png 293w, https:\/\/www.musical-today.de\/wp-content\/uploads\/2024\/01\/qi-addons-for-elementor-placeholder-120x80.png 120w, https:\/\/www.musical-today.de\/wp-content\/uploads\/2024\/01\/qi-addons-for-elementor-placeholder-240x160.png 240w, https:\/\/www.musical-today.de\/wp-content\/uploads\/2024\/01\/qi-addons-for-elementor-placeholder-390x260.png 390w, https:\/\/www.musical-today.de\/wp-content\/uploads\/2024\/01\/qi-addons-for-elementor-placeholder.png 1200w\" sizes=\"(max-width: 500px) 100vw, 500px\" title=\"\"><\/div>\t\t\t<div class=\"lets-info-up-block-wrap\">\r\n\t\t\t\t<div class=\"lets-info-up-block lets-info-up-meta-block\"><div class=\"lets-info-up-meta-title lets-info-up-pretitle font-h\" style=\"color: #8c6d18;\">oRT<\/div><div class=\"lets-info-up-meta-content lets-info-up-title font-b\">Rabenhof Theater<\/div><\/div><div class=\"lets-info-up-block lets-info-up-meta-block\"><div class=\"lets-info-up-meta-title lets-info-up-pretitle font-h\" style=\"color: #8c6d18;\">von<\/div><div class=\"lets-info-up-meta-content lets-info-up-title font-b\">Fabian Pfleger (Buch nach der Posse von Wilhelm Jacoby und Carl Laufs (1890))<br>Kyrre Kvam (Arrangements nach Motiven von Fred Raymond)<\/div><\/div><div class=\"lets-info-up-block lets-info-up-meta-block\"><div class=\"lets-info-up-meta-title lets-info-up-pretitle font-h\" style=\"color: #8c6d18;\">Regie<\/div><div class=\"lets-info-up-meta-content lets-info-up-title font-b\">Ruth Brauer-Kvam<\/div><\/div><div class=\"lets-info-up-block lets-info-up-meta-block\"><div class=\"lets-info-up-meta-title lets-info-up-pretitle font-h\" style=\"color: #8c6d18;\">Urauff\u00fchrunG<\/div><div class=\"lets-info-up-meta-content lets-info-up-title font-b\">2026<\/div><\/div><div class=\"lets-info-up-block lets-info-up-meta-block\"><div class=\"lets-info-up-meta-title lets-info-up-pretitle font-h\" style=\"color: #8c6d18;\">INFOS<\/div><div class=\"lets-info-up-meta-content lets-info-up-title font-b\"><a href=\"https:\/\/www.rabenhoftheater.com\/programm\/pension-schoeller\" data-type=\"link\" target=\"_blank\" rel=\"noopener noreferrer nofollow\">www.rabenhoftheater.com<\/a><\/div><\/div>\t\t\t<\/div>\r\n\t\t\t<\/div>\r\n\t\t<\/div>\r\n\t\t\n\n\n<p><strong><strong><strong>Die \u201ePension Sch\u00f6ller\u201c stellt mit Witz und Wiener Schm\u00e4h alte Fragen neu<\/strong><\/strong><\/strong><\/p>\n\n\n\n<p>Was ist verr\u00fcckt und was normal? Ist jeder, der vermeintlich nicht der gesellschaftlichen Norm entspricht, ein Kandidat f\u00fcr die Nervenheilanstalt? Ist jener der Normale, der sich mit kleineren und gr\u00f6\u00dferen Betr\u00fcgereien durchs Leben schl\u00e4gt? Und bedeutet \u201ever-r\u00fcckt\u201c tats\u00e4chlich, v\u00f6llig neben der Spur zu sein? Das Theaterst\u00fcck \u201ePension Sch\u00f6ller\u201c stellt Fragen, deren Antworten offenbar zeitlos sind \u2013 sonst lie\u00dfe sich sein ungebrochener Erfolg kaum erkl\u00e4ren. Die Posse von Wilhelm Jakoby und Carl Laufs wurde 1890 uraufgef\u00fchrt und seither auf deutschsprachigen B\u00fchnen rauf und runter gespielt, verfilmt, als Musical adaptiert und immer wieder neu bearbeitet.<\/p>\n\n\n\n<p>Das Rabenhof Theater residiert in einem typischen Wiener Gemeindebau im dritten Bezirk. Sein engagierter Intendant Thomas Gratzer setzt bei der Programmierung des Spielplans auf eine bunte Mischung aus Revuen, Lesungen, Politsatiren und Musicals \u2013 kurz: auf urbanes, zeitgen\u00f6ssisches Volkstheater. Der Erfolg und zahlreiche Auszeichnungen geben ihm recht. Auch in die \u201ePension Sch\u00f6ller\u201c str\u00f6mt das Publikum nur so.<\/p>\n\n\n\n<p>Der Stoff wurde von Fabian Pfleger adaptiert: Im Zentrum steht der m\u00e4\u00dfig erfolgreiche Musiker Anton, der das Rabenhof Theater kaufen m\u00f6chte, um dort einen Jazzclub zu er\u00f6ffnen. Um an das n\u00f6tige Geld zu kommen, betr\u00fcgt er seit Jahren seine wohlhabende Tante Ruth: Er gibt vor, eine erfolgreiche Ausbildung zum Psychologen absolviert zu haben, l\u00e4sst sich ein angebliches Studium finanzieren und plant nun sogar den Aufbau einer Nervenheilanstalt. Womit Anton nicht gerechnet hat: Tante Ruth taucht pl\u00f6tzlich auf und m\u00f6chte sich pers\u00f6nlich ein Bild von ihrer Investition machen. Kurzerhand bringt er sie in die Pension Sch\u00f6ller, wo sich eine Gruppe sympathischer, h\u00f6chst skurriler Gestalten zusammenfindet. F\u00fcr Ruth steht rasch fest, dass der von einer Opernkarriere tr\u00e4umende Heinrich Sch\u00f6ller, sein Neffe Leo, bei dem der Buchstabe L stets als N \u00fcber die Lippen kommt, die Schundroman-Autorin Helene sowie Abenteurer Balduin nur verr\u00fcckt sein k\u00f6nnen. Nach einer ausgelassenen Nacht erkennt die smarte Tante zwar den Betrug, l\u00e4sst aber letztlich f\u00fcnfe gerade sein.<\/p>\n\n\n<div  class=\"tpgb-wrap-956d14_13812  tpgb-wrap-fw \"  ><div id=\"956d14_13812\" class=\"tpgb-block-956d14_13812 tpgb-relative-block tpgb-gallery-list tpgb-metro gallery-style-2 hover-image-style-1   \" data-style=\"style-2\" data-id=\"956d14_13812\" data-layout=\"metro\" data-fancy-option='{\"loop\":false,\"thumb\":\"no\",\"infobar\":true,\"arrows\":true,\"transitionEffect\":\"slide\",\"button\":[\"close\"]}' data-splide='\"\"' data-metroAttr= '{\"metro_col\":\"3\",\"tab_metro_col\":3,\"mobile_metro_col\":3,\"metro_style\":\"style-1\",\"tab_metro_style\":\"style-1\",\"mobile_metro_style\":\"style-1\"}' ><div class=\"tpgb-row post-loop-inner \"><div class=\"grid-item metro-item-0    tpgb-metro-1  tpgb-tab-metro-1  tpgb-mobile-metro-1 \"><a href=\"https:\/\/www.musical-today.de\/wp-content\/uploads\/2026\/01\/Rabenhof_Pension_Schoeller_Sz_1303.jpg\" class=\"tpgb-gallery-list-content tpgb-trans-easeinout\" data-fancybox=\"956d14_13812\" data-caption=\"Foto: Rita Newman\" aria-label=\"Foto: Rita Newman\"><div class=\"post-content-image\"><div class=\"tpgb-metro-gallery-image\" style=\"background: url(https:\/\/www.musical-today.de\/wp-content\/uploads\/2026\/01\/Rabenhof_Pension_Schoeller_Sz_1303.jpg);\"><\/div><\/div><div class=\"post-content-center\"><div class=\"post-zoom-icon\"><div class=\"meta-search-icon\"><span><img decoding=\"async\" class=\"fancy-img\" src=\"https:\/\/www.musical-today.de\/wp-content\/uploads\/2026\/01\/Rabenhof_Pension_Schoeller_Sz_1303.jpg\" alt=\"Media Image1\" title=\"\"><i class=\"fas fa-search-plus pop-icon\"><\/i><\/span><\/div><\/div><div class=\"post-content-bottom\"><p class=\"post-title tpgb-trans-easeinout\">Foto: Rita Newman<\/p><\/div><\/div><\/a><\/div><div class=\"grid-item metro-item-1    tpgb-metro-2  tpgb-tab-metro-2  tpgb-mobile-metro-2 \"><a href=\"https:\/\/www.musical-today.de\/wp-content\/uploads\/2026\/01\/Rabenhof_Pension_Schoeller_Sz_2218.jpg\" class=\"tpgb-gallery-list-content tpgb-trans-easeinout\" data-fancybox=\"956d14_13812\" data-caption=\"Foto: Rita Newman\" aria-label=\"Foto: Rita Newman\"><div class=\"post-content-image\"><div class=\"tpgb-metro-gallery-image\" style=\"background: url(https:\/\/www.musical-today.de\/wp-content\/uploads\/2026\/01\/Rabenhof_Pension_Schoeller_Sz_2218.jpg);\"><\/div><\/div><div class=\"post-content-center\"><div class=\"post-zoom-icon\"><div class=\"meta-search-icon\"><span><img decoding=\"async\" class=\"fancy-img\" src=\"https:\/\/www.musical-today.de\/wp-content\/uploads\/2026\/01\/Rabenhof_Pension_Schoeller_Sz_2218.jpg\" alt=\"Media Image2\" title=\"\"><i class=\"fas fa-search-plus pop-icon\"><\/i><\/span><\/div><\/div><div class=\"post-content-bottom\"><p class=\"post-title tpgb-trans-easeinout\">Foto: Rita Newman<\/p><\/div><\/div><\/a><\/div><div class=\"grid-item metro-item-2    tpgb-metro-3  tpgb-tab-metro-3  tpgb-mobile-metro-3 \"><a href=\"https:\/\/www.musical-today.de\/wp-content\/uploads\/2026\/01\/Rabenhof_Pension_Schoeller_Sz_1722.jpg\" class=\"tpgb-gallery-list-content tpgb-trans-easeinout\" data-fancybox=\"956d14_13812\" data-caption=\"Foto: Rita Newman\" aria-label=\"Foto: Rita Newman\"><div class=\"post-content-image\"><div class=\"tpgb-metro-gallery-image\" style=\"background: url(https:\/\/www.musical-today.de\/wp-content\/uploads\/2026\/01\/Rabenhof_Pension_Schoeller_Sz_1722.jpg);\"><\/div><\/div><div class=\"post-content-center\"><div class=\"post-zoom-icon\"><div class=\"meta-search-icon\"><span><img decoding=\"async\" class=\"fancy-img\" src=\"https:\/\/www.musical-today.de\/wp-content\/uploads\/2026\/01\/Rabenhof_Pension_Schoeller_Sz_1722.jpg\" alt=\"Media Image3\" title=\"\"><i class=\"fas fa-search-plus pop-icon\"><\/i><\/span><\/div><\/div><div class=\"post-content-bottom\"><p class=\"post-title tpgb-trans-easeinout\">Foto: Rita Newman<\/p><\/div><\/div><\/a><\/div><\/div><\/div><\/div>\n\n\n<p>Auf der engen B\u00fchne des Theaters versteht man, mit wenigen Requisiten auszukommen \u2013 zumal ein Gro\u00dfteil des Platzes von drei Musikern samt Equipment beansprucht wird. Diese \u201ePension Sch\u00f6ller\u201c versteht sich als Musical, allerdings vermisst man die entsprechend gro\u00dfe Anzahl von Musiknummern. Die Musiker Kyrre Kvam, Lukas Kn\u00f6fler und Orges Toce geben ihr Bestes bei dem gelungenen Mix aus Jazz, Pop und 50er-Jahre-Songs, doch die Tonanlage erweist sich als zu wuchtig, die Texte gehen in der Lautst\u00e4rke unter. Erst gegen Ende kommt durch flotte Tanzszenen echtes Musical-Feeling auf.<\/p>\n\n\n\n<p>Regisseurin Ruth Brauer-Kvam wei\u00df genau, wie viel Wiener Schm\u00e4h das Publikum an diesem Ort erwartet. Darf man heute noch \u00fcber einen jungen Mann mit Sprachst\u00f6rung lachen? Man tut es \u2013 allerdings nicht \u00fcber ihn, sondern mit ihm. R\u00fchrend und pr\u00e4zise marschiert Sebastian Wendelin als Leo durch seine Monologe und erntet f\u00fcr Ausdruckskraft und stimmliche Pr\u00e4senz zahlreiche Lacher.<\/p>\n\n\n\n<p>Caroline Frank (Helene von Malzpichler) bleibt stellenweise in einer Dagmar-Koller-Parodie stecken, verleiht der \u00fcberzeichneten M\u00f6chtegern-Bestsellerautorin jedoch viel Pepp und sorgt f\u00fcr ordentlich Tempo auf der B\u00fchne. Ebenfalls sch\u00f6n \u00fcberdreht tobt Gerhard Kasal als Weltreisender Balduin durch die Szenen. Doris Hindinger \u00fcberzeugt als alles andere als fade und biedere Tante Ruth. Florian Carove gibt einen liebenswerten Pensionswirt Sch\u00f6ller und nimmt dabei h\u00f6rbar Anleihen bei Theo Lingen. Robert Slivovsky tr\u00e4gt als Anton den gr\u00f6\u00dften Gesangsanteil und wei\u00df seine Stimme gut einzusetzen \u2013 leider gehen die originellen Texte dabei nahezu vollst\u00e4ndig unter.<\/p>\n\n\n\n<p>Das Premierenpublikum ist begeistert. Ein wenig nachdenklich verl\u00e4sst man nach der Vorstellung das Theater, geht durch die winterlichen Stra\u00dfen Wiens und stellt die Frage: Was ist normal?<\/p>\n\n\n\n<hr class=\"wp-block-separator has-alpha-channel-opacity is-style-dots\"\/>\n\n\n\n<p class=\"has-small-font-size\">Musikalische Leitung: Kyrre Kvam \u2022 Regie: Ruth Brauer-Kvam \u2022 Choreografie: Lukas Strasser \u2022 B\u00fchne: Michaela Mandel \u2022 Kost\u00fcme: Alfred Mayerhofer \u2022 Licht: Friedrich Rom \u2022 Sounddesign: Maximilian Antoniadis \u2022 Mit: Robert Slivovsky (Anton Lenzmeier), Florian Carove (Professor Heinrich Sch\u00f6ller), Caroline Frank (Helene von Malzpichler), Sebastian Wendelin (Leo Sch\u00f6ller), Gerhard Kasal (Balduin Bernhardi), Doris Hindinger (Ruth Lenzmeier) \u2022 Band: Kyrre Kvam, Lukas Kn\u00f6fler, Orges Toce<br><br>Aufmacherfoto: Rita Newman<\/p>\n","protected":false},"excerpt":{"rendered":"<p>Die \u201ePension Sch\u00f6ller\u201c stellt mit Witz und Wiener Schm\u00e4h alte Fragen neu Was ist verr\u00fcckt und was normal? Ist jeder, der vermeintlich nicht der gesellschaftlichen Norm entspricht, ein Kandidat f\u00fcr die Nervenheilanstalt? Ist jener der Normale, der sich mit kleineren und gr\u00f6\u00dferen Betr\u00fcgereien durchs Leben schl\u00e4gt? Und bedeutet \u201ever-r\u00fcckt\u201c tats\u00e4chlich, v\u00f6llig neben der Spur zu sein? Das Theaterst\u00fcck \u201ePension Sch\u00f6ller\u201c stellt Fragen, deren Antworten offenbar zeitlos sind \u2013 sonst lie\u00dfe sich sein ungebrochener Erfolg kaum erkl\u00e4ren. Die Posse von Wilhelm [&hellip;]<\/p>\n","protected":false},"author":16,"featured_media":13811,"comment_status":"closed","ping_status":"closed","sticky":false,"template":"","format":"standard","meta":{"tpgb_global_settings":"","footnotes":""},"categories":[136],"tags":[],"class_list":["post-13812","post","type-post","status-publish","format-standard","has-post-thumbnail","hentry","category-wien"],"tpgb_featured_images":{"full":["https:\/\/www.musical-today.de\/wp-content\/uploads\/2026\/01\/Rabenhof_Pension_Schoeller_Sz_1263.jpg",1500,1001,false],"tp-image-grid":["https:\/\/www.musical-today.de\/wp-content\/uploads\/2026\/01\/Rabenhof_Pension_Schoeller_Sz_1263-700x700.jpg",700,700,true],"thumbnail":["https:\/\/www.musical-today.de\/wp-content\/uploads\/2026\/01\/Rabenhof_Pension_Schoeller_Sz_1263-600x400.jpg",600,400,true],"medium":["https:\/\/www.musical-today.de\/wp-content\/uploads\/2026\/01\/Rabenhof_Pension_Schoeller_Sz_1263-1200x801.jpg",1200,801,true],"medium_large":["https:\/\/www.musical-today.de\/wp-content\/uploads\/2026\/01\/Rabenhof_Pension_Schoeller_Sz_1263-770x514.jpg",770,514,true],"large":["https:\/\/www.musical-today.de\/wp-content\/uploads\/2026\/01\/Rabenhof_Pension_Schoeller_Sz_1263.jpg",1139,760,false],"default":"https:\/\/www.musical-today.de\/wp-content\/plugins\/the-plus-addons-for-block-editor\/assets\/images\/tpgb-placeholder.jpg"},"tpgb_post_meta_info":{"get_date":"18.01.2026","get_modified_date":"19.01.2026","category_list":{"category":[{"term_id":136,"name":"Wien","slug":"wien","term_group":0,"term_taxonomy_id":136,"taxonomy":"category","description":"","parent":114,"count":9,"filter":"raw","term_order":"12"}],"post_tag":false,"post_format":false},"author_name":"Susanne Dressler","author_url":"https:\/\/www.musical-today.de\/en\/autor\/susannedressler\/","author_email":"online232@musical-today.de","author_website":"","author_description":"ist Historikerin und lebt als freiberufliche Journalistin in Wien. Die Begeisterung f\u00fcr Oper, Musical oder Operette begleitet sie seit fr\u00fchester Jugend und ist niemals schw\u00e4cher geworden. F\u00fcr sie gibt es im Musiktheater nichts, was es in der Realit\u00e4t nicht auch gibt: Liebe, Hass, Rache, Eifersucht, Mord, Krieg, Verzweiflung, Gl\u00fcck und Krankheit \u2013 nur eben verpackt in wundersch\u00f6ne Musik.","author_facebook":"","author_twitter":"","author_instagram":"","author_role":["author"],"author_firstname":"Susanne","author_lastname":"Dressler","user_login":"susannedressler","author_avatar":"<img src=\"https:\/\/www.musical-today.de\/wp-content\/uploads\/2024\/03\/Autor_Dressler-293x293.jpg\" width=\"200\" height=\"200\" alt=\"Susanne Dressler\" class=\"avatar avatar-200 wp-user-avatar wp-user-avatar-200 alignnone photo\" \/>","author_avatar_url":"https:\/\/www.musical-today.de\/wp-content\/uploads\/2024\/03\/Autor_Dressler.jpg","comment_count":0,"post_likes":0,"post_views":0},"tpgb_post_category":{"category":"<a href=\"https:\/\/www.musical-today.de\/en\/oesterreich\/wien\/\" alt=\"Wien\"  class=\"category-wien\">Wien<\/a> "},"_links":{"self":[{"href":"https:\/\/www.musical-today.de\/en\/wp-json\/wp\/v2\/posts\/13812","targetHints":{"allow":["GET"]}}],"collection":[{"href":"https:\/\/www.musical-today.de\/en\/wp-json\/wp\/v2\/posts"}],"about":[{"href":"https:\/\/www.musical-today.de\/en\/wp-json\/wp\/v2\/types\/post"}],"author":[{"embeddable":true,"href":"https:\/\/www.musical-today.de\/en\/wp-json\/wp\/v2\/users\/16"}],"replies":[{"embeddable":true,"href":"https:\/\/www.musical-today.de\/en\/wp-json\/wp\/v2\/comments?post=13812"}],"version-history":[{"count":2,"href":"https:\/\/www.musical-today.de\/en\/wp-json\/wp\/v2\/posts\/13812\/revisions"}],"predecessor-version":[{"id":13815,"href":"https:\/\/www.musical-today.de\/en\/wp-json\/wp\/v2\/posts\/13812\/revisions\/13815"}],"wp:featuredmedia":[{"embeddable":true,"href":"https:\/\/www.musical-today.de\/en\/wp-json\/wp\/v2\/media\/13811"}],"wp:attachment":[{"href":"https:\/\/www.musical-today.de\/en\/wp-json\/wp\/v2\/media?parent=13812"}],"wp:term":[{"taxonomy":"category","embeddable":true,"href":"https:\/\/www.musical-today.de\/en\/wp-json\/wp\/v2\/categories?post=13812"},{"taxonomy":"post_tag","embeddable":true,"href":"https:\/\/www.musical-today.de\/en\/wp-json\/wp\/v2\/tags?post=13812"}],"curies":[{"name":"wp","href":"https:\/\/api.w.org\/{rel}","templated":true}]}}