{"id":13818,"date":"2026-01-20T16:46:30","date_gmt":"2026-01-20T15:46:30","guid":{"rendered":"https:\/\/www.musical-today.de\/?p=13818"},"modified":"2026-01-20T16:47:10","modified_gmt":"2026-01-20T15:47:10","slug":"der-graf-von-monte-christo","status":"publish","type":"post","link":"https:\/\/www.musical-today.de\/en\/der-graf-von-monte-christo\/","title":{"rendered":"Der Graf von Monte Christo"},"content":{"rendered":"<div class=\"lets-info-up-wrap  lets-info-up--right lets-info-up--m-1 lets-info-up-skin-3 lets-info-up--side lets-info-up-30094\" style=\"background:#fafafa; color: #616161\">\t\t\t<div class=\"lets-info-up\">\r\n\t\t\t<div class=\"lets-info-up-fi\"><img decoding=\"async\" width=\"500\" height=\"333\" src=\"https:\/\/www.musical-today.de\/wp-content\/uploads\/2024\/01\/qi-addons-for-elementor-placeholder-500x333.png\" class=\"attachment-lets-info-up-d1 size-lets-info-up-d1\" alt=\"|\" srcset=\"https:\/\/www.musical-today.de\/wp-content\/uploads\/2024\/01\/qi-addons-for-elementor-placeholder-500x333.png 500w, https:\/\/www.musical-today.de\/wp-content\/uploads\/2024\/01\/qi-addons-for-elementor-placeholder-300x200.png 300w, https:\/\/www.musical-today.de\/wp-content\/uploads\/2024\/01\/qi-addons-for-elementor-placeholder-1024x683.png 1024w, https:\/\/www.musical-today.de\/wp-content\/uploads\/2024\/01\/qi-addons-for-elementor-placeholder-883x589.png 883w, https:\/\/www.musical-today.de\/wp-content\/uploads\/2024\/01\/qi-addons-for-elementor-placeholder-18x12.png 18w, https:\/\/www.musical-today.de\/wp-content\/uploads\/2024\/01\/qi-addons-for-elementor-placeholder-360x240.png 360w, https:\/\/www.musical-today.de\/wp-content\/uploads\/2024\/01\/qi-addons-for-elementor-placeholder-1155x770.png 1155w, https:\/\/www.musical-today.de\/wp-content\/uploads\/2024\/01\/qi-addons-for-elementor-placeholder-370x247.png 370w, https:\/\/www.musical-today.de\/wp-content\/uploads\/2024\/01\/qi-addons-for-elementor-placeholder-770x513.png 770w, https:\/\/www.musical-today.de\/wp-content\/uploads\/2024\/01\/qi-addons-for-elementor-placeholder-293x195.png 293w, https:\/\/www.musical-today.de\/wp-content\/uploads\/2024\/01\/qi-addons-for-elementor-placeholder-120x80.png 120w, https:\/\/www.musical-today.de\/wp-content\/uploads\/2024\/01\/qi-addons-for-elementor-placeholder-240x160.png 240w, https:\/\/www.musical-today.de\/wp-content\/uploads\/2024\/01\/qi-addons-for-elementor-placeholder-390x260.png 390w, https:\/\/www.musical-today.de\/wp-content\/uploads\/2024\/01\/qi-addons-for-elementor-placeholder.png 1200w\" sizes=\"(max-width: 500px) 100vw, 500px\" title=\"\"><\/div>\t\t\t<div class=\"lets-info-up-block-wrap\">\r\n\t\t\t\t<div class=\"lets-info-up-block lets-info-up-meta-block\"><div class=\"lets-info-up-meta-title lets-info-up-pretitle font-h\" style=\"color: #8c6d18;\">oRT<\/div><div class=\"lets-info-up-meta-content lets-info-up-title font-b\">Theater M\u00fcnster<\/div><\/div><div class=\"lets-info-up-block lets-info-up-meta-block\"><div class=\"lets-info-up-meta-title lets-info-up-pretitle font-h\" style=\"color: #8c6d18;\">von<\/div><div class=\"lets-info-up-meta-content lets-info-up-title font-b\">Frank Wildhorn (Musik)<br>Jack Murphy (Buch und Liedtexte)<br>Kevin Schroeder (Deutsche Fassung)<\/div><\/div><div class=\"lets-info-up-block lets-info-up-meta-block\"><div class=\"lets-info-up-meta-title lets-info-up-pretitle font-h\" style=\"color: #8c6d18;\">Regie<\/div><div class=\"lets-info-up-meta-content lets-info-up-title font-b\">Michael Wallner<\/div><\/div><div class=\"lets-info-up-block lets-info-up-meta-block\"><div class=\"lets-info-up-meta-title lets-info-up-pretitle font-h\" style=\"color: #8c6d18;\">Urauff\u00fchrunG<\/div><div class=\"lets-info-up-meta-content lets-info-up-title font-b\">2009<\/div><\/div><div class=\"lets-info-up-block lets-info-up-meta-block\"><div class=\"lets-info-up-meta-title lets-info-up-pretitle font-h\" style=\"color: #8c6d18;\">INFOS<\/div><div class=\"lets-info-up-meta-content lets-info-up-title font-b\"><a href=\"https:\/\/www.theater-muenster.com\/produktionen\/der-graf-von-monte-christo-916.html\" data-type=\"link\" target=\"_blank\" rel=\"noopener noreferrer nofollow\">www.theater-muenster.com<\/a><\/div><\/div>\t\t\t<\/div>\r\n\t\t\t<\/div>\r\n\t\t<\/div>\r\n\t\t\n\n\n<p><strong>Schwache Vorlage ergibt schwachen \u201eGraf von Monte Christo\u201c<\/strong><\/p>\n\n\n\n<p>Das Positive vorweg: Wem eine grandiose Optik und tolle Stimmen reichen, der kommt in M\u00fcnster voll auf seine Kosten. Wer jedoch auch Anspr\u00fcche stellt an die Story, an Spannung, Emotionen, packende schauspielerische Leistungen, der sollte sich den Weg sparen. Und das bei der Vorlage \u2013 nicht ohne Grund wurde Alexandre Dumas\u2019 \u201eGraf von Monte Christo\u201c unz\u00e4hlige Male verfilmt.<\/p>\n\n\n\n<p>Um jedoch in M\u00fcnster der Handlung folgen zu k\u00f6nnen, sollte man sich in der Tat zuvor noch einmal einen der Streifen ansehen (allein vor zwei Jahren gab es zwei hervorragende Umsetzungen, die zurzeit bei verschiedenen Streaminganbietern im Programm sind) oder sich zumindest auf Wikipedia in den Stoff einlesen. Die Gr\u00fcnde, weshalb man hier sonst den Faden verliert und gelangweilt dem Ende entgegend\u00e4mmert, sind zum Teil den Machern, Komponist Frank Wildhorn und Autor Jack Murphy, anzulasten \u2013 zum Teil aber auch dem Theater.<\/p>\n\n\n\n<p>Denn es hat seinen Grund, warum das im M\u00e4rz 2009 in St. Gallen uraufgef\u00fchrte St\u00fcck der beiden Amerikaner nie den Sprung an den Broadway schaffte, woraus auch das M\u00fcnsteraner Programmheft keinen Hehl macht. Dass sich ein solcher Brocken franz\u00f6sischer Weltliteratur von rund 1.000 Seiten sehr wohl in ein erfolgreiches Musical verwandeln l\u00e4sst, bewies schlie\u00dflich \u201eLes Mis\u00e9rables\u201c, dessen Romanvorlage noch umfangreicher ist. Wildhorn und Murphy jedoch scheitern an Alexandre Dumas\u2019 komplexer Vorlage, schaffen keine interessanten Figuren und handeln die Intrige, durch die Edmond Dant\u00e8s im Knast landet, zu Beginn des ersten Akts in einem einzigen Lied ab, die Rache an allen drei Kontrahenten im zweiten Akt in einem einzigen Song.<\/p>\n\n\n<div  class=\"tpgb-wrap-956d14_13818  tpgb-wrap-fw \"  ><div id=\"956d14_13818\" class=\"tpgb-block-956d14_13818 tpgb-relative-block tpgb-gallery-list tpgb-metro gallery-style-2 hover-image-style-1   \" data-style=\"style-2\" data-id=\"956d14_13818\" data-layout=\"metro\" data-fancy-option='{\"loop\":false,\"thumb\":\"no\",\"infobar\":true,\"arrows\":true,\"transitionEffect\":\"slide\",\"button\":[\"close\"]}' data-splide='\"\"' data-metroAttr= '{\"metro_col\":3,\"tab_metro_col\":3,\"mobile_metro_col\":3,\"metro_style\":\"style-1\",\"tab_metro_style\":\"style-1\",\"mobile_metro_style\":\"style-1\"}' ><div class=\"tpgb-row post-loop-inner \"><div class=\"grid-item metro-item-0    tpgb-metro-1  tpgb-tab-metro-1  tpgb-mobile-metro-1 \"><a href=\"https:\/\/www.musical-today.de\/wp-content\/uploads\/2026\/01\/3875.jpg\" class=\"tpgb-gallery-list-content tpgb-trans-easeinout\" data-fancybox=\"956d14_13818\" data-caption=\"Foto: Bettina St\u00f6\u00df\" aria-label=\"Foto: Bettina St\u00f6\u00df\"><div class=\"post-content-image\"><div class=\"tpgb-metro-gallery-image\" style=\"background: url(https:\/\/www.musical-today.de\/wp-content\/uploads\/2026\/01\/3875.jpg);\"><\/div><\/div><div class=\"post-content-center\"><div class=\"post-zoom-icon\"><div class=\"meta-search-icon\"><span><img decoding=\"async\" class=\"fancy-img\" src=\"https:\/\/www.musical-today.de\/wp-content\/uploads\/2026\/01\/3875.jpg\" alt=\"Media Image1\" title=\"\"><i class=\"fas fa-search-plus pop-icon\"><\/i><\/span><\/div><\/div><div class=\"post-content-bottom\"><p class=\"post-title tpgb-trans-easeinout\">Foto: Bettina St\u00f6\u00df<\/p><\/div><\/div><\/a><\/div><div class=\"grid-item metro-item-1    tpgb-metro-2  tpgb-tab-metro-2  tpgb-mobile-metro-2 \"><a href=\"https:\/\/www.musical-today.de\/wp-content\/uploads\/2026\/01\/3874.jpg\" class=\"tpgb-gallery-list-content tpgb-trans-easeinout\" data-fancybox=\"956d14_13818\" data-caption=\"Foto: Bettina St\u00f6\u00df\" aria-label=\"Foto: Bettina St\u00f6\u00df\"><div class=\"post-content-image\"><div class=\"tpgb-metro-gallery-image\" style=\"background: url(https:\/\/www.musical-today.de\/wp-content\/uploads\/2026\/01\/3874.jpg);\"><\/div><\/div><div class=\"post-content-center\"><div class=\"post-zoom-icon\"><div class=\"meta-search-icon\"><span><img decoding=\"async\" class=\"fancy-img\" src=\"https:\/\/www.musical-today.de\/wp-content\/uploads\/2026\/01\/3874.jpg\" alt=\"Media Image2\" title=\"\"><i class=\"fas fa-search-plus pop-icon\"><\/i><\/span><\/div><\/div><div class=\"post-content-bottom\"><p class=\"post-title tpgb-trans-easeinout\">Foto: Bettina St\u00f6\u00df<\/p><\/div><\/div><\/a><\/div><div class=\"grid-item metro-item-2    tpgb-metro-3  tpgb-tab-metro-3  tpgb-mobile-metro-3 \"><a href=\"https:\/\/www.musical-today.de\/wp-content\/uploads\/2026\/01\/3869.jpg\" class=\"tpgb-gallery-list-content tpgb-trans-easeinout\" data-fancybox=\"956d14_13818\" data-caption=\"Foto: Bettina St\u00f6\u00df\" aria-label=\"Foto: Bettina St\u00f6\u00df\"><div class=\"post-content-image\"><div class=\"tpgb-metro-gallery-image\" style=\"background: url(https:\/\/www.musical-today.de\/wp-content\/uploads\/2026\/01\/3869.jpg);\"><\/div><\/div><div class=\"post-content-center\"><div class=\"post-zoom-icon\"><div class=\"meta-search-icon\"><span><img decoding=\"async\" class=\"fancy-img\" src=\"https:\/\/www.musical-today.de\/wp-content\/uploads\/2026\/01\/3869.jpg\" alt=\"Media Image3\" title=\"\"><i class=\"fas fa-search-plus pop-icon\"><\/i><\/span><\/div><\/div><div class=\"post-content-bottom\"><p class=\"post-title tpgb-trans-easeinout\">Foto: Bettina St\u00f6\u00df<\/p><\/div><\/div><\/a><\/div><\/div><\/div><\/div>\n\n\n<p>Das Problem wird durch die Akustik in M\u00fcnster versch\u00e4rft. Wenn man bei Liedern, die reine innere Monologe sind, kein Wort versteht \u2013 geschenkt. Aber bei handlungstragenden St\u00fccken ist das reines Gift, erst recht, wenn viele Nebendarsteller nur sehr gebrochen Deutsch sprechen. Das Textverst\u00e4ndnis geht schlichtweg im satten Klang des Sinfonieorchesters unter. Und was sollen die Gesangs- und Tanzszenen mit den r\u00f6mischen Vestalinnen vor dem Kolosseum, warum liegt Dant\u00e8s auf einmal gefesselt im Abwasser? All das ist dank des schlechten Tons nicht nachvollziehbar. Deplatziert, weil einziger Bruch mit der \u00fcbrigen Stilistik, sind drei T\u00e4nzerinnen in schwarzen Ganzk\u00f6rperkost\u00fcmen wie aus der BDMS-Szene, vermutlich aus Latex, die offenbar das B\u00f6se personifizieren sollen.<\/p>\n\n\n\n<p>Auch scheint das Musical den Darstellern keine nennenswerte M\u00f6glichkeit zu geben, schauspielerische Glanzleistungen zu liefern. David Arnsperger als Titelheld liefert eine solche Leistung zwar gesanglich, bleibt ansonsten aber blass. Vera Lorenz sorgt als Merc\u00e9d\u00e8s mit Powerballaden f\u00fcr gleich zwei Showstopper. Die M\u00f6glichkeit, Charisma zu entfalten, bieten ihre Rollen nur Gregor Dalal als Dant\u00e8s\u2019 Mith\u00e4ftling Abb\u00e9 Faria (auch wenn er in dieser Rolle aussieht, als h\u00e4tte der Hippie-Taxifahrer aus dem M\u00fcnster-\u201eTatort\u201c die K\u00f6rperhygiene enorm vernachl\u00e4ssigt), und Erdmuthe Kriener als temperamentvolles Piraten-Oberhaupt. Die Choreografien von Kati Heidebrecht sind mittelm\u00e4\u00dfig, von den Kampfszenen kann nur das Duell zwischen Dant\u00e8s und Mondego (Ramon Karolan) \u00fcberzeugen.<\/p>\n\n\n\n<p>Ganze Arbeit leistet das B\u00fchnenteam mit einer Ausstattung, die man umschreiben kann als zur\u00fcckgenommenen Aufwand (B\u00fchne: Stefan Rieckhoff \/ Kost\u00fcme: Uta Meenen). Den Hintergrund bilden pr\u00e4chtige Bild- und Videoprojektionen, die nach KI aussehen, dazu einzelne, daf\u00fcr aber \u00fcberbordend gro\u00dfe Elemente, die aus dem Schn\u00fcrboden herabgelassen oder auf die B\u00fchne geschoben werden. Die \u00fcbrigen Requisiten werden aufs N\u00f6tigste begrenzt, daf\u00fcr wird der Kost\u00fcmfundus umso effektiver gepl\u00fcndert.<\/p>\n\n\n\n<p>Das Publikum am Premierenabend ist zwiegespalten: Den allgemeinen Standing Ovations zum Trotz ergeben Gespr\u00e4che im Foyer dennoch viel Kritik an der Akustik und der Nachvollziehbarkeit der Handlung.<\/p>\n\n\n\n<hr class=\"wp-block-separator has-alpha-channel-opacity is-style-dots\"\/>\n\n\n\n<p class=\"has-small-font-size\">Musikalische Leitung: Thorsten Schmid-Kapfenburg \u2022 Regie: Michael Wallner \u2022 Choreografie: Kati Heidebrecht \u2022 B\u00fchne: Stefan Rieckhoff \u2022 Kost\u00fcme: Uta Meenen \u2022 Choreinstudierung: Anton Tremmel \u2022 Videodesign: Martin Zwiehoff \u2022 Mit: David Arnsperger (Edmond Dant\u00e8s, Graf von Monte Christo), Vera Lorenz (Merc\u00e9d\u00e8s), Ramon Karolan (Fernand Mondego), Gregor Dalal (G\u00e9rard von Villefort\/Abb\u00e9 Faria), Sven Bakin (Baron Danglars), Chen-Han Lin (Albert), Yixuan Zhu (Valentine de Villefort), Erdmuthe Kriener (Luisa Vampa\/Gabriella u.a.), Enrique Bernardo (Jacopo), Marlou D\u00fcster (Sophie u.a.), Hannah Miele (Isabella u.a.) u.a. \u2022 Ensemble Tanz M\u00fcnster \u2022 Opernchor des Theaters M\u00fcnster \u2022 Sinfonieorchester M\u00fcnster<\/p>\n\n\n\n<p class=\"has-small-font-size\">Aufmacherfoto: Bettina St\u00f6\u00df<\/p>\n\n\n\n<p><\/p>\n","protected":false},"excerpt":{"rendered":"<p>Schwache Vorlage ergibt schwachen \u201eGraf von Monte Christo\u201c Das Positive vorweg: Wem eine grandiose Optik und tolle Stimmen reichen, der kommt in M\u00fcnster voll auf seine Kosten. Wer jedoch auch Anspr\u00fcche stellt an die Story, an Spannung, Emotionen, packende schauspielerische Leistungen, der sollte sich den Weg sparen. Und das bei der Vorlage \u2013 nicht ohne Grund wurde Alexandre Dumas\u2019 \u201eGraf von Monte Christo\u201c unz\u00e4hlige Male verfilmt. Um jedoch in M\u00fcnster der Handlung folgen zu k\u00f6nnen, sollte man sich in der [&hellip;]<\/p>\n","protected":false},"author":53,"featured_media":13820,"comment_status":"closed","ping_status":"closed","sticky":false,"template":"","format":"standard","meta":{"tpgb_global_settings":"","footnotes":""},"categories":[201],"tags":[],"class_list":["post-13818","post","type-post","status-publish","format-standard","has-post-thumbnail","hentry","category-muenster"],"tpgb_featured_images":{"full":["https:\/\/www.musical-today.de\/wp-content\/uploads\/2026\/01\/3891.jpg",1500,998,false],"tp-image-grid":["https:\/\/www.musical-today.de\/wp-content\/uploads\/2026\/01\/3891-700x700.jpg",700,700,true],"thumbnail":["https:\/\/www.musical-today.de\/wp-content\/uploads\/2026\/01\/3891-600x399.jpg",600,399,true],"medium":["https:\/\/www.musical-today.de\/wp-content\/uploads\/2026\/01\/3891-1200x798.jpg",1200,798,true],"medium_large":["https:\/\/www.musical-today.de\/wp-content\/uploads\/2026\/01\/3891-770x512.jpg",770,512,true],"large":["https:\/\/www.musical-today.de\/wp-content\/uploads\/2026\/01\/3891.jpg",1139,758,false],"default":"https:\/\/www.musical-today.de\/wp-content\/plugins\/the-plus-addons-for-block-editor\/assets\/images\/tpgb-placeholder.jpg"},"tpgb_post_meta_info":{"get_date":"20.01.2026","get_modified_date":"20.01.2026","category_list":{"category":[{"term_id":201,"name":"M\u00fcnster","slug":"muenster","term_group":0,"term_taxonomy_id":201,"taxonomy":"category","description":"","parent":19,"count":3,"filter":"raw","term_order":"69"}],"post_tag":false,"post_format":false},"author_name":"Klaus Bunte","author_url":"https:\/\/www.musical-today.de\/en\/autor\/klausbunte\/","author_email":"online-kb@musical-today.de","author_website":"","author_description":"","author_facebook":"","author_twitter":"","author_instagram":"","author_role":["author"],"author_firstname":"Klaus","author_lastname":"Bunte","user_login":"klausbunte","author_avatar":"<img src=\"https:\/\/www.musical-today.de\/wp-content\/uploads\/2024\/03\/434034552_122093726612266069_5386620108228489486_n-293x293.jpg\" width=\"200\" height=\"200\" alt=\"Klaus Bunte\" class=\"avatar avatar-200 wp-user-avatar wp-user-avatar-200 alignnone photo\" \/>","author_avatar_url":"https:\/\/www.musical-today.de\/wp-content\/uploads\/2024\/03\/434034552_122093726612266069_5386620108228489486_n.jpg","comment_count":0,"post_likes":0,"post_views":0},"tpgb_post_category":{"category":"<a href=\"https:\/\/www.musical-today.de\/en\/deutschland\/muenster\/\" alt=\"M\u00fcnster\"  class=\"category-muenster\">M\u00fcnster<\/a> "},"_links":{"self":[{"href":"https:\/\/www.musical-today.de\/en\/wp-json\/wp\/v2\/posts\/13818","targetHints":{"allow":["GET"]}}],"collection":[{"href":"https:\/\/www.musical-today.de\/en\/wp-json\/wp\/v2\/posts"}],"about":[{"href":"https:\/\/www.musical-today.de\/en\/wp-json\/wp\/v2\/types\/post"}],"author":[{"embeddable":true,"href":"https:\/\/www.musical-today.de\/en\/wp-json\/wp\/v2\/users\/53"}],"replies":[{"embeddable":true,"href":"https:\/\/www.musical-today.de\/en\/wp-json\/wp\/v2\/comments?post=13818"}],"version-history":[{"count":3,"href":"https:\/\/www.musical-today.de\/en\/wp-json\/wp\/v2\/posts\/13818\/revisions"}],"predecessor-version":[{"id":13824,"href":"https:\/\/www.musical-today.de\/en\/wp-json\/wp\/v2\/posts\/13818\/revisions\/13824"}],"wp:featuredmedia":[{"embeddable":true,"href":"https:\/\/www.musical-today.de\/en\/wp-json\/wp\/v2\/media\/13820"}],"wp:attachment":[{"href":"https:\/\/www.musical-today.de\/en\/wp-json\/wp\/v2\/media?parent=13818"}],"wp:term":[{"taxonomy":"category","embeddable":true,"href":"https:\/\/www.musical-today.de\/en\/wp-json\/wp\/v2\/categories?post=13818"},{"taxonomy":"post_tag","embeddable":true,"href":"https:\/\/www.musical-today.de\/en\/wp-json\/wp\/v2\/tags?post=13818"}],"curies":[{"name":"wp","href":"https:\/\/api.w.org\/{rel}","templated":true}]}}