{"id":13839,"date":"2026-01-23T23:53:00","date_gmt":"2026-01-23T22:53:00","guid":{"rendered":"https:\/\/www.musical-today.de\/?p=13839"},"modified":"2026-01-25T08:27:28","modified_gmt":"2026-01-25T07:27:28","slug":"koeln-e-levve-for-koelle","status":"publish","type":"post","link":"https:\/\/www.musical-today.de\/en\/koeln-e-levve-for-koelle\/","title":{"rendered":"E Levve f\u00f6r K\u00f6lle"},"content":{"rendered":"<div class=\"lets-info-up-wrap  lets-info-up--right lets-info-up--m-1 lets-info-up-skin-3 lets-info-up--side lets-info-up-67995\" style=\"background:#fafafa; color: #616161\">\t\t\t<div class=\"lets-info-up\">\r\n\t\t\t<div class=\"lets-info-up-fi\"><img decoding=\"async\" width=\"500\" height=\"333\" src=\"https:\/\/www.musical-today.de\/wp-content\/uploads\/2024\/01\/qi-addons-for-elementor-placeholder-500x333.png\" class=\"attachment-lets-info-up-d1 size-lets-info-up-d1\" alt=\"|\" srcset=\"https:\/\/www.musical-today.de\/wp-content\/uploads\/2024\/01\/qi-addons-for-elementor-placeholder-500x333.png 500w, https:\/\/www.musical-today.de\/wp-content\/uploads\/2024\/01\/qi-addons-for-elementor-placeholder-300x200.png 300w, https:\/\/www.musical-today.de\/wp-content\/uploads\/2024\/01\/qi-addons-for-elementor-placeholder-1024x683.png 1024w, https:\/\/www.musical-today.de\/wp-content\/uploads\/2024\/01\/qi-addons-for-elementor-placeholder-883x589.png 883w, https:\/\/www.musical-today.de\/wp-content\/uploads\/2024\/01\/qi-addons-for-elementor-placeholder-18x12.png 18w, https:\/\/www.musical-today.de\/wp-content\/uploads\/2024\/01\/qi-addons-for-elementor-placeholder-360x240.png 360w, https:\/\/www.musical-today.de\/wp-content\/uploads\/2024\/01\/qi-addons-for-elementor-placeholder-1155x770.png 1155w, https:\/\/www.musical-today.de\/wp-content\/uploads\/2024\/01\/qi-addons-for-elementor-placeholder-370x247.png 370w, https:\/\/www.musical-today.de\/wp-content\/uploads\/2024\/01\/qi-addons-for-elementor-placeholder-770x513.png 770w, https:\/\/www.musical-today.de\/wp-content\/uploads\/2024\/01\/qi-addons-for-elementor-placeholder-293x195.png 293w, https:\/\/www.musical-today.de\/wp-content\/uploads\/2024\/01\/qi-addons-for-elementor-placeholder-120x80.png 120w, https:\/\/www.musical-today.de\/wp-content\/uploads\/2024\/01\/qi-addons-for-elementor-placeholder-240x160.png 240w, https:\/\/www.musical-today.de\/wp-content\/uploads\/2024\/01\/qi-addons-for-elementor-placeholder-390x260.png 390w, https:\/\/www.musical-today.de\/wp-content\/uploads\/2024\/01\/qi-addons-for-elementor-placeholder.png 1200w\" sizes=\"(max-width: 500px) 100vw, 500px\" title=\"\"><\/div>\t\t\t<div class=\"lets-info-up-block-wrap\">\r\n\t\t\t\t<div class=\"lets-info-up-block lets-info-up-meta-block\"><div class=\"lets-info-up-meta-title lets-info-up-pretitle font-h\" style=\"color: #8c6d18;\">oRT<\/div><div class=\"lets-info-up-meta-content lets-info-up-title font-b\">B\u00fchnenspielgemeinschaft C\u00e4cilia Wolkenburg im K\u00f6lner M\u00e4nner-Gesang-Verein (Oper K\u00f6ln)<\/div><\/div><div class=\"lets-info-up-block lets-info-up-meta-block\"><div class=\"lets-info-up-meta-title lets-info-up-pretitle font-h\" style=\"color: #8c6d18;\">von<\/div><div class=\"lets-info-up-meta-content lets-info-up-title font-b\">Thomas Guthoff (Musik und Arrangements)<br>J\u00fcrgen Nimptsch (Buch)<br>Johannes Fromm, J\u00fcrgen Nimptsch und Manfred Schreier (Liedtexte)<\/div><\/div><div class=\"lets-info-up-block lets-info-up-meta-block\"><div class=\"lets-info-up-meta-title lets-info-up-pretitle font-h\" style=\"color: #8c6d18;\">Regie<\/div><div class=\"lets-info-up-meta-content lets-info-up-title font-b\">Lajos Wenzel<\/div><\/div><div class=\"lets-info-up-block lets-info-up-meta-block\"><div class=\"lets-info-up-meta-title lets-info-up-pretitle font-h\" style=\"color: #8c6d18;\">Urauff\u00fchrung<\/div><div class=\"lets-info-up-meta-content lets-info-up-title font-b\">2026<\/div><\/div><div class=\"lets-info-up-block lets-info-up-meta-block\"><div class=\"lets-info-up-meta-title lets-info-up-pretitle font-h\" style=\"color: #8c6d18;\">INFOS<\/div><div class=\"lets-info-up-meta-content lets-info-up-title font-b\"><a href=\"https:\/\/divertissementchen.de\" data-type=\"link\" target=\"_blank\" rel=\"noopener noreferrer nofollow\">www.divertissementchen.de<\/a><\/div><\/div>\t\t\t<\/div>\r\n\t\t\t<\/div>\r\n\t\t<\/div>\r\n\t\t\n\n\n<p><strong>Das \u201eDivertissementchen\u201c feiert den 150. Geburtstag Konrad Adenauers<\/strong><\/p>\n\n\n\n<p>Dass im StaatenHaus, dem Ausweichquartier der K\u00f6lner Oper, einen Monat lang keine Opern gespielt werden, liegt einmal nicht am schon sprichw\u00f6rtlich gewordenen \u201eBau-Desaster\u201c der st\u00e4dtischen B\u00fchnen, sondern an einer Traditionsveranstaltung, die seit \u00fcber 150 Jahren die Seele (nicht nur) der K\u00f6lnerinnen und K\u00f6lner verz\u00fcckt: das \u201eDivertissementchen\u201c \u2013 oder wie man in K\u00f6ln z\u00e4rtlich sagt, das \u201eZillchen\u201c der B\u00fchnenspielgemeinschaft C\u00e4cilia Wolkenburg im schon 1842 gegr\u00fcndeten K\u00f6lner M\u00e4nner-Gesang-Verein. Da kommt es den sangesfreudigen Herren gerade recht, dass sich 2026 der Geburtstag des ehemaligen K\u00f6lner Oberb\u00fcrgermeisters und sp\u00e4teren Bundeskanzlers Konrad Adenauer zum 150. Mal j\u00e4hrt, dem sie zusammen mit den Bergischen Symphonikern und der Westwood Slickers Band ein Geburtstagsst\u00e4ndchen bringen: \u201eOh, wie is dat sch\u00f6n\u201c, schallt es aus 111 wohlklingenden M\u00e4nnerkehlen in den enthusiastisch mitklatschenden und mitsingenden Zuschauerraum.<\/p>\n\n\n\n<p>Und so f\u00fchlt man sich gleich wie im K\u00f6lner (Karnevals-)Himmel, der dann auch Schauplatz der Adenauer-Revue \u201eE Levve f\u00f6r K\u00f6lle\u201c ist. Denn dort, \u00fcber den Wolken, braut sich f\u00fcr das Geburtstagskind Unheil zusammen: Konrad Adenauer (J\u00fcrgen Nimptsch) soll nach 50 Jahren sein Kanzler-Himmelsb\u00fcro f\u00fcr seinen Nachfolger auf Erden, Ludwig Erhard (Stefan Br\u00f6cher), r\u00e4umen. Seine Assistenz-Engel Jona (Simon Wendring), Luca (Manuel Anastasi) und Urbania (Volker Bader) sowie seine B\u00fcroleiterin Anneliese Poppinga (Wolfgang Semrau) versuchen, ihm die Anordnung von \u201eoben\u201c schonend beizubringen. Aber eigentlich m\u00f6chte er sein B\u00fcro behalten, nimmt er doch noch rege Anteil an der K\u00f6lner Kommunalpolitik, f\u00fcr die er gerade eine Software entwickelt: \u201eWibOf\u201c \u2013 \u201eWie baue ich ein Opernhaus fertig\u201c!<\/p>\n\n\n<div  class=\"tpgb-wrap-956d14_13839  tpgb-wrap-fw \"  ><div id=\"956d14_13839\" class=\"tpgb-block-956d14_13839 tpgb-relative-block tpgb-gallery-list tpgb-metro gallery-style-2 hover-image-style-1   \" data-style=\"style-2\" data-id=\"956d14_13839\" data-layout=\"metro\" data-fancy-option='{\"loop\":false,\"thumb\":\"no\",\"infobar\":true,\"arrows\":true,\"transitionEffect\":\"slide\",\"button\":[\"close\"]}' data-splide='\"\"' data-metroAttr= '{\"metro_col\":3,\"tab_metro_col\":3,\"mobile_metro_col\":3,\"metro_style\":\"style-1\",\"tab_metro_style\":\"style-1\",\"mobile_metro_style\":\"style-1\"}' ><div class=\"tpgb-row post-loop-inner \"><div class=\"grid-item metro-item-0    tpgb-metro-1  tpgb-tab-metro-1  tpgb-mobile-metro-1 \"><a href=\"https:\/\/www.musical-today.de\/wp-content\/uploads\/2026\/01\/Divertissementchen-2026-Szenenfoto-5--Stefanie-Althoff.jpg\" class=\"tpgb-gallery-list-content tpgb-trans-easeinout\" data-fancybox=\"956d14_13839\" data-caption=\"Foto: Stefanie Althoff\" aria-label=\"Foto: Stefanie Althoff\"><div class=\"post-content-image\"><div class=\"tpgb-metro-gallery-image\" style=\"background: url(https:\/\/www.musical-today.de\/wp-content\/uploads\/2026\/01\/Divertissementchen-2026-Szenenfoto-5--Stefanie-Althoff.jpg);\"><\/div><\/div><div class=\"post-content-center\"><div class=\"post-zoom-icon\"><div class=\"meta-search-icon\"><span><img decoding=\"async\" class=\"fancy-img\" src=\"https:\/\/www.musical-today.de\/wp-content\/uploads\/2026\/01\/Divertissementchen-2026-Szenenfoto-5--Stefanie-Althoff.jpg\" alt=\"Media Image1\" title=\"\"><i class=\"fas fa-search-plus pop-icon\"><\/i><\/span><\/div><\/div><div class=\"post-content-bottom\"><p class=\"post-title tpgb-trans-easeinout\">Foto: Stefanie Althoff<\/p><\/div><\/div><\/a><\/div><div class=\"grid-item metro-item-1    tpgb-metro-2  tpgb-tab-metro-2  tpgb-mobile-metro-2 \"><a href=\"https:\/\/www.musical-today.de\/wp-content\/uploads\/2026\/01\/Divertissementchen-2026-Szenenfoto-3--Stefanie-Althoff.jpg\" class=\"tpgb-gallery-list-content tpgb-trans-easeinout\" data-fancybox=\"956d14_13839\" data-caption=\"Foto: Stefanie Althoff\" aria-label=\"Foto: Stefanie Althoff\"><div class=\"post-content-image\"><div class=\"tpgb-metro-gallery-image\" style=\"background: url(https:\/\/www.musical-today.de\/wp-content\/uploads\/2026\/01\/Divertissementchen-2026-Szenenfoto-3--Stefanie-Althoff.jpg);\"><\/div><\/div><div class=\"post-content-center\"><div class=\"post-zoom-icon\"><div class=\"meta-search-icon\"><span><img decoding=\"async\" class=\"fancy-img\" src=\"https:\/\/www.musical-today.de\/wp-content\/uploads\/2026\/01\/Divertissementchen-2026-Szenenfoto-3--Stefanie-Althoff.jpg\" alt=\"Media Image2\" title=\"\"><i class=\"fas fa-search-plus pop-icon\"><\/i><\/span><\/div><\/div><div class=\"post-content-bottom\"><p class=\"post-title tpgb-trans-easeinout\">Foto: Stefanie Althoff<\/p><\/div><\/div><\/a><\/div><div class=\"grid-item metro-item-2    tpgb-metro-3  tpgb-tab-metro-3  tpgb-mobile-metro-3 \"><a href=\"https:\/\/www.musical-today.de\/wp-content\/uploads\/2026\/01\/Divertissementchen-2026-Szenenfoto-12--Stefanie-Althoff.jpg\" class=\"tpgb-gallery-list-content tpgb-trans-easeinout\" data-fancybox=\"956d14_13839\" data-caption=\"Foto: Stefanie Althoff\" aria-label=\"Foto: Stefanie Althoff\"><div class=\"post-content-image\"><div class=\"tpgb-metro-gallery-image\" style=\"background: url(https:\/\/www.musical-today.de\/wp-content\/uploads\/2026\/01\/Divertissementchen-2026-Szenenfoto-12--Stefanie-Althoff.jpg);\"><\/div><\/div><div class=\"post-content-center\"><div class=\"post-zoom-icon\"><div class=\"meta-search-icon\"><span><img decoding=\"async\" class=\"fancy-img\" src=\"https:\/\/www.musical-today.de\/wp-content\/uploads\/2026\/01\/Divertissementchen-2026-Szenenfoto-12--Stefanie-Althoff.jpg\" alt=\"Media Image3\" title=\"\"><i class=\"fas fa-search-plus pop-icon\"><\/i><\/span><\/div><\/div><div class=\"post-content-bottom\"><p class=\"post-title tpgb-trans-easeinout\">Foto: Stefanie Althoff<\/p><\/div><\/div><\/a><\/div><\/div><\/div><\/div>\n\n\n<p>Das Einzige, was den lieben Gott vielleicht umstimmen k\u00f6nnte, sind die Verdienste Adenauers f\u00fcr die Domstadt: Gr\u00fcndung der Messe, Schaffung des Gr\u00fcng\u00fcrtels, Bau der 1.-FC-K\u00f6ln-Sportanlagen und der M\u00fclheimer H\u00e4ngebr\u00fccke. So eilen auch Konrads Ehefrauen Emma (Christopher Wallraff) und Gussie (Marc Beyel) herbei, um ihn bei seinem Herzenswunsch zu unterst\u00fctzen. Das karnevaleske Jukebox-Musical startet nun einen gesanglichen, t\u00e4nzerischen und musikalischen Parforce-Ritt durch Adenauers Privat- und Politiker-Leben, der immer wieder durch illustre Geburtstags-G\u00e4ste aufgepeppt wird: Da gratulieren ihm Queen Elizabeth (Peter Wallraff), Prinz Philip (Ralf Kaiser), Willy Brandt (Harald Butscheid), Marilyn Monroe (Sven Patschkowski), Aristoteles Onassis (Mario Jacobs) und Jackie Kennedy (Sina Demir). Zu der Melodie \u201eGanz Paris tr\u00e4umt von der Liebe\u201c singen ihm die prominenten Besucher ein zeitloses Geburtstags-St\u00e4ndchen: \u201eGanz Paris tr\u00e4umt nur von Frieden\u201c. Nikita Chruschtschow (Knut-Ivar \u00d8stlyngen) steuert zu \u201eKalinka\u201c ein Wodka-Trinklied bei und mit Charles de Gaulle (Stefan F. Robert) erinnert sich Adenauer zu der Melodie \u201eChamps Elys\u00e9es\u201c an den legend\u00e4ren Elyse\u00e9-Vertrag.<\/p>\n\n\n\n<p>Regisseur Lajos Wenzel \u2013 im Hauptjob Intendant am Theater Trier \u2013 ist seit 2016 Leiter des \u201eDivertissementchens\u201c. Wie immer f\u00fchrt er sein Laien-Ensemble traumwandlerisch sicher durch den Abend, stolz und ohne jegliche alberne Attit\u00fcde tragen die M\u00e4nner ihre von Judith Peter fantasievoll entworfenen Frauen-Kost\u00fcme. Gleiches gilt auch f\u00fcr das Ballett-Ensemble, das, ob als Gartenzwerge oder beim Tutu-Spitzentanz, die einfallsreichen Choreografien von Katrin Bachmann und Jens Hermes leichtf\u00fc\u00dfig aufs Parkett bringt. So surft man mit einer wilden, musikalischen Mischung aus Oper, Musical, Pop, Karneval und Klassik durch einen \u00e4u\u00dferst unterhaltsamen Abend, der auch durch einen besonderen inszenatorischen Einfall im Ged\u00e4chtnis bleibt: Die Rolle des Geburtstagskindes hat der ehemalige Bonner Oberb\u00fcrgermeister J\u00fcrgen Nimptsch \u00fcbernommen, der auch f\u00fcr das facettenreiche Buch verantwortlich zeichnet. Da kann man nur sagen: \u201eJl\u00e4ser huh un K\u00f6lle Alaaf!\u201c<\/p>\n\n\n\n<hr class=\"wp-block-separator has-alpha-channel-opacity is-style-dots\"\/>\n\n\n\n<p class=\"has-small-font-size\">Gesamtleitung: Simon Wendring \u2022 Musikalische Leitung: Philip van Buren \u2022 Regie: Lajos Wenzel \u2022 Choreografie: Katrin Bachmann und Jens Hermes \u2022 B\u00fchne: Tom Grasshof \u2022 Kost\u00fcme: Judith Peter \u2022 Licht: Andreas Gr\u00fcter \u2022 Sounddesign: Thomas Wegner \u2022 Musikalische Einstudierung: Philip van Buren, Thomas Guthoff, Steffen M\u00fcller-Gabriel, Benedict Nagel und Bernhard Steiner \u2022 Mit: J\u00fcrgen Nimptsch (Konrad Adenauer im Kanzler-Himmelszimmer \u00fcber den Wolken), Dirk P\u00fctz (Konrad Adenauer in der Erinnerung auf der Erde), Markus Becher (Emma Adenauer \u00fcber den Wolken), Christopher Wallraff (Emma Adenauer auf der Erde), Rainer Wittig (Auguste \u201eGussie\u201c Adenauer \u00fcber den Wolken), Marc Beyel (Auguste \u201eGussie\u201c Adenauer auf der Erde), Jens Hanzlik (Konrad), Frank Walterscheidt (Max), Michael Friedrich (Ria), Marco Doblys (Paul), Gero Schlesinger (Libet), Bernd Corsten (Lotte), Hans Klein (Georg), Wolfgang Semrau (Anneliese Poppinga), Volker Bader (Urbania), Manuel Anastasi (Luca), Simon Wendring (Jona), Joachim Sommerfeld (Rudolf Augstein), Mario Jacobs (Aristoteles Onassis), Sina Demir (Jackie Kennedy), Sven Patschkowski (Marilyn Monroe), Harald Butscheid (Willy Brandt), Walter K\u00f6rner (Norbert Burger), Peter Wallraff (Queen Elizabeth II), Ralf Kaiser (Prinz Philip), Knut-Ivar \u00d8stlyngen (Nikita Chruschtschow), Stefan F. Robert (Charles de Gaulle), Thomas Kreckel (Alcide de Gaspari), Christian Franssen (Franz-Josef Strau\u00df), Stefan Br\u00f6cher (Ludwig Erhard) u.a. \u2022 Chor und Ballett-Ensemble der Spielgemeinschaft \u201eC\u00e4cilia Wolkenburg\u201c im K\u00f6lner M\u00e4nner-Gesang-Verein \u2022 Westwood Slickers \u2022 Bergische Symphoniker<\/p>\n\n\n\n<p class=\"has-small-font-size\">Aufmacherfoto: Stefanie Althoff<\/p>\n","protected":false},"excerpt":{"rendered":"<p>Das \u201eDivertissementchen\u201c feiert den 150. Geburtstag Konrad Adenauers Dass im StaatenHaus, dem Ausweichquartier der K\u00f6lner Oper, einen Monat lang keine Opern gespielt werden, liegt einmal nicht am schon sprichw\u00f6rtlich gewordenen \u201eBau-Desaster\u201c der st\u00e4dtischen B\u00fchnen, sondern an einer Traditionsveranstaltung, die seit \u00fcber 150 Jahren die Seele (nicht nur) der K\u00f6lnerinnen und K\u00f6lner verz\u00fcckt: das \u201eDivertissementchen\u201c \u2013 oder wie man in K\u00f6ln z\u00e4rtlich sagt, das \u201eZillchen\u201c der B\u00fchnenspielgemeinschaft C\u00e4cilia Wolkenburg im schon 1842 gegr\u00fcndeten K\u00f6lner M\u00e4nner-Gesang-Verein. Da kommt es den sangesfreudigen Herren [&hellip;]<\/p>\n","protected":false},"author":15,"featured_media":13844,"comment_status":"closed","ping_status":"closed","sticky":false,"template":"","format":"standard","meta":{"tpgb_global_settings":"","footnotes":""},"categories":[193],"tags":[],"class_list":["post-13839","post","type-post","status-publish","format-standard","has-post-thumbnail","hentry","category-koeln"],"tpgb_featured_images":{"full":["https:\/\/www.musical-today.de\/wp-content\/uploads\/2026\/01\/Divertissementchen-2026-Szenenfoto-8--Stefanie-Althoff.jpg",1500,1500,false],"tp-image-grid":["https:\/\/www.musical-today.de\/wp-content\/uploads\/2026\/01\/Divertissementchen-2026-Szenenfoto-8--Stefanie-Althoff-700x700.jpg",700,700,true],"thumbnail":["https:\/\/www.musical-today.de\/wp-content\/uploads\/2026\/01\/Divertissementchen-2026-Szenenfoto-8--Stefanie-Althoff-600x600.jpg",600,600,true],"medium":["https:\/\/www.musical-today.de\/wp-content\/uploads\/2026\/01\/Divertissementchen-2026-Szenenfoto-8--Stefanie-Althoff-1200x1200.jpg",1200,1200,true],"medium_large":["https:\/\/www.musical-today.de\/wp-content\/uploads\/2026\/01\/Divertissementchen-2026-Szenenfoto-8--Stefanie-Althoff-770x770.jpg",770,770,true],"large":["https:\/\/www.musical-today.de\/wp-content\/uploads\/2026\/01\/Divertissementchen-2026-Szenenfoto-8--Stefanie-Althoff.jpg",1139,1139,false],"default":"https:\/\/www.musical-today.de\/wp-content\/plugins\/the-plus-addons-for-block-editor\/assets\/images\/tpgb-placeholder.jpg"},"tpgb_post_meta_info":{"get_date":"23.01.2026","get_modified_date":"25.01.2026","category_list":{"category":[{"term_id":193,"name":"K\u00f6ln","slug":"koeln","term_group":0,"term_taxonomy_id":193,"taxonomy":"category","description":"","parent":19,"count":6,"filter":"raw","term_order":"57"}],"post_tag":false,"post_format":false},"author_name":"Rolf-R\u00fcdiger Hamacher","author_url":"https:\/\/www.musical-today.de\/en\/autor\/rhamacher\/","author_email":"online222@musical-today.de","author_website":"","author_description":"studierte nach einer Buchh\u00e4ndlerlehre Sozialarbeit. Anschlie\u00dfend war er Regieassistent am Theater und Volont\u00e4r bei einer Filmproduktionsfirma. Seit 1971 schreibt er Kritiken (Film, Theater, Musik, Literatur, Musicals) f\u00fcr Tageszeitungen und Fachmagazine und war Dozent f\u00fcr Medienp\u00e4dagogik und Filmgeschichte. Eigen-Zitat: \u201eMeine Frau ist der Film, meine Geliebte das Musical.\u201c","author_facebook":"","author_twitter":"","author_instagram":"","author_role":["author"],"author_firstname":"Rolf-R\u00fcdiger","author_lastname":"Hamacher","user_login":"rhamacher","author_avatar":"<img src=\"https:\/\/www.musical-today.de\/wp-content\/uploads\/2024\/03\/Rolf-Ruediger-Hamacher-293x293.jpg\" width=\"200\" height=\"200\" alt=\"Rolf-R\u00fcdiger Hamacher\" class=\"avatar avatar-200 wp-user-avatar wp-user-avatar-200 alignnone photo\" \/>","author_avatar_url":"https:\/\/www.musical-today.de\/wp-content\/uploads\/2024\/03\/Rolf-Ruediger-Hamacher.jpg","comment_count":0,"post_likes":0,"post_views":0},"tpgb_post_category":{"category":"<a href=\"https:\/\/www.musical-today.de\/en\/deutschland\/koeln\/\" alt=\"K\u00f6ln\"  class=\"category-koeln\">K\u00f6ln<\/a> "},"_links":{"self":[{"href":"https:\/\/www.musical-today.de\/en\/wp-json\/wp\/v2\/posts\/13839","targetHints":{"allow":["GET"]}}],"collection":[{"href":"https:\/\/www.musical-today.de\/en\/wp-json\/wp\/v2\/posts"}],"about":[{"href":"https:\/\/www.musical-today.de\/en\/wp-json\/wp\/v2\/types\/post"}],"author":[{"embeddable":true,"href":"https:\/\/www.musical-today.de\/en\/wp-json\/wp\/v2\/users\/15"}],"replies":[{"embeddable":true,"href":"https:\/\/www.musical-today.de\/en\/wp-json\/wp\/v2\/comments?post=13839"}],"version-history":[{"count":3,"href":"https:\/\/www.musical-today.de\/en\/wp-json\/wp\/v2\/posts\/13839\/revisions"}],"predecessor-version":[{"id":13859,"href":"https:\/\/www.musical-today.de\/en\/wp-json\/wp\/v2\/posts\/13839\/revisions\/13859"}],"wp:featuredmedia":[{"embeddable":true,"href":"https:\/\/www.musical-today.de\/en\/wp-json\/wp\/v2\/media\/13844"}],"wp:attachment":[{"href":"https:\/\/www.musical-today.de\/en\/wp-json\/wp\/v2\/media?parent=13839"}],"wp:term":[{"taxonomy":"category","embeddable":true,"href":"https:\/\/www.musical-today.de\/en\/wp-json\/wp\/v2\/categories?post=13839"},{"taxonomy":"post_tag","embeddable":true,"href":"https:\/\/www.musical-today.de\/en\/wp-json\/wp\/v2\/tags?post=13839"}],"curies":[{"name":"wp","href":"https:\/\/api.w.org\/{rel}","templated":true}]}}