{"id":13871,"date":"2026-01-26T22:58:07","date_gmt":"2026-01-26T21:58:07","guid":{"rendered":"https:\/\/www.musical-today.de\/?p=13871"},"modified":"2026-01-26T23:01:25","modified_gmt":"2026-01-26T22:01:25","slug":"die-mitte-der-welt","status":"publish","type":"post","link":"https:\/\/www.musical-today.de\/en\/die-mitte-der-welt\/","title":{"rendered":"Die Mitte der Welt"},"content":{"rendered":"<div class=\"lets-info-up-wrap  lets-info-up--right lets-info-up--m-1 lets-info-up-skin-3 lets-info-up--side lets-info-up-78521\" style=\"background:#fafafa; color: #616161\">\t\t\t<div class=\"lets-info-up\">\r\n\t\t\t<div class=\"lets-info-up-fi\"><img decoding=\"async\" width=\"500\" height=\"333\" src=\"https:\/\/www.musical-today.de\/wp-content\/uploads\/2024\/01\/qi-addons-for-elementor-placeholder-500x333.png\" class=\"attachment-lets-info-up-d1 size-lets-info-up-d1\" alt=\"|\" srcset=\"https:\/\/www.musical-today.de\/wp-content\/uploads\/2024\/01\/qi-addons-for-elementor-placeholder-500x333.png 500w, https:\/\/www.musical-today.de\/wp-content\/uploads\/2024\/01\/qi-addons-for-elementor-placeholder-300x200.png 300w, https:\/\/www.musical-today.de\/wp-content\/uploads\/2024\/01\/qi-addons-for-elementor-placeholder-1024x683.png 1024w, https:\/\/www.musical-today.de\/wp-content\/uploads\/2024\/01\/qi-addons-for-elementor-placeholder-883x589.png 883w, https:\/\/www.musical-today.de\/wp-content\/uploads\/2024\/01\/qi-addons-for-elementor-placeholder-18x12.png 18w, https:\/\/www.musical-today.de\/wp-content\/uploads\/2024\/01\/qi-addons-for-elementor-placeholder-360x240.png 360w, https:\/\/www.musical-today.de\/wp-content\/uploads\/2024\/01\/qi-addons-for-elementor-placeholder-1155x770.png 1155w, https:\/\/www.musical-today.de\/wp-content\/uploads\/2024\/01\/qi-addons-for-elementor-placeholder-370x247.png 370w, https:\/\/www.musical-today.de\/wp-content\/uploads\/2024\/01\/qi-addons-for-elementor-placeholder-770x513.png 770w, https:\/\/www.musical-today.de\/wp-content\/uploads\/2024\/01\/qi-addons-for-elementor-placeholder-293x195.png 293w, https:\/\/www.musical-today.de\/wp-content\/uploads\/2024\/01\/qi-addons-for-elementor-placeholder-120x80.png 120w, https:\/\/www.musical-today.de\/wp-content\/uploads\/2024\/01\/qi-addons-for-elementor-placeholder-240x160.png 240w, https:\/\/www.musical-today.de\/wp-content\/uploads\/2024\/01\/qi-addons-for-elementor-placeholder-390x260.png 390w, https:\/\/www.musical-today.de\/wp-content\/uploads\/2024\/01\/qi-addons-for-elementor-placeholder.png 1200w\" sizes=\"(max-width: 500px) 100vw, 500px\" title=\"\"><\/div>\t\t\t<div class=\"lets-info-up-block-wrap\">\r\n\t\t\t\t<div class=\"lets-info-up-block lets-info-up-meta-block\"><div class=\"lets-info-up-meta-title lets-info-up-pretitle font-h\" style=\"color: #8c6d18;\">oRT<\/div><div class=\"lets-info-up-meta-content lets-info-up-title font-b\">Landestheater Linz<\/div><\/div><div class=\"lets-info-up-block lets-info-up-meta-block\"><div class=\"lets-info-up-meta-title lets-info-up-pretitle font-h\" style=\"color: #8c6d18;\">von<\/div><div class=\"lets-info-up-meta-content lets-info-up-title font-b\">Sarah Taylor Ellis (Musik)<br>Niklas Wagner (Buch und Liedtexte)<\/div><\/div><div class=\"lets-info-up-block lets-info-up-meta-block\"><div class=\"lets-info-up-meta-title lets-info-up-pretitle font-h\" style=\"color: #8c6d18;\">Regie<\/div><div class=\"lets-info-up-meta-content lets-info-up-title font-b\">Karoline Gable<\/div><\/div><div class=\"lets-info-up-block lets-info-up-meta-block\"><div class=\"lets-info-up-meta-title lets-info-up-pretitle font-h\" style=\"color: #8c6d18;\">Urauff\u00fchrung<\/div><div class=\"lets-info-up-meta-content lets-info-up-title font-b\">2026<\/div><\/div><div class=\"lets-info-up-block lets-info-up-meta-block\"><div class=\"lets-info-up-meta-title lets-info-up-pretitle font-h\" style=\"color: #8c6d18;\">INFOS<\/div><div class=\"lets-info-up-meta-content lets-info-up-title font-b\"><a href=\"https:\/\/www.landestheater-linz.at\/stuecke\/detail?ref=202520261815\" data-type=\"link\" target=\"_blank\" rel=\"noopener noreferrer nofollow\">www.landestheater-linz.at<\/a><\/div><\/div>\t\t\t<\/div>\r\n\t\t\t<\/div>\r\n\t\t<\/div>\r\n\t\t\n\n\n<p><strong>Gelungene Musicaladaption von Andreas Steinh\u00f6fels Roman \u201eDie Mitte der Welt\u201c<\/strong><\/p>\n\n\n\n<p>Das Leben kann man sich als gro\u00dfes Haus mit vielen Zimmern vorstellen, sagt Tereza, die engste Freundin seiner Mutter, im Roman zu Phil. Einige dieser Zimmer seien dunkel und verbergen Schrecken und Kummer. Aber manchmal f\u00fchre der Weg in einen hellen, sch\u00f6nen Teil des Hauses eben nur durch eines dieser Zimmer.<\/p>\n\n\n\n<p>Das neue Musical von Texter Niklas Wagner und Komponistin Sarah Taylor Ellis erz\u00e4hlt wie der Erfolgsroman von Andreas Steinh\u00f6fel eine Coming-of-Age-Geschichte. Phil und seine Zwillingsschwester Dianne leben mit ihrer jungen Mutter Glass in einem alten Haus am Rande einer Kleinstadt. Zu den Leuten in ihrer Umgebung und zu den Mitsch\u00fclern haben sie wenig Kontakt. Vor allem Dianne leidet als Kind unter dieser Ausgrenzung. Die Schuld daran tr\u00e4gt in ihren Augen die Mutter mit ihrem unangepassten Lebensstil und ihren M\u00e4nnergeschichten. Phil merkt, dass zwischen Mutter und Schwester etwas nicht stimmt, aber beide schweigen. Das ist einer der Steine, die Phil aus dem Weg r\u00e4umen muss auf dem Weg zum Erwachsen-Sein. Jahre sp\u00e4ter erz\u00e4hlt ihm Dianne, dass sie Glass, als diese wieder schwanger war, Belladonna in den Tee gemischt hat, woraufhin die Mutter eine Totgeburt erlitt. Sie h\u00e4tte nicht gewollt, dass noch ein Kind unter der Ausgrenzung zu leiden habe.<\/p>\n\n\n\n<p>Dann ist da noch Nicholas, der Neue in der Schulklasse. Phil verliebt sich unsterblich in ihn, aber die Geborgenheit und N\u00e4he, die Phil sucht, findet er bei ihm nicht. Als er Nicholas eines Tages beim Sex mit seiner Freundin Kat sieht, sucht er Rat bei Tereza. Die sagt ihm, dass er nicht immer nur Zuschauer bleiben d\u00fcrfe, sondern sein Leben aktiv in die Hand nehmen m\u00fcsse, um seinen inneren Kompass, seine Mitte der Welt zu finden. Am Ende geht Phil mit dem Seefahrer Gable, dem Cousin seiner Mutter, nach Amerika, um seinen Vater zu suchen, die Nummer 3 in der Liste der M\u00e4nnerbeziehungen seiner Mutter. Noch so etwas, an dem er immer zu kauen hatte. Erst kurz vor der Abreise nach Amerika verr\u00e4t Glass ihm den Namen von Nummer 3.<\/p>\n\n\n<div  class=\"tpgb-wrap-956d14_13871  tpgb-wrap-fw \"  ><div id=\"956d14_13871\" class=\"tpgb-block-956d14_13871 tpgb-relative-block tpgb-gallery-list tpgb-metro gallery-style-2 hover-image-style-1   \" data-style=\"style-2\" data-id=\"956d14_13871\" data-layout=\"metro\" data-fancy-option='{\"loop\":false,\"thumb\":\"no\",\"infobar\":true,\"arrows\":true,\"transitionEffect\":\"slide\",\"button\":[\"close\"]}' data-splide='\"\"' data-metroAttr= '{\"metro_col\":3,\"tab_metro_col\":3,\"mobile_metro_col\":3,\"metro_style\":\"style-1\",\"tab_metro_style\":\"style-1\",\"mobile_metro_style\":\"style-1\"}' ><div class=\"tpgb-row post-loop-inner \"><div class=\"grid-item metro-item-0    tpgb-metro-1  tpgb-tab-metro-1  tpgb-mobile-metro-1 \"><a href=\"https:\/\/www.musical-today.de\/wp-content\/uploads\/2026\/01\/11866_300dpi.jpg\" class=\"tpgb-gallery-list-content tpgb-trans-easeinout\" data-fancybox=\"956d14_13871\" data-caption=\"Foto: Philip Brunnader\" aria-label=\"Foto: Philip Brunnader\"><div class=\"post-content-image\"><div class=\"tpgb-metro-gallery-image\" style=\"background: url(https:\/\/www.musical-today.de\/wp-content\/uploads\/2026\/01\/11866_300dpi.jpg);\"><\/div><\/div><div class=\"post-content-center\"><div class=\"post-zoom-icon\"><div class=\"meta-search-icon\"><span><img decoding=\"async\" class=\"fancy-img\" src=\"https:\/\/www.musical-today.de\/wp-content\/uploads\/2026\/01\/11866_300dpi.jpg\" alt=\"Media Image1\" title=\"\"><i class=\"fas fa-search-plus pop-icon\"><\/i><\/span><\/div><\/div><div class=\"post-content-bottom\"><p class=\"post-title tpgb-trans-easeinout\">Foto: Philip Brunnader<\/p><\/div><\/div><\/a><\/div><div class=\"grid-item metro-item-1    tpgb-metro-2  tpgb-tab-metro-2  tpgb-mobile-metro-2 \"><a href=\"https:\/\/www.musical-today.de\/wp-content\/uploads\/2026\/01\/11882_300dpi.jpg\" class=\"tpgb-gallery-list-content tpgb-trans-easeinout\" data-fancybox=\"956d14_13871\" data-caption=\"Foto: Reinhard Winkler\" aria-label=\"Foto: Reinhard Winkler\"><div class=\"post-content-image\"><div class=\"tpgb-metro-gallery-image\" style=\"background: url(https:\/\/www.musical-today.de\/wp-content\/uploads\/2026\/01\/11882_300dpi.jpg);\"><\/div><\/div><div class=\"post-content-center\"><div class=\"post-zoom-icon\"><div class=\"meta-search-icon\"><span><img decoding=\"async\" class=\"fancy-img\" src=\"https:\/\/www.musical-today.de\/wp-content\/uploads\/2026\/01\/11882_300dpi.jpg\" alt=\"Media Image2\" title=\"\"><i class=\"fas fa-search-plus pop-icon\"><\/i><\/span><\/div><\/div><div class=\"post-content-bottom\"><p class=\"post-title tpgb-trans-easeinout\">Foto: Reinhard Winkler<\/p><\/div><\/div><\/a><\/div><div class=\"grid-item metro-item-2    tpgb-metro-3  tpgb-tab-metro-3  tpgb-mobile-metro-3 \"><a href=\"https:\/\/www.musical-today.de\/wp-content\/uploads\/2026\/01\/11885_300dpi.jpg\" class=\"tpgb-gallery-list-content tpgb-trans-easeinout\" data-fancybox=\"956d14_13871\" data-caption=\"Foto: Reinhard Winkler\" aria-label=\"Foto: Reinhard Winkler\"><div class=\"post-content-image\"><div class=\"tpgb-metro-gallery-image\" style=\"background: url(https:\/\/www.musical-today.de\/wp-content\/uploads\/2026\/01\/11885_300dpi.jpg);\"><\/div><\/div><div class=\"post-content-center\"><div class=\"post-zoom-icon\"><div class=\"meta-search-icon\"><span><img decoding=\"async\" class=\"fancy-img\" src=\"https:\/\/www.musical-today.de\/wp-content\/uploads\/2026\/01\/11885_300dpi.jpg\" alt=\"Media Image3\" title=\"\"><i class=\"fas fa-search-plus pop-icon\"><\/i><\/span><\/div><\/div><div class=\"post-content-bottom\"><p class=\"post-title tpgb-trans-easeinout\">Foto: Reinhard Winkler<\/p><\/div><\/div><\/a><\/div><\/div><\/div><\/div>\n\n\n<p>Die Geschichte von Phil und seiner Familie wird filmisch in Sequenzen aus kurzen Szenen und R\u00fcckblenden erz\u00e4hlt, in denen Phil, Dianne und Nicholas von j\u00fcngeren Darstellern gespielt werden. Die Indie-Folk-inspirierte Musik von Sarah Taylor Ellis geht Hand in Hand mit den schnellen Szenen-, Orts- und Stimmungswechseln und \u00e4ndert sich oft innerhalb einer einzigen Nummer. Songs im gewohnten Sinn, also abgeschlossene Solonummern eines Charakters, sind selten. Es gibt auch keinen Star, keinen Helden, der alle \u00fcberstrahlt. Phil ist zwar die Hauptfigur mit den meisten Anteilen an Dialog und Musik \u2013 im Roman ist er der Ich-Erz\u00e4hler \u2013, aber seine Geschichte spielt sich eher in seinem Inneren ab. Und auch die anderen Figuren haben ihre Probleme und Geheimnisse.<\/p>\n\n\n\n<p>Die Urauff\u00fchrung ist ein Ensemblest\u00fcck, zugeschnitten auf die spielfreudige, hochengagierte Musicalcompany des Landestheaters Linz, das diese Adaption des bekannten Jugendbuchs in Auftrag gegeben hat. Die BlackBox, Studiob\u00fchne des Musiktheaters, mit Platz f\u00fcr maximal 270 Zuschauer ist daf\u00fcr der ideale Ort. Die runde B\u00fchne mit Stegen nach hinten f\u00fcr Auftritte und Abg\u00e4nge ist der zentrale Spielort, aber nicht der einzige. Die Darsteller agieren in Karoline Gables Inszenierung im ganzen Theaterraum: auf und neben der B\u00fchne, in den G\u00e4ngen zwischen den Zuschauerreihen, auf einer Empore im Hintergrund. Ein paar Requisiten und Kost\u00fcme aus dem Second-Hand-Shop gen\u00fcgen, um Schaupl\u00e4tze und Situationen anzudeuten und die Personen zu charakterisieren: wenig Aufwand, gro\u00dfe Wirkung (Ausstattung: Eleanor Bull). Gut vorstellbar, dass man Phils Geschichte in absehbarer Zeit auch anderswo im deutschsprachigen Raum erleben wird \u2013 zu w\u00fcnschen w\u00e4re es ihr.<\/p>\n\n\n\n<hr class=\"wp-block-separator has-alpha-channel-opacity is-style-dots\"\/>\n\n\n\n<p class=\"has-small-font-size\">Musikalische Leitung: Raban Brunner \u2022 Regie: Karoline Gable \u2022 Choreografie: Hannah Moana Paul \u2022 Ausstattung: Eleanor Bull \u2022 Licht: Rapha\u00ebl-Aaron Moss \u2022 Mit: Lukas Sandmann (Phil), Patrizia Unger (Dianne), Sanne Mieloo (Glass), Elvin Karakurt (Kat), Fabian Koller (Nicholas), Astrid Nowak (Tereza), Lynsey Thurgar (Pascal), Christian Fr\u00f6hlich (Gable), David Rodriguez-Yanez (Michael), Antonin Stamm (Kleiner Phil), Muriel Sophie Nova (Kleine Dianne), Moritz Schmuckermayr (Kleiner Nicholas) \u2022 The Off-Center-Orchestra<\/p>\n\n\n\n<p class=\"has-small-font-size\">Aufmacherfoto: Reinhard Winkler<\/p>\n\n\n\n<p><\/p>\n","protected":false},"excerpt":{"rendered":"<p>Gelungene Musicaladaption von Andreas Steinh\u00f6fels Roman \u201eDie Mitte der Welt\u201c Das Leben kann man sich als gro\u00dfes Haus mit vielen Zimmern vorstellen, sagt Tereza, die engste Freundin seiner Mutter, im Roman zu Phil. Einige dieser Zimmer seien dunkel und verbergen Schrecken und Kummer. Aber manchmal f\u00fchre der Weg in einen hellen, sch\u00f6nen Teil des Hauses eben nur durch eines dieser Zimmer. Das neue Musical von Texter Niklas Wagner und Komponistin Sarah Taylor Ellis erz\u00e4hlt wie der Erfolgsroman von Andreas Steinh\u00f6fel [&hellip;]<\/p>\n","protected":false},"author":66,"featured_media":13861,"comment_status":"closed","ping_status":"closed","sticky":false,"template":"","format":"standard","meta":{"tpgb_global_settings":"","footnotes":""},"categories":[87],"tags":[],"class_list":["post-13871","post","type-post","status-publish","format-standard","has-post-thumbnail","hentry","category-linz"],"tpgb_featured_images":{"full":["https:\/\/www.musical-today.de\/wp-content\/uploads\/2026\/01\/11889_300dpi-1.jpg",1500,1000,false],"tp-image-grid":["https:\/\/www.musical-today.de\/wp-content\/uploads\/2026\/01\/11889_300dpi-1-700x700.jpg",700,700,true],"thumbnail":["https:\/\/www.musical-today.de\/wp-content\/uploads\/2026\/01\/11889_300dpi-1-600x400.jpg",600,400,true],"medium":["https:\/\/www.musical-today.de\/wp-content\/uploads\/2026\/01\/11889_300dpi-1-1200x800.jpg",1200,800,true],"medium_large":["https:\/\/www.musical-today.de\/wp-content\/uploads\/2026\/01\/11889_300dpi-1-770x513.jpg",770,513,true],"large":["https:\/\/www.musical-today.de\/wp-content\/uploads\/2026\/01\/11889_300dpi-1.jpg",1139,759,false],"default":"https:\/\/www.musical-today.de\/wp-content\/plugins\/the-plus-addons-for-block-editor\/assets\/images\/tpgb-placeholder.jpg"},"tpgb_post_meta_info":{"get_date":"26.01.2026","get_modified_date":"26.01.2026","category_list":{"category":[{"term_id":87,"name":"Linz","slug":"linz","term_group":0,"term_taxonomy_id":87,"taxonomy":"category","description":"","parent":114,"count":9,"filter":"raw","term_order":"8"}],"post_tag":false,"post_format":false},"author_name":"Wolfgang Aschenbrenner","author_url":"https:\/\/www.musical-today.de\/en\/autor\/aschenbrenner\/","author_email":"aschenbrenner-xxx@musical-today.de","author_website":"","author_description":"","author_facebook":"","author_twitter":"","author_instagram":"","author_role":["author"],"author_firstname":"Wolfgang","author_lastname":"Aschenbrenner","user_login":"aschenbrenner","author_avatar":"<img src=\"https:\/\/www.musical-today.de\/wp-content\/uploads\/2024\/03\/434034552_122093726612266069_5386620108228489486_n-293x293.jpg\" width=\"200\" height=\"200\" alt=\"Wolfgang Aschenbrenner\" class=\"avatar avatar-200 wp-user-avatar wp-user-avatar-200 alignnone photo\" \/>","author_avatar_url":"https:\/\/www.musical-today.de\/wp-content\/uploads\/2024\/03\/434034552_122093726612266069_5386620108228489486_n.jpg","comment_count":0,"post_likes":0,"post_views":0},"tpgb_post_category":{"category":"<a href=\"https:\/\/www.musical-today.de\/en\/oesterreich\/linz\/\" alt=\"Linz\"  class=\"category-linz\">Linz<\/a> "},"_links":{"self":[{"href":"https:\/\/www.musical-today.de\/en\/wp-json\/wp\/v2\/posts\/13871","targetHints":{"allow":["GET"]}}],"collection":[{"href":"https:\/\/www.musical-today.de\/en\/wp-json\/wp\/v2\/posts"}],"about":[{"href":"https:\/\/www.musical-today.de\/en\/wp-json\/wp\/v2\/types\/post"}],"author":[{"embeddable":true,"href":"https:\/\/www.musical-today.de\/en\/wp-json\/wp\/v2\/users\/66"}],"replies":[{"embeddable":true,"href":"https:\/\/www.musical-today.de\/en\/wp-json\/wp\/v2\/comments?post=13871"}],"version-history":[{"count":1,"href":"https:\/\/www.musical-today.de\/en\/wp-json\/wp\/v2\/posts\/13871\/revisions"}],"predecessor-version":[{"id":13872,"href":"https:\/\/www.musical-today.de\/en\/wp-json\/wp\/v2\/posts\/13871\/revisions\/13872"}],"wp:featuredmedia":[{"embeddable":true,"href":"https:\/\/www.musical-today.de\/en\/wp-json\/wp\/v2\/media\/13861"}],"wp:attachment":[{"href":"https:\/\/www.musical-today.de\/en\/wp-json\/wp\/v2\/media?parent=13871"}],"wp:term":[{"taxonomy":"category","embeddable":true,"href":"https:\/\/www.musical-today.de\/en\/wp-json\/wp\/v2\/categories?post=13871"},{"taxonomy":"post_tag","embeddable":true,"href":"https:\/\/www.musical-today.de\/en\/wp-json\/wp\/v2\/tags?post=13871"}],"curies":[{"name":"wp","href":"https:\/\/api.w.org\/{rel}","templated":true}]}}