{"id":14075,"date":"2026-03-03T14:47:04","date_gmt":"2026-03-03T13:47:04","guid":{"rendered":"https:\/\/www.musical-today.de\/?p=14075"},"modified":"2026-03-03T14:48:13","modified_gmt":"2026-03-03T13:48:13","slug":"wien-spring-awakening","status":"publish","type":"post","link":"https:\/\/www.musical-today.de\/en\/wien-spring-awakening\/","title":{"rendered":"Spring Awakening"},"content":{"rendered":"<div class=\"lets-info-up-wrap  lets-info-up--right lets-info-up--m-1 lets-info-up-skin-3 lets-info-up--side lets-info-up-89677\" style=\"background:#fafafa; color: #616161\">\t\t\t<div class=\"lets-info-up\">\r\n\t\t\t<div class=\"lets-info-up-fi\"><img decoding=\"async\" width=\"500\" height=\"333\" src=\"https:\/\/www.musical-today.de\/wp-content\/uploads\/2024\/01\/qi-addons-for-elementor-placeholder-500x333.png\" class=\"attachment-lets-info-up-d1 size-lets-info-up-d1\" alt=\"|\" srcset=\"https:\/\/www.musical-today.de\/wp-content\/uploads\/2024\/01\/qi-addons-for-elementor-placeholder-500x333.png 500w, https:\/\/www.musical-today.de\/wp-content\/uploads\/2024\/01\/qi-addons-for-elementor-placeholder-300x200.png 300w, https:\/\/www.musical-today.de\/wp-content\/uploads\/2024\/01\/qi-addons-for-elementor-placeholder-1024x683.png 1024w, https:\/\/www.musical-today.de\/wp-content\/uploads\/2024\/01\/qi-addons-for-elementor-placeholder-883x589.png 883w, https:\/\/www.musical-today.de\/wp-content\/uploads\/2024\/01\/qi-addons-for-elementor-placeholder-18x12.png 18w, https:\/\/www.musical-today.de\/wp-content\/uploads\/2024\/01\/qi-addons-for-elementor-placeholder-360x240.png 360w, https:\/\/www.musical-today.de\/wp-content\/uploads\/2024\/01\/qi-addons-for-elementor-placeholder-1155x770.png 1155w, https:\/\/www.musical-today.de\/wp-content\/uploads\/2024\/01\/qi-addons-for-elementor-placeholder-370x247.png 370w, https:\/\/www.musical-today.de\/wp-content\/uploads\/2024\/01\/qi-addons-for-elementor-placeholder-770x513.png 770w, https:\/\/www.musical-today.de\/wp-content\/uploads\/2024\/01\/qi-addons-for-elementor-placeholder-293x195.png 293w, https:\/\/www.musical-today.de\/wp-content\/uploads\/2024\/01\/qi-addons-for-elementor-placeholder-120x80.png 120w, https:\/\/www.musical-today.de\/wp-content\/uploads\/2024\/01\/qi-addons-for-elementor-placeholder-240x160.png 240w, https:\/\/www.musical-today.de\/wp-content\/uploads\/2024\/01\/qi-addons-for-elementor-placeholder-390x260.png 390w, https:\/\/www.musical-today.de\/wp-content\/uploads\/2024\/01\/qi-addons-for-elementor-placeholder.png 1200w\" sizes=\"(max-width: 500px) 100vw, 500px\" title=\"\"><\/div>\t\t\t<div class=\"lets-info-up-block-wrap\">\r\n\t\t\t\t<div class=\"lets-info-up-block lets-info-up-meta-block\"><div class=\"lets-info-up-meta-title lets-info-up-pretitle font-h\" style=\"color: #8c6d18;\">oRT<\/div><div class=\"lets-info-up-meta-content lets-info-up-title font-b\">Volksoper Wien<\/div><\/div><div class=\"lets-info-up-block lets-info-up-meta-block\"><div class=\"lets-info-up-meta-title lets-info-up-pretitle font-h\" style=\"color: #8c6d18;\">von<\/div><div class=\"lets-info-up-meta-content lets-info-up-title font-b\">Duncan Sheik (Musik) <br>Steven Sater (Buch und Gesangstexte)<\/div><\/div><div class=\"lets-info-up-block lets-info-up-meta-block\"><div class=\"lets-info-up-meta-title lets-info-up-pretitle font-h\" style=\"color: #8c6d18;\">Regie<\/div><div class=\"lets-info-up-meta-content lets-info-up-title font-b\">Fr\u00e9d\u00e9ric Buhr<\/div><\/div><div class=\"lets-info-up-block lets-info-up-meta-block\"><div class=\"lets-info-up-meta-title lets-info-up-pretitle font-h\" style=\"color: #8c6d18;\">Urauff\u00fchrunG<\/div><div class=\"lets-info-up-meta-content lets-info-up-title font-b\">2006<\/div><\/div><div class=\"lets-info-up-block lets-info-up-meta-block\"><div class=\"lets-info-up-meta-title lets-info-up-pretitle font-h\" style=\"color: #8c6d18;\">INFOS<\/div><div class=\"lets-info-up-meta-content lets-info-up-title font-b\"><a href=\"https:\/\/www.volksoper.at\/produktion\/spring-awakening-2026.de.html\" data-type=\"link\" target=\"_blank\" rel=\"noopener noreferrer nofollow\">www.volksoper.at<\/a><\/div><\/div>\t\t\t<\/div>\r\n\t\t\t<\/div>\r\n\t\t<\/div>\r\n\t\t\n\n\n<p><strong><strong><strong>Dunkle Zeiten in \u201eSpring Awakening\u201c an der Volksoper Wien<\/strong><\/strong><\/strong><\/p>\n\n\n\n<p>\u201eWie soll es mit dieser Generation weitergehen?\u201c, schallt es durch die Lautsprecher der Wiener Volksoper. Ein heiterer Abend verspricht diese Premiere nicht zu werden. Energetisch, kraftvoll, w\u00fctend interpretiert das junge Ensemble unter der Regie von Fr\u00e9d\u00e9ric Buhr einen der wohl d\u00fcstersten Musicalstoffe, nach Frank Wedekinds ber\u00fchmtem Theaterst\u00fcck \u201eFr\u00fchlings Erwachen\u201c. In der Zeit der Jahrhundertwende versucht sich die junge Generation inmitten pr\u00fcder Sexualmoral und einem restriktiven Erziehungssystem zurechtzufinden. Die erbl\u00fchende Sexualit\u00e4t ist allgegenw\u00e4rtig in einer schambehafteten, lieblosen Welt, in der Erwachsene blo\u00dfer St\u00f6rfaktor sind und psychische wie physische Gewalt die Regel statt die Ausnahme ist.<\/p>\n\n\n\n<p>Bei all der Schwere bietet die Musik einen Safe Space, in den die Figuren f\u00fcr einen kurzen Moment auszubrechen verm\u00f6gen. Die achtk\u00f6pfige Band um den musikalischen Leiter Christian Frank wird zum bl\u00fchenden Zufluchtsort in der B\u00fchnenmitte, erleuchtet von einem Hexagon-Heiligenschein. Zwischen Gitarren-Rock und Streicher-Pop produziert sie einen klaren, studioreifen Sound, der sich gemeinsam mit den S\u00e4ngerstimmen zu einem st\u00fcckentsprechenden \u201aOhr-gasmus\u2018 entfaltet. Bereits die ersten Ensemblenummern \u201eMama Who Bore Me\u201c und \u201eThe Bitch of Living\u201c (die Songs erklingen in englischer Sprache) etablieren die hohe gesangliche Qualit\u00e4t und Spielfreude des jungen Ensembles. Dazu gesellen sich Jugendliche mit au\u00dfergew\u00f6hnlichem Auslebungsdrang in Form von Flickflacks und Saltos, eindrucksvoll in Szene gesetzt von Stunt Coordinator Ran Arthur Braun, erg\u00e4nzt um pr\u00e4zise Choreografien von Klevis Elmazaj.<\/p>\n\n\n\n<p>Im Zentrum der Geschichte stehen drei junge Menschen: Wendla, deren Mutter sich der Aufkl\u00e4rung ihrer Tochter verweigert, nur um sie dann f\u00fcr ihre ungewollte Schwangerschaft zu schelten &#8211; am Premierenabend in feiner Nuancierung aus Fragilit\u00e4t und St\u00e4rke von Paula Nocker interpretiert. Auch Moritz leidet unter den fehlenden Bew\u00e4ltigungsmechanismen seiner neu entstehenden Lust und wird zum Opfer schulischen Leistungsdrucks. Til Ormeloh verk\u00f6rpert die daraus folgende Instabilit\u00e4t mit einer faszinierenden Intensit\u00e4t. Sein Selbstmord ist einer der Brennpunkte des Abends.<\/p>\n\n\n<div  class=\"tpgb-wrap-956d14_14075  tpgb-wrap-fw \"  ><div id=\"956d14_14075\" class=\"tpgb-block-956d14_14075 tpgb-relative-block tpgb-gallery-list tpgb-metro gallery-style-2 hover-image-style-1   new\" data-style=\"style-2\" data-id=\"956d14_14075\" data-layout=\"metro\" data-fancy-option='{\"loop\":false,\"thumb\":\"no\",\"infobar\":true,\"arrows\":true,\"transitionEffect\":\"slide\",\"button\":[\"close\"]}' data-splide='\"\"' data-metroAttr= '{\"metro_col\":\"3\",\"tab_metro_col\":3,\"mobile_metro_col\":3,\"metro_style\":\"style-1\",\"tab_metro_style\":\"style-1\",\"mobile_metro_style\":\"style-1\"}' ><div class=\"tpgb-row post-loop-inner \"><div class=\"grid-item metro-item-0    tpgb-metro-1  tpgb-tab-metro-1  tpgb-mobile-metro-1 \"><a href=\"https:\/\/www.musical-today.de\/wp-content\/uploads\/2026\/03\/2026-02-GP-Spring-MXS-100.jpg\" class=\"tpgb-gallery-list-content tpgb-trans-easeinout\" data-fancybox=\"956d14_14075\" data-caption=\"Foto: Marco Sommer\" aria-label=\"Foto: Marco Sommer\"><div class=\"post-content-image\"><div class=\"tpgb-metro-gallery-image\" style=\"background: url(https:\/\/www.musical-today.de\/wp-content\/uploads\/2026\/03\/2026-02-GP-Spring-MXS-100.jpg);\"><\/div><\/div><div class=\"post-content-center\"><div class=\"post-zoom-icon\"><div class=\"meta-search-icon\"><span><img decoding=\"async\" class=\"fancy-img\" src=\"https:\/\/www.musical-today.de\/wp-content\/uploads\/2026\/03\/2026-02-GP-Spring-MXS-100.jpg\" alt=\"Media Image1\" title=\"\"><i class=\"fas fa-search-plus pop-icon\"><\/i><\/span><\/div><\/div><div class=\"post-content-bottom\"><p class=\"post-title tpgb-trans-easeinout\">Foto: Marco Sommer<\/p><\/div><\/div><\/a><\/div><div class=\"grid-item metro-item-1    tpgb-metro-2  tpgb-tab-metro-2  tpgb-mobile-metro-2 \"><a href=\"https:\/\/www.musical-today.de\/wp-content\/uploads\/2026\/03\/2026-02-GP-Spring-MXS-81.jpg\" class=\"tpgb-gallery-list-content tpgb-trans-easeinout\" data-fancybox=\"956d14_14075\" data-caption=\"Foto: Marco Sommer\" aria-label=\"Foto: Marco Sommer\"><div class=\"post-content-image\"><div class=\"tpgb-metro-gallery-image\" style=\"background: url(https:\/\/www.musical-today.de\/wp-content\/uploads\/2026\/03\/2026-02-GP-Spring-MXS-81.jpg);\"><\/div><\/div><div class=\"post-content-center\"><div class=\"post-zoom-icon\"><div class=\"meta-search-icon\"><span><img decoding=\"async\" class=\"fancy-img\" src=\"https:\/\/www.musical-today.de\/wp-content\/uploads\/2026\/03\/2026-02-GP-Spring-MXS-81.jpg\" alt=\"Media Image2\" title=\"\"><i class=\"fas fa-search-plus pop-icon\"><\/i><\/span><\/div><\/div><div class=\"post-content-bottom\"><p class=\"post-title tpgb-trans-easeinout\">Foto: Marco Sommer<\/p><\/div><\/div><\/a><\/div><div class=\"grid-item metro-item-2    tpgb-metro-3  tpgb-tab-metro-3  tpgb-mobile-metro-3 \"><a href=\"https:\/\/www.musical-today.de\/wp-content\/uploads\/2026\/03\/2026-02-GP-Spring-MXS-85.jpg\" class=\"tpgb-gallery-list-content tpgb-trans-easeinout\" data-fancybox=\"956d14_14075\" data-caption=\"Foto: Marco Sommer\" aria-label=\"Foto: Marco Sommer\"><div class=\"post-content-image\"><div class=\"tpgb-metro-gallery-image\" style=\"background: url(https:\/\/www.musical-today.de\/wp-content\/uploads\/2026\/03\/2026-02-GP-Spring-MXS-85.jpg);\"><\/div><\/div><div class=\"post-content-center\"><div class=\"post-zoom-icon\"><div class=\"meta-search-icon\"><span><img decoding=\"async\" class=\"fancy-img\" src=\"https:\/\/www.musical-today.de\/wp-content\/uploads\/2026\/03\/2026-02-GP-Spring-MXS-85.jpg\" alt=\"Media Image3\" title=\"\"><i class=\"fas fa-search-plus pop-icon\"><\/i><\/span><\/div><\/div><div class=\"post-content-bottom\"><p class=\"post-title tpgb-trans-easeinout\">Foto: Marco Sommer<\/p><\/div><\/div><\/a><\/div><\/div><\/div><\/div>\n\n\n<p>Mit seiner Aufgeschlossenheit durch den Abend f\u00fchrt schlie\u00dflich Melchior, dessen fortschrittliches Denken in seiner f\u00fcrsorglichen Mutter wurzelt. Paul Aschenwald verleiht ihm eine h\u00f6chst souver\u00e4ne Emotionalit\u00e4t mit sch\u00f6nem Mix in der engelsklaren Stimme, die besonders ber\u00fchrt, als er schlussendlich statt seiner Liebe Wendla nur deren Grab vorfindet. Mit einer Stimme, die ihresgleichen sucht, \u00fcberzeugt zudem Isabel Saris als Martha, als sie die Vergewaltigung ihrer Schwester Ilse (gro\u00dfartig: Hannah Severin) durch den eigenen Vater besingt. Es sind Szenen, deren emotionale Wirkung einem genauso im Halse stecken bleibt wie die Erkenntnis, dass sich diese Rohdiamanten gerade erst in der Ausbildung befinden.<\/p>\n\n\n\n<p>Im Ger\u00fcst der Gesellschaft gefangen, versuchen sich die Jugendlichen ihren Weg zur erl\u00f6senden Mitte, dem Fr\u00fchling, zu erklimmen, der in seiner H\u00f6he nur f\u00fcr die Toten erreichbar scheint. Die inhaltliche wie optische D\u00fcsternis erzeugt eine beklemmende Atmosph\u00e4re mit sch\u00f6nen Bildern, die in ihrer metallisch-rotierenden Tristesse etwas repetitiv werden und selbst im Finale \u201ePurple Summer\u201c nur einen winzigen Funken Hoffnung zulassen.<\/p>\n\n\n\n<p>\u201eEine Kindertrag\u00f6die voller ungeh\u00f6rter, gequ\u00e4lter Schreie junger Menschen\u201c: So wie Wedekind sein Drama beschrieb, hat Regisseur Buhr die H\u00e4rte dieses Musicals bewusst herausgearbeitet. Die Jugend als Opfer einer Gesellschaft, eines Systems, das einschr\u00e4nkt statt befreit. Die Antwort der Jugend? \u201eTotally Fucked!\u201c Ein Jubelsturm aus dem Auditorium, dessen Zuschauer sich wiedererkennen in einem jungen Ensemble, das in seiner Einheit aus Stimmen und K\u00f6rpern zu G\u00e4nsehaut r\u00fchrt. Am Ende steht der Saal und will gar nicht aufh\u00f6ren, diese starken Erwachsenen von morgen zu bejubeln.<\/p>\n\n\n\n<hr class=\"wp-block-separator has-alpha-channel-opacity is-style-dots\"\/>\n\n\n\n<p class=\"has-small-font-size\">Musikalische Leitung: Christian Frank \u2022 Regie: Fr\u00e9d\u00e9ric Buhr \u2022 Choreografie: Klevis Elmazaj \u2022 Stunt-Koordination: Ran Arthur Braun \u2022 B\u00fchne: Agnes Hasun \u2022 Kost\u00fcme: Constanza Meza-Lopehandia \u2022 Licht: Alex Brok \u2022 Sounddesign: Martin Lukesch \u2022 Mit: Paula Nocker (Wendla), Paul Aschenwald (Melchior), Til Ormeloh (Moritz), Isabel Saris (Martha), Myriam Akhoundov (Thea), Laura Magdalena Goblirsch (Anna), Hannah Severin (Ilse), Lorenz Pojer (H\u00e4nschen\/Dieter), Camillo Guthmann (Ernst\/Rupert), Jonathan Guth (Georg\/Albrecht), Johannes Brand (Otto\/Reinhold), Martina Dorak (Erwachsene Frau), Peter Lesiak (Erwachsener Mann) \u2022 Stunts: Show Talent Network \u00a0<br><br>Aufmacherfoto: Marco Sommer<\/p>\n","protected":false},"excerpt":{"rendered":"<p>Dunkle Zeiten in \u201eSpring Awakening\u201c an der Volksoper Wien \u201eWie soll es mit dieser Generation weitergehen?\u201c, schallt es durch die Lautsprecher der Wiener Volksoper. Ein heiterer Abend verspricht diese Premiere nicht zu werden. Energetisch, kraftvoll, w\u00fctend interpretiert das junge Ensemble unter der Regie von Fr\u00e9d\u00e9ric Buhr einen der wohl d\u00fcstersten Musicalstoffe, nach Frank Wedekinds ber\u00fchmtem Theaterst\u00fcck \u201eFr\u00fchlings Erwachen\u201c. In der Zeit der Jahrhundertwende versucht sich die junge Generation inmitten pr\u00fcder Sexualmoral und einem restriktiven Erziehungssystem zurechtzufinden. Die erbl\u00fchende Sexualit\u00e4t ist [&hellip;]<\/p>\n","protected":false},"author":55,"featured_media":14072,"comment_status":"closed","ping_status":"closed","sticky":false,"template":"","format":"standard","meta":{"tpgb_global_settings":"","footnotes":""},"categories":[136],"tags":[],"class_list":["post-14075","post","type-post","status-publish","format-standard","has-post-thumbnail","hentry","category-wien"],"tpgb_featured_images":{"full":["https:\/\/www.musical-today.de\/wp-content\/uploads\/2026\/03\/2026-02-GP-Spring-MXS-2.jpg",1500,844,false],"tp-image-grid":["https:\/\/www.musical-today.de\/wp-content\/uploads\/2026\/03\/2026-02-GP-Spring-MXS-2-700x700.jpg",700,700,true],"thumbnail":["https:\/\/www.musical-today.de\/wp-content\/uploads\/2026\/03\/2026-02-GP-Spring-MXS-2-600x338.jpg",600,338,true],"medium":["https:\/\/www.musical-today.de\/wp-content\/uploads\/2026\/03\/2026-02-GP-Spring-MXS-2-1200x675.jpg",1200,675,true],"medium_large":["https:\/\/www.musical-today.de\/wp-content\/uploads\/2026\/03\/2026-02-GP-Spring-MXS-2-770x433.jpg",770,433,true],"large":["https:\/\/www.musical-today.de\/wp-content\/uploads\/2026\/03\/2026-02-GP-Spring-MXS-2.jpg",1139,641,false],"default":"https:\/\/www.musical-today.de\/wp-content\/plugins\/the-plus-addons-for-block-editor\/assets\/images\/tpgb-placeholder.jpg"},"tpgb_post_meta_info":{"get_date":"03.03.2026","get_modified_date":"03.03.2026","category_list":{"category":[{"term_id":136,"name":"Wien","slug":"wien","term_group":0,"term_taxonomy_id":136,"taxonomy":"category","description":"","parent":114,"count":9,"filter":"raw","term_order":"12"}],"post_tag":false,"post_format":false},"author_name":"Celina Larab","author_url":"https:\/\/www.musical-today.de\/en\/autor\/celinalarab\/","author_email":"online-cl@musical-today.de","author_website":"","author_description":"lebt neben der Liebe zum Musical ihre Leidenschaft als Kritikerin und Theaterinfluencerin auf ihrem Instagram-Kanal <a href=\"https:\/\/www.instagram.com\/thedramaq_een\">@thedramaq_een<\/a> aus. Nach Abschluss ihres Bachelorstudiums der Theaterwissenschaft sowie -praxis auf und hinter der B\u00fchne studiert sie aktuell Dramaturgie im Master an der Bayerischen Theaterakademie August Everding in M\u00fcnchen.","author_facebook":"","author_twitter":"","author_instagram":"","author_role":["author"],"author_firstname":"Celina","author_lastname":"Larab","user_login":"celinalarab","author_avatar":"<img src=\"https:\/\/www.musical-today.de\/wp-content\/uploads\/2024\/09\/Celina-Larab-275x275.jpg\" width=\"200\" height=\"200\" alt=\"Celina Larab\" class=\"avatar avatar-200 wp-user-avatar wp-user-avatar-200 alignnone photo\" \/>","author_avatar_url":"https:\/\/www.musical-today.de\/wp-content\/uploads\/2024\/09\/Celina-Larab.jpg","comment_count":0,"post_likes":0,"post_views":0},"tpgb_post_category":{"category":"<a href=\"https:\/\/www.musical-today.de\/en\/oesterreich\/wien\/\" alt=\"Wien\"  class=\"category-wien\">Wien<\/a> "},"_links":{"self":[{"href":"https:\/\/www.musical-today.de\/en\/wp-json\/wp\/v2\/posts\/14075","targetHints":{"allow":["GET"]}}],"collection":[{"href":"https:\/\/www.musical-today.de\/en\/wp-json\/wp\/v2\/posts"}],"about":[{"href":"https:\/\/www.musical-today.de\/en\/wp-json\/wp\/v2\/types\/post"}],"author":[{"embeddable":true,"href":"https:\/\/www.musical-today.de\/en\/wp-json\/wp\/v2\/users\/55"}],"replies":[{"embeddable":true,"href":"https:\/\/www.musical-today.de\/en\/wp-json\/wp\/v2\/comments?post=14075"}],"version-history":[{"count":1,"href":"https:\/\/www.musical-today.de\/en\/wp-json\/wp\/v2\/posts\/14075\/revisions"}],"predecessor-version":[{"id":14076,"href":"https:\/\/www.musical-today.de\/en\/wp-json\/wp\/v2\/posts\/14075\/revisions\/14076"}],"wp:featuredmedia":[{"embeddable":true,"href":"https:\/\/www.musical-today.de\/en\/wp-json\/wp\/v2\/media\/14072"}],"wp:attachment":[{"href":"https:\/\/www.musical-today.de\/en\/wp-json\/wp\/v2\/media?parent=14075"}],"wp:term":[{"taxonomy":"category","embeddable":true,"href":"https:\/\/www.musical-today.de\/en\/wp-json\/wp\/v2\/categories?post=14075"},{"taxonomy":"post_tag","embeddable":true,"href":"https:\/\/www.musical-today.de\/en\/wp-json\/wp\/v2\/tags?post=14075"}],"curies":[{"name":"wp","href":"https:\/\/api.w.org\/{rel}","templated":true}]}}