{"id":14106,"date":"2026-03-13T23:39:00","date_gmt":"2026-03-13T22:39:00","guid":{"rendered":"https:\/\/www.musical-today.de\/?p=14106"},"modified":"2026-03-14T00:45:05","modified_gmt":"2026-03-13T23:45:05","slug":"hildesheim-farm-der-tiere-das-musical","status":"publish","type":"post","link":"https:\/\/www.musical-today.de\/en\/hildesheim-farm-der-tiere-das-musical\/","title":{"rendered":"Farm der Tiere \u2013 Das Musical"},"content":{"rendered":"<div class=\"lets-info-up-wrap  lets-info-up--right lets-info-up--m-1 lets-info-up-skin-3 lets-info-up--side lets-info-up-57314\" style=\"background:#fafafa; color: #616161\">\t\t\t<div class=\"lets-info-up\">\r\n\t\t\t<div class=\"lets-info-up-fi\"><img decoding=\"async\" width=\"500\" height=\"333\" src=\"https:\/\/www.musical-today.de\/wp-content\/uploads\/2024\/01\/qi-addons-for-elementor-placeholder-500x333.png\" class=\"attachment-lets-info-up-d1 size-lets-info-up-d1\" alt=\"|\" srcset=\"https:\/\/www.musical-today.de\/wp-content\/uploads\/2024\/01\/qi-addons-for-elementor-placeholder-500x333.png 500w, https:\/\/www.musical-today.de\/wp-content\/uploads\/2024\/01\/qi-addons-for-elementor-placeholder-300x200.png 300w, https:\/\/www.musical-today.de\/wp-content\/uploads\/2024\/01\/qi-addons-for-elementor-placeholder-1024x683.png 1024w, https:\/\/www.musical-today.de\/wp-content\/uploads\/2024\/01\/qi-addons-for-elementor-placeholder-883x589.png 883w, https:\/\/www.musical-today.de\/wp-content\/uploads\/2024\/01\/qi-addons-for-elementor-placeholder-18x12.png 18w, https:\/\/www.musical-today.de\/wp-content\/uploads\/2024\/01\/qi-addons-for-elementor-placeholder-360x240.png 360w, https:\/\/www.musical-today.de\/wp-content\/uploads\/2024\/01\/qi-addons-for-elementor-placeholder-1155x770.png 1155w, https:\/\/www.musical-today.de\/wp-content\/uploads\/2024\/01\/qi-addons-for-elementor-placeholder-370x247.png 370w, https:\/\/www.musical-today.de\/wp-content\/uploads\/2024\/01\/qi-addons-for-elementor-placeholder-770x513.png 770w, https:\/\/www.musical-today.de\/wp-content\/uploads\/2024\/01\/qi-addons-for-elementor-placeholder-293x195.png 293w, https:\/\/www.musical-today.de\/wp-content\/uploads\/2024\/01\/qi-addons-for-elementor-placeholder-120x80.png 120w, https:\/\/www.musical-today.de\/wp-content\/uploads\/2024\/01\/qi-addons-for-elementor-placeholder-240x160.png 240w, https:\/\/www.musical-today.de\/wp-content\/uploads\/2024\/01\/qi-addons-for-elementor-placeholder-390x260.png 390w, https:\/\/www.musical-today.de\/wp-content\/uploads\/2024\/01\/qi-addons-for-elementor-placeholder.png 1200w\" sizes=\"(max-width: 500px) 100vw, 500px\" title=\"\"><\/div>\t\t\t<div class=\"lets-info-up-block-wrap\">\r\n\t\t\t\t<div class=\"lets-info-up-block lets-info-up-meta-block\"><div class=\"lets-info-up-meta-title lets-info-up-pretitle font-h\" style=\"color: #8c6d18;\">oRT<\/div><div class=\"lets-info-up-meta-content lets-info-up-title font-b\">Theater f\u00fcr Niedersachsen<\/div><\/div><div class=\"lets-info-up-block lets-info-up-meta-block\"><div class=\"lets-info-up-meta-title lets-info-up-pretitle font-h\" style=\"color: #8c6d18;\">von<\/div><div class=\"lets-info-up-meta-content lets-info-up-title font-b\">Manuel de Rien (Musik)<br>Oliver Graf (Buch und Liedtexte)<\/div><\/div><div class=\"lets-info-up-block lets-info-up-meta-block\"><div class=\"lets-info-up-meta-title lets-info-up-pretitle font-h\" style=\"color: #8c6d18;\">Regie<\/div><div class=\"lets-info-up-meta-content lets-info-up-title font-b\">Jan Holtappels<\/div><\/div><div class=\"lets-info-up-block lets-info-up-meta-block\"><div class=\"lets-info-up-meta-title lets-info-up-pretitle font-h\" style=\"color: #8c6d18;\">Urauff\u00fchrung<\/div><div class=\"lets-info-up-meta-content lets-info-up-title font-b\">2026<\/div><\/div><div class=\"lets-info-up-block lets-info-up-meta-block\"><div class=\"lets-info-up-meta-title lets-info-up-pretitle font-h\" style=\"color: #8c6d18;\">INFOS<\/div><div class=\"lets-info-up-meta-content lets-info-up-title font-b\"><a href=\"https:\/\/tfn-online.de\/programm\/produktion\/farm-der-tiere-das-musical\" data-type=\"link\" target=\"_blank\" rel=\"noopener noreferrer nofollow\">www.tfn-online.de<\/a><\/div><\/div>\t\t\t<\/div>\r\n\t\t\t<\/div>\r\n\t\t<\/div>\r\n\t\t\n\n\n<p><strong>Die Urauff\u00fchrung \u201eFarm der Tiere\u201c warnt vor Diktaturen<\/strong><\/p>\n\n\n\n<p>Punk-Rock hat bei der Musical-Company des Theaters f\u00fcr Niedersachsen eine kleine Tradition. Denn schon bei der Weltpremiere des Musicals \u201eWoyzeck\u201c landeten Musiker Manuel de Rien und tfn-Intendant Oliver Graf als Librettist einen umjubelten Volltreffer. Entsprechend ging es da nicht nur inhaltlich, sondern auch musikalisch zur Sache \u2013 teilweise bis an die akustische Schmerzgrenze.<\/p>\n\n\n\n<p>Nun hat sich das erfolgreiche Duo die Fabel \u201eFarm der Tiere\u201c von George Orwell vorgenommen, um daraus erneut ein Punkrock-Musical zu kreieren. Diesmal aber geht es trotz der ebenfalls unter die Haut gehenden Story ein wenig gem\u00e4\u00dfigter zur Sache, ohne allerdings an k\u00fcnstlerischer Qualit\u00e4t zu verlieren. Dabei wird nicht die legend\u00e4re Londoner B\u00fchnenfassung von 1984 gespielt, Graf und de Rien kreierten eine eigene Adaption des Orwell-Romans.<\/p>\n\n\n\n<p>Der Plot: Die vom Farmer terrorisierten Schweine verjagen den brutalen Bauer und nutzen die gewonnene Freiheit, eine Community zu gestalten, die von Gleichheit und Gerechtigkeit bestimmt ist. Doch bald schleicht sich das Schwein Napoleon an die Macht, vertreibt seinen Kumpel Snowball und herrscht schlie\u00dflich als immer autorit\u00e4rer werdender Herrscher. Statt vom Farmer werden die Tiere nun vom Schweine-Diktator Napoleon beherrscht \u2013 es endet im brutalen Chaos &#8230;<\/p>\n\n\n\n<p>Der seinerzeit noch \u00fcberzeugte Kommunist Orwell verpackte in dieser 1945 geschriebenen Fabel sein Entsetzen, wie es von der Russischen Revolution zur Schreckensherrschaft Stalins kommen konnte. In Hildesheim wird daraus ein Spiel, das st\u00e4ndig an Entwicklungen wie in Ungarn, der Slowakei und vor allem in den USA denken l\u00e4sst. Auch die Erinnerung an die Nazi-Zeit wird wachgerufen und der Blick auf aktuelle radikale Tendenzen in Deutschland gesch\u00e4rft.<\/p>\n\n\n<div  class=\"tpgb-wrap-956d14_14106  tpgb-wrap-fw \"  ><div id=\"956d14_14106\" class=\"tpgb-block-956d14_14106 tpgb-relative-block tpgb-gallery-list tpgb-metro gallery-style-2 hover-image-style-1   new\" data-style=\"style-2\" data-id=\"956d14_14106\" data-layout=\"metro\" data-fancy-option='{\"loop\":false,\"thumb\":\"no\",\"infobar\":true,\"arrows\":true,\"transitionEffect\":\"slide\",\"button\":[\"close\"]}' data-splide='\"\"' data-metroAttr= '{\"metro_col\":3,\"tab_metro_col\":3,\"mobile_metro_col\":3,\"metro_style\":\"style-1\",\"tab_metro_style\":\"style-1\",\"mobile_metro_style\":\"style-1\"}' ><div class=\"tpgb-row post-loop-inner \"><div class=\"grid-item metro-item-0    tpgb-metro-1  tpgb-tab-metro-1  tpgb-mobile-metro-1 \"><a href=\"https:\/\/www.musical-today.de\/wp-content\/uploads\/2026\/03\/0258_tfn_farmdertiere_clemensheidrich.jpg\" class=\"tpgb-gallery-list-content tpgb-trans-easeinout\" data-fancybox=\"956d14_14106\" data-caption=\"Foto: Clemens Heidrich\" aria-label=\"Foto: Clemens Heidrich\"><div class=\"post-content-image\"><div class=\"tpgb-metro-gallery-image\" style=\"background: url(https:\/\/www.musical-today.de\/wp-content\/uploads\/2026\/03\/0258_tfn_farmdertiere_clemensheidrich.jpg);\"><\/div><\/div><div class=\"post-content-center\"><div class=\"post-zoom-icon\"><div class=\"meta-search-icon\"><span><img decoding=\"async\" class=\"fancy-img\" src=\"https:\/\/www.musical-today.de\/wp-content\/uploads\/2026\/03\/0258_tfn_farmdertiere_clemensheidrich.jpg\" alt=\"Media Image1\" title=\"\"><i class=\"fas fa-search-plus pop-icon\"><\/i><\/span><\/div><\/div><div class=\"post-content-bottom\"><p class=\"post-title tpgb-trans-easeinout\">Foto: Clemens Heidrich<\/p><\/div><\/div><\/a><\/div><div class=\"grid-item metro-item-1    tpgb-metro-2  tpgb-tab-metro-2  tpgb-mobile-metro-2 \"><a href=\"https:\/\/www.musical-today.de\/wp-content\/uploads\/2026\/03\/0202_tfn_farmdertiere_clemensheidrich.jpg\" class=\"tpgb-gallery-list-content tpgb-trans-easeinout\" data-fancybox=\"956d14_14106\" data-caption=\"Foto: Clemens Heidrich\" aria-label=\"Foto: Clemens Heidrich\"><div class=\"post-content-image\"><div class=\"tpgb-metro-gallery-image\" style=\"background: url(https:\/\/www.musical-today.de\/wp-content\/uploads\/2026\/03\/0202_tfn_farmdertiere_clemensheidrich.jpg);\"><\/div><\/div><div class=\"post-content-center\"><div class=\"post-zoom-icon\"><div class=\"meta-search-icon\"><span><img decoding=\"async\" class=\"fancy-img\" src=\"https:\/\/www.musical-today.de\/wp-content\/uploads\/2026\/03\/0202_tfn_farmdertiere_clemensheidrich.jpg\" alt=\"Media Image2\" title=\"\"><i class=\"fas fa-search-plus pop-icon\"><\/i><\/span><\/div><\/div><div class=\"post-content-bottom\"><p class=\"post-title tpgb-trans-easeinout\">Foto: Clemens Heidrich<\/p><\/div><\/div><\/a><\/div><div class=\"grid-item metro-item-2    tpgb-metro-3  tpgb-tab-metro-3  tpgb-mobile-metro-3 \"><a href=\"https:\/\/www.musical-today.de\/wp-content\/uploads\/2026\/03\/059_tfn_farmdertiere_timmueller.jpg\" class=\"tpgb-gallery-list-content tpgb-trans-easeinout\" data-fancybox=\"956d14_14106\" data-caption=\"Foto: Tim M\u00fcller\" aria-label=\"Foto: Tim M\u00fcller\"><div class=\"post-content-image\"><div class=\"tpgb-metro-gallery-image\" style=\"background: url(https:\/\/www.musical-today.de\/wp-content\/uploads\/2026\/03\/059_tfn_farmdertiere_timmueller.jpg);\"><\/div><\/div><div class=\"post-content-center\"><div class=\"post-zoom-icon\"><div class=\"meta-search-icon\"><span><img decoding=\"async\" class=\"fancy-img\" src=\"https:\/\/www.musical-today.de\/wp-content\/uploads\/2026\/03\/059_tfn_farmdertiere_timmueller.jpg\" alt=\"Media Image3\" title=\"\"><i class=\"fas fa-search-plus pop-icon\"><\/i><\/span><\/div><\/div><div class=\"post-content-bottom\"><p class=\"post-title tpgb-trans-easeinout\">Foto: Tim M\u00fcller<\/p><\/div><\/div><\/a><\/div><\/div><\/div><\/div>\n\n\n<p>Lars Linnhofs B\u00fchnenbild l\u00e4sst in seiner Mischung aus heruntergekommener Industrieanlage oder auch eines Schlachthofes optisch den Zerfall der gesellschaftlichen Strukturen erkennen. Auch die Kost\u00fcme, in die sich die Akteure zu Beginn auf offener B\u00fchne zw\u00e4ngen, entsprechen dieser eher desolaten Lebenssituation. Farid Halim bringt dann die ganze Schweinerei ins t\u00e4nzerische Rocken, Stampfen und Schwingen. Und es wird super gesungen, wobei es auch den einen oder anderen Titel mit Ohrwurm-Verdacht gibt. Unterst\u00fctzt werden die Darsteller von einer Band, die unter der Leitung von Andreas Unsicker immer den richtigen Sound, Rhythmus und Drive findet: eine Klasse f\u00fcr sich.<\/p>\n\n\n\n<p>Das ganze St\u00fcck ist derartig auf eine Ensemble-Leistung abgestimmt, dass es unm\u00f6glich ist, einzelne Personen gesondert zu nennen. Alle spielen auf gleicher Augenh\u00f6he ihre Parts, die ihnen teilweise emotional viel abverlangen. Denn es kommt zu brutalen Szenen, die offenlegen, wie Diktaturen funktionieren. Bespitzelung, Verd\u00e4chtigungen, Folter, Hinrichtungen verbreiten Angst, sie treiben die Schweine in die Ecken und ins Verborgene. \u201eH\u00e4tten wir doch nie einen F\u00fchrer ernannt\u201c, k\u00f6nnen die Geschundenen am Ende nur noch sagen.<\/p>\n\n\n\n<p>Der Jugendchor des tfn ist in das ganze Geschehen toll singend integriert. Einziges Manko dieser Produktion: Die Textverst\u00e4ndlichkeit leidet unter der nicht optimalen Tonabnahme der Stimmen.<\/p>\n\n\n\n<p>Trotz der d\u00fcsteren Atmosph\u00e4re des St\u00fccks rei\u00dft die Inszenierung das Publikum zu Begeisterungsst\u00fcrmen hin. Es ist sehr lobenswert, auf welch gelungene Weise das Haus die Chance nutzt, mit seiner Musicaltruppe auch gesellschaftlich relevante Stoffe auf die B\u00fchne zu bringen. Dass diese Angebote so gut besucht sind, best\u00e4tigt die Richtigkeit des Weges.<\/p>\n\n\n\n<hr class=\"wp-block-separator has-alpha-channel-opacity is-style-dots\"\/>\n\n\n\n<p class=\"has-small-font-size\">Musikalische Leitung: Andreas Unsicker \u2022 Regie: Jan Holtappels \u2022 Choreografie: Farid Halim \u2022 Ausstattung: Lars Linnhoff \u2022 Dramaturgie: Julia Hoppe \u2022 Mit: Guido Kleineidam (Old Major aka Willington Beauty (Erz\u00e4hler)), Daniel Wernecke (Napoleon), Lorin Goltermann (Snowball\/Hund), Jack Lukas (Squealer), \u00d6mer \u00d6rgey (Boxer), Marion Wulf (Clover), Natalie Patricia Friedrich (Mollie u.a.), Silke Dubilier (Benjamin), Annemarie Purkert (Muriel), Jonas Heinle (Mr. Jones\/Mr. Whymper) \u2022 Jugendchor des tfn<\/p>\n\n\n\n<p class=\"has-small-font-size\">Aufmacherfoto: Tim M\u00fcller<\/p>\n","protected":false},"excerpt":{"rendered":"<p>Die Urauff\u00fchrung \u201eFarm der Tiere\u201c warnt vor Diktaturen Punk-Rock hat bei der Musical-Company des Theaters f\u00fcr Niedersachsen eine kleine Tradition. Denn schon bei der Weltpremiere des Musicals \u201eWoyzeck\u201c landeten Musiker Manuel de Rien und tfn-Intendant Oliver Graf als Librettist einen umjubelten Volltreffer. Entsprechend ging es da nicht nur inhaltlich, sondern auch musikalisch zur Sache \u2013 teilweise bis an die akustische Schmerzgrenze. Nun hat sich das erfolgreiche Duo die Fabel \u201eFarm der Tiere\u201c von George Orwell vorgenommen, um daraus erneut ein [&hellip;]<\/p>\n","protected":false},"author":24,"featured_media":14107,"comment_status":"closed","ping_status":"closed","sticky":false,"template":"","format":"standard","meta":{"tpgb_global_settings":"","footnotes":""},"categories":[73],"tags":[],"class_list":["post-14106","post","type-post","status-publish","format-standard","has-post-thumbnail","hentry","category-hildesheim"],"tpgb_featured_images":{"full":["https:\/\/www.musical-today.de\/wp-content\/uploads\/2026\/03\/134_tfn_farmdertiere_timmueller.jpg",1500,1000,false],"tp-image-grid":["https:\/\/www.musical-today.de\/wp-content\/uploads\/2026\/03\/134_tfn_farmdertiere_timmueller-700x700.jpg",700,700,true],"thumbnail":["https:\/\/www.musical-today.de\/wp-content\/uploads\/2026\/03\/134_tfn_farmdertiere_timmueller-600x400.jpg",600,400,true],"medium":["https:\/\/www.musical-today.de\/wp-content\/uploads\/2026\/03\/134_tfn_farmdertiere_timmueller-1200x800.jpg",1200,800,true],"medium_large":["https:\/\/www.musical-today.de\/wp-content\/uploads\/2026\/03\/134_tfn_farmdertiere_timmueller-770x513.jpg",770,513,true],"large":["https:\/\/www.musical-today.de\/wp-content\/uploads\/2026\/03\/134_tfn_farmdertiere_timmueller.jpg",1139,759,false],"default":"https:\/\/www.musical-today.de\/wp-content\/plugins\/the-plus-addons-for-block-editor\/assets\/images\/tpgb-placeholder.jpg"},"tpgb_post_meta_info":{"get_date":"13.03.2026","get_modified_date":"14.03.2026","category_list":{"category":[{"term_id":73,"name":"Hildesheim","slug":"hildesheim","term_group":0,"term_taxonomy_id":73,"taxonomy":"category","description":"","parent":19,"count":9,"filter":"raw","term_order":"50"}],"post_tag":false,"post_format":false},"author_name":"Claus-Ulrich Heinke","author_url":"https:\/\/www.musical-today.de\/en\/autor\/clausulrichheinke\/","author_email":"online92488@musical-today.de","author_website":"","author_description":"ist Theologe, Musiker und Journalist. Nach Berufsstationen als Pastor, Fernsehjournalist (ARD, ZDF, DW u.a.), Programmkoordinator Privatfernsehen (EKD), Intendant der Kulturkirche St. Jakobi Hildesheim und \u00d6ffentlichkeitsbeauftragter ist er aktuell als freier Journalist, Dirigent, Kulturmanager und \u2013politiker sowie als k\u00fcnstlerischer Leiter der SingAkademie Niedersachsen t\u00e4tig.","author_facebook":"","author_twitter":"","author_instagram":"","author_role":["author"],"author_firstname":"Claus-Ulrich","author_lastname":"Heinke","user_login":"chheinke","author_avatar":"<img src=\"https:\/\/www.musical-today.de\/wp-content\/uploads\/2024\/03\/Autor_Heinke-293x293.jpg\" width=\"200\" height=\"200\" alt=\"Claus-Ulrich Heinke\" class=\"avatar avatar-200 wp-user-avatar wp-user-avatar-200 alignnone photo\" \/>","author_avatar_url":"https:\/\/www.musical-today.de\/wp-content\/uploads\/2024\/03\/Autor_Heinke.jpg","comment_count":0,"post_likes":0,"post_views":0},"tpgb_post_category":{"category":"<a href=\"https:\/\/www.musical-today.de\/en\/deutschland\/hildesheim\/\" alt=\"Hildesheim\"  class=\"category-hildesheim\">Hildesheim<\/a> "},"_links":{"self":[{"href":"https:\/\/www.musical-today.de\/en\/wp-json\/wp\/v2\/posts\/14106","targetHints":{"allow":["GET"]}}],"collection":[{"href":"https:\/\/www.musical-today.de\/en\/wp-json\/wp\/v2\/posts"}],"about":[{"href":"https:\/\/www.musical-today.de\/en\/wp-json\/wp\/v2\/types\/post"}],"author":[{"embeddable":true,"href":"https:\/\/www.musical-today.de\/en\/wp-json\/wp\/v2\/users\/24"}],"replies":[{"embeddable":true,"href":"https:\/\/www.musical-today.de\/en\/wp-json\/wp\/v2\/comments?post=14106"}],"version-history":[{"count":1,"href":"https:\/\/www.musical-today.de\/en\/wp-json\/wp\/v2\/posts\/14106\/revisions"}],"predecessor-version":[{"id":14111,"href":"https:\/\/www.musical-today.de\/en\/wp-json\/wp\/v2\/posts\/14106\/revisions\/14111"}],"wp:featuredmedia":[{"embeddable":true,"href":"https:\/\/www.musical-today.de\/en\/wp-json\/wp\/v2\/media\/14107"}],"wp:attachment":[{"href":"https:\/\/www.musical-today.de\/en\/wp-json\/wp\/v2\/media?parent=14106"}],"wp:term":[{"taxonomy":"category","embeddable":true,"href":"https:\/\/www.musical-today.de\/en\/wp-json\/wp\/v2\/categories?post=14106"},{"taxonomy":"post_tag","embeddable":true,"href":"https:\/\/www.musical-today.de\/en\/wp-json\/wp\/v2\/tags?post=14106"}],"curies":[{"name":"wp","href":"https:\/\/api.w.org\/{rel}","templated":true}]}}