{"id":14288,"date":"2026-04-29T23:40:57","date_gmt":"2026-04-29T21:40:57","guid":{"rendered":"https:\/\/www.musical-today.de\/?p=14288"},"modified":"2026-04-29T23:40:59","modified_gmt":"2026-04-29T21:40:59","slug":"kassel-alice","status":"publish","type":"post","link":"https:\/\/www.musical-today.de\/en\/kassel-alice\/","title":{"rendered":"Alice"},"content":{"rendered":"<div class=\"lets-info-up-wrap  lets-info-up--right lets-info-up--m-1 lets-info-up-skin-3 lets-info-up--side lets-info-up-67899\" style=\"background:#fafafa; color: #616161\">\t\t\t<div class=\"lets-info-up\">\r\n\t\t\t<div class=\"lets-info-up-fi\"><img decoding=\"async\" width=\"500\" height=\"333\" src=\"https:\/\/www.musical-today.de\/wp-content\/uploads\/2024\/01\/qi-addons-for-elementor-placeholder-500x333.png\" class=\"attachment-lets-info-up-d1 size-lets-info-up-d1\" alt=\"|\" srcset=\"https:\/\/www.musical-today.de\/wp-content\/uploads\/2024\/01\/qi-addons-for-elementor-placeholder-500x333.png 500w, https:\/\/www.musical-today.de\/wp-content\/uploads\/2024\/01\/qi-addons-for-elementor-placeholder-300x200.png 300w, https:\/\/www.musical-today.de\/wp-content\/uploads\/2024\/01\/qi-addons-for-elementor-placeholder-1024x683.png 1024w, https:\/\/www.musical-today.de\/wp-content\/uploads\/2024\/01\/qi-addons-for-elementor-placeholder-883x589.png 883w, https:\/\/www.musical-today.de\/wp-content\/uploads\/2024\/01\/qi-addons-for-elementor-placeholder-18x12.png 18w, https:\/\/www.musical-today.de\/wp-content\/uploads\/2024\/01\/qi-addons-for-elementor-placeholder-360x240.png 360w, https:\/\/www.musical-today.de\/wp-content\/uploads\/2024\/01\/qi-addons-for-elementor-placeholder-1155x770.png 1155w, https:\/\/www.musical-today.de\/wp-content\/uploads\/2024\/01\/qi-addons-for-elementor-placeholder-370x247.png 370w, https:\/\/www.musical-today.de\/wp-content\/uploads\/2024\/01\/qi-addons-for-elementor-placeholder-770x513.png 770w, https:\/\/www.musical-today.de\/wp-content\/uploads\/2024\/01\/qi-addons-for-elementor-placeholder-293x195.png 293w, https:\/\/www.musical-today.de\/wp-content\/uploads\/2024\/01\/qi-addons-for-elementor-placeholder-120x80.png 120w, https:\/\/www.musical-today.de\/wp-content\/uploads\/2024\/01\/qi-addons-for-elementor-placeholder-240x160.png 240w, https:\/\/www.musical-today.de\/wp-content\/uploads\/2024\/01\/qi-addons-for-elementor-placeholder-390x260.png 390w, https:\/\/www.musical-today.de\/wp-content\/uploads\/2024\/01\/qi-addons-for-elementor-placeholder.png 1200w\" sizes=\"(max-width: 500px) 100vw, 500px\" title=\"\"><\/div>\t\t\t<div class=\"lets-info-up-block-wrap\">\r\n\t\t\t\t<div class=\"lets-info-up-block lets-info-up-meta-block\"><div class=\"lets-info-up-meta-title lets-info-up-pretitle font-h\" style=\"color: #8c6d18;\">oRT<\/div><div class=\"lets-info-up-meta-content lets-info-up-title font-b\">Staatstheater Kassel (Junges Staatstheater)<\/div><\/div><div class=\"lets-info-up-block lets-info-up-meta-block\"><div class=\"lets-info-up-meta-title lets-info-up-pretitle font-h\" style=\"color: #8c6d18;\">von<\/div><div class=\"lets-info-up-meta-content lets-info-up-title font-b\">James Leisy und Carl Eberhard (Musik und Liedtexte)<br>James Leisy (Buch)<br>Roman Hinze (Deutsche Fassung)<\/div><\/div><div class=\"lets-info-up-block lets-info-up-meta-block\"><div class=\"lets-info-up-meta-title lets-info-up-pretitle font-h\" style=\"color: #8c6d18;\">Regie<\/div><div class=\"lets-info-up-meta-content lets-info-up-title font-b\">Marlene Pawlak<\/div><\/div><div class=\"lets-info-up-block lets-info-up-meta-block\"><div class=\"lets-info-up-meta-title lets-info-up-pretitle font-h\" style=\"color: #8c6d18;\">Urauff\u00fchrung<\/div><div class=\"lets-info-up-meta-content lets-info-up-title font-b\">2007<\/div><\/div><div class=\"lets-info-up-block lets-info-up-meta-block\"><div class=\"lets-info-up-meta-title lets-info-up-pretitle font-h\" style=\"color: #8c6d18;\">INFOS<\/div><div class=\"lets-info-up-meta-content lets-info-up-title font-b\"><a href=\"https:\/\/www.staatstheater-kassel.de\/play\/alice-3255\" target=\"_blank\" data-type=\"link\" rel=\"noreferrer noopener\">www.staatstheater-kassel.de<\/a><\/div><\/div>\t\t\t<\/div>\r\n\t\t\t<\/div>\r\n\t\t<\/div>\r\n\t\t\n\n\n<p><strong>Mit \u201eAlice\u201c bietet das Junge Staatstheater eine gelungene Teamleistung<\/strong><\/p>\n\n\n\n<p>Nach \u201eEmil und die Detektive\u201c, \u201ePeter Pan\u201c und \u201eSchool of Rock\u201c setzt das Junge Staatstheater Kassel seine Musicalreihe mit dem Kinder- und Jugendchor CANTAMUS auch 2026 fort \u2013 diesmal im Schauspielhaus auf dem Programm: \u201eAlice\u201c frei nach Lewis Carroll.<\/p>\n\n\n\n<p>Das Besondere: Bis auf Nora Quest und Philipp Staschull (als Tante und Onkel bzw. sp\u00e4teres K\u00f6nigspaar) werden alle Rollen von fast 50 Kindern und Jugendlichen gespielt und gesungen. Zwei Besetzungen haben sich vorbereitet. Das besonders f\u00fcr Primar- und Sekundarstufe empfohlene Musical von James Leisy und Carl Eberhard wird in der \u00dcbersetzung von Roman Hinze gespielt. Herausgekommen ist eine sehenswerte Gesamtleistung, auf die alle Beteiligten stolz sein k\u00f6nnen. Die rund 80 Minuten bieten viel Spa\u00df, eine abwechslungsreiche Inszenierung und vor allen Dingen eine gesangliche Topleistung.<\/p>\n\n\n\n<p>Das St\u00fcck stellt ganz nebenbei die gro\u00dfen Fragen des Lebens und wirbt f\u00fcr Zusammenhalt, dass man es gemeinsam schaffen kann. Das erlebt man nicht nur im St\u00fcck, sondern im Kraftakt dieser Produktion. Es ist deshalb schwer, bei so einer Gesamtleistung Einzelne besonders zu w\u00fcrdigen, zumal nur eine der beiden Gruppenpremieren besucht wurde. Keyan Ramic ist ein tolles Wei\u00dfes Kaninchen, Mark Reingardt (Raupe), Lucca Samjouel M\u00fcller (Greif) und Swaantje Schwalm (Suppenschildkr\u00f6te) bieten \u00fcberzeugende Einzeldarstelllungen, Clara Lencastre \u00fcberzeugt als Grinsekatze nicht nur mit Dauerl\u00e4cheln, sondern auch toller Stimme. Die bietet auch Helena Pape als Alice mit viel Ausstrahlung in Stimme und Schauspiel.<\/p>\n\n\n<div  class=\"tpgb-wrap-956d14_14288  tpgb-wrap-fw \"  ><div id=\"956d14_14288\" class=\"tpgb-block-956d14_14288 tpgb-relative-block tpgb-gallery-list tpgb-metro gallery-style-2 hover-image-style-1   new\" data-style=\"style-2\" data-id=\"956d14_14288\" data-layout=\"metro\" data-fancy-option='{\"loop\":false,\"thumb\":\"no\",\"infobar\":true,\"arrows\":true,\"transitionEffect\":\"slide\",\"button\":[\"close\"]}' data-splide='\"\"' data-metroAttr= '{\"metro_col\":3,\"tab_metro_col\":3,\"mobile_metro_col\":3,\"metro_style\":\"style-1\",\"tab_metro_style\":\"style-1\",\"mobile_metro_style\":\"style-1\"}' ><div class=\"tpgb-row post-loop-inner \"><div class=\"grid-item metro-item-0    tpgb-metro-1  tpgb-tab-metro-1  tpgb-mobile-metro-1 \"><a href=\"http:\/\/www.musical-today.de\/wp-content\/uploads\/2026\/04\/Alice-IsabelMachadoRios-4032.jpg\" class=\"tpgb-gallery-list-content tpgb-trans-easeinout\" data-fancybox=\"956d14_14288\" data-caption=\"Foto: Isabel Machado Rios\" aria-label=\"Foto: Isabel Machado Rios\" target=\"_blank\" rel=\"noopener noreferrer nofollow\"><div class=\"post-content-image\"><div class=\"tpgb-metro-gallery-image\" style=\"background: url(https:\/\/www.musical-today.de\/wp-content\/uploads\/2026\/04\/Alice-IsabelMachadoRios-4032.jpg);\"><\/div><\/div><div class=\"post-content-center\"><div class=\"post-zoom-icon\"><div class=\"meta-search-icon\"><span><img decoding=\"async\" class=\"fancy-img\" src=\"https:\/\/www.musical-today.de\/wp-content\/uploads\/2026\/04\/Alice-IsabelMachadoRios-4032.jpg\" alt=\"Media Image1\" title=\"\"><i class=\"fas fa-search-plus pop-icon\"><\/i><\/span><\/div><\/div><div class=\"post-content-bottom\"><p class=\"post-title tpgb-trans-easeinout\">Foto: Isabel Machado Rios<\/p><\/div><\/div><\/a><\/div><div class=\"grid-item metro-item-1    tpgb-metro-2  tpgb-tab-metro-2  tpgb-mobile-metro-2 \"><a href=\"http:\/\/www.musical-today.de\/wp-content\/uploads\/2026\/04\/Alice-IsabelMachadoRios-3612.jpg\" class=\"tpgb-gallery-list-content tpgb-trans-easeinout\" data-fancybox=\"956d14_14288\" data-caption=\"Foto: Isabel Machado Rios\" aria-label=\"Foto: Isabel Machado Rios\" target=\"_blank\" rel=\"noopener noreferrer nofollow\"><div class=\"post-content-image\"><div class=\"tpgb-metro-gallery-image\" style=\"background: url(https:\/\/www.musical-today.de\/wp-content\/uploads\/2026\/04\/Alice-IsabelMachadoRios-3612.jpg);\"><\/div><\/div><div class=\"post-content-center\"><div class=\"post-zoom-icon\"><div class=\"meta-search-icon\"><span><img decoding=\"async\" class=\"fancy-img\" src=\"https:\/\/www.musical-today.de\/wp-content\/uploads\/2026\/04\/Alice-IsabelMachadoRios-3612.jpg\" alt=\"Media Image2\" title=\"\"><i class=\"fas fa-search-plus pop-icon\"><\/i><\/span><\/div><\/div><div class=\"post-content-bottom\"><p class=\"post-title tpgb-trans-easeinout\">Foto: Isabel Machado Rios<\/p><\/div><\/div><\/a><\/div><div class=\"grid-item metro-item-2    tpgb-metro-3  tpgb-tab-metro-3  tpgb-mobile-metro-3 \"><a href=\"http:\/\/www.musical-today.de\/wp-content\/uploads\/2026\/04\/Alice-IsabelMachadoRios-4256.jpg\" class=\"tpgb-gallery-list-content tpgb-trans-easeinout\" data-fancybox=\"956d14_14288\" data-caption=\"Foto: Isabel Machado Rios\" aria-label=\"Foto: Isabel Machado Rios\" target=\"_blank\" rel=\"noopener noreferrer nofollow\"><div class=\"post-content-image\"><div class=\"tpgb-metro-gallery-image\" style=\"background: url(https:\/\/www.musical-today.de\/wp-content\/uploads\/2026\/04\/Alice-IsabelMachadoRios-4256.jpg);\"><\/div><\/div><div class=\"post-content-center\"><div class=\"post-zoom-icon\"><div class=\"meta-search-icon\"><span><img decoding=\"async\" class=\"fancy-img\" src=\"https:\/\/www.musical-today.de\/wp-content\/uploads\/2026\/04\/Alice-IsabelMachadoRios-4256.jpg\" alt=\"Media Image3\" title=\"\"><i class=\"fas fa-search-plus pop-icon\"><\/i><\/span><\/div><\/div><div class=\"post-content-bottom\"><p class=\"post-title tpgb-trans-easeinout\">Foto: Isabel Machado Rios<\/p><\/div><\/div><\/a><\/div><\/div><\/div><\/div>\n\n\n<p>Annika Derlin vollbringt als Chorleitung Gro\u00dfartiges. Ihr gelingt, dass die solistischen Songs von gro\u00dfer Individualit\u00e4t gepr\u00e4gt und die chorischen Stellen gleichzeitig immer wieder mehrstimmig sauber und gekonnt zu h\u00f6ren sind. Respekt! Dazu tr\u00e4gt auch das kleine Orchester unter der Leitung von Peter Schedding bei. Das h\u00f6rt sich nicht nur gut an, sondern der Blick auf den Kontakt zwischen Graben und B\u00fchne zeigt, wie intensiv hier gearbeitet wurde und wie das Orchester die Cast sicher tr\u00e4gt.<\/p>\n\n\n\n<p>Die Choreographie von Nele Neugebauer ist eine Wucht. Die Kinder und Jugendlichen haben Bewegungen und Tanzschritte tief verinnerlicht und sichtbar Freude an den vielf\u00e4ltigen Ideen. Die B\u00fchne von Vincent Stephan Gro\u00dfer versucht mit einer kippbaren B\u00fchne, Z\u00fcgen, roll- und drehbaren T\u00fcren, Hausfassaden und wenigen Requisiten B\u00fchnenzauber zu erm\u00f6glichen. Beim Licht von Brigitta H\u00fcttmann h\u00e4tte man sich hingegen mehr Mut zur klaren Farbe gew\u00fcnscht. Victoria Koberstein hat dezente Videoprojektionen eingef\u00fcgt, die auf Bildschirmen oder per Beamer ins B\u00fchnenbild integriert sind. Die Kost\u00fcme von Anna Rudolph bieten eine gute Mischung aus Bebilderung und Verfremdung. Klar, das Ferkel ist rosa, ohne den umwerfend spielenden Bela Harder einfach nur in ein Tierkost\u00fcm zustecken.<\/p>\n\n\n\n<p>Marlene Pawlak f\u00fchrt alle F\u00e4den in bew\u00e4hrter Regie zusammen. Die Herausforderung gelingt, die unterschiedlich alte Cast immer wieder zum richtigen Zeitpunkt an die richtige Stelle zu bringen, denn das gesamte Team hat immer wieder Auftritte, hilft an Umbauten mit und hat viel zu tun. Ihr gelingt es, dass authentische Musicalstimmung aufkommt. Verbesserungsw\u00fcrdig hingegen das Timing am Anfang und Ende. Die ersten 11 Minuten verstreichen mit wenig Schwung, stattdessen gibt es Pantomime, die die Skurrilit\u00e4t von Tante und Onkel zeigt, etwa wie sie gesch\u00e4ftig Erinnerungen ins Smartphone diktieren. Erst dann tr\u00e4umt sich Alice per Video in eine Familien-Idylle. Die Reprise, dass Alice am Ende in der Wohnung die Quiche wieder vermeintlich zu salzig kocht und mit Blick auf das Zitat der K\u00f6chin im Wunderland im Gegenteil noch mehr salzt, kommt sehr abrupt nach einem sch\u00f6nen musikalischen Finale.<\/p>\n\n\n\n<hr class=\"wp-block-separator has-alpha-channel-opacity is-style-dots\"\/>\n\n\n\n<p class=\"has-small-font-size\">Musikalische Leitung: Peter Schedding \u2022 Regie: Marlene Pawlak \u2022 Choreografie: Nele Neugebauer \u2022 B\u00fchne: Vincent Stephan Gro\u00dfer \u2022 Kost\u00fcme: Anna Rudolph \u2022 Video: Victoria Koberstein \u2022 Licht: Brigitta H\u00fcttmann \u2022 CANTAMUS-Chorleitung: Annika Derlin \u2022 K\u00fcnstlerische Produktionsleitung: Ann-Kathrin Franke und Barbara Frazier \u2022 Dramaturgie: Bernadette Binner und Teresa Martin \u2022 Mit: Nora Quest (K\u00f6nigin\/Tante Tamara), Philipp Staschull (K\u00f6nig\/Onkel Gernot), Helena Pape (Alice), Keyan Ramic (Wei\u00dfes Kaninchen), Mark Reingardt (Raupe), Alina Moch (Zwiddeldum), Juno Gl\u00fcck (Zwiddeldei), Clara Lencastre (Grinsekatze), Anna Huss (Herzogin), Charlotte Geismann (K\u00f6chin), Marie Pfannschmidt (Faselhase), Eric Kollien (Murmeltier), Swaantje Schwalm (Suppenschildkr\u00f6te), Lucca Samjouel M\u00fcller (Greif), Alva Gl\u00fcck (Hund), Johanna Pietsch (Froschlakai), Ben Kentsch (Kr\u00f6tenlakai), Anna Tapu (Fischlakai), Jonna Timm (Krakenlakai), Bela Harder (Ferkel), Marta Kazan (Papagei), Maja Kunz (Dodo), Mina Reimann (Krabbe), Juna Kever (Adler), Luana Kehl (Maus) \u2022 Kinder- und Jugendchor CANTAMUS \u2022 Staatsorchester Kassel<\/p>\n\n\n\n<p class=\"has-small-font-size\">Aufmacherfoto: Isabel Machado Rios<\/p>\n","protected":false},"excerpt":{"rendered":"<p>Mit \u201eAlice\u201c bietet das Junge Staatstheater eine gelungene Teamleistung Nach \u201eEmil und die Detektive\u201c, \u201ePeter Pan\u201c und \u201eSchool of Rock\u201c setzt das Junge Staatstheater Kassel seine Musicalreihe mit dem Kinder- und Jugendchor CANTAMUS auch 2026 fort \u2013 diesmal im Schauspielhaus auf dem Programm: \u201eAlice\u201c frei nach Lewis Carroll. Das Besondere: Bis auf Nora Quest und Philipp Staschull (als Tante und Onkel bzw. sp\u00e4teres K\u00f6nigspaar) werden alle Rollen von fast 50 Kindern und Jugendlichen gespielt und gesungen. Zwei Besetzungen haben sich [&hellip;]<\/p>\n","protected":false},"author":5,"featured_media":14285,"comment_status":"closed","ping_status":"closed","sticky":false,"template":"","format":"standard","meta":{"tpgb_global_settings":"","footnotes":""},"categories":[157],"tags":[],"class_list":["post-14288","post","type-post","status-publish","format-standard","has-post-thumbnail","hentry","category-kassel"],"tpgb_featured_images":{"full":["https:\/\/www.musical-today.de\/wp-content\/uploads\/2026\/04\/Alice-IsabelMachadoRios-1932.jpg",1500,1000,false],"tp-image-grid":["https:\/\/www.musical-today.de\/wp-content\/uploads\/2026\/04\/Alice-IsabelMachadoRios-1932-700x700.jpg",700,700,true],"thumbnail":["https:\/\/www.musical-today.de\/wp-content\/uploads\/2026\/04\/Alice-IsabelMachadoRios-1932-600x400.jpg",600,400,true],"medium":["https:\/\/www.musical-today.de\/wp-content\/uploads\/2026\/04\/Alice-IsabelMachadoRios-1932-1200x800.jpg",1200,800,true],"medium_large":["https:\/\/www.musical-today.de\/wp-content\/uploads\/2026\/04\/Alice-IsabelMachadoRios-1932-770x513.jpg",770,513,true],"large":["https:\/\/www.musical-today.de\/wp-content\/uploads\/2026\/04\/Alice-IsabelMachadoRios-1932.jpg",1139,759,false],"default":"https:\/\/www.musical-today.de\/wp-content\/plugins\/the-plus-addons-for-block-editor\/assets\/images\/tpgb-placeholder.jpg"},"tpgb_post_meta_info":{"get_date":"29.04.2026","get_modified_date":"29.04.2026","category_list":{"category":[{"term_id":157,"name":"Kassel","slug":"kassel","term_group":0,"term_taxonomy_id":157,"taxonomy":"category","description":"","parent":19,"count":8,"filter":"raw","term_order":"56"}],"post_tag":false,"post_format":false},"author_name":"Marcus Leitschuh","author_url":"https:\/\/www.musical-today.de\/en\/autor\/mleitschuh\/","author_email":"admin@valentinboesing.de","author_website":"","author_description":"studierte Germanistik und Theologie und arbeitet als Rektor mit Schultheater-Erfahrung. Lange war er Mitarbeiter der Zeitschrift \u201emusicals\u201c f\u00fcr Nord-Ost-Hessen und S\u00fcdniedersachsen. Er ist kulturpolitisch u.a. im documenta-Aufsichtsrat aktiv, wie auch Projektleiter Kultur der Elisabethkirche Kassel. Au\u00dferdem ist er immer wieder als Theaterfachmann Interviewpartner. Das Musical sieht er als untersch\u00e4tzte Form des Musiktheaters.\r\n(Foto: Dr. Arnulf M\u00fcller)","author_facebook":"","author_twitter":"","author_instagram":"","author_role":["author"],"author_firstname":"Marcus","author_lastname":"Leitschuh","user_login":"mleitschuh","author_avatar":"<img src=\"https:\/\/www.musical-today.de\/wp-content\/uploads\/2024\/03\/Marcus-Leitschuh-c-Dr.-Arnulf-Mueller-293x293.jpg\" width=\"200\" height=\"200\" alt=\"Marcus Leitschuh\" class=\"avatar avatar-200 wp-user-avatar wp-user-avatar-200 alignnone photo\" \/>","author_avatar_url":"https:\/\/www.musical-today.de\/wp-content\/uploads\/2024\/03\/Marcus-Leitschuh-c-Dr.-Arnulf-Mueller.jpg","comment_count":0,"post_likes":0,"post_views":0},"tpgb_post_category":{"category":"<a href=\"https:\/\/www.musical-today.de\/en\/deutschland\/kassel\/\" alt=\"Kassel\"  class=\"category-kassel\">Kassel<\/a> "},"_links":{"self":[{"href":"https:\/\/www.musical-today.de\/en\/wp-json\/wp\/v2\/posts\/14288","targetHints":{"allow":["GET"]}}],"collection":[{"href":"https:\/\/www.musical-today.de\/en\/wp-json\/wp\/v2\/posts"}],"about":[{"href":"https:\/\/www.musical-today.de\/en\/wp-json\/wp\/v2\/types\/post"}],"author":[{"embeddable":true,"href":"https:\/\/www.musical-today.de\/en\/wp-json\/wp\/v2\/users\/5"}],"replies":[{"embeddable":true,"href":"https:\/\/www.musical-today.de\/en\/wp-json\/wp\/v2\/comments?post=14288"}],"version-history":[{"count":2,"href":"https:\/\/www.musical-today.de\/en\/wp-json\/wp\/v2\/posts\/14288\/revisions"}],"predecessor-version":[{"id":14290,"href":"https:\/\/www.musical-today.de\/en\/wp-json\/wp\/v2\/posts\/14288\/revisions\/14290"}],"wp:featuredmedia":[{"embeddable":true,"href":"https:\/\/www.musical-today.de\/en\/wp-json\/wp\/v2\/media\/14285"}],"wp:attachment":[{"href":"https:\/\/www.musical-today.de\/en\/wp-json\/wp\/v2\/media?parent=14288"}],"wp:term":[{"taxonomy":"category","embeddable":true,"href":"https:\/\/www.musical-today.de\/en\/wp-json\/wp\/v2\/categories?post=14288"},{"taxonomy":"post_tag","embeddable":true,"href":"https:\/\/www.musical-today.de\/en\/wp-json\/wp\/v2\/tags?post=14288"}],"curies":[{"name":"wp","href":"https:\/\/api.w.org\/{rel}","templated":true}]}}