{"id":3761,"date":"2024-03-27T04:11:00","date_gmt":"2024-03-27T03:11:00","guid":{"rendered":"https:\/\/www.musical-today.de\/?p=3761"},"modified":"2025-04-15T14:28:19","modified_gmt":"2025-04-15T12:28:19","slug":"bonn-die-legende-von-paul-und-paula","status":"publish","type":"post","link":"https:\/\/www.musical-today.de\/en\/bonn-die-legende-von-paul-und-paula\/","title":{"rendered":"Die Legende von Paul und Paula"},"content":{"rendered":"<div class=\"lets-info-up-wrap  lets-info-up--right lets-info-up--m-1 lets-info-up-skin-3 lets-info-up--side lets-info-up-26052\" style=\"background:#fafafa; color: #616161\">\t\t\t<div class=\"lets-info-up\">\r\n\t\t\t<div class=\"lets-info-up-fi\"><img decoding=\"async\" width=\"500\" height=\"333\" src=\"https:\/\/www.musical-today.de\/wp-content\/uploads\/2024\/01\/qi-addons-for-elementor-placeholder-500x333.png\" class=\"attachment-lets-info-up-d1 size-lets-info-up-d1\" alt=\"|\" srcset=\"https:\/\/www.musical-today.de\/wp-content\/uploads\/2024\/01\/qi-addons-for-elementor-placeholder-500x333.png 500w, https:\/\/www.musical-today.de\/wp-content\/uploads\/2024\/01\/qi-addons-for-elementor-placeholder-300x200.png 300w, https:\/\/www.musical-today.de\/wp-content\/uploads\/2024\/01\/qi-addons-for-elementor-placeholder-1024x683.png 1024w, https:\/\/www.musical-today.de\/wp-content\/uploads\/2024\/01\/qi-addons-for-elementor-placeholder-883x589.png 883w, https:\/\/www.musical-today.de\/wp-content\/uploads\/2024\/01\/qi-addons-for-elementor-placeholder-18x12.png 18w, https:\/\/www.musical-today.de\/wp-content\/uploads\/2024\/01\/qi-addons-for-elementor-placeholder-360x240.png 360w, https:\/\/www.musical-today.de\/wp-content\/uploads\/2024\/01\/qi-addons-for-elementor-placeholder-1155x770.png 1155w, https:\/\/www.musical-today.de\/wp-content\/uploads\/2024\/01\/qi-addons-for-elementor-placeholder-370x247.png 370w, https:\/\/www.musical-today.de\/wp-content\/uploads\/2024\/01\/qi-addons-for-elementor-placeholder-770x513.png 770w, https:\/\/www.musical-today.de\/wp-content\/uploads\/2024\/01\/qi-addons-for-elementor-placeholder-293x195.png 293w, https:\/\/www.musical-today.de\/wp-content\/uploads\/2024\/01\/qi-addons-for-elementor-placeholder-120x80.png 120w, https:\/\/www.musical-today.de\/wp-content\/uploads\/2024\/01\/qi-addons-for-elementor-placeholder-240x160.png 240w, https:\/\/www.musical-today.de\/wp-content\/uploads\/2024\/01\/qi-addons-for-elementor-placeholder-390x260.png 390w, https:\/\/www.musical-today.de\/wp-content\/uploads\/2024\/01\/qi-addons-for-elementor-placeholder.png 1200w\" sizes=\"(max-width: 500px) 100vw, 500px\" title=\"\"><\/div>\t\t\t<div class=\"lets-info-up-block-wrap\">\r\n\t\t\t\t<div class=\"lets-info-up-block lets-info-up-meta-block\"><div class=\"lets-info-up-meta-title lets-info-up-pretitle font-h\" style=\"color: #8c6d18;\">oRT<\/div><div class=\"lets-info-up-meta-content lets-info-up-title font-b\">Theater Bonn<\/div><\/div><div class=\"lets-info-up-block lets-info-up-meta-block\"><div class=\"lets-info-up-meta-title lets-info-up-pretitle font-h\" style=\"color: #8c6d18;\">von<\/div><div class=\"lets-info-up-meta-content lets-info-up-title font-b\">Ulrich Plenzdorf (Buch)<\/div><\/div><div class=\"lets-info-up-block lets-info-up-meta-block\"><div class=\"lets-info-up-meta-title lets-info-up-pretitle font-h\" style=\"color: #8c6d18;\">Regie<\/div><div class=\"lets-info-up-meta-content lets-info-up-title font-b\">Roland Riebeling<\/div><\/div><div class=\"lets-info-up-block lets-info-up-meta-block\"><div class=\"lets-info-up-meta-title lets-info-up-pretitle font-h\" style=\"color: #8c6d18;\">Urauff\u00fchrung<\/div><div class=\"lets-info-up-meta-content lets-info-up-title font-b\">2004<\/div><\/div><div class=\"lets-info-up-block lets-info-up-meta-block\"><div class=\"lets-info-up-meta-title lets-info-up-pretitle font-h\" style=\"color: #8c6d18;\">Infos<\/div><div class=\"lets-info-up-meta-content lets-info-up-title font-b\"><a href=\"https:\/\/www.theater-bonn.de\/de\/programm\/die-legende-von-paul-und-paula\/211673\" target=\"_blank\" rel=\"noopener noreferrer nofollow\">www.theater-bonn.de<\/a><\/div><\/div>\t\t\t<\/div>\r\n\t\t\t<\/div>\r\n\t\t<\/div>\r\n\t\t\n\n\n<p><strong>Unb\u00e4ndiger Lebenshunger in der \u201eLegende von Paul und Paula\u201c<\/strong><\/p>\n\n\n\n<p>Am 29. M\u00e4rz 1973 wurde Heiner Carows Film \u201eDie Legende von Paul und Paula\u201c im Ost-Berliner Kino \u201eKosmos\u201c uraufgef\u00fchrt. Da im Vorfeld der liberale Aspekt des Drehbuchs der Partei ein Dorn im Auge war, hatten sich rund 800 Parteimitglieder im Kino eingefunden, um \u201eschlechte Stimmung zu verbreiten\u201c. Nur war der Applaus der restlichen 400 Kinobesucher st\u00e4rker als das Missfallen der Parteigenossen. So kam es, dass der Film ein Hit wurde und drei Millionen Zuschauer in die DDR-Kinos lockte.<\/p>\n\n\n\n<p>Drehbuchautor Ulrich Plenzdorf verarbeitete 1979 die Geschichte zu einem Filmroman mit dem Titel \u201eLegende vom Gl\u00fcck ohne Ende\u201c, in dem das Leben von Paul ohne Paula weitererz\u00e4hlt wird. In Weimar kam die \u201eLegende\u201c 2021 erstmals auf die B\u00fchne, mit den Originalliedern der Puhdys. Das Theater Bonn verpasst unter der Regie von Roland Riebeling der Vorlage jetzt einen neuen Schliff, mit ver\u00e4nderten Szenen und Figuren sowie mit Songs aus den 1970er Jahren bis in die 1990er, sodass man es als Jukebox-Musical ansehen kann.<\/p>\n\n\n\n<p>Wer sich heute den Film ansieht, muss sich fragen, warum diese Geschichte damals derart faszinierte. Anfang und Schluss geben vielleicht eine m\u00f6gliche Erkl\u00e4rung: Gezeigt wird die Sprengung von Geb\u00e4uden, was sinnbildlich auf das Ende einer \u00c4ra von Intoleranz und politisch auferlegten Zw\u00e4ngen hindeutet. Paula (im Film Angelica Domr\u00f6se) steht dagegen f\u00fcr Toleranz, ein freies Lebensgef\u00fchl und die Lust auf Liebe: alles Eigenschaften, die sich die Bev\u00f6lkerung w\u00fcnschte, nur nicht ausleben durfte.<\/p>\n\n\n<div  class=\"tpgb-wrap-956d14_3761  tpgb-wrap-fw \"  ><div id=\"956d14_3761\" class=\"tpgb-block-956d14_3761 tpgb-relative-block tpgb-gallery-list tpgb-metro gallery-style-2 hover-image-style-1   \" data-style=\"style-2\" data-id=\"956d14_3761\" data-layout=\"metro\" data-fancy-option='{\"loop\":false,\"thumb\":\"no\",\"infobar\":true,\"arrows\":true,\"transitionEffect\":\"slide\",\"button\":[\"close\"]}' data-splide='\"\"' data-metroAttr= '{\"metro_col\":3,\"tab_metro_col\":3,\"mobile_metro_col\":3,\"metro_style\":\"style-1\",\"tab_metro_style\":\"style-1\",\"mobile_metro_style\":\"style-1\"}' ><div class=\"tpgb-row post-loop-inner \"><div class=\"grid-item metro-item-0    tpgb-metro-1  tpgb-tab-metro-1  tpgb-mobile-metro-1 \"><a href=\"https:\/\/www.musical-today.de\/wp-content\/uploads\/2024\/03\/PaulPaula-1356-scaled.jpg\" class=\"tpgb-gallery-list-content tpgb-trans-easeinout\" data-fancybox=\"956d14_3761\" data-caption=\"Foto: Thilo Beu\" aria-label=\"Foto: Thilo Beu\"><div class=\"post-content-image\"><div class=\"tpgb-metro-gallery-image\" style=\"background: url(https:\/\/www.musical-today.de\/wp-content\/uploads\/2024\/03\/PaulPaula-1356-scaled.jpg);\"><\/div><\/div><div class=\"post-content-center\"><div class=\"post-zoom-icon\"><div class=\"meta-search-icon\"><span><img decoding=\"async\" class=\"fancy-img\" src=\"https:\/\/www.musical-today.de\/wp-content\/uploads\/2024\/03\/PaulPaula-1356-scaled.jpg\" alt=\"Media Image1\" title=\"\"><i class=\"fas fa-search-plus pop-icon\"><\/i><\/span><\/div><\/div><div class=\"post-content-bottom\"><p class=\"post-title tpgb-trans-easeinout\">Foto: Thilo Beu<\/p><\/div><\/div><\/a><\/div><div class=\"grid-item metro-item-1    tpgb-metro-2  tpgb-tab-metro-2  tpgb-mobile-metro-2 \"><a href=\"https:\/\/www.musical-today.de\/wp-content\/uploads\/2024\/03\/PaulPaula-1458-scaled.jpg\" class=\"tpgb-gallery-list-content tpgb-trans-easeinout\" data-fancybox=\"956d14_3761\" data-caption=\"Foto: Thilo Beu\" aria-label=\"Foto: Thilo Beu\"><div class=\"post-content-image\"><div class=\"tpgb-metro-gallery-image\" style=\"background: url(https:\/\/www.musical-today.de\/wp-content\/uploads\/2024\/03\/PaulPaula-1458-scaled.jpg);\"><\/div><\/div><div class=\"post-content-center\"><div class=\"post-zoom-icon\"><div class=\"meta-search-icon\"><span><img decoding=\"async\" class=\"fancy-img\" src=\"https:\/\/www.musical-today.de\/wp-content\/uploads\/2024\/03\/PaulPaula-1458-scaled.jpg\" alt=\"Media Image2\" title=\"\"><i class=\"fas fa-search-plus pop-icon\"><\/i><\/span><\/div><\/div><div class=\"post-content-bottom\"><p class=\"post-title tpgb-trans-easeinout\">Foto: Thilo Beu<\/p><\/div><\/div><\/a><\/div><div class=\"grid-item metro-item-2    tpgb-metro-3  tpgb-tab-metro-3  tpgb-mobile-metro-3 \"><a href=\"https:\/\/www.musical-today.de\/wp-content\/uploads\/2024\/03\/PaulPaula-1690-scaled.jpg\" class=\"tpgb-gallery-list-content tpgb-trans-easeinout\" data-fancybox=\"956d14_3761\" data-caption=\"Foto: Thilo Beu\" aria-label=\"Foto: Thilo Beu\"><div class=\"post-content-image\"><div class=\"tpgb-metro-gallery-image\" style=\"background: url(https:\/\/www.musical-today.de\/wp-content\/uploads\/2024\/03\/PaulPaula-1690-scaled.jpg);\"><\/div><\/div><div class=\"post-content-center\"><div class=\"post-zoom-icon\"><div class=\"meta-search-icon\"><span><img decoding=\"async\" class=\"fancy-img\" src=\"https:\/\/www.musical-today.de\/wp-content\/uploads\/2024\/03\/PaulPaula-1690-scaled.jpg\" alt=\"Media Image3\" title=\"\"><i class=\"fas fa-search-plus pop-icon\"><\/i><\/span><\/div><\/div><div class=\"post-content-bottom\"><p class=\"post-title tpgb-trans-easeinout\">Foto: Thilo Beu<\/p><\/div><\/div><\/a><\/div><\/div><\/div><\/div>\n\n\n<p>Auf der B\u00fchne mit Dreht\u00fcren, wo u.a. Paulas Wohnung, ein Supermarkt oder eine Werkstatt aufgebaut sind, begegnet Paul (Paul Michael Stiehler) Ines (Imke Siebert), einer angehenden \u00c4rztin; Paula (Julia Kathinka Philippi) flirtet mit Colly (Riccardo Ferreira). Paul und Ines heiraten, Paula wird schwanger. Sie hat bereits eine Tochter, Ulrike. Ines behandelt Paula im Krankenhaus und sagt ihr, dass sie die Geburt eines dritten Kinds nicht \u00fcberleben wird. Ihr zweites Kind ist ein Sohn: Eddy. Die Liebe zu Colly endet, als Paula ihn mit einer anderen Frau im Bett \u00fcberrascht. Auch Paul wird Vater, von Micha. Der \u00e4ltere Herr Saft (Janko Kahle), ein wohlhabender Reifenh\u00e4ndler, hat ein Auge auf Paula geworfen, doch dieser ist ihr zu alt. Schlie\u00dflich begegnen sich Paul und Paula bei einem Tanzabend. Es ist Liebe auf den ersten Blick, und sie verbringen ihre erste Nacht in Pauls Werkstatt. Die Beziehung dauert nur kurze Zeit, weil Paul sich nicht von Ines trennen will. Paula sieht Colly wieder, der sich endlich um Eddy k\u00fcmmern will. Dieser kommt bei einem Unfall ums Leben. Schlie\u00dflich kehrt Paul zu Paula zur\u00fcck, die ein drittes Mal schwanger wird und sich f\u00fcr die Geburt entscheidet \u2026<\/p>\n\n\n\n<p>Eine dreik\u00f6pfige Band spielt live die Lieder, darunter \u201eTrauriges Kind\u201c und \u201eDas Projektil\u201c von Keimzeit, \u201eOhne Dich\u201c von der M\u00fcnchener Freiheit, die Rio-Reiser-Songs \u201eKomm Schlaf Bei Mir\u201c, \u201eHalt dich an deiner Liebe fest\u201c, \u201eF\u00fcr immer und Dich\u201c und \u201eTr\u00e4ume\u201c, \u201eSternenhimmel\u201c von Hubert Kah, \u201eHier bin ich geboren\u201c und \u201eGras\u201c von Gerhard Gundermann sowie \u201eWenn ein Mensch lebt\u201c von den Puhdys aus dem Film. Diese Songs werden von stimmlich sehr gut aufgelegten Darstellern und Darstellerinnen gesungen und passen in die jeweiligen Situationen. Julia Kathinka Philippi und Paul Michael Stiehler \u00fcberzeugen sowohl zusammen als Liebespaar als auch individuell als lebenslustige Frau, die das eigentliche Gl\u00fcck nicht genie\u00dfen kann, weil sie am Ende eine fatale Entscheidung trifft, und als ein zwischen zwei Frauen hin und her gerissener Mann. Janko Kahle gef\u00e4llt in seiner Doppelrolle als Herr Saft und Ines\u2019 Schwiegervater. Einige aus heutiger Sicht kitschigen Situationen aus dem Film werden einfach weggelassen, sodass diese Geschichte mit Musik \u00fcberzeugen kann.<\/p>\n\n\n\n<hr class=\"wp-block-separator has-alpha-channel-opacity is-style-dots\"\/>\n\n\n\n<p class=\"has-small-font-size\">Musikalische Leitung: Philip Breidenbach \u2022 B\u00fchne: Tom Musch \u2022 Kost\u00fcme: Nini von Selzam \u2022 Mit: Paul Michael Stiehler (Paul), Julia Kathinka Philippi (Paula), Imke Siebert (Ines), Riccardo Ferreira (Colly), Janko Kahle (Herr Saft\/Schwiegervater) u.a. \u2022 Live-Musik: Philip Breidenbach, Mike Roelofs, Nico Stallmann<\/p>\n\n\n\n<p class=\"has-small-font-size\">Aufmacherfoto: Thilo Beu<\/p>\n","protected":false},"excerpt":{"rendered":"<p>Unb\u00e4ndiger Lebenshunger in der \u201eLegende von Paul und Paula\u201c Am 29. M\u00e4rz 1973 wurde Heiner Carows Film \u201eDie Legende von Paul und Paula\u201c im Ost-Berliner Kino \u201eKosmos\u201c uraufgef\u00fchrt. Da im Vorfeld der liberale Aspekt des Drehbuchs der Partei ein Dorn im Auge war, hatten sich rund 800 Parteimitglieder im Kino eingefunden, um \u201eschlechte Stimmung zu verbreiten\u201c. Nur war der Applaus der restlichen 400 Kinobesucher st\u00e4rker als das Missfallen der Parteigenossen. So kam es, dass der Film ein Hit wurde und [&hellip;]<\/p>\n","protected":false},"author":11,"featured_media":3762,"comment_status":"closed","ping_status":"closed","sticky":false,"template":"","format":"standard","meta":{"tpgb_global_settings":"","footnotes":""},"categories":[30],"tags":[],"class_list":["post-3761","post","type-post","status-publish","format-standard","has-post-thumbnail","hentry","category-bonn"],"tpgb_featured_images":{"full":["https:\/\/www.musical-today.de\/wp-content\/uploads\/2024\/03\/PaulPaula-1277-scaled.jpg",2560,1707,false],"tp-image-grid":["https:\/\/www.musical-today.de\/wp-content\/uploads\/2024\/03\/PaulPaula-1277-700x700.jpg",700,700,true],"thumbnail":["https:\/\/www.musical-today.de\/wp-content\/uploads\/2024\/03\/PaulPaula-1277-100x100.jpg",100,100,true],"medium":["https:\/\/www.musical-today.de\/wp-content\/uploads\/2024\/03\/PaulPaula-1277-300x200.jpg",300,200,true],"medium_large":["https:\/\/www.musical-today.de\/wp-content\/uploads\/2024\/03\/PaulPaula-1277-949x633.jpg",770,514,true],"large":["https:\/\/www.musical-today.de\/wp-content\/uploads\/2024\/03\/PaulPaula-1277-1024x683.jpg",1024,683,true],"default":"https:\/\/www.musical-today.de\/wp-content\/plugins\/the-plus-addons-for-block-editor\/assets\/images\/tpgb-placeholder.jpg"},"tpgb_post_meta_info":{"get_date":"27.03.2024","get_modified_date":"15.04.2025","category_list":{"category":[{"term_id":30,"name":"Bonn","slug":"bonn","term_group":0,"term_taxonomy_id":30,"taxonomy":"category","description":"","parent":19,"count":7,"filter":"raw","term_order":"11"}],"post_tag":false,"post_format":false},"author_name":"Christian Spielmann","author_url":"https:\/\/www.musical-today.de\/en\/autor\/cspielmann\/","author_email":"online3@musical-today.de","author_website":"","author_description":"","author_facebook":"","author_twitter":"","author_instagram":"","author_role":["author"],"author_firstname":"Christian","author_lastname":"Spielmann","user_login":"cspielmann","author_avatar":"<img src=\"https:\/\/www.musical-today.de\/wp-content\/uploads\/2024\/03\/434034552_122093726612266069_5386620108228489486_n-293x293.jpg\" width=\"200\" height=\"200\" alt=\"Christian Spielmann\" class=\"avatar avatar-200 wp-user-avatar wp-user-avatar-200 alignnone photo\" \/>","author_avatar_url":"https:\/\/www.musical-today.de\/wp-content\/uploads\/2024\/03\/434034552_122093726612266069_5386620108228489486_n.jpg","comment_count":0,"post_likes":0,"post_views":0},"tpgb_post_category":{"category":"<a href=\"https:\/\/www.musical-today.de\/en\/deutschland\/bonn\/\" alt=\"Bonn\"  class=\"category-bonn\">Bonn<\/a> "},"_links":{"self":[{"href":"https:\/\/www.musical-today.de\/en\/wp-json\/wp\/v2\/posts\/3761","targetHints":{"allow":["GET"]}}],"collection":[{"href":"https:\/\/www.musical-today.de\/en\/wp-json\/wp\/v2\/posts"}],"about":[{"href":"https:\/\/www.musical-today.de\/en\/wp-json\/wp\/v2\/types\/post"}],"author":[{"embeddable":true,"href":"https:\/\/www.musical-today.de\/en\/wp-json\/wp\/v2\/users\/11"}],"replies":[{"embeddable":true,"href":"https:\/\/www.musical-today.de\/en\/wp-json\/wp\/v2\/comments?post=3761"}],"version-history":[{"count":0,"href":"https:\/\/www.musical-today.de\/en\/wp-json\/wp\/v2\/posts\/3761\/revisions"}],"wp:featuredmedia":[{"embeddable":true,"href":"https:\/\/www.musical-today.de\/en\/wp-json\/wp\/v2\/media\/3762"}],"wp:attachment":[{"href":"https:\/\/www.musical-today.de\/en\/wp-json\/wp\/v2\/media?parent=3761"}],"wp:term":[{"taxonomy":"category","embeddable":true,"href":"https:\/\/www.musical-today.de\/en\/wp-json\/wp\/v2\/categories?post=3761"},{"taxonomy":"post_tag","embeddable":true,"href":"https:\/\/www.musical-today.de\/en\/wp-json\/wp\/v2\/tags?post=3761"}],"curies":[{"name":"wp","href":"https:\/\/api.w.org\/{rel}","templated":true}]}}