{"id":3825,"date":"2024-03-27T02:11:00","date_gmt":"2024-03-27T01:11:00","guid":{"rendered":"https:\/\/www.musical-today.de\/?p=3825"},"modified":"2025-04-15T14:28:19","modified_gmt":"2025-04-15T12:28:19","slug":"freiburg-company","status":"publish","type":"post","link":"https:\/\/www.musical-today.de\/en\/freiburg-company\/","title":{"rendered":"Company"},"content":{"rendered":"<div class=\"lets-info-up-wrap  lets-info-up--right lets-info-up--m-1 lets-info-up-skin-3 lets-info-up--side lets-info-up-10320\" style=\"background:#fafafa; color: #616161\">\t\t\t<div class=\"lets-info-up\">\r\n\t\t\t<div class=\"lets-info-up-fi\"><img decoding=\"async\" width=\"500\" height=\"333\" src=\"https:\/\/www.musical-today.de\/wp-content\/uploads\/2024\/01\/qi-addons-for-elementor-placeholder-500x333.png\" class=\"attachment-lets-info-up-d1 size-lets-info-up-d1\" alt=\"|\" srcset=\"https:\/\/www.musical-today.de\/wp-content\/uploads\/2024\/01\/qi-addons-for-elementor-placeholder-500x333.png 500w, https:\/\/www.musical-today.de\/wp-content\/uploads\/2024\/01\/qi-addons-for-elementor-placeholder-300x200.png 300w, https:\/\/www.musical-today.de\/wp-content\/uploads\/2024\/01\/qi-addons-for-elementor-placeholder-1024x683.png 1024w, https:\/\/www.musical-today.de\/wp-content\/uploads\/2024\/01\/qi-addons-for-elementor-placeholder-883x589.png 883w, https:\/\/www.musical-today.de\/wp-content\/uploads\/2024\/01\/qi-addons-for-elementor-placeholder-18x12.png 18w, https:\/\/www.musical-today.de\/wp-content\/uploads\/2024\/01\/qi-addons-for-elementor-placeholder-360x240.png 360w, https:\/\/www.musical-today.de\/wp-content\/uploads\/2024\/01\/qi-addons-for-elementor-placeholder-1155x770.png 1155w, https:\/\/www.musical-today.de\/wp-content\/uploads\/2024\/01\/qi-addons-for-elementor-placeholder-370x247.png 370w, https:\/\/www.musical-today.de\/wp-content\/uploads\/2024\/01\/qi-addons-for-elementor-placeholder-770x513.png 770w, https:\/\/www.musical-today.de\/wp-content\/uploads\/2024\/01\/qi-addons-for-elementor-placeholder-293x195.png 293w, https:\/\/www.musical-today.de\/wp-content\/uploads\/2024\/01\/qi-addons-for-elementor-placeholder-120x80.png 120w, https:\/\/www.musical-today.de\/wp-content\/uploads\/2024\/01\/qi-addons-for-elementor-placeholder-240x160.png 240w, https:\/\/www.musical-today.de\/wp-content\/uploads\/2024\/01\/qi-addons-for-elementor-placeholder-390x260.png 390w, https:\/\/www.musical-today.de\/wp-content\/uploads\/2024\/01\/qi-addons-for-elementor-placeholder.png 1200w\" sizes=\"(max-width: 500px) 100vw, 500px\" title=\"\"><\/div>\t\t\t<div class=\"lets-info-up-block-wrap\">\r\n\t\t\t\t<div class=\"lets-info-up-block lets-info-up-meta-block\"><div class=\"lets-info-up-meta-title lets-info-up-pretitle font-h\" style=\"color: #8c6d18;\">oRT<\/div><div class=\"lets-info-up-meta-content lets-info-up-title font-b\">Theater Freiburg<\/div><\/div><div class=\"lets-info-up-block lets-info-up-meta-block\"><div class=\"lets-info-up-meta-title lets-info-up-pretitle font-h\" style=\"color: #8c6d18;\">von<\/div><div class=\"lets-info-up-meta-content lets-info-up-title font-b\">Stephen Sondheim (Musik)<br>George Furth (Buch)<\/div><\/div><div class=\"lets-info-up-block lets-info-up-meta-block\"><div class=\"lets-info-up-meta-title lets-info-up-pretitle font-h\" style=\"color: #8c6d18;\">Regie<\/div><div class=\"lets-info-up-meta-content lets-info-up-title font-b\">Joan Anton Rechi<\/div><\/div><div class=\"lets-info-up-block lets-info-up-meta-block\"><div class=\"lets-info-up-meta-title lets-info-up-pretitle font-h\" style=\"color: #8c6d18;\">Urauff\u00fchrung<\/div><div class=\"lets-info-up-meta-content lets-info-up-title font-b\">1970<\/div><\/div><div class=\"lets-info-up-block lets-info-up-meta-block\"><div class=\"lets-info-up-meta-title lets-info-up-pretitle font-h\" style=\"color: #8c6d18;\">INFOS<\/div><div class=\"lets-info-up-meta-content lets-info-up-title font-b\"><a href=\"https:\/\/theater.freiburg.de\/de_DE\/spielplan\/company.17632163\" data-type=\"link\" target=\"_blank\" rel=\"noopener noreferrer nofollow\">www.theater.freiburg.de<\/a><\/div><\/div>\t\t\t<\/div>\r\n\t\t\t<\/div>\r\n\t\t<\/div>\r\n\t\t\n\n\n<p><strong>Sondheims \u201eCompany\u201c zwischen feiner Ironie und bitterem Sarkasmus<\/strong><\/p>\n\n\n\n<p>Die B\u00fchne: k\u00fchl und schwarzwei\u00df. Robert, genannt Bobby, feiert seinen 35. Geburtstag. Eigentlich beginnt Stephen Sondheims Musical \u201eCompany\u201c damit, dass der Langzeit-Single die Nachrichten auf seinem Anrufbeantworter abh\u00f6rt. Am Freiburger Theater treten seine Freundinnen und Freunde aber auf und sprechen ihre Gl\u00fcckw\u00fcnsche direkt ins Handy. Mit den f\u00fcnf Paaren und drei Solo-Frauen, aktuelle und fr\u00fchere Aff\u00e4ren Bobbys, kommt Farbe auf die B\u00fchne. Das \u00dcberreichen der Geburtstagstorte wird von allen live gefilmt und auf die Leinwand projiziert. Das Publikum erf\u00e4hrt bei der 13-k\u00f6pfigen G\u00e4sterunde so gleich die Namen der Protagonisten \u2013 ein geschickter Schachzug von Regisseur Joan Anton Rechi. Und auch die quietschbunten Kost\u00fcme von Sandra M\u00fcnchow helfen, die farblich aufeinander abgestimmten Paare richtig zuzuordnen.<\/p>\n\n\n\n<p>Mit \u201eCompany\u201c legte Stephen Sondheim im Jahr 1970 ein eher experimentelles Musical vor. Das Ungew\u00f6hnlichste: Es gibt keine durchgehende Handlung, nur lose Szenen. Die Chronologie ist aufgehoben, der Beginn mit der Geburtstagsfeier kehrt zweimal wieder. Eine feine Ironie, die auch mal in bitteren Sarkasmus umschlagen kann, das gesamte St\u00fcck. In Sachen Humor greift der Regisseur jedoch nie zum Florett, sondern nimmt gleich den Degen. Das ist zu Beginn problematisch, weil Rechi schon die erste Szene zwischen Sarah und Harry mit Brachialkomik tiefer legt. Janna Horstmann gibt Sarah als kreischende Nervens\u00e4ge. Victor Calero als frustrierter Partner mit Alkoholproblem ist da zumindest eine Spur mehrdimensionaler unterwegs und gef\u00e4llt auch als S\u00e4nger der deutschen Version von \u201eSorry-Grateful\u201c \u2013 wie \u00fcberhaupt das Solisten-Ensemble in dem auf Deutsch gespielten und auf Deutsch und Englisch gesungen Musical zu gro\u00dfer Form aufl\u00e4uft.<\/p>\n\n\n<div  class=\"tpgb-wrap-956d14_3825  tpgb-wrap-fw \"  ><div id=\"956d14_3825\" class=\"tpgb-block-956d14_3825 tpgb-relative-block tpgb-gallery-list tpgb-metro gallery-style-2 hover-image-style-1   \" data-style=\"style-2\" data-id=\"956d14_3825\" data-layout=\"metro\" data-fancy-option='{\"loop\":false,\"thumb\":\"no\",\"infobar\":true,\"arrows\":true,\"transitionEffect\":\"slide\",\"button\":[\"close\"]}' data-splide='\"\"' data-metroAttr= '{\"metro_col\":3,\"tab_metro_col\":3,\"mobile_metro_col\":3,\"metro_style\":\"style-1\",\"tab_metro_style\":\"style-1\",\"mobile_metro_style\":\"style-1\"}' ><div class=\"tpgb-row post-loop-inner \"><div class=\"grid-item metro-item-0    tpgb-metro-1  tpgb-tab-metro-1  tpgb-mobile-metro-1 \"><a href=\"https:\/\/www.musical-today.de\/wp-content\/uploads\/2024\/03\/29A7293-scaled.jpg\" class=\"tpgb-gallery-list-content tpgb-trans-easeinout\" data-fancybox=\"956d14_3825\" data-caption=\"Foto: Britt Schilling\" aria-label=\"Foto: Britt Schilling\"><div class=\"post-content-image\"><div class=\"tpgb-metro-gallery-image\" style=\"background: url(https:\/\/www.musical-today.de\/wp-content\/uploads\/2024\/03\/29A7293-scaled.jpg);\"><\/div><\/div><div class=\"post-content-center\"><div class=\"post-zoom-icon\"><div class=\"meta-search-icon\"><span><img decoding=\"async\" class=\"fancy-img\" src=\"https:\/\/www.musical-today.de\/wp-content\/uploads\/2024\/03\/29A7293-scaled.jpg\" alt=\"Media Image1\" title=\"\"><i class=\"fas fa-search-plus pop-icon\"><\/i><\/span><\/div><\/div><div class=\"post-content-bottom\"><p class=\"post-title tpgb-trans-easeinout\">Foto: Britt Schilling<\/p><\/div><\/div><\/a><\/div><div class=\"grid-item metro-item-1    tpgb-metro-2  tpgb-tab-metro-2  tpgb-mobile-metro-2 \"><a href=\"https:\/\/www.musical-today.de\/wp-content\/uploads\/2024\/03\/29A7219-scaled.jpg\" class=\"tpgb-gallery-list-content tpgb-trans-easeinout\" data-fancybox=\"956d14_3825\" data-caption=\"Foto: Britt Schilling\" aria-label=\"Foto: Britt Schilling\"><div class=\"post-content-image\"><div class=\"tpgb-metro-gallery-image\" style=\"background: url(https:\/\/www.musical-today.de\/wp-content\/uploads\/2024\/03\/29A7219-scaled.jpg);\"><\/div><\/div><div class=\"post-content-center\"><div class=\"post-zoom-icon\"><div class=\"meta-search-icon\"><span><img decoding=\"async\" class=\"fancy-img\" src=\"https:\/\/www.musical-today.de\/wp-content\/uploads\/2024\/03\/29A7219-scaled.jpg\" alt=\"Media Image2\" title=\"\"><i class=\"fas fa-search-plus pop-icon\"><\/i><\/span><\/div><\/div><div class=\"post-content-bottom\"><p class=\"post-title tpgb-trans-easeinout\">Foto: Britt Schilling<\/p><\/div><\/div><\/a><\/div><div class=\"grid-item metro-item-2    tpgb-metro-3  tpgb-tab-metro-3  tpgb-mobile-metro-3 \"><a href=\"https:\/\/www.musical-today.de\/wp-content\/uploads\/2024\/03\/K9A7019-scaled.jpg\" class=\"tpgb-gallery-list-content tpgb-trans-easeinout\" data-fancybox=\"956d14_3825\" data-caption=\"Foto: Britt Schilling\" aria-label=\"Foto: Britt Schilling\"><div class=\"post-content-image\"><div class=\"tpgb-metro-gallery-image\" style=\"background: url(https:\/\/www.musical-today.de\/wp-content\/uploads\/2024\/03\/K9A7019-scaled.jpg);\"><\/div><\/div><div class=\"post-content-center\"><div class=\"post-zoom-icon\"><div class=\"meta-search-icon\"><span><img decoding=\"async\" class=\"fancy-img\" src=\"https:\/\/www.musical-today.de\/wp-content\/uploads\/2024\/03\/K9A7019-scaled.jpg\" alt=\"Media Image3\" title=\"\"><i class=\"fas fa-search-plus pop-icon\"><\/i><\/span><\/div><\/div><div class=\"post-content-bottom\"><p class=\"post-title tpgb-trans-easeinout\">Foto: Britt Schilling<\/p><\/div><\/div><\/a><\/div><\/div><\/div><\/div>\n\n\n<p>B\u00fchnenbildner Sebastian Ellrich hat die Buchstaben von \u201eCompany\u201c ins Bild gesetzt. Der mehrdeutige Titel kann Begleitung, Ensemble oder auch Partnerschaft hei\u00dfen. Um die geht es in fast jedem der Songs \u2013 und um New York City (Inga Sch\u00e4fer als Martha mit der bitters\u00fc\u00dfen Hommage \u201eAnother Hundred People\u201c). Die Buchstaben sind Wohnungen und R\u00fcckzugsr\u00e4ume. Sie sind glitzernde Skyline, aber auch Skelette der Einsamkeit. Sie werden ganz variabel eingesetzt und beleuchtet (Licht: Michael Philipp) und schaffen stimmige Verbindungen zwischen den einzelnen Szenen. Nach Textlastigkeit zu Beginn kommt der Abend, je l\u00e4nger er andauert, in eine bessere Balance.<\/p>\n\n\n\n<p>Das Philharmonische Orchester Freiburg liefert unter der souver\u00e4nen Leitung von Johannes Knapp einen perfekten Sound ab, der gekonnt switcht zwischen Hochglanz und rockigeren T\u00f6nen: das Blech scharf und pr\u00e4zise, das Drumset druckvoll, aber nie zu dominant. Jakob Kunath (Bobby), ausgebildeter Operns\u00e4nger, kann Musical, wenn er seine Bruststimme nach oben zieht und auch das gro\u00dfe Pathos bedient wie in den Schnulzen \u201eSomeone Is Waiting\u201c oder \u201eBeing Alive\u201c.&nbsp;<\/p>\n\n\n\n<p>Neben wohl temperierten Szenen wie mit dem perfekten Paar, das sich scheiden l\u00e4sst (Alina Kirchg\u00e4\u00dfner und Raban Bieling) oder getanzten Ensembleszenen im Broadway-Style (Choreografie: Graham Smith) gibt es welche, in denen die Eskalation schon in der Vorlage angelegt ist und die Regisseur Joan Anton Rechi gekonnt zuspitzt. In \u201eGetting Married Today\u201c trifft Musical-Schmalz (Mingyu Ahn als Pau) auf einen aberwitzig schnell gesungenen Kommentar, den Lila Chrisp (Amy) sch\u00f6n dreckig singt. Mit den rosa, m\u00e4nnlichen und weiblichen Brautjungern als Backgroundchor (samt Natasha Sall\u00e8s als \u00fcppig vibrierender Vors\u00e4ngerin) greift die Regie wieder in die Vollen, aber die Szene vertr\u00e4gt das. Und Lila Chrisp schafft schlie\u00dflich sogar das Umkippen von Komik in Tragik. Am Ende ist Bobby wieder allein auf der B\u00fchne und bl\u00e4st die Geburtskerzen aus. Zeit f\u00fcr Melancholie bleibt nicht. Denn die Partygemeinde kehrt nach dem Schlussapplaus zur\u00fcck und feiert sich nochmals im Chor.&nbsp;&nbsp;<\/p>\n\n\n\n<p><\/p>\n\n\n\n<hr class=\"wp-block-separator has-alpha-channel-opacity is-style-dots\"\/>\n\n\n\n<p class=\"has-small-font-size\">Musikalische Leitung: Johannes Knapp \u2022 Choreografie: Graham Smith \u2022 B\u00fchne: Sebastian Ellrich \u2022 Kost\u00fcme: Sandra M\u00fcnchow \u2022 Licht: Michael Philipp \u2022 Mit: Jakob Kunath (Robert (Bobby)), Janna Horstmann (Sarah), Victor Calero (Harry), Alina Kirchg\u00e4\u00dfner (Susan), Raban Bieling (Peter), Maeve H\u00f6glund (Jenny), Lorenz Kauffer (David), Lila Chrisp (Amy), Mingyu Ahn (Paul), Laura Palacios (Joanne), Roberto Gionfriddo (Larry), Sara De Franco (April), Inga Sch\u00e4fer (Martha), Natasha Sall\u00e8s (Kathy) \u2022 Philharmonisches Orchester Freiburg<\/p>\n\n\n\n<p class=\"has-small-font-size\">Aufmacherfoto: Britt Schilling<\/p>\n","protected":false},"excerpt":{"rendered":"<p>Sondheims \u201eCompany\u201c zwischen feiner Ironie und bitterem Sarkasmus Die B\u00fchne: k\u00fchl und schwarzwei\u00df. Robert, genannt Bobby, feiert seinen 35. Geburtstag. Eigentlich beginnt Stephen Sondheims Musical \u201eCompany\u201c damit, dass der Langzeit-Single die Nachrichten auf seinem Anrufbeantworter abh\u00f6rt. Am Freiburger Theater treten seine Freundinnen und Freunde aber auf und sprechen ihre Gl\u00fcckw\u00fcnsche direkt ins Handy. Mit den f\u00fcnf Paaren und drei Solo-Frauen, aktuelle und fr\u00fchere Aff\u00e4ren Bobbys, kommt Farbe auf die B\u00fchne. Das \u00dcberreichen der Geburtstagstorte wird von allen live gefilmt und [&hellip;]<\/p>\n","protected":false},"author":14,"featured_media":3831,"comment_status":"closed","ping_status":"closed","sticky":false,"template":"","format":"standard","meta":{"tpgb_global_settings":"","footnotes":""},"categories":[57],"tags":[],"class_list":["post-3825","post","type-post","status-publish","format-standard","has-post-thumbnail","hentry","category-freiburg"],"tpgb_featured_images":{"full":["https:\/\/www.musical-today.de\/wp-content\/uploads\/2024\/03\/29A7416-scaled.jpg",2560,1708,false],"tp-image-grid":["https:\/\/www.musical-today.de\/wp-content\/uploads\/2024\/03\/29A7416-700x700.jpg",700,700,true],"thumbnail":["https:\/\/www.musical-today.de\/wp-content\/uploads\/2024\/03\/29A7416-600x400.jpg",600,400,true],"medium":["https:\/\/www.musical-today.de\/wp-content\/uploads\/2024\/03\/29A7416-1200x800.jpg",1200,800,true],"medium_large":["https:\/\/www.musical-today.de\/wp-content\/uploads\/2024\/03\/29A7416-770x514.jpg",770,514,true],"large":["https:\/\/www.musical-today.de\/wp-content\/uploads\/2024\/03\/29A7416-1920x1281.jpg",1139,760,true],"default":"https:\/\/www.musical-today.de\/wp-content\/plugins\/the-plus-addons-for-block-editor\/assets\/images\/tpgb-placeholder.jpg"},"tpgb_post_meta_info":{"get_date":"27.03.2024","get_modified_date":"15.04.2025","category_list":{"category":[{"term_id":57,"name":"Freiburg","slug":"freiburg","term_group":0,"term_taxonomy_id":57,"taxonomy":"category","description":"","parent":19,"count":3,"filter":"raw","term_order":"34"}],"post_tag":false,"post_format":false},"author_name":"Georg Rudiger","author_url":"https:\/\/www.musical-today.de\/en\/autor\/georgrudiger\/","author_email":"onliness@musical-today.de","author_website":"","author_description":"studierte Musikwissenschaft, Geschichte und Germanistik in Freiburg und Wien. Er lebt als freier Musikjournalist (u.a. Badische Zeitung, NZZ, Der Tagesspiegel) und Autor (u.a. Salzburger Festspiele, Lucerne Festival, Elbphilharmonie) in Freiburg im Breisgau und beobachtet die Musikszene im S\u00fcdwesten, aber auch \u00fcberregional. Er schreibt nicht nur \u00fcber Klassik, sondern auch \u00fcber Pop, Jazz und Musicals. Er ist Cellist in der Camerata Academica Freiburg und dem Camerata Streichquartett.","author_facebook":"","author_twitter":"","author_instagram":"","author_role":["author"],"author_firstname":"Georg","author_lastname":"Rudiger","user_login":"georgrudiger","author_avatar":"<img src=\"https:\/\/www.musical-today.de\/wp-content\/uploads\/2024\/03\/Autor_Rudiger-293x293.jpg\" width=\"200\" height=\"200\" alt=\"Georg Rudiger\" class=\"avatar avatar-200 wp-user-avatar wp-user-avatar-200 alignnone photo\" \/>","author_avatar_url":"https:\/\/www.musical-today.de\/wp-content\/uploads\/2024\/03\/Autor_Rudiger.jpg","comment_count":0,"post_likes":0,"post_views":0},"tpgb_post_category":{"category":"<a href=\"https:\/\/www.musical-today.de\/en\/deutschland\/freiburg\/\" alt=\"Freiburg\"  class=\"category-freiburg\">Freiburg<\/a> "},"_links":{"self":[{"href":"https:\/\/www.musical-today.de\/en\/wp-json\/wp\/v2\/posts\/3825","targetHints":{"allow":["GET"]}}],"collection":[{"href":"https:\/\/www.musical-today.de\/en\/wp-json\/wp\/v2\/posts"}],"about":[{"href":"https:\/\/www.musical-today.de\/en\/wp-json\/wp\/v2\/types\/post"}],"author":[{"embeddable":true,"href":"https:\/\/www.musical-today.de\/en\/wp-json\/wp\/v2\/users\/14"}],"replies":[{"embeddable":true,"href":"https:\/\/www.musical-today.de\/en\/wp-json\/wp\/v2\/comments?post=3825"}],"version-history":[{"count":0,"href":"https:\/\/www.musical-today.de\/en\/wp-json\/wp\/v2\/posts\/3825\/revisions"}],"wp:featuredmedia":[{"embeddable":true,"href":"https:\/\/www.musical-today.de\/en\/wp-json\/wp\/v2\/media\/3831"}],"wp:attachment":[{"href":"https:\/\/www.musical-today.de\/en\/wp-json\/wp\/v2\/media?parent=3825"}],"wp:term":[{"taxonomy":"category","embeddable":true,"href":"https:\/\/www.musical-today.de\/en\/wp-json\/wp\/v2\/categories?post=3825"},{"taxonomy":"post_tag","embeddable":true,"href":"https:\/\/www.musical-today.de\/en\/wp-json\/wp\/v2\/tags?post=3825"}],"curies":[{"name":"wp","href":"https:\/\/api.w.org\/{rel}","templated":true}]}}