{"id":3862,"date":"2024-03-27T03:10:00","date_gmt":"2024-03-27T02:10:00","guid":{"rendered":"https:\/\/www.musical-today.de\/?p=3862"},"modified":"2025-04-15T14:28:19","modified_gmt":"2025-04-15T12:28:19","slug":"linz-die-koeniginnen","status":"publish","type":"post","link":"https:\/\/www.musical-today.de\/en\/linz-die-koeniginnen\/","title":{"rendered":"Die K\u00f6niginnen"},"content":{"rendered":"<div class=\"lets-info-up-wrap  lets-info-up--right lets-info-up--m-1 lets-info-up-skin-3 lets-info-up--side lets-info-up-75512\" style=\"background:#fafafa; color: #616161\">\t\t\t<div class=\"lets-info-up\">\r\n\t\t\t<div class=\"lets-info-up-fi\"><img decoding=\"async\" width=\"500\" height=\"333\" src=\"https:\/\/www.musical-today.de\/wp-content\/uploads\/2024\/01\/qi-addons-for-elementor-placeholder-500x333.png\" class=\"attachment-lets-info-up-d1 size-lets-info-up-d1\" alt=\"|\" srcset=\"https:\/\/www.musical-today.de\/wp-content\/uploads\/2024\/01\/qi-addons-for-elementor-placeholder-500x333.png 500w, https:\/\/www.musical-today.de\/wp-content\/uploads\/2024\/01\/qi-addons-for-elementor-placeholder-300x200.png 300w, https:\/\/www.musical-today.de\/wp-content\/uploads\/2024\/01\/qi-addons-for-elementor-placeholder-1024x683.png 1024w, https:\/\/www.musical-today.de\/wp-content\/uploads\/2024\/01\/qi-addons-for-elementor-placeholder-883x589.png 883w, https:\/\/www.musical-today.de\/wp-content\/uploads\/2024\/01\/qi-addons-for-elementor-placeholder-18x12.png 18w, https:\/\/www.musical-today.de\/wp-content\/uploads\/2024\/01\/qi-addons-for-elementor-placeholder-360x240.png 360w, https:\/\/www.musical-today.de\/wp-content\/uploads\/2024\/01\/qi-addons-for-elementor-placeholder-1155x770.png 1155w, https:\/\/www.musical-today.de\/wp-content\/uploads\/2024\/01\/qi-addons-for-elementor-placeholder-370x247.png 370w, https:\/\/www.musical-today.de\/wp-content\/uploads\/2024\/01\/qi-addons-for-elementor-placeholder-770x513.png 770w, https:\/\/www.musical-today.de\/wp-content\/uploads\/2024\/01\/qi-addons-for-elementor-placeholder-293x195.png 293w, https:\/\/www.musical-today.de\/wp-content\/uploads\/2024\/01\/qi-addons-for-elementor-placeholder-120x80.png 120w, https:\/\/www.musical-today.de\/wp-content\/uploads\/2024\/01\/qi-addons-for-elementor-placeholder-240x160.png 240w, https:\/\/www.musical-today.de\/wp-content\/uploads\/2024\/01\/qi-addons-for-elementor-placeholder-390x260.png 390w, https:\/\/www.musical-today.de\/wp-content\/uploads\/2024\/01\/qi-addons-for-elementor-placeholder.png 1200w\" sizes=\"(max-width: 500px) 100vw, 500px\" title=\"\"><\/div>\t\t\t<div class=\"lets-info-up-block-wrap\">\r\n\t\t\t\t<div class=\"lets-info-up-block lets-info-up-meta-block\"><div class=\"lets-info-up-meta-title lets-info-up-pretitle font-h\" style=\"color: #8c6d18;\">oRT<\/div><div class=\"lets-info-up-meta-content lets-info-up-title font-b\">Landestheater Linz<\/div><\/div><div class=\"lets-info-up-block lets-info-up-meta-block\"><div class=\"lets-info-up-meta-title lets-info-up-pretitle font-h\" style=\"color: #8c6d18;\">von<\/div><div class=\"lets-info-up-meta-content lets-info-up-title font-b\">Thomas Zaufke (Musik)<br>Henry Mason (Buch)<\/div><\/div><div class=\"lets-info-up-block lets-info-up-meta-block\"><div class=\"lets-info-up-meta-title lets-info-up-pretitle font-h\" style=\"color: #8c6d18;\">Regie<\/div><div class=\"lets-info-up-meta-content lets-info-up-title font-b\">Simon Eichenberger<\/div><\/div><div class=\"lets-info-up-block lets-info-up-meta-block\"><div class=\"lets-info-up-meta-title lets-info-up-pretitle font-h\" style=\"color: #8c6d18;\">Urauff\u00fchrung<\/div><div class=\"lets-info-up-meta-content lets-info-up-title font-b\">2024<\/div><\/div><div class=\"lets-info-up-block lets-info-up-meta-block\"><div class=\"lets-info-up-meta-title lets-info-up-pretitle font-h\" style=\"color: #8c6d18;\">INFOS<\/div><div class=\"lets-info-up-meta-content lets-info-up-title font-b\"><a href=\"https:\/\/www.landestheater-linz.at\/stuecke\/detail?ref=5007\" data-type=\"link\" target=\"_blank\" rel=\"noopener noreferrer nofollow\">www.landestheater-linz.at<\/a><\/div><\/div>\t\t\t<\/div>\r\n\t\t\t<\/div>\r\n\t\t<\/div>\r\n\t\t\n\n\n<p><strong>Mit der Urauff\u00fchrung \u201eDie K\u00f6niginnen\u201c wird ein historisch bedeutendes Kapitel der englischen Geschichte eindrucksvoll nacherz\u00e4hlt<\/strong><\/p>\n\n\n\n<p>Es wird nur noch wenige Stunden dauern, bis sich der \u201eKopf von der Wirbels\u00e4ule\u201c trennt. Dieser d\u00fcstere Satz f\u00e4llt in den ersten Minuten der Vorstellung. Die Handlung des Musicals \u201eDie K\u00f6niginnen\u201c von Henry Mason und Thomas Zaufke startet mit dem Ende eines folgenschweren Konflikts zweier Frauen auf der britischen Insel. Wenige Stunden vor der Enthauptung Maria Stuarts auf Befehl von Elisabeth I. schwanken zwei alternde K\u00f6niginnen \u00fcber die B\u00fchne \u2013 die eine mit erstarrtem, grell wei\u00df geschminktem Gesicht, die andere sich vor Magenschmerzen kr\u00fcmmend. Das Ende ist bekannt wie der historische Hintergrund: Das Beil f\u00e4llt, Maria Stuart ist enthauptet.<\/p>\n\n\n\n<p>Wer sein Wissen \u00fcber das Elisabethanische Zeitalter (1558-1603) auffrischen m\u00f6chte, wird in diesem Musical mit historischen Fakten gef\u00fcttert. Akribisch wird das Leben der K\u00f6niginnen Elisabeth I. von England und Maria Stuart, K\u00f6nigin von Frankreich und Schottland, aufgerollt. F\u00fcr Geschichtsmuffel: Langeweile kommt nicht auf. Der geb\u00fcrtige Brite Henry Mason verfasste die Dialoge mit feiner, aber auch robuster Klinge, gew\u00fcrzt mit schwarzem Humor. F\u00fcr den auf deutschen B\u00fchnen bestens bekannten Texter und Germanisten ist dieses Musical-Libretto das zweite Auftragswerk f\u00fcr das Landestheater Linz. Er konnte bereits mit \u201eDer Hase mit den Bernsteinaugen\u201c, ebenfalls in Zusammenarbeit mit Komponist Thomas Zaufke, Erfolge einheimsen. Unter anderem wurde dieses Werk mit dem Deutschen Musical Theater Preis 2019 ausgezeichnet.<\/p>\n\n\n<div  class=\"tpgb-wrap-956d14_3862  tpgb-wrap-fw \"  ><div id=\"956d14_3862\" class=\"tpgb-block-956d14_3862 tpgb-relative-block tpgb-gallery-list tpgb-metro gallery-style-2 hover-image-style-1   \" data-style=\"style-2\" data-id=\"956d14_3862\" data-layout=\"metro\" data-fancy-option='{\"loop\":false,\"thumb\":\"no\",\"infobar\":true,\"arrows\":true,\"transitionEffect\":\"slide\",\"button\":[\"close\"]}' data-splide='\"\"' data-metroAttr= '{\"metro_col\":3,\"tab_metro_col\":3,\"mobile_metro_col\":3,\"metro_style\":\"style-1\",\"tab_metro_style\":\"style-1\",\"mobile_metro_style\":\"style-1\"}' ><div class=\"tpgb-row post-loop-inner \"><div class=\"grid-item metro-item-0    tpgb-metro-1  tpgb-tab-metro-1  tpgb-mobile-metro-1 \"><a href=\"https:\/\/www.musical-today.de\/wp-content\/uploads\/2024\/03\/10038_300dpi-scaled.jpg\" class=\"tpgb-gallery-list-content tpgb-trans-easeinout\" data-fancybox=\"956d14_3862\" data-caption=\"Foto: Barbara P\u00e1lffy\" aria-label=\"Foto: Barbara P\u00e1lffy\"><div class=\"post-content-image\"><div class=\"tpgb-metro-gallery-image\" style=\"background: url(https:\/\/www.musical-today.de\/wp-content\/uploads\/2024\/03\/10038_300dpi-scaled.jpg);\"><\/div><\/div><div class=\"post-content-center\"><div class=\"post-zoom-icon\"><div class=\"meta-search-icon\"><span><img decoding=\"async\" class=\"fancy-img\" src=\"https:\/\/www.musical-today.de\/wp-content\/uploads\/2024\/03\/10038_300dpi-scaled.jpg\" alt=\"Media Image1\" title=\"\"><i class=\"fas fa-search-plus pop-icon\"><\/i><\/span><\/div><\/div><div class=\"post-content-bottom\"><p class=\"post-title tpgb-trans-easeinout\">Foto: Barbara P\u00e1lffy<\/p><\/div><\/div><\/a><\/div><div class=\"grid-item metro-item-1    tpgb-metro-2  tpgb-tab-metro-2  tpgb-mobile-metro-2 \"><a href=\"https:\/\/www.musical-today.de\/wp-content\/uploads\/2024\/03\/10036_300dpi-scaled.jpg\" class=\"tpgb-gallery-list-content tpgb-trans-easeinout\" data-fancybox=\"956d14_3862\" data-caption=\"Foto: Barbara P\u00e1lffy\" aria-label=\"Foto: Barbara P\u00e1lffy\"><div class=\"post-content-image\"><div class=\"tpgb-metro-gallery-image\" style=\"background: url(https:\/\/www.musical-today.de\/wp-content\/uploads\/2024\/03\/10036_300dpi-scaled.jpg);\"><\/div><\/div><div class=\"post-content-center\"><div class=\"post-zoom-icon\"><div class=\"meta-search-icon\"><span><img decoding=\"async\" class=\"fancy-img\" src=\"https:\/\/www.musical-today.de\/wp-content\/uploads\/2024\/03\/10036_300dpi-scaled.jpg\" alt=\"Media Image2\" title=\"\"><i class=\"fas fa-search-plus pop-icon\"><\/i><\/span><\/div><\/div><div class=\"post-content-bottom\"><p class=\"post-title tpgb-trans-easeinout\">Foto: Barbara P\u00e1lffy<\/p><\/div><\/div><\/a><\/div><div class=\"grid-item metro-item-2    tpgb-metro-3  tpgb-tab-metro-3  tpgb-mobile-metro-3 \"><a href=\"https:\/\/www.musical-today.de\/wp-content\/uploads\/2024\/03\/9994_300dpi-scaled.jpg\" class=\"tpgb-gallery-list-content tpgb-trans-easeinout\" data-fancybox=\"956d14_3862\" data-caption=\"Foto: Barbara P\u00e1lffy\" aria-label=\"Foto: Barbara P\u00e1lffy\"><div class=\"post-content-image\"><div class=\"tpgb-metro-gallery-image\" style=\"background: url(https:\/\/www.musical-today.de\/wp-content\/uploads\/2024\/03\/9994_300dpi-scaled.jpg);\"><\/div><\/div><div class=\"post-content-center\"><div class=\"post-zoom-icon\"><div class=\"meta-search-icon\"><span><img decoding=\"async\" class=\"fancy-img\" src=\"https:\/\/www.musical-today.de\/wp-content\/uploads\/2024\/03\/9994_300dpi-scaled.jpg\" alt=\"Media Image3\" title=\"\"><i class=\"fas fa-search-plus pop-icon\"><\/i><\/span><\/div><\/div><div class=\"post-content-bottom\"><p class=\"post-title tpgb-trans-easeinout\">Foto: Barbara P\u00e1lffy<\/p><\/div><\/div><\/a><\/div><\/div><\/div><\/div>\n\n\n<p>Elisabeth und Maria Stuart trafen nie pers\u00f6nlich aufeinander. Das Musical bietet die M\u00f6glichkeit, das Leben der beiden Frauen parallel auf der B\u00fchne zu verfolgen. Vor einem d\u00fcsteren Felsblock (B\u00fchnenbild: Stephan Prattes) beobachten sich die beiden Damen von der Geburt bis zum H\u00f6hepunkt ihrer Auseinandersetzung. Gelegentlich kommentiert die eine die Entscheidung der anderen oder hat Mitleid mit der Konkurrentin. Die \u201epers\u00f6nliche\u201c Kommunikation erfolgt ausschlie\u00dflich \u00fcber das Verlesen von Briefen. Insgesamt eine feinsinnige Idee von Regisseur und Choreograf Simon Eichenberger, die dazu betr\u00e4gt, dass man als Zuschauer v\u00f6llig vom Schicksal der beiden m\u00e4chtigen Frauen vereinnahmt wird. Ihre Herausforderungen als Herrscherinnen, von denen nur eine der Kampf zwischen Katholiken und Protestanten war, in einer m\u00e4nnerdominierten Welt sind beachtlich.<\/p>\n\n\n\n<p>Wer von der Musik locker-leichte Musical-Melodien erwartet, wird entt\u00e4uscht. Die wuchtige Musik des h\u00f6chst erfolgreichen Komponisten Thomas Zaufke wird der Dramatik des Stoffes gerecht. Gewaltige Tonwellen rollen aus dem Orchestergraben, meisterhaft bew\u00e4ltigt vom Bruckner Orchester Linz unter Leitung von Tom Bitterlich. Allerdings fehlen z\u00fcndende Songs als Highlights, kein Ohrwurm schmeichelt sich ans Publikum, daf\u00fcr sind einige Gesangsst\u00fccke perfekt auf die Stimmen der Hauptdarstellerinnen zugeschnitten. Alexandra-Yoana Alexandrova in der Rolle der schottischen K\u00f6nigin und Daniela Dett als Elisabeth I. beherrschen ihr Handwerk: gro\u00dfer Stimmumfang, B\u00fchnenpr\u00e4senz, Wortdeutlichkeit und Spielfreude. Das personalm\u00e4\u00dfig gro\u00dfz\u00fcgig best\u00fcckte Ensemble steht den Hauptdarstellerinnen in nichts nach und beweist nicht nur Stimmsicherheit, sondern vor allem auch ein hohes Ma\u00df an Beweglichkeit in den einfalls- und abwechslungsreichen Choreografien. Lucius Wolter gibt gekonnt einen wenig sympathischen Lord Darnley, Gernot Romic wei\u00df als Earl of Moray, Halbbruder Maria Stuarts, zu \u00fcberzeugen, und Lukas Sandmann \u00fcberrascht mit weichem Timbre in der kleinen, aber wichtigen Rolle als Thronfolger James. Kaum f\u00e4llt der Kopf von Maria Stuart, die in einem atemberaubenden roten Kleid zum Schafott marschiert, und der letzte Ton verklingt, erhebt sich das Publikum in Linz zu wohlverdienten Standing Ovations.<\/p>\n\n\n\n<p><\/p>\n\n\n\n<hr class=\"wp-block-separator has-alpha-channel-opacity is-style-dots\"\/>\n\n\n\n<p class=\"has-small-font-size\">Musikalische Leitung: Tom Bitterlich \u2022 Regie und Choreografie: Simon Eichenberger \u2022 B\u00fchne: Stephan Prattes \u2022 Kost\u00fcme: Conny L\u00fcders \u2022 Lichtdesign: Michael Grundner \u2022 Leitung Extrachor: David Alexander Barnard \u2022 Mit: Alexandra-Yoana Alexandrova (Maria Stuart), Daniela Datt (Elisabeth I.), Christian Fr\u00f6hlich (William Cecil), Gernot Romic (Henri II.\/Earl of Moray u.a.), Max Niemeyer (Morton u.a.), Sanne Mieloo (Marie de Guise u.a.), Ariane Swoboda (Caterina de Medici u.a.), Lukas Sandmann (Fran\u00e7ois II.\/James VI. u.a.), Lucius Wolter (Lord Darnley u.a.) u.a. \u2022 Extrachor des Landestheaters Linz \u2022 Bruckner Orchester Linz<\/p>\n\n\n\n<p class=\"has-small-font-size\">Aufmacherfoto: Barbara P\u00e1lffy<\/p>\n","protected":false},"excerpt":{"rendered":"<p>Mit der Urauff\u00fchrung \u201eDie K\u00f6niginnen\u201c wird ein historisch bedeutendes Kapitel der englischen Geschichte eindrucksvoll nacherz\u00e4hlt Es wird nur noch wenige Stunden dauern, bis sich der \u201eKopf von der Wirbels\u00e4ule\u201c trennt. Dieser d\u00fcstere Satz f\u00e4llt in den ersten Minuten der Vorstellung. Die Handlung des Musicals \u201eDie K\u00f6niginnen\u201c von Henry Mason und Thomas Zaufke startet mit dem Ende eines folgenschweren Konflikts zweier Frauen auf der britischen Insel. Wenige Stunden vor der Enthauptung Maria Stuarts auf Befehl von Elisabeth I. schwanken zwei alternde [&hellip;]<\/p>\n","protected":false},"author":16,"featured_media":3872,"comment_status":"closed","ping_status":"closed","sticky":false,"template":"","format":"standard","meta":{"tpgb_global_settings":"","footnotes":""},"categories":[87],"tags":[],"class_list":["post-3862","post","type-post","status-publish","format-standard","has-post-thumbnail","hentry","category-linz"],"tpgb_featured_images":{"full":["https:\/\/www.musical-today.de\/wp-content\/uploads\/2024\/03\/10045_300dpi-scaled.jpg",2560,1707,false],"tp-image-grid":["https:\/\/www.musical-today.de\/wp-content\/uploads\/2024\/03\/10045_300dpi-scaled.jpg",700,467,false],"thumbnail":["https:\/\/www.musical-today.de\/wp-content\/uploads\/2024\/03\/10045_300dpi-scaled.jpg",600,400,false],"medium":["https:\/\/www.musical-today.de\/wp-content\/uploads\/2024\/03\/10045_300dpi-scaled.jpg",1200,800,false],"medium_large":["https:\/\/www.musical-today.de\/wp-content\/uploads\/2024\/03\/10045_300dpi-scaled.jpg",770,513,false],"large":["https:\/\/www.musical-today.de\/wp-content\/uploads\/2024\/03\/10045_300dpi-scaled.jpg",1139,759,false],"default":"https:\/\/www.musical-today.de\/wp-content\/plugins\/the-plus-addons-for-block-editor\/assets\/images\/tpgb-placeholder.jpg"},"tpgb_post_meta_info":{"get_date":"27.03.2024","get_modified_date":"15.04.2025","category_list":{"category":[{"term_id":87,"name":"Linz","slug":"linz","term_group":0,"term_taxonomy_id":87,"taxonomy":"category","description":"","parent":114,"count":9,"filter":"raw","term_order":"8"}],"post_tag":false,"post_format":false},"author_name":"Susanne Dressler","author_url":"https:\/\/www.musical-today.de\/en\/autor\/susannedressler\/","author_email":"online232@musical-today.de","author_website":"","author_description":"ist Historikerin und lebt als freiberufliche Journalistin in Wien. Die Begeisterung f\u00fcr Oper, Musical oder Operette begleitet sie seit fr\u00fchester Jugend und ist niemals schw\u00e4cher geworden. F\u00fcr sie gibt es im Musiktheater nichts, was es in der Realit\u00e4t nicht auch gibt: Liebe, Hass, Rache, Eifersucht, Mord, Krieg, Verzweiflung, Gl\u00fcck und Krankheit \u2013 nur eben verpackt in wundersch\u00f6ne Musik.","author_facebook":"","author_twitter":"","author_instagram":"","author_role":["author"],"author_firstname":"Susanne","author_lastname":"Dressler","user_login":"susannedressler","author_avatar":"<img src=\"https:\/\/www.musical-today.de\/wp-content\/uploads\/2024\/03\/Autor_Dressler-293x293.jpg\" width=\"200\" height=\"200\" alt=\"Susanne Dressler\" class=\"avatar avatar-200 wp-user-avatar wp-user-avatar-200 alignnone photo\" \/>","author_avatar_url":"https:\/\/www.musical-today.de\/wp-content\/uploads\/2024\/03\/Autor_Dressler.jpg","comment_count":0,"post_likes":0,"post_views":0},"tpgb_post_category":{"category":"<a href=\"https:\/\/www.musical-today.de\/en\/oesterreich\/linz\/\" alt=\"Linz\"  class=\"category-linz\">Linz<\/a> "},"_links":{"self":[{"href":"https:\/\/www.musical-today.de\/en\/wp-json\/wp\/v2\/posts\/3862","targetHints":{"allow":["GET"]}}],"collection":[{"href":"https:\/\/www.musical-today.de\/en\/wp-json\/wp\/v2\/posts"}],"about":[{"href":"https:\/\/www.musical-today.de\/en\/wp-json\/wp\/v2\/types\/post"}],"author":[{"embeddable":true,"href":"https:\/\/www.musical-today.de\/en\/wp-json\/wp\/v2\/users\/16"}],"replies":[{"embeddable":true,"href":"https:\/\/www.musical-today.de\/en\/wp-json\/wp\/v2\/comments?post=3862"}],"version-history":[{"count":0,"href":"https:\/\/www.musical-today.de\/en\/wp-json\/wp\/v2\/posts\/3862\/revisions"}],"wp:featuredmedia":[{"embeddable":true,"href":"https:\/\/www.musical-today.de\/en\/wp-json\/wp\/v2\/media\/3872"}],"wp:attachment":[{"href":"https:\/\/www.musical-today.de\/en\/wp-json\/wp\/v2\/media?parent=3862"}],"wp:term":[{"taxonomy":"category","embeddable":true,"href":"https:\/\/www.musical-today.de\/en\/wp-json\/wp\/v2\/categories?post=3862"},{"taxonomy":"post_tag","embeddable":true,"href":"https:\/\/www.musical-today.de\/en\/wp-json\/wp\/v2\/tags?post=3862"}],"curies":[{"name":"wp","href":"https:\/\/api.w.org\/{rel}","templated":true}]}}