{"id":3925,"date":"2024-03-27T04:00:00","date_gmt":"2024-03-27T03:00:00","guid":{"rendered":"https:\/\/www.musical-today.de\/?p=3925"},"modified":"2025-04-15T14:28:19","modified_gmt":"2025-04-15T12:28:19","slug":"nuernberg-jesus-christ-superstar","status":"publish","type":"post","link":"https:\/\/www.musical-today.de\/en\/nuernberg-jesus-christ-superstar\/","title":{"rendered":"Jesus Christ Superstar"},"content":{"rendered":"<div class=\"lets-info-up-wrap  lets-info-up--right lets-info-up--m-1 lets-info-up-skin-3 lets-info-up--side lets-info-up-66162\" style=\"background:#fafafa; color: #616161\">\t\t\t<div class=\"lets-info-up\">\r\n\t\t\t<div class=\"lets-info-up-fi\"><img decoding=\"async\" width=\"500\" height=\"333\" src=\"https:\/\/www.musical-today.de\/wp-content\/uploads\/2024\/01\/qi-addons-for-elementor-placeholder-500x333.png\" class=\"attachment-lets-info-up-d1 size-lets-info-up-d1\" alt=\"|\" srcset=\"https:\/\/www.musical-today.de\/wp-content\/uploads\/2024\/01\/qi-addons-for-elementor-placeholder-500x333.png 500w, https:\/\/www.musical-today.de\/wp-content\/uploads\/2024\/01\/qi-addons-for-elementor-placeholder-300x200.png 300w, https:\/\/www.musical-today.de\/wp-content\/uploads\/2024\/01\/qi-addons-for-elementor-placeholder-1024x683.png 1024w, https:\/\/www.musical-today.de\/wp-content\/uploads\/2024\/01\/qi-addons-for-elementor-placeholder-883x589.png 883w, https:\/\/www.musical-today.de\/wp-content\/uploads\/2024\/01\/qi-addons-for-elementor-placeholder-18x12.png 18w, https:\/\/www.musical-today.de\/wp-content\/uploads\/2024\/01\/qi-addons-for-elementor-placeholder-360x240.png 360w, https:\/\/www.musical-today.de\/wp-content\/uploads\/2024\/01\/qi-addons-for-elementor-placeholder-1155x770.png 1155w, https:\/\/www.musical-today.de\/wp-content\/uploads\/2024\/01\/qi-addons-for-elementor-placeholder-370x247.png 370w, https:\/\/www.musical-today.de\/wp-content\/uploads\/2024\/01\/qi-addons-for-elementor-placeholder-770x513.png 770w, https:\/\/www.musical-today.de\/wp-content\/uploads\/2024\/01\/qi-addons-for-elementor-placeholder-293x195.png 293w, https:\/\/www.musical-today.de\/wp-content\/uploads\/2024\/01\/qi-addons-for-elementor-placeholder-120x80.png 120w, https:\/\/www.musical-today.de\/wp-content\/uploads\/2024\/01\/qi-addons-for-elementor-placeholder-240x160.png 240w, https:\/\/www.musical-today.de\/wp-content\/uploads\/2024\/01\/qi-addons-for-elementor-placeholder-390x260.png 390w, https:\/\/www.musical-today.de\/wp-content\/uploads\/2024\/01\/qi-addons-for-elementor-placeholder.png 1200w\" sizes=\"(max-width: 500px) 100vw, 500px\" title=\"\"><\/div>\t\t\t<div class=\"lets-info-up-block-wrap\">\r\n\t\t\t\t<div class=\"lets-info-up-block lets-info-up-meta-block\"><div class=\"lets-info-up-meta-title lets-info-up-pretitle font-h\" style=\"color: #8c6d18;\">oRT<\/div><div class=\"lets-info-up-meta-content lets-info-up-title font-b\">Staatstheater N\u00fcrnberg<\/div><\/div><div class=\"lets-info-up-block lets-info-up-meta-block\"><div class=\"lets-info-up-meta-title lets-info-up-pretitle font-h\" style=\"color: #8c6d18;\">von<\/div><div class=\"lets-info-up-meta-content lets-info-up-title font-b\">Andrew Lloyd Webber (Musik)<br>Tim Rice (Buch)<\/div><\/div><div class=\"lets-info-up-block lets-info-up-meta-block\"><div class=\"lets-info-up-meta-title lets-info-up-pretitle font-h\" style=\"color: #8c6d18;\">Regie<\/div><div class=\"lets-info-up-meta-content lets-info-up-title font-b\">Andreas Gergen<\/div><\/div><div class=\"lets-info-up-block lets-info-up-meta-block\"><div class=\"lets-info-up-meta-title lets-info-up-pretitle font-h\" style=\"color: #8c6d18;\">Urauff\u00fchrung<\/div><div class=\"lets-info-up-meta-content lets-info-up-title font-b\">1971<\/div><\/div><div class=\"lets-info-up-block lets-info-up-meta-block\"><div class=\"lets-info-up-meta-title lets-info-up-pretitle font-h\" style=\"color: #8c6d18;\">INFOS<\/div><div class=\"lets-info-up-meta-content lets-info-up-title font-b\"><a href=\"https:\/\/www.staatstheater-nuernberg.de\/spielplan-23-24\/jesus-christ-superstar\/11-07-2024\/1930\" data-type=\"link\" target=\"_blank\" rel=\"noopener noreferrer nofollow\">\u00b4www.staatstheater<\/a><a href=\"https:\/\/www.staatstheater-nuernberg.de\/spielplan-23-24\/jesus-christ-superstar\/22-02-2024\/1815\" target=\"_blank\" rel=\"noopener noreferrer nofollow\">&#8211;<\/a><a href=\"http:\/\/www.staatstheater-nuernberg.de\" target=\"_blank\" rel=\"noopener noreferrer nofollow\">nuernberg.de<\/a><\/div><\/div>\t\t\t<\/div>\r\n\t\t\t<\/div>\r\n\t\t<\/div>\r\n\t\t\n\n\n<p><strong>Andrew Lloyd Webbers Rock Opera \u201eJesus Christ Superstar\u201c leuchtet im Vatikanstaat dezent regenbogenbunt<\/strong><\/p>\n\n\n\n<p>Das Erstlingswerk aus der Erfolgswerkstatt von Andrew Lloyd Webber und Tim Rice ist fast schon erschreckend zeitlos. Auch 50 Jahre nach seiner Urauff\u00fchrung kann und will man sich dem herrlich flower-gepowerten Elan der konsequent durchkomponierten Rock Opera nicht entziehen. \u201eWhat\u2019s The Buzz\u201c \u2013 raffiniert verschmelzen Jazz, Pop, Rock und kleine Dosen atonaler Phrasen in dem Superstar-Sound und den Songs, die sich mal wieder tagelang als Ohrw\u00fcrmer einnisten.<\/p>\n\n\n\n<p>In der vor\u00f6sterlichen Primetime sch\u00f6pft N\u00fcrnberg mit einem hinrei\u00dfenden \u201eJesus Christ Superstar\u201c gekonnt aus dem Vollen. Gewinnbringend f\u00fcr ein altersm\u00e4\u00dfig bunt gemischtes Publikum treffen auf hohem Level versierte Musical-Theaterschaffende im Namen des Herrn zusammen. Neben Gastsolistinnen und -solisten wie u.a. Dorina Garuci als selbstbewusste Maria Magdalena sind auch Studierende der Bayerischen Theaterakademie August Everding involviert, um die B\u00fchne gewaltig zu rocken und den modernen Klassiker bet\u00f6rend zu bebildern (Momme Hinrichs), ihn thematisch wie stimmlich \u00fcberzeugend in ein heutiges Gewand (Kost\u00fcme: Aleksandra Kica) zu kleiden. Ein Gl\u00fccksfall ist zudem die mit Verve und Bl\u00e4ser-Drive agierende \u201eJesus-Band\u201c unter der musikalischen Leitung von J\u00fcrgen Grimm, der auch die melancholisch-lyrischen Momente funkeln l\u00e4sst.<\/p>\n\n\n<div  class=\"tpgb-wrap-956d14_3925  tpgb-wrap-fw \"  ><div id=\"956d14_3925\" class=\"tpgb-block-956d14_3925 tpgb-relative-block tpgb-gallery-list tpgb-metro gallery-style-2 hover-image-style-1   \" data-style=\"style-2\" data-id=\"956d14_3925\" data-layout=\"metro\" data-fancy-option='{\"loop\":false,\"thumb\":\"no\",\"infobar\":true,\"arrows\":true,\"transitionEffect\":\"slide\",\"button\":[\"close\"]}' data-splide='\"\"' data-metroAttr= '{\"metro_col\":3,\"tab_metro_col\":3,\"mobile_metro_col\":3,\"metro_style\":\"style-1\",\"tab_metro_style\":\"style-1\",\"mobile_metro_style\":\"style-1\"}' ><div class=\"tpgb-row post-loop-inner \"><div class=\"grid-item metro-item-0    tpgb-metro-1  tpgb-tab-metro-1  tpgb-mobile-metro-1 \"><a href=\"https:\/\/www.musical-today.de\/wp-content\/uploads\/2024\/03\/StaatstheaterNuernberg_2023-24_Jesus-Christ-Superstar_\u00a9_Pedro-Malinowski_2760-scaled.jpg\" class=\"tpgb-gallery-list-content tpgb-trans-easeinout\" data-fancybox=\"956d14_3925\" data-caption=\"Foto: Pedro Malinowski\" aria-label=\"Foto: Pedro Malinowski\"><div class=\"post-content-image\"><div class=\"tpgb-metro-gallery-image\" style=\"background: url(https:\/\/www.musical-today.de\/wp-content\/uploads\/2024\/03\/StaatstheaterNuernberg_2023-24_Jesus-Christ-Superstar_\u00a9_Pedro-Malinowski_2760-scaled.jpg);\"><\/div><\/div><div class=\"post-content-center\"><div class=\"post-zoom-icon\"><div class=\"meta-search-icon\"><span><img decoding=\"async\" class=\"fancy-img\" src=\"https:\/\/www.musical-today.de\/wp-content\/uploads\/2024\/03\/StaatstheaterNuernberg_2023-24_Jesus-Christ-Superstar_\u00a9_Pedro-Malinowski_2760-scaled.jpg\" alt=\"Media Image1\" title=\"\"><i class=\"fas fa-search-plus pop-icon\"><\/i><\/span><\/div><\/div><div class=\"post-content-bottom\"><p class=\"post-title tpgb-trans-easeinout\">Foto: Pedro Malinowski<\/p><\/div><\/div><\/a><\/div><div class=\"grid-item metro-item-1    tpgb-metro-2  tpgb-tab-metro-2  tpgb-mobile-metro-2 \"><a href=\"https:\/\/www.musical-today.de\/wp-content\/uploads\/2024\/03\/StaatstheaterNuernberg_2023-24_Jesus-Christ-Superstar_\u00a9_Pedro-Malinowski_1919.jpg\" class=\"tpgb-gallery-list-content tpgb-trans-easeinout\" data-fancybox=\"956d14_3925\" data-caption=\"Foto: Pedro Malinowski\" aria-label=\"Foto: Pedro Malinowski\"><div class=\"post-content-image\"><div class=\"tpgb-metro-gallery-image\" style=\"background: url(https:\/\/www.musical-today.de\/wp-content\/uploads\/2024\/03\/StaatstheaterNuernberg_2023-24_Jesus-Christ-Superstar_\u00a9_Pedro-Malinowski_1919.jpg);\"><\/div><\/div><div class=\"post-content-center\"><div class=\"post-zoom-icon\"><div class=\"meta-search-icon\"><span><img decoding=\"async\" class=\"fancy-img\" src=\"https:\/\/www.musical-today.de\/wp-content\/uploads\/2024\/03\/StaatstheaterNuernberg_2023-24_Jesus-Christ-Superstar_\u00a9_Pedro-Malinowski_1919.jpg\" alt=\"Media Image2\" title=\"\"><i class=\"fas fa-search-plus pop-icon\"><\/i><\/span><\/div><\/div><div class=\"post-content-bottom\"><p class=\"post-title tpgb-trans-easeinout\">Foto: Pedro Malinowski<\/p><\/div><\/div><\/a><\/div><div class=\"grid-item metro-item-2    tpgb-metro-3  tpgb-tab-metro-3  tpgb-mobile-metro-3 \"><a href=\"https:\/\/www.musical-today.de\/wp-content\/uploads\/2024\/03\/StaatstheaterNuernberg_2023-24_Jesus-Christ-Superstar_\u00a9_Pedro-Malinowski_0603-scaled.jpg\" class=\"tpgb-gallery-list-content tpgb-trans-easeinout\" data-fancybox=\"956d14_3925\" data-caption=\"Foto: Pedro Malinowski\" aria-label=\"Foto: Pedro Malinowski\"><div class=\"post-content-image\"><div class=\"tpgb-metro-gallery-image\" style=\"background: url(https:\/\/www.musical-today.de\/wp-content\/uploads\/2024\/03\/StaatstheaterNuernberg_2023-24_Jesus-Christ-Superstar_\u00a9_Pedro-Malinowski_0603-scaled.jpg);\"><\/div><\/div><div class=\"post-content-center\"><div class=\"post-zoom-icon\"><div class=\"meta-search-icon\"><span><img decoding=\"async\" class=\"fancy-img\" src=\"https:\/\/www.musical-today.de\/wp-content\/uploads\/2024\/03\/StaatstheaterNuernberg_2023-24_Jesus-Christ-Superstar_\u00a9_Pedro-Malinowski_0603-scaled.jpg\" alt=\"Media Image3\" title=\"\"><i class=\"fas fa-search-plus pop-icon\"><\/i><\/span><\/div><\/div><div class=\"post-content-bottom\"><p class=\"post-title tpgb-trans-easeinout\">Foto: Pedro Malinowski<\/p><\/div><\/div><\/a><\/div><\/div><\/div><\/div>\n\n\n<p>Regisseur Andreas Gergen lie\u00df sich nicht zuletzt durch die Lekt\u00fcre von Dostojewskis Erz\u00e4hlung \u201eDer Gro\u00dfinquisitor\u201c zu einem naheliegenden Gedankenspiel inspirieren: Gibt es angesichts der hausgemachten Dauerkrisen und -skandale innerhalb der Kirche(n) eine eindeutige Antwort auf die theatralisch formulierte \u201eWas w\u00e4re, wenn \u2026\u201c-Frage? Man stelle sich vor, dass Jesus rund 2.000 Jahre nach seinem Tod f\u00fcr die Menschen zur\u00fcckkehrt, um im Vatikan bei seinem \u201eBodenpersonal\u201c nach dem Rechten zu schauen, Galionsfigur und Lichtgestalt einer ja auch real existierenden Protestbewegung \u00e0 la Maria 2.0 w\u00e4re? Was, wenn der christliche Urgedanke des neuen Testaments, wenn Glaube, Liebe, Hoffnung und insbesondere Toleranz f\u00fcr jegliche von der kirchlichen \u201eNorm\u201c Abweichende die rigiden Machtspiele und starren Strukturen kirchlicher Institutionen abl\u00f6sten? Was, wenn wie hier im emotional ergreifenden und nur ganz leicht kitschigen Finale der Sohn von Jesus und Maria Magdalena die Vers\u00f6hnung ganz konkret in die Hand nimmt und alles Trennende mit der christlichen Mission \u201eGott ist die Liebe\u201c \u00fcberbr\u00fcckt, das v\u00e4terliche Gen(ie) und Erbe in die Zukunft hinein wahrt? Wohl zu sch\u00f6n, um wahr zu werden, aber im Theater muss das Tr\u00e4umen, m\u00fcssen Visionen erlaubt sein!<\/p>\n\n\n\n<p>Konsequent spielen diese letzten Tage von Jesus direkt in Rom rund um den Petersplatz. Den urspr\u00fcnglich j\u00fcdischen als auch r\u00f6mischen Entscheidungstr\u00e4gern sind \u00c4mter in der Vatikan-Hierarchie zugeordnet. Kaiphas und Annas sind Kardin\u00e4le, Pontius Pilatus \u2013 dessen innere Zerrissenheit Marc Clear exquisit verk\u00f6rpert \u2013 ist Sekret\u00e4r der Glaubenskongregation, Herodes (Hans Kittelmann) mutiert zum Papst.<\/p>\n\n\n\n<p>Die Intensit\u00e4t jeder \u201eJesus Christ\u201c-Inszenierung steht und f\u00e4llt in erster Linie mit der Besetzung der zentralen Protagonisten, mit der Intensit\u00e4t, die Jesus und Judas in ihrer spannungsreichen Beziehung aufbauen k\u00f6nnen. Gepriesen sei der Musicalgott, der das erst 25 Jahre alte Megatalent Lukas Mayer auf die Erde entsendet hat, um den sanftm\u00fctigen, eher unfreiwilligen Superstar mit einer derartigen darstellerischen Aura auf die B\u00fchne zu stellen! Rein \u00e4u\u00dferlich (auch ohne Maske) scheint er schon der \u201eideale\u201c Jesus. Mit Sensibilit\u00e4t und Sinnlichkeit n\u00e4hert er sich dieser so menschlichen Figur, formte sie g\u00e4nzlich frei von jeglicher Helden-Attit\u00fcde oder Arroganz, macht insbesondere Zweifel, \u00c4ngste und das Leiden im Wissen um das t\u00f6dliche, g\u00f6ttlich auferlegte Schicksal transparent. Virtuos bringt Mayer seine farbenreiche, fein balancierte Stimme ins dynamische Spiel, das gekonnt und mit der Kreuzigung auch die Grenzen des Fassbaren abtastet und am Ende mit einhelligem Jubel der Zuschauer honoriert wird. Der gilt nicht minder auch Til Ormeloh, der seinen Judas auf konstant hoher Flamme pr\u00e4sent h\u00e4lt, den Zuneigung, Scham und Schuld zu H\u00f6chstleistung antreiben und der mit Rockr\u00f6hre die H\u00f6hen und Tiefen dieser extrem anspruchsvollen Partie meistert.<\/p>\n\n\n\n<hr class=\"wp-block-separator has-alpha-channel-opacity is-style-dots\"\/>\n\n\n\n<p class=\"has-small-font-size\">Musikalische Leitung: J\u00fcrgen Grimm \u2022 B\u00fchne und Video: Momme Hinrichs \u2022 Kost\u00fcme: Aleksandra Kica \u2022 Choreografie: Francesc Ab\u00f3s \u2022 Licht: Thomas Schlegel \u2022 Sounddesign: Stefan Witter und Federico G\u00e4rtner Gutierrez \u2022 Chor: Tarmo Vaask; Mit: Lukas Mayer (Jesus), Til Ormeloh (Judas), Dorina Garuci (Maria Magdalena), Marc Clear (Pontius Pilatus), Alexander Alves de Paula (Kaiphas), Mark Weigel (Annas), Hans Kittelmann (Herodes), Denis Riffel (Simon Zelotes), Samuel T\u00fcrksoy (Petrus) u.a. \u2022 Chor des Staatstheaters N\u00fcrnberg \u2022 Staatsphilharmonie N\u00fcrnberg<\/p>\n\n\n\n<p class=\"has-small-font-size\">Aufmacherfoto: Pedro Malinowski<\/p>\n","protected":false},"excerpt":{"rendered":"<p>Andrew Lloyd Webbers Rock Opera \u201eJesus Christ Superstar\u201c leuchtet im Vatikanstaat dezent regenbogenbunt Das Erstlingswerk aus der Erfolgswerkstatt von Andrew Lloyd Webber und Tim Rice ist fast schon erschreckend zeitlos. Auch 50 Jahre nach seiner Urauff\u00fchrung kann und will man sich dem herrlich flower-gepowerten Elan der konsequent durchkomponierten Rock Opera nicht entziehen. \u201eWhat\u2019s The Buzz\u201c \u2013 raffiniert verschmelzen Jazz, Pop, Rock und kleine Dosen atonaler Phrasen in dem Superstar-Sound und den Songs, die sich mal wieder tagelang als Ohrw\u00fcrmer einnisten. [&hellip;]<\/p>\n","protected":false},"author":18,"featured_media":3928,"comment_status":"closed","ping_status":"closed","sticky":false,"template":"","format":"standard","meta":{"tpgb_global_settings":"","footnotes":""},"categories":[103],"tags":[],"class_list":["post-3925","post","type-post","status-publish","format-standard","has-post-thumbnail","hentry","category-nuernberg"],"tpgb_featured_images":{"full":["https:\/\/www.musical-today.de\/wp-content\/uploads\/2024\/03\/StaatstheaterNuernberg_2023-24_Jesus-Christ-Superstar_\u00a9_Pedro-Malinowski_0737-scaled.jpg",2560,1708,false],"tp-image-grid":["https:\/\/www.musical-today.de\/wp-content\/uploads\/2024\/03\/StaatstheaterNuernberg_2023-24_Jesus-Christ-Superstar_\u00a9_Pedro-Malinowski_0737-700x700.jpg",700,700,true],"thumbnail":["https:\/\/www.musical-today.de\/wp-content\/uploads\/2024\/03\/StaatstheaterNuernberg_2023-24_Jesus-Christ-Superstar_\u00a9_Pedro-Malinowski_0737-600x400.jpg",600,400,true],"medium":["https:\/\/www.musical-today.de\/wp-content\/uploads\/2024\/03\/StaatstheaterNuernberg_2023-24_Jesus-Christ-Superstar_\u00a9_Pedro-Malinowski_0737-1200x800.jpg",1200,800,true],"medium_large":["https:\/\/www.musical-today.de\/wp-content\/uploads\/2024\/03\/StaatstheaterNuernberg_2023-24_Jesus-Christ-Superstar_\u00a9_Pedro-Malinowski_0737-770x514.jpg",770,514,true],"large":["https:\/\/www.musical-today.de\/wp-content\/uploads\/2024\/03\/StaatstheaterNuernberg_2023-24_Jesus-Christ-Superstar_\u00a9_Pedro-Malinowski_0737-1920x1281.jpg",1139,760,true],"default":"https:\/\/www.musical-today.de\/wp-content\/plugins\/the-plus-addons-for-block-editor\/assets\/images\/tpgb-placeholder.jpg"},"tpgb_post_meta_info":{"get_date":"27.03.2024","get_modified_date":"15.04.2025","category_list":{"category":[{"term_id":103,"name":"N\u00fcrnberg","slug":"nuernberg","term_group":0,"term_taxonomy_id":103,"taxonomy":"category","description":"","parent":19,"count":2,"filter":"raw","term_order":"73"}],"post_tag":false,"post_format":false},"author_name":"Renate Baumiller-Guggenberger","author_url":"https:\/\/www.musical-today.de\/en\/autor\/renatebaumillerguggenberger\/","author_email":"online898@musical-today.de","author_website":"","author_description":"studierte an der LMU M\u00fcnchen Theaterwissenschaft und war mit Schwerpunkt Tanz zehn Jahre Dramaturgin am Theater Augsburg. Seit \u00fcber 30 Jahren schreibt sie f\u00fcr Feuilletons, u.a. bei der Augsburger Allgemeinen, der BSZ und \u201ea3kultur\u201c. Als Redenschreiberin und Trauerrednerin hat sie ein weiteres Standbein. Die emotionale Power und das so viele Sparten umfassende Entertainment, das professionell inszenierte Musicals ausstrahlen, empfand sie immer schon als besonders kostbar.","author_facebook":"","author_twitter":"","author_instagram":"","author_role":["author"],"author_firstname":"Renate","author_lastname":"Baumiller-Guggenberger","user_login":"renatebaumillerguggenberger","author_avatar":"<img src=\"https:\/\/www.musical-today.de\/wp-content\/uploads\/2024\/03\/Autor_Baumiller-Guggenberger-293x293.jpg\" width=\"200\" height=\"200\" alt=\"Renate Baumiller-Guggenberger\" class=\"avatar avatar-200 wp-user-avatar wp-user-avatar-200 alignnone photo\" \/>","author_avatar_url":"https:\/\/www.musical-today.de\/wp-content\/uploads\/2024\/03\/Autor_Baumiller-Guggenberger.jpg","comment_count":0,"post_likes":0,"post_views":0},"tpgb_post_category":{"category":"<a href=\"https:\/\/www.musical-today.de\/en\/deutschland\/nuernberg\/\" alt=\"N\u00fcrnberg\"  class=\"category-nuernberg\">N\u00fcrnberg<\/a> "},"_links":{"self":[{"href":"https:\/\/www.musical-today.de\/en\/wp-json\/wp\/v2\/posts\/3925","targetHints":{"allow":["GET"]}}],"collection":[{"href":"https:\/\/www.musical-today.de\/en\/wp-json\/wp\/v2\/posts"}],"about":[{"href":"https:\/\/www.musical-today.de\/en\/wp-json\/wp\/v2\/types\/post"}],"author":[{"embeddable":true,"href":"https:\/\/www.musical-today.de\/en\/wp-json\/wp\/v2\/users\/18"}],"replies":[{"embeddable":true,"href":"https:\/\/www.musical-today.de\/en\/wp-json\/wp\/v2\/comments?post=3925"}],"version-history":[{"count":0,"href":"https:\/\/www.musical-today.de\/en\/wp-json\/wp\/v2\/posts\/3925\/revisions"}],"wp:featuredmedia":[{"embeddable":true,"href":"https:\/\/www.musical-today.de\/en\/wp-json\/wp\/v2\/media\/3928"}],"wp:attachment":[{"href":"https:\/\/www.musical-today.de\/en\/wp-json\/wp\/v2\/media?parent=3925"}],"wp:term":[{"taxonomy":"category","embeddable":true,"href":"https:\/\/www.musical-today.de\/en\/wp-json\/wp\/v2\/categories?post=3925"},{"taxonomy":"post_tag","embeddable":true,"href":"https:\/\/www.musical-today.de\/en\/wp-json\/wp\/v2\/tags?post=3925"}],"curies":[{"name":"wp","href":"https:\/\/api.w.org\/{rel}","templated":true}]}}