{"id":3948,"date":"2024-03-27T01:20:00","date_gmt":"2024-03-27T00:20:00","guid":{"rendered":"https:\/\/www.musical-today.de\/?p=3948"},"modified":"2025-04-15T14:28:19","modified_gmt":"2025-04-15T12:28:19","slug":"st-gallen-les-miserables","status":"publish","type":"post","link":"https:\/\/www.musical-today.de\/en\/st-gallen-les-miserables\/","title":{"rendered":"Les Mis\u00e9rables"},"content":{"rendered":"<div class=\"lets-info-up-wrap  lets-info-up--right lets-info-up--m-1 lets-info-up-skin-3 lets-info-up--side lets-info-up-75539\" style=\"background:#fafafa; color: #616161\">\t\t\t<div class=\"lets-info-up\">\r\n\t\t\t<div class=\"lets-info-up-fi\"><img decoding=\"async\" width=\"500\" height=\"333\" src=\"https:\/\/www.musical-today.de\/wp-content\/uploads\/2024\/01\/qi-addons-for-elementor-placeholder-500x333.png\" class=\"attachment-lets-info-up-d1 size-lets-info-up-d1\" alt=\"|\" srcset=\"https:\/\/www.musical-today.de\/wp-content\/uploads\/2024\/01\/qi-addons-for-elementor-placeholder-500x333.png 500w, https:\/\/www.musical-today.de\/wp-content\/uploads\/2024\/01\/qi-addons-for-elementor-placeholder-300x200.png 300w, https:\/\/www.musical-today.de\/wp-content\/uploads\/2024\/01\/qi-addons-for-elementor-placeholder-1024x683.png 1024w, https:\/\/www.musical-today.de\/wp-content\/uploads\/2024\/01\/qi-addons-for-elementor-placeholder-883x589.png 883w, https:\/\/www.musical-today.de\/wp-content\/uploads\/2024\/01\/qi-addons-for-elementor-placeholder-18x12.png 18w, https:\/\/www.musical-today.de\/wp-content\/uploads\/2024\/01\/qi-addons-for-elementor-placeholder-360x240.png 360w, https:\/\/www.musical-today.de\/wp-content\/uploads\/2024\/01\/qi-addons-for-elementor-placeholder-1155x770.png 1155w, https:\/\/www.musical-today.de\/wp-content\/uploads\/2024\/01\/qi-addons-for-elementor-placeholder-370x247.png 370w, https:\/\/www.musical-today.de\/wp-content\/uploads\/2024\/01\/qi-addons-for-elementor-placeholder-770x513.png 770w, https:\/\/www.musical-today.de\/wp-content\/uploads\/2024\/01\/qi-addons-for-elementor-placeholder-293x195.png 293w, https:\/\/www.musical-today.de\/wp-content\/uploads\/2024\/01\/qi-addons-for-elementor-placeholder-120x80.png 120w, https:\/\/www.musical-today.de\/wp-content\/uploads\/2024\/01\/qi-addons-for-elementor-placeholder-240x160.png 240w, https:\/\/www.musical-today.de\/wp-content\/uploads\/2024\/01\/qi-addons-for-elementor-placeholder-390x260.png 390w, https:\/\/www.musical-today.de\/wp-content\/uploads\/2024\/01\/qi-addons-for-elementor-placeholder.png 1200w\" sizes=\"(max-width: 500px) 100vw, 500px\" title=\"\"><\/div>\t\t\t<div class=\"lets-info-up-block-wrap\">\r\n\t\t\t\t<div class=\"lets-info-up-block lets-info-up-meta-block\"><div class=\"lets-info-up-meta-title lets-info-up-pretitle font-h\" style=\"color: #8c6d18;\">oRT<\/div><div class=\"lets-info-up-meta-content lets-info-up-title font-b\">Theater St.Gallen<\/div><\/div><div class=\"lets-info-up-block lets-info-up-meta-block\"><div class=\"lets-info-up-meta-title lets-info-up-pretitle font-h\" style=\"color: #8c6d18;\">von<\/div><div class=\"lets-info-up-meta-content lets-info-up-title font-b\">Claude-Michel Sch\u00f6nberg (Musik)<br>Alain Boublil &amp; Jean-Marc Natel (Buch)<\/div><\/div><div class=\"lets-info-up-block lets-info-up-meta-block\"><div class=\"lets-info-up-meta-title lets-info-up-pretitle font-h\" style=\"color: #8c6d18;\">Regie<\/div><div class=\"lets-info-up-meta-content lets-info-up-title font-b\">Josef E. K\u00f6pplinger<\/div><\/div><div class=\"lets-info-up-block lets-info-up-meta-block\"><div class=\"lets-info-up-meta-title lets-info-up-pretitle font-h\" style=\"color: #8c6d18;\">Urauff\u00fchrung<\/div><div class=\"lets-info-up-meta-content lets-info-up-title font-b\">1980<\/div><\/div><div class=\"lets-info-up-block lets-info-up-meta-block\"><div class=\"lets-info-up-meta-title lets-info-up-pretitle font-h\" style=\"color: #8c6d18;\">INFOS<\/div><div class=\"lets-info-up-meta-content lets-info-up-title font-b\"><a href=\"https:\/\/www.konzertundtheater.ch\/programm\/a-z\/les-miserables\/\" target=\"_blank\" rel=\"noopener noreferrer nofollow\">www.konzertundtheater.ch<\/a><\/div><\/div>\t\t\t<\/div>\r\n\t\t\t<\/div>\r\n\t\t<\/div>\r\n\t\t\n\n\n<p><strong>\u201eLes Mis\u00e9rables\u201c geht st\u00fcrmisch und pr\u00e4zise inszeniert auf die Barrikaden. Jetzt ist die Produktion am M\u00fcnchner G\u00e4rtnerplatztheater zu sehen<\/strong><\/p>\n\n\n\n<p>Die Schweizer Erstauff\u00fchrung des Musicalhits aus der Feder von Claude-Michel Sch\u00f6nberg und Alain Boublil in St. Gallen liegt bereits 16 Jahre zur\u00fcck. Nach etlichen Weltpremieren, die das Theater unter der Direktion des musicalbegeisterten Werner Signer bis zu dessen Pensionierung 2023 auf die B\u00fchne gebracht hat, war es also Zeit f\u00fcr eine Neuproduktion von \u201eLes Mis\u00e9rables\u201c. Zudem lag es nahe, mit der Regie einen K\u00f6nner zu betrauen, der gute Verbindungen zum Haus hat: Josef E. K\u00f6pplinger, Intendant des M\u00fcnchner G\u00e4rtnerplatztheaters, war zwischen 2004 und 2007 Schauspieldirektor in der Ostschweiz. Er kennt die technischen M\u00f6glichkeiten ebenso gut wie die Begeisterungsf\u00e4higkeit der Crew und des Publikums, das nicht nur aus der n\u00e4heren Region f\u00fcr Musicals nach St. Gallen kommt.<\/p>\n\n\n\n<p>Rund drei Stunden Spieldauer vergehen in K\u00f6pplingers Inszenierung wie im Flug, was sich nicht nur der eing\u00e4ngigen, mitrei\u00dfenden Partitur und der bis in die kleinsten Nebenrollen \u00fcberzeugenden, auch schauspielerisch differenzierten Besetzung verdankt. \u201eJeder Fanatismus endet in Fatalismus\u201c, diesen Leitgedanken stellt die Regie dem Drama voran \u2013 alles weitere ist opulentes Spektakel, das sich von selbst versteht. Allzu viel interpretatorischen Eigensinn erlauben Erfolgsst\u00fccke wie \u201eLes Mis\u00e9rables\u201c ohnehin nicht; die Auflagen f\u00fcr Neuproduktionen sind streng. K\u00f6pplinger kann im Leitungsteam auf bew\u00e4hrte Kr\u00e4fte vertrauen: auf Choreografin und Co-Regisseurin Ricarda Regina Ludigkeit, B\u00fchnenbildner Rainer Sinell und Lichtdesigner Andreas Enzler, der die pr\u00e4zise Personenf\u00fchrung bestens in Szene setzt.<\/p>\n\n\n<div  class=\"tpgb-wrap-956d14_3948  tpgb-wrap-fw \"  ><div id=\"956d14_3948\" class=\"tpgb-block-956d14_3948 tpgb-relative-block tpgb-gallery-list tpgb-metro gallery-style-2 hover-image-style-1   \" data-style=\"style-2\" data-id=\"956d14_3948\" data-layout=\"metro\" data-fancy-option='{\"loop\":false,\"thumb\":\"no\",\"infobar\":true,\"arrows\":true,\"transitionEffect\":\"slide\",\"button\":[\"close\"]}' data-splide='\"\"' data-metroAttr= '{\"metro_col\":3,\"tab_metro_col\":3,\"mobile_metro_col\":3,\"metro_style\":\"style-1\",\"tab_metro_style\":\"style-1\",\"mobile_metro_style\":\"style-1\"}' ><div class=\"tpgb-row post-loop-inner \"><div class=\"grid-item metro-item-0    tpgb-metro-1  tpgb-tab-metro-1  tpgb-mobile-metro-1 \"><a href=\"https:\/\/www.musical-today.de\/wp-content\/uploads\/2024\/03\/990_les_miserables_217-scaled.jpg\" class=\"tpgb-gallery-list-content tpgb-trans-easeinout\" data-fancybox=\"956d14_3948\" data-caption=\"Foto: Ludwig Olah\" aria-label=\"Foto: Ludwig Olah\"><div class=\"post-content-image\"><div class=\"tpgb-metro-gallery-image\" style=\"background: url(https:\/\/www.musical-today.de\/wp-content\/uploads\/2024\/03\/990_les_miserables_217-scaled.jpg);\"><\/div><\/div><div class=\"post-content-center\"><div class=\"post-zoom-icon\"><div class=\"meta-search-icon\"><span><img decoding=\"async\" class=\"fancy-img\" src=\"https:\/\/www.musical-today.de\/wp-content\/uploads\/2024\/03\/990_les_miserables_217-scaled.jpg\" alt=\"Media Image1\" title=\"\"><i class=\"fas fa-search-plus pop-icon\"><\/i><\/span><\/div><\/div><div class=\"post-content-bottom\"><p class=\"post-title tpgb-trans-easeinout\">Foto: Ludwig Olah<\/p><\/div><\/div><\/a><\/div><div class=\"grid-item metro-item-1    tpgb-metro-2  tpgb-tab-metro-2  tpgb-mobile-metro-2 \"><a href=\"https:\/\/www.musical-today.de\/wp-content\/uploads\/2024\/03\/988_les_miserables_177-scaled.jpg\" class=\"tpgb-gallery-list-content tpgb-trans-easeinout\" data-fancybox=\"956d14_3948\" data-caption=\"Foto: Ludwig Olah\" aria-label=\"Foto: Ludwig Olah\"><div class=\"post-content-image\"><div class=\"tpgb-metro-gallery-image\" style=\"background: url(https:\/\/www.musical-today.de\/wp-content\/uploads\/2024\/03\/988_les_miserables_177-scaled.jpg);\"><\/div><\/div><div class=\"post-content-center\"><div class=\"post-zoom-icon\"><div class=\"meta-search-icon\"><span><img decoding=\"async\" class=\"fancy-img\" src=\"https:\/\/www.musical-today.de\/wp-content\/uploads\/2024\/03\/988_les_miserables_177-scaled.jpg\" alt=\"Media Image2\" title=\"\"><i class=\"fas fa-search-plus pop-icon\"><\/i><\/span><\/div><\/div><div class=\"post-content-bottom\"><p class=\"post-title tpgb-trans-easeinout\">Foto: Ludwig Olah<\/p><\/div><\/div><\/a><\/div><div class=\"grid-item metro-item-2    tpgb-metro-3  tpgb-tab-metro-3  tpgb-mobile-metro-3 \"><a href=\"https:\/\/www.musical-today.de\/wp-content\/uploads\/2024\/03\/1040_20les_misrables_foto_dufajedyta.jpg\" class=\"tpgb-gallery-list-content tpgb-trans-easeinout\" data-fancybox=\"956d14_3948\" data-caption=\"Foto: Ludwig Olah\" aria-label=\"Foto: Ludwig Olah\"><div class=\"post-content-image\"><div class=\"tpgb-metro-gallery-image\" style=\"background: url(https:\/\/www.musical-today.de\/wp-content\/uploads\/2024\/03\/1040_20les_misrables_foto_dufajedyta.jpg);\"><\/div><\/div><div class=\"post-content-center\"><div class=\"post-zoom-icon\"><div class=\"meta-search-icon\"><span><img decoding=\"async\" class=\"fancy-img\" src=\"https:\/\/www.musical-today.de\/wp-content\/uploads\/2024\/03\/1040_20les_misrables_foto_dufajedyta.jpg\" alt=\"Media Image3\" title=\"\"><i class=\"fas fa-search-plus pop-icon\"><\/i><\/span><\/div><\/div><div class=\"post-content-bottom\"><p class=\"post-title tpgb-trans-easeinout\">Foto: Ludwig Olah<\/p><\/div><\/div><\/a><\/div><\/div><\/div><\/div>\n\n\n<p>Im Orchestergraben steht einmal mehr Koen Schoots, der schon die Schweizer Erstauff\u00fchrung geleitet hat. Er vereint Erfahrung mit unerm\u00fcdlicher Entdeckungslust und entfacht beim Sinfonieorchester St.Gallen h\u00f6rbare Leidenschaft f\u00fcr dieses so opernhaft-opulente, temporeiche Musical. Schoots g\u00f6nnt den S\u00e4nger-Darstellern (herausragend unter ihnen Barbara Obermeier als \u00c9ponine, Armin Kahl als Valjean und Thomas Hohler als Marius) auch gro\u00dfe B\u00f6gen und unterst\u00fctzt die stimmlich differenzierte Charakterzeichnung.<\/p>\n\n\n\n<p>Rainer Sinells B\u00fchnenbild kommt mit wenigen, raffiniert eingesetzten Elementen aus. Er nutzt f\u00fcr reibungslose Szenenwechsel die Drehb\u00fchne und h\u00e4ngende Kulissen und l\u00e4sst die Figuren auch in einsamen Momenten nie verloren wirken. Umso lustvoller greift Kost\u00fcmbildnerin Uta Meenen in die historische Kleiderkiste: Sie hat die Produktion aufs \u00dcppigste ausgestattet, hat die jungen Aufst\u00e4ndischen ebenso realistisch ausstaffiert wie das Lumpenvolk auf der Stra\u00dfe und in der Spelunke der Th\u00e9nardiers (herrlich kom\u00f6diantisch verk\u00f6rpert von Dagmar Hellberg und Jogi Kaiser). So sind die Massen- und die Chorszenen (Einstudierung: Franz Obermair) auch visuell ein Genuss. Einzig die Nebelmaschine tut einen Abend lang zu viel des Guten: Diesen undifferenziert eingesetzten dramatischen Geschmacksverst\u00e4rker h\u00e4tte die Produktion nicht n\u00f6tig gehabt.<\/p>\n\n\n\n<hr class=\"wp-block-separator has-alpha-channel-opacity is-style-dots\"\/>\n\n\n\n<p class=\"has-small-font-size\">Musikalische Leitung: Koen Schoots \u2022 Choreografie und Co-Regie: Ricarda Regina Ludigkeit \u2022 B\u00fchne: Rainer Sinell \u2022 Kost\u00fcme: Uta Meenen \u2022 Licht: Andreas Enzler \u2022 Ton: Marko Siegmeier und Nicolai G\u00fctter-Graf \u2022 Chor: Franz Obermair; Mit: Armin Kahl (Jean Valjean), Filippo Strocchi (Javert), Wietske van Tongeren (Fantine), Jogi Kaiser (Th\u00e9nardier), Dagmar Hellberg (Madame Th\u00e9nardier), Kristine Emde (Cosette), Barbara Obermeier (\u00c9ponine), Thomas Hohler (Marius), Merlin Fargel (Enjolras), Kio Bruderer (Gavroche), Sofia Cecchini (Kleine Cosette), Niva M\u00fcller (Kleine \u00c9ponine) u.a. \u2022 Chor des Theaters St.Gallen \u2022 Sinfonieorchester St.Gallen<\/p>\n\n\n\n<p class=\"has-small-font-size\">Aufmacherfoto: Ludwig Olah<\/p>\n","protected":false},"excerpt":{"rendered":"<p>\u201eLes Mis\u00e9rables\u201c geht st\u00fcrmisch und pr\u00e4zise inszeniert auf die Barrikaden. Jetzt ist die Produktion am M\u00fcnchner G\u00e4rtnerplatztheater zu sehen Die Schweizer Erstauff\u00fchrung des Musicalhits aus der Feder von Claude-Michel Sch\u00f6nberg und Alain Boublil in St. Gallen liegt bereits 16 Jahre zur\u00fcck. Nach etlichen Weltpremieren, die das Theater unter der Direktion des musicalbegeisterten Werner Signer bis zu dessen Pensionierung 2023 auf die B\u00fchne gebracht hat, war es also Zeit f\u00fcr eine Neuproduktion von \u201eLes Mis\u00e9rables\u201c. Zudem lag es nahe, mit der [&hellip;]<\/p>\n","protected":false},"author":20,"featured_media":3954,"comment_status":"closed","ping_status":"closed","sticky":false,"template":"","format":"standard","meta":{"tpgb_global_settings":"","footnotes":""},"categories":[135],"tags":[],"class_list":["post-3948","post","type-post","status-publish","format-standard","has-post-thumbnail","hentry","category-st-gallen"],"tpgb_featured_images":{"full":["https:\/\/www.musical-today.de\/wp-content\/uploads\/2024\/03\/995_les_miserables_355-scaled.jpg",2560,1707,false],"tp-image-grid":["https:\/\/www.musical-today.de\/wp-content\/uploads\/2024\/03\/995_les_miserables_355-scaled.jpg",700,467,false],"thumbnail":["https:\/\/www.musical-today.de\/wp-content\/uploads\/2024\/03\/995_les_miserables_355-scaled.jpg",600,400,false],"medium":["https:\/\/www.musical-today.de\/wp-content\/uploads\/2024\/03\/995_les_miserables_355-scaled.jpg",1200,800,false],"medium_large":["https:\/\/www.musical-today.de\/wp-content\/uploads\/2024\/03\/995_les_miserables_355-scaled.jpg",770,513,false],"large":["https:\/\/www.musical-today.de\/wp-content\/uploads\/2024\/03\/995_les_miserables_355-scaled.jpg",1139,759,false],"default":"https:\/\/www.musical-today.de\/wp-content\/plugins\/the-plus-addons-for-block-editor\/assets\/images\/tpgb-placeholder.jpg"},"tpgb_post_meta_info":{"get_date":"27.03.2024","get_modified_date":"15.04.2025","category_list":{"category":[{"term_id":135,"name":"St.Gallen","slug":"st-gallen","term_group":0,"term_taxonomy_id":135,"taxonomy":"category","description":"","parent":115,"count":5,"filter":"raw","term_order":"5"}],"post_tag":false,"post_format":false},"author_name":"Bettina Kugler","author_url":"https:\/\/www.musical-today.de\/en\/autor\/bettinakugler\/","author_email":"online929@musical-today.de","author_website":"","author_description":"","author_facebook":"","author_twitter":"","author_instagram":"","author_role":["author"],"author_firstname":"Bettina","author_lastname":"Kugler","user_login":"bettinakugler","author_avatar":"<img src=\"https:\/\/www.musical-today.de\/wp-content\/uploads\/2024\/03\/434034552_122093726612266069_5386620108228489486_n-293x293.jpg\" width=\"200\" height=\"200\" alt=\"Bettina Kugler\" class=\"avatar avatar-200 wp-user-avatar wp-user-avatar-200 alignnone photo\" \/>","author_avatar_url":"https:\/\/www.musical-today.de\/wp-content\/uploads\/2024\/03\/434034552_122093726612266069_5386620108228489486_n.jpg","comment_count":0,"post_likes":0,"post_views":0},"tpgb_post_category":{"category":"<a href=\"https:\/\/www.musical-today.de\/en\/schweiz\/st-gallen\/\" alt=\"St.Gallen\"  class=\"category-st-gallen\">St.Gallen<\/a> "},"_links":{"self":[{"href":"https:\/\/www.musical-today.de\/en\/wp-json\/wp\/v2\/posts\/3948","targetHints":{"allow":["GET"]}}],"collection":[{"href":"https:\/\/www.musical-today.de\/en\/wp-json\/wp\/v2\/posts"}],"about":[{"href":"https:\/\/www.musical-today.de\/en\/wp-json\/wp\/v2\/types\/post"}],"author":[{"embeddable":true,"href":"https:\/\/www.musical-today.de\/en\/wp-json\/wp\/v2\/users\/20"}],"replies":[{"embeddable":true,"href":"https:\/\/www.musical-today.de\/en\/wp-json\/wp\/v2\/comments?post=3948"}],"version-history":[{"count":0,"href":"https:\/\/www.musical-today.de\/en\/wp-json\/wp\/v2\/posts\/3948\/revisions"}],"wp:featuredmedia":[{"embeddable":true,"href":"https:\/\/www.musical-today.de\/en\/wp-json\/wp\/v2\/media\/3954"}],"wp:attachment":[{"href":"https:\/\/www.musical-today.de\/en\/wp-json\/wp\/v2\/media?parent=3948"}],"wp:term":[{"taxonomy":"category","embeddable":true,"href":"https:\/\/www.musical-today.de\/en\/wp-json\/wp\/v2\/categories?post=3948"},{"taxonomy":"post_tag","embeddable":true,"href":"https:\/\/www.musical-today.de\/en\/wp-json\/wp\/v2\/tags?post=3948"}],"curies":[{"name":"wp","href":"https:\/\/api.w.org\/{rel}","templated":true}]}}