{"id":4383,"date":"2024-03-27T04:21:00","date_gmt":"2024-03-27T03:21:00","guid":{"rendered":"https:\/\/www.musical-today.de\/?p=4383"},"modified":"2025-04-15T14:28:19","modified_gmt":"2025-04-15T12:28:19","slug":"bern-la-cage-aux-folles","status":"publish","type":"post","link":"https:\/\/www.musical-today.de\/en\/bern-la-cage-aux-folles\/","title":{"rendered":"La Cage aux Folles"},"content":{"rendered":"<div class=\"lets-info-up-wrap  lets-info-up--right lets-info-up--m-1 lets-info-up-skin-3 lets-info-up--side lets-info-up-87024\" style=\"background:#fafafa; color: #616161\">\t\t\t<div class=\"lets-info-up\">\r\n\t\t\t<div class=\"lets-info-up-fi\"><img decoding=\"async\" width=\"500\" height=\"333\" src=\"https:\/\/www.musical-today.de\/wp-content\/uploads\/2024\/01\/qi-addons-for-elementor-placeholder-500x333.png\" class=\"attachment-lets-info-up-d1 size-lets-info-up-d1\" alt=\"|\" srcset=\"https:\/\/www.musical-today.de\/wp-content\/uploads\/2024\/01\/qi-addons-for-elementor-placeholder-500x333.png 500w, https:\/\/www.musical-today.de\/wp-content\/uploads\/2024\/01\/qi-addons-for-elementor-placeholder-300x200.png 300w, https:\/\/www.musical-today.de\/wp-content\/uploads\/2024\/01\/qi-addons-for-elementor-placeholder-1024x683.png 1024w, https:\/\/www.musical-today.de\/wp-content\/uploads\/2024\/01\/qi-addons-for-elementor-placeholder-883x589.png 883w, https:\/\/www.musical-today.de\/wp-content\/uploads\/2024\/01\/qi-addons-for-elementor-placeholder-18x12.png 18w, https:\/\/www.musical-today.de\/wp-content\/uploads\/2024\/01\/qi-addons-for-elementor-placeholder-360x240.png 360w, https:\/\/www.musical-today.de\/wp-content\/uploads\/2024\/01\/qi-addons-for-elementor-placeholder-1155x770.png 1155w, https:\/\/www.musical-today.de\/wp-content\/uploads\/2024\/01\/qi-addons-for-elementor-placeholder-370x247.png 370w, https:\/\/www.musical-today.de\/wp-content\/uploads\/2024\/01\/qi-addons-for-elementor-placeholder-770x513.png 770w, https:\/\/www.musical-today.de\/wp-content\/uploads\/2024\/01\/qi-addons-for-elementor-placeholder-293x195.png 293w, https:\/\/www.musical-today.de\/wp-content\/uploads\/2024\/01\/qi-addons-for-elementor-placeholder-120x80.png 120w, https:\/\/www.musical-today.de\/wp-content\/uploads\/2024\/01\/qi-addons-for-elementor-placeholder-240x160.png 240w, https:\/\/www.musical-today.de\/wp-content\/uploads\/2024\/01\/qi-addons-for-elementor-placeholder-390x260.png 390w, https:\/\/www.musical-today.de\/wp-content\/uploads\/2024\/01\/qi-addons-for-elementor-placeholder.png 1200w\" sizes=\"(max-width: 500px) 100vw, 500px\" title=\"\"><\/div>\t\t\t<div class=\"lets-info-up-block-wrap\">\r\n\t\t\t\t<div class=\"lets-info-up-block lets-info-up-meta-block\"><div class=\"lets-info-up-meta-title lets-info-up-pretitle font-h\" style=\"color: #8c6d18;\">oRT<\/div><div class=\"lets-info-up-meta-content lets-info-up-title font-b\">B\u00fchnen Bern<\/div><\/div><div class=\"lets-info-up-block lets-info-up-meta-block\"><div class=\"lets-info-up-meta-title lets-info-up-pretitle font-h\" style=\"color: #8c6d18;\">von<\/div><div class=\"lets-info-up-meta-content lets-info-up-title font-b\">Jerry Herman (Musik)<br>Harvey Fierstein (Buch)<\/div><\/div><div class=\"lets-info-up-block lets-info-up-meta-block\"><div class=\"lets-info-up-meta-title lets-info-up-pretitle font-h\" style=\"color: #8c6d18;\">Regie<\/div><div class=\"lets-info-up-meta-content lets-info-up-title font-b\">Axel Ranisch<\/div><\/div><div class=\"lets-info-up-block lets-info-up-meta-block\"><div class=\"lets-info-up-meta-title lets-info-up-pretitle font-h\" style=\"color: #8c6d18;\">Urauff\u00fchrung<\/div><div class=\"lets-info-up-meta-content lets-info-up-title font-b\">1983<\/div><\/div><div class=\"lets-info-up-block lets-info-up-meta-block\"><div class=\"lets-info-up-meta-title lets-info-up-pretitle font-h\" style=\"color: #8c6d18;\">INFOS<\/div><div class=\"lets-info-up-meta-content lets-info-up-title font-b\"><a href=\"https:\/\/buehnenbern.ch\/spielplan\/programm\/la-cage-aux-folles\/\" data-type=\"link\" target=\"_blank\" rel=\"noopener noreferrer nofollow\">www.buehnenbern.ch<\/a><\/div><\/div>\t\t\t<\/div>\r\n\t\t\t<\/div>\r\n\t\t<\/div>\r\n\t\t\n\n\n<p><strong>\u201eLa Cage aux Folles\u201c begeistert mit einem hinrei\u00dfenden Feelgood-Spektakel<\/strong><\/p>\n\n\n\n<p>Dem Kreativteam rund um Regisseur Axel Ranisch ist eine sympathische und nahbare Feelgood- Produktion gelungen. Die B\u00fchnen Bern setzen einmal mehr auf eine hervorragende Besetzung. Das Spiel beginnt mit einem auf den Eisernen Vorhang projizierten Zelluloidfilm mit Postkarten aus Saint-Tropez und dem dortigen Knast. Dann tritt Tobias Bonn als Georges vor den roten Vorhang und zieht das Publikum vom ersten Moment an in seinen Bann. Sein Spiel ist souver\u00e4n, die Singstimme warm und melancholisch, mit herausragender Stimmdynamik. Er ist der ruhige Gegenpol zu Christoph Marti als Albin\/Zaza, dem die Rolle des hochemotionalen, verletzlichen und charismatischen Travestie-Diven perfekt auf den Leib geschrieben ist.<\/p>\n\n\n\n<p>Die beiden Mitglieder der \u201eGeschwister Pfister\u201c sind ein eingespieltes Team. Beide sind \u00e4u\u00dferst ausdrucksstark, wenn auch an den Enden der Skala st\u00e4rker als in den Zwischent\u00f6nen. Martis sch\u00f6nes Timbre macht jedes Lied zu einem Genuss. Im Laufe des St\u00fccks verschmilzt er immer mehr mit der Rolle, seine Ausstrahlung und B\u00fchnenpr\u00e4senz nehmen zu. Als er im \u201eJudy Garland memorial outfit\u201c vor den roten Vorhang tritt und mit dem Maestro, dem Orchester und dem Publikum scherzt, ist er in seinem Element und vollends angekommen. Gesanglich w\u00e4re bei seinem Paradesong \u201eI Am What I Am\u201c sicher mehr drin. Aber das tut der Wirkung keinen Abbruch, denn man glaubt ihm jeden Ton und jedes Wort. Mimik, Gestik und K\u00f6rpersprache sind bei Bonn und Marti ph\u00e4nomenal.<\/p>\n\n\n<div  class=\"tpgb-wrap-956d14_4383  tpgb-wrap-fw \"  ><div id=\"956d14_4383\" class=\"tpgb-block-956d14_4383 tpgb-relative-block tpgb-gallery-list tpgb-metro gallery-style-2 hover-image-style-1   \" data-style=\"style-2\" data-id=\"956d14_4383\" data-layout=\"metro\" data-fancy-option='{\"loop\":false,\"thumb\":\"no\",\"infobar\":true,\"arrows\":true,\"transitionEffect\":\"slide\",\"button\":[\"close\"]}' data-splide='\"\"' data-metroAttr= '{\"metro_col\":3,\"tab_metro_col\":3,\"mobile_metro_col\":3,\"metro_style\":\"style-1\",\"tab_metro_style\":\"style-1\",\"mobile_metro_style\":\"style-1\"}' ><div class=\"tpgb-row post-loop-inner \"><div class=\"grid-item metro-item-0    tpgb-metro-1  tpgb-tab-metro-1  tpgb-mobile-metro-1 \"><a href=\"https:\/\/www.musical-today.de\/wp-content\/uploads\/2024\/03\/Buehnen-Bern-La-Cage-aux-Folles_ensemblecRob-Lewis529-scaled.jpg\" class=\"tpgb-gallery-list-content tpgb-trans-easeinout\" data-fancybox=\"956d14_4383\" data-caption=\"Foto: Rob Lewis\" aria-label=\"Foto: Rob Lewis\"><div class=\"post-content-image\"><div class=\"tpgb-metro-gallery-image\" style=\"background: url(https:\/\/www.musical-today.de\/wp-content\/uploads\/2024\/03\/Buehnen-Bern-La-Cage-aux-Folles_ensemblecRob-Lewis529-scaled.jpg);\"><\/div><\/div><div class=\"post-content-center\"><div class=\"post-zoom-icon\"><div class=\"meta-search-icon\"><span><img decoding=\"async\" class=\"fancy-img\" src=\"https:\/\/www.musical-today.de\/wp-content\/uploads\/2024\/03\/Buehnen-Bern-La-Cage-aux-Folles_ensemblecRob-Lewis529-scaled.jpg\" alt=\"Media Image1\" title=\"\"><i class=\"fas fa-search-plus pop-icon\"><\/i><\/span><\/div><\/div><div class=\"post-content-bottom\"><p class=\"post-title tpgb-trans-easeinout\">Foto: Rob Lewis<\/p><\/div><\/div><\/a><\/div><div class=\"grid-item metro-item-1    tpgb-metro-2  tpgb-tab-metro-2  tpgb-mobile-metro-2 \"><a href=\"https:\/\/www.musical-today.de\/wp-content\/uploads\/2024\/03\/Buehnen-Bern-La-Cage-aux-Folles_ensemblecRob-Lewis484-scaled.jpg\" class=\"tpgb-gallery-list-content tpgb-trans-easeinout\" data-fancybox=\"956d14_4383\" data-caption=\"Foto: Rob Lewis\" aria-label=\"Foto: Rob Lewis\"><div class=\"post-content-image\"><div class=\"tpgb-metro-gallery-image\" style=\"background: url(https:\/\/www.musical-today.de\/wp-content\/uploads\/2024\/03\/Buehnen-Bern-La-Cage-aux-Folles_ensemblecRob-Lewis484-scaled.jpg);\"><\/div><\/div><div class=\"post-content-center\"><div class=\"post-zoom-icon\"><div class=\"meta-search-icon\"><span><img decoding=\"async\" class=\"fancy-img\" src=\"https:\/\/www.musical-today.de\/wp-content\/uploads\/2024\/03\/Buehnen-Bern-La-Cage-aux-Folles_ensemblecRob-Lewis484-scaled.jpg\" alt=\"Media Image2\" title=\"\"><i class=\"fas fa-search-plus pop-icon\"><\/i><\/span><\/div><\/div><div class=\"post-content-bottom\"><p class=\"post-title tpgb-trans-easeinout\">Foto: Rob Lewis<\/p><\/div><\/div><\/a><\/div><div class=\"grid-item metro-item-2    tpgb-metro-3  tpgb-tab-metro-3  tpgb-mobile-metro-3 \"><a href=\"https:\/\/www.musical-today.de\/wp-content\/uploads\/2024\/03\/Buehnen-Bern-La-Cage-aux-Folles_Christoph-Marti_Laurent-NDiayecFlorian-Spring171.jpg-scaled.jpg\" class=\"tpgb-gallery-list-content tpgb-trans-easeinout\" data-fancybox=\"956d14_4383\" data-caption=\"Foto: Florian Spring\" aria-label=\"Foto: Florian Spring\"><div class=\"post-content-image\"><div class=\"tpgb-metro-gallery-image\" style=\"background: url(https:\/\/www.musical-today.de\/wp-content\/uploads\/2024\/03\/Buehnen-Bern-La-Cage-aux-Folles_Christoph-Marti_Laurent-NDiayecFlorian-Spring171.jpg-scaled.jpg);\"><\/div><\/div><div class=\"post-content-center\"><div class=\"post-zoom-icon\"><div class=\"meta-search-icon\"><span><img decoding=\"async\" class=\"fancy-img\" src=\"https:\/\/www.musical-today.de\/wp-content\/uploads\/2024\/03\/Buehnen-Bern-La-Cage-aux-Folles_Christoph-Marti_Laurent-NDiayecFlorian-Spring171.jpg-scaled.jpg\" alt=\"Media Image3\" title=\"\"><i class=\"fas fa-search-plus pop-icon\"><\/i><\/span><\/div><\/div><div class=\"post-content-bottom\"><p class=\"post-title tpgb-trans-easeinout\">Foto: Florian Spring<\/p><\/div><\/div><\/a><\/div><\/div><\/div><\/div>\n\n\n<p>Auch der Rest des Ensembles ist \u00fcberwiegend stark: allen voran Laurent N\u2019Diaye in der Rolle des exaltierten Butlers Jacob, der bei seinen Auftritten allen die Show stiehlt. Wolfram F\u00f6ppl als Georges\u2019 Sohn Jean-Michel beginnt verhalten, wird aber im Laufe des St\u00fcckes immer st\u00e4rker und \u00fcberzeugt mit einer ganz eigenen, sch\u00f6nen Stimme und eindringlichem Spiel. Seine Herzensdame Anne (Beatrice Reece) wirkt fast ein wenig \u00fcbermotiviert. Ihre Stimme ist stark, schauspielerisch w\u00e4re an manchen Stellen weniger mehr gewesen. Ihre Eltern, verk\u00f6rpert von Jan Henning Kraus und Sylvia Heckendorn, \u00fcberzeugen als bieder-konservative Normalb\u00fcrger ebenso wie Silvia Maria Jung als Restaurantbesitzerin Jaqueline.<\/p>\n\n\n\n<p>Und dann sind da noch die Cagelles, die Nachtclub-Atmosph\u00e4re, viel Herzblut und das komplette Spektrum der Diversit\u00e4t auf die B\u00fchne bringen: jede(r) von ihnen ein Unikat mit einzigartiger Pers\u00f6nlichkeit. Sie tragen die Handlung, sind Projektionsfl\u00e4che f\u00fcr die Choreografien von Alex Frei, die sie hervorragend, wenn auch nicht immer ganz synchron umsetzen, und f\u00fcr die Kost\u00fcme von Axel Aust. Kleidung als Ausdruck der Pers\u00f6nlichkeit: Der Fantasie sind in diesem St\u00fcck keine Grenzen gesetzt. Herausgekommen sind provokante, ausdrucksstarke Outfits mit Fokus auf Form und Textur in der Farbskala Schwarz, Silber und Wei\u00df mit Regenbogenakzenten und viel Glitzer \u2013 passend und einzigartig.<\/p>\n\n\n\n<p>Das Herzst\u00fcck von Falko Herolds B\u00fchnenbild ist in den gleichen Schwarz-Wei\u00df-T\u00f6nen gehalten. Die R\u00fcckwand des Wohnzimmers von Georges und Albin wird von einem \u00fcberdimensionales Kussfoto der beiden dominiert. Die zahlreichen Szenenwechsel sind dank der Drehb\u00fchne schnell und flie\u00dfend. Originell ist die Darstellung des Nachtclubs mit den riesigen Buchstaben ZAZA und die Szene mit der riesigen Pride-Flagge. Der Rest der B\u00fchnenausstattung l\u00e4sst ein wenig den roten Faden vermissen und wirkt teils altmodisch und uninspiriert. Sehr gelungen dagegen wieder das Schlussbild im besagten Wohnzimmer: Das Kussbild ist zur\u00fcck, diesmal live und in Farbe.<\/p>\n\n\n\n<p>Alles in allem ein toller Musicalabend und eine gelungene Hommage an die \u201eDamen und Herren und alle dazwischen\u201c, verst\u00e4rkt durch die kraftvollen und wundersch\u00f6nen Kl\u00e4nge des gro\u00dfen Berner Symphonieorchesters unter der Leitung von Hans Christoph B\u00fcnger. Das Ensemble wird am Premierenabend mit Jubel und Standing Ovations gefeiert.<\/p>\n\n\n\n<hr class=\"wp-block-separator has-alpha-channel-opacity is-style-dots\"\/>\n\n\n\n<p class=\"has-small-font-size\">Musikalische Leitung: Hans Christoph B\u00fcnger \u2022 B\u00fchne: Falko Herold \u2022 Kost\u00fcme: Axel Aust \u2022 Choreografie: Alex Frei \u2022 Licht: Christian Aufderstroth \u2022 Mit: Christoph Marti (Albin\/Zaza), Tobias Bonn (Georges), Laurent N\u2019Diaye (Jacob), Wolfram F\u00f6ppl (Jean-Michel), Beatrice Reece (Anne Dindon), Jan Henning Kraus (Edouard Dindon), Sylvia Heckendorn (Marie Dindon), Silvia Maria Jung (Jaqueline), Tom Zahner (Francis), Arne David (Nicole), Arthur B\u00fcscher (Angelique), Angela H. Fischer (Hanna), Andreas Goebel (Clo-Clo), Sara Hidalgo (Ph\u00e4dra), Denis Lakey (Chantal), Matthias Schuppli (Mercedes) \u2022 Berner Symphonieorchester<\/p>\n\n\n\n<p class=\"has-small-font-size\">Aufmacherfoto: Florian Spring<\/p>\n","protected":false},"excerpt":{"rendered":"<p>\u201eLa Cage aux Folles\u201c begeistert mit einem hinrei\u00dfenden Feelgood-Spektakel Dem Kreativteam rund um Regisseur Axel Ranisch ist eine sympathische und nahbare Feelgood- Produktion gelungen. Die B\u00fchnen Bern setzen einmal mehr auf eine hervorragende Besetzung. Das Spiel beginnt mit einem auf den Eisernen Vorhang projizierten Zelluloidfilm mit Postkarten aus Saint-Tropez und dem dortigen Knast. Dann tritt Tobias Bonn als Georges vor den roten Vorhang und zieht das Publikum vom ersten Moment an in seinen Bann. Sein Spiel ist souver\u00e4n, die Singstimme [&hellip;]<\/p>\n","protected":false},"author":13,"featured_media":4385,"comment_status":"closed","ping_status":"closed","sticky":false,"template":"","format":"standard","meta":{"tpgb_global_settings":"","footnotes":""},"categories":[140],"tags":[],"class_list":["post-4383","post","type-post","status-publish","format-standard","has-post-thumbnail","hentry","category-bern-schweiz"],"tpgb_featured_images":{"full":["https:\/\/www.musical-today.de\/wp-content\/uploads\/2024\/03\/Buehnen-Bern_-La-Cage-aux-Folles_Ensemble_MarticFlorian-Spring-437-scaled.jpg",2560,2047,false],"tp-image-grid":["https:\/\/www.musical-today.de\/wp-content\/uploads\/2024\/03\/Buehnen-Bern_-La-Cage-aux-Folles_Ensemble_MarticFlorian-Spring-437-scaled.jpg",700,560,false],"thumbnail":["https:\/\/www.musical-today.de\/wp-content\/uploads\/2024\/03\/Buehnen-Bern_-La-Cage-aux-Folles_Ensemble_MarticFlorian-Spring-437-scaled.jpg",600,480,false],"medium":["https:\/\/www.musical-today.de\/wp-content\/uploads\/2024\/03\/Buehnen-Bern_-La-Cage-aux-Folles_Ensemble_MarticFlorian-Spring-437-scaled.jpg",1200,960,false],"medium_large":["https:\/\/www.musical-today.de\/wp-content\/uploads\/2024\/03\/Buehnen-Bern_-La-Cage-aux-Folles_Ensemble_MarticFlorian-Spring-437-scaled.jpg",770,616,false],"large":["https:\/\/www.musical-today.de\/wp-content\/uploads\/2024\/03\/Buehnen-Bern_-La-Cage-aux-Folles_Ensemble_MarticFlorian-Spring-437-scaled.jpg",1139,911,false],"default":"https:\/\/www.musical-today.de\/wp-content\/plugins\/the-plus-addons-for-block-editor\/assets\/images\/tpgb-placeholder.jpg"},"tpgb_post_meta_info":{"get_date":"27.03.2024","get_modified_date":"15.04.2025","category_list":{"category":[{"term_id":140,"name":"Bern","slug":"bern-schweiz","term_group":0,"term_taxonomy_id":140,"taxonomy":"category","description":"","parent":115,"count":2,"filter":"raw","term_order":"2"}],"post_tag":false,"post_format":false},"author_name":"Susanne Weber","author_url":"https:\/\/www.musical-today.de\/en\/autor\/susanneweber\/","author_email":"online55@musical-today.de","author_website":"","author_description":"entdeckte bei einem Opernbesuch mit ihrer Gro\u00dfmutter und sp\u00e4ter als Geigerin in einer Schulmusicalproduktion schon als Jugendliche ihre Liebe zum Musiktheater. Seitdem hat sie diese Faszination nicht mehr losgelassen. Urspr\u00fcnglich studierte sie Sprachen, aktuell arbeitet sie als Chief of Staff am Schweizer Hauptsitz eines amerikanischen IT-Unternehmens.","author_facebook":"","author_twitter":"","author_instagram":"","author_role":["author"],"author_firstname":"Susanne","author_lastname":"Weber","user_login":"susanneweber","author_avatar":"<img src=\"https:\/\/www.musical-today.de\/wp-content\/uploads\/2024\/03\/Susanne-Weber1-293x293.jpg\" width=\"200\" height=\"200\" alt=\"Susanne Weber\" class=\"avatar avatar-200 wp-user-avatar wp-user-avatar-200 alignnone photo\" \/>","author_avatar_url":"https:\/\/www.musical-today.de\/wp-content\/uploads\/2024\/03\/Susanne-Weber1.jpg","comment_count":0,"post_likes":0,"post_views":0},"tpgb_post_category":{"category":"<a href=\"https:\/\/www.musical-today.de\/en\/schweiz\/bern-schweiz\/\" alt=\"Bern\"  class=\"category-bern-schweiz\">Bern<\/a> "},"_links":{"self":[{"href":"https:\/\/www.musical-today.de\/en\/wp-json\/wp\/v2\/posts\/4383","targetHints":{"allow":["GET"]}}],"collection":[{"href":"https:\/\/www.musical-today.de\/en\/wp-json\/wp\/v2\/posts"}],"about":[{"href":"https:\/\/www.musical-today.de\/en\/wp-json\/wp\/v2\/types\/post"}],"author":[{"embeddable":true,"href":"https:\/\/www.musical-today.de\/en\/wp-json\/wp\/v2\/users\/13"}],"replies":[{"embeddable":true,"href":"https:\/\/www.musical-today.de\/en\/wp-json\/wp\/v2\/comments?post=4383"}],"version-history":[{"count":0,"href":"https:\/\/www.musical-today.de\/en\/wp-json\/wp\/v2\/posts\/4383\/revisions"}],"wp:featuredmedia":[{"embeddable":true,"href":"https:\/\/www.musical-today.de\/en\/wp-json\/wp\/v2\/media\/4385"}],"wp:attachment":[{"href":"https:\/\/www.musical-today.de\/en\/wp-json\/wp\/v2\/media?parent=4383"}],"wp:term":[{"taxonomy":"category","embeddable":true,"href":"https:\/\/www.musical-today.de\/en\/wp-json\/wp\/v2\/categories?post=4383"},{"taxonomy":"post_tag","embeddable":true,"href":"https:\/\/www.musical-today.de\/en\/wp-json\/wp\/v2\/tags?post=4383"}],"curies":[{"name":"wp","href":"https:\/\/api.w.org\/{rel}","templated":true}]}}