{"id":4681,"date":"2024-03-27T01:10:00","date_gmt":"2024-03-27T00:10:00","guid":{"rendered":"https:\/\/www.musical-today.de\/?p=4681"},"modified":"2025-04-15T14:28:19","modified_gmt":"2025-04-15T12:28:19","slug":"hannover-kasimir-und-karoline","status":"publish","type":"post","link":"https:\/\/www.musical-today.de\/en\/hannover-kasimir-und-karoline\/","title":{"rendered":"Kasimir und Karoline"},"content":{"rendered":"<div class=\"lets-info-up-wrap  lets-info-up--right lets-info-up--m-1 lets-info-up-skin-3 lets-info-up--side lets-info-up-81500\" style=\"background:#fafafa; color: #616161\">\t\t\t<div class=\"lets-info-up\">\r\n\t\t\t<div class=\"lets-info-up-fi\"><img decoding=\"async\" width=\"500\" height=\"375\" src=\"https:\/\/www.musical-today.de\/wp-content\/uploads\/visual-portfolio\/placeholder-500x375.png\" class=\"attachment-lets-info-up-d1 size-lets-info-up-d1\" alt=\"|\" srcset=\"https:\/\/www.musical-today.de\/wp-content\/uploads\/visual-portfolio\/placeholder-500x375.png 500w, https:\/\/www.musical-today.de\/wp-content\/uploads\/visual-portfolio\/placeholder-300x225.png 300w, https:\/\/www.musical-today.de\/wp-content\/uploads\/visual-portfolio\/placeholder-1024x767.png 1024w, https:\/\/www.musical-today.de\/wp-content\/uploads\/visual-portfolio\/placeholder-883x662.png 883w, https:\/\/www.musical-today.de\/wp-content\/uploads\/visual-portfolio\/placeholder-16x12.png 16w, https:\/\/www.musical-today.de\/wp-content\/uploads\/visual-portfolio\/placeholder-800x600.png 800w, https:\/\/www.musical-today.de\/wp-content\/uploads\/visual-portfolio\/placeholder.png 1201w\" sizes=\"(max-width: 500px) 100vw, 500px\" title=\"\"><\/div>\t\t\t<div class=\"lets-info-up-block-wrap\">\r\n\t\t\t\t<div class=\"lets-info-up-block lets-info-up-meta-block\"><div class=\"lets-info-up-meta-title lets-info-up-pretitle font-h\" style=\"color: #8c6d18;\">Ort<\/div><div class=\"lets-info-up-meta-content lets-info-up-title font-b\">Staatsoper Hannover<\/div><\/div><div class=\"lets-info-up-block lets-info-up-meta-block\"><div class=\"lets-info-up-meta-title lets-info-up-pretitle font-h\" style=\"color: #8c6d18;\">VON<\/div><div class=\"lets-info-up-meta-content lets-info-up-title font-b\">Jherek Bischoff (Musik)<br>Martin G. Berger &amp; Martin Mutschler (Buch)<\/div><\/div><div class=\"lets-info-up-block lets-info-up-meta-block\"><div class=\"lets-info-up-meta-title lets-info-up-pretitle font-h\" style=\"color: #8c6d18;\">Regie<\/div><div class=\"lets-info-up-meta-content lets-info-up-title font-b\">Martin G. Berger <\/div><\/div><div class=\"lets-info-up-block lets-info-up-meta-block\"><div class=\"lets-info-up-meta-title lets-info-up-pretitle font-h\" style=\"color: #8c6d18;\">Urauff\u00fchrung<\/div><div class=\"lets-info-up-meta-content lets-info-up-title font-b\">2023<\/div><\/div><div class=\"lets-info-up-block lets-info-up-meta-block\"><div class=\"lets-info-up-meta-title lets-info-up-pretitle font-h\" style=\"color: #8c6d18;\">INFOS<\/div><div class=\"lets-info-up-meta-content lets-info-up-title font-b\"><a href=\"https:\/\/staatstheater-hannover.de\/de_DE\/programm-staatsoper\/kasimir-und-karoline.1343146\" target=\"_blank\" data-type=\"link\" rel=\"noreferrer noopener\">www.staatsoper-hannover.de<\/a><\/div><\/div>\t\t\t<\/div>\r\n\t\t\t<\/div>\r\n\t\t<\/div>\r\n\t\t\n\n\n<p><strong>Poetisch-expressive Vertonung von Horv\u00e1ths \u201eKasimir und Karoline\u201c<\/strong><\/p>\n\n\n\n<p>Aus \u00d6d\u00f6n von Horv\u00e1ths Schauspiel von 1932 wird in Hannover ein Spiegel unserer Zeit. Die Koordinaten sind heute \u00e4hnlich: Wirtschaftskrise, Arbeitslosigkeit, sinnloses \u201eParty-Machen\u201c, sexuelle Ausschweifungen \u2013 die \u201eTagesthemen\u201c sind voll davon. H\u00e4lt da die Liebe stand? Drew Sarich stellt als Juanita schillernd-provozierend diese Frage und f\u00fchrt als \u201eH\u00fcterin der Nacht\u201c durch eine bet\u00e4ubende Vergn\u00fcgungsnacht: Disco und Vergessen im Rausch. Drau\u00dfen fliegt der Zeppelin vorbei, er wird zur Metapher f\u00fcr das Schweben in eine bessere Zukunft und zum gro\u00dfen Opening mit Chor und Solisten. Der Absturz ist ihm bestimmt.<\/p>\n\n\n\n<p>Horv\u00e1th beobachtete die Menschen von damals mit kritischem Blick, das St\u00fcck zeigt Menschen von heute. Kasimir ist arbeitslos, es droht die Abschiebung und keine Zukunft mit Karoline, obwohl er sie liebt. \u201eDie reine Liebe: Sie w\u00fcrde halten, wenn nur die Welt nicht w\u00e4r\u2019.\u201c Beide zerbrechen daran.&nbsp;<\/p>\n\n\n<div  class=\"tpgb-wrap-956d14_4681  tpgb-wrap-fw \"  ><div id=\"956d14_4681\" class=\"tpgb-block-956d14_4681 tpgb-relative-block tpgb-gallery-list tpgb-metro gallery-style-2 hover-image-style-1   \" data-style=\"style-2\" data-id=\"956d14_4681\" data-layout=\"metro\" data-fancy-option='{\"loop\":false,\"thumb\":\"no\",\"infobar\":true,\"arrows\":true,\"transitionEffect\":\"slide\",\"button\":[\"close\"]}' data-splide='\"\"' data-metroAttr= '{\"metro_col\":3,\"tab_metro_col\":3,\"mobile_metro_col\":3,\"metro_style\":\"style-1\",\"tab_metro_style\":\"style-1\",\"mobile_metro_style\":\"style-1\"}' ><div class=\"tpgb-row post-loop-inner \"><div class=\"grid-item metro-item-0    tpgb-metro-1  tpgb-tab-metro-1  tpgb-mobile-metro-1 \"><a href=\"https:\/\/www.musical-today.de\/wp-content\/uploads\/2024\/03\/KASIMIR_UND_KAROLINE_-Ketevan-Chuntishvili_\u00a9Tim_Mueller-scaled.jpg\" class=\"tpgb-gallery-list-content tpgb-trans-easeinout\" data-fancybox=\"956d14_4681\" data-caption=\"Foto: Tim M\u00fcller\" aria-label=\"Foto: Tim M\u00fcller\"><div class=\"post-content-image\"><div class=\"tpgb-metro-gallery-image\" style=\"background: url(https:\/\/www.musical-today.de\/wp-content\/uploads\/2024\/03\/KASIMIR_UND_KAROLINE_-Ketevan-Chuntishvili_\u00a9Tim_Mueller-scaled.jpg);\"><\/div><\/div><div class=\"post-content-center\"><div class=\"post-zoom-icon\"><div class=\"meta-search-icon\"><span><img decoding=\"async\" class=\"fancy-img\" src=\"https:\/\/www.musical-today.de\/wp-content\/uploads\/2024\/03\/KASIMIR_UND_KAROLINE_-Ketevan-Chuntishvili_\u00a9Tim_Mueller-scaled.jpg\" alt=\"Media Image1\" title=\"\"><i class=\"fas fa-search-plus pop-icon\"><\/i><\/span><\/div><\/div><div class=\"post-content-bottom\"><p class=\"post-title tpgb-trans-easeinout\">Foto: Tim M\u00fcller<\/p><\/div><\/div><\/a><\/div><div class=\"grid-item metro-item-1    tpgb-metro-2  tpgb-tab-metro-2  tpgb-mobile-metro-2 \"><a href=\"https:\/\/www.musical-today.de\/wp-content\/uploads\/2024\/03\/KASIMIR_UND_KAROLINE_Dejan_BucinSophia_Euskirchen_\u00a9Tim_Mueller-scaled.jpg\" class=\"tpgb-gallery-list-content tpgb-trans-easeinout\" data-fancybox=\"956d14_4681\" data-caption=\"Foto: Tim M\u00fcller\" aria-label=\"Foto: Tim M\u00fcller\"><div class=\"post-content-image\"><div class=\"tpgb-metro-gallery-image\" style=\"background: url(https:\/\/www.musical-today.de\/wp-content\/uploads\/2024\/03\/KASIMIR_UND_KAROLINE_Dejan_BucinSophia_Euskirchen_\u00a9Tim_Mueller-scaled.jpg);\"><\/div><\/div><div class=\"post-content-center\"><div class=\"post-zoom-icon\"><div class=\"meta-search-icon\"><span><img decoding=\"async\" class=\"fancy-img\" src=\"https:\/\/www.musical-today.de\/wp-content\/uploads\/2024\/03\/KASIMIR_UND_KAROLINE_Dejan_BucinSophia_Euskirchen_\u00a9Tim_Mueller-scaled.jpg\" alt=\"Media Image2\" title=\"\"><i class=\"fas fa-search-plus pop-icon\"><\/i><\/span><\/div><\/div><div class=\"post-content-bottom\"><p class=\"post-title tpgb-trans-easeinout\">Foto: Tim M\u00fcller<\/p><\/div><\/div><\/a><\/div><div class=\"grid-item metro-item-2    tpgb-metro-3  tpgb-tab-metro-3  tpgb-mobile-metro-3 \"><a href=\"https:\/\/www.musical-today.de\/wp-content\/uploads\/2024\/03\/KASIMIR_UND_KAROLINE_\u00a9Tim_Mueller-scaled.jpg\" class=\"tpgb-gallery-list-content tpgb-trans-easeinout\" data-fancybox=\"956d14_4681\" data-caption=\"Foto: Tim M\u00fcller\" aria-label=\"Foto: Tim M\u00fcller\"><div class=\"post-content-image\"><div class=\"tpgb-metro-gallery-image\" style=\"background: url(https:\/\/www.musical-today.de\/wp-content\/uploads\/2024\/03\/KASIMIR_UND_KAROLINE_\u00a9Tim_Mueller-scaled.jpg);\"><\/div><\/div><div class=\"post-content-center\"><div class=\"post-zoom-icon\"><div class=\"meta-search-icon\"><span><img decoding=\"async\" class=\"fancy-img\" src=\"https:\/\/www.musical-today.de\/wp-content\/uploads\/2024\/03\/KASIMIR_UND_KAROLINE_\u00a9Tim_Mueller-scaled.jpg\" alt=\"Media Image3\" title=\"\"><i class=\"fas fa-search-plus pop-icon\"><\/i><\/span><\/div><\/div><div class=\"post-content-bottom\"><p class=\"post-title tpgb-trans-easeinout\">Foto: Tim M\u00fcller<\/p><\/div><\/div><\/a><\/div><\/div><\/div><\/div>\n\n\n<p>Komponist Jherek Bischoff reist bei diesem \u201eTheater total\u201c in musikalischer Vielfalt durch die Facetten der Nacht, mit Walzern, Couplets, Nachtclub-Beats, Toneinspielungen, elektronischen Kl\u00e4ngen, dem Ticken von Uhren und Zuspielungen, mit gro\u00dfer Orchesterbesetzung, Chors\u00e4tzen und auch mal a cappella, mit filmischen Underscores zu dramatisch durchchoreografierten Szenen, im Wechsel von Musical und Oper zu Songs, die in Ch\u00f6re \u00fcbergehen. Das alles wird von Maxim B\u00f6ckelmann am Pult leidenschaftlich dirigiert.<\/p>\n\n\n\n<p>Martin G. Berger und Martin Mutschler nutzen in den Dialogen teilweise Original-Horv\u00e1th-Texte und erfinden in den Liedern mit gekonnten Reimen Momente der Emotion und des Verweilens, der Befindlichkeit der Menschen auf ihrer Suche nach dem Sinn des Seins. In der Synthese verschiedener Genres stellt dieses Auftragswerk der Staatsoper Hannover Weichen. Es ist nicht, wie so oft bei neuen Musicals, eine Nacherz\u00e4hlung oder Vertonung einer vorgegebenen Story, sondern ein poetisch-expressives, neues und eigenst\u00e4ndiges theatrales Abenteuer des modernen Musiktheaters. Martin G. Berger fasziniert als kongenialer Regisseur seines eigenen St\u00fccks, inszeniert mit szenischer Fantasie und fokussiert die Party unseres Lebens. Er zeigt, was Musical alles sein kann.<\/p>\n\n\n\n<p>Auf der leeren B\u00fchne dreht sich ein Kubus voller Gl\u00fchbirnen (B\u00fchne: Sarah-Katharina Karl): die Au\u00dfenfront eines Nachtclubs mit Fenstereinblick auf das hektische Treiben im Innern, auf den Rausch aus Alkohol, Musik, Licht und Live-Videos. Sp\u00e4ter \u00f6ffnet sich die Fassade und offenbart sich als Club von Juanita, mit Showtreppe und wei\u00dfem Schaukelpferd als Karussell-Relikt aus dem sich drehenden Hippodrom und mit assoziativen Schaupl\u00e4tzen, Kost\u00fcmen und Outfits der n\u00e4chtlichen Szene. In einer gelungenen Mischung beweist die Kraft des Dreispartentheaters, wie ein Chor, zwei Musicaldarsteller, ein Schauspieler und die Operns\u00e4nger ein Musical auf die Beine stellen k\u00f6nnen.<\/p>\n\n\n\n<p>Drew Sarich ist der schillernde Star dieser Reise durch die Nacht. Aus dem Original, der Affendame Juanita von der Rarit\u00e4tenshow auf dem Oktoberfest, wird der queere Host im Dschungel des vergn\u00fcgungss\u00fcchtigen Partyvolks, der st\u00e4ndig seine exotischen Kost\u00fcme wechselt (brillant entworfen von Esther Bialas). Und ebenso seine Haltungen: mal augenzwinkernd im Dialog mit dem Publikum, mal ernst analysierend und nachdenklich oder als Showstar im eigenen Club. Auch Sophia Euskirchen ist eine Musicaldarstellerin der Extraklasse, die in Dialog und Gesang keine W\u00fcnsche offenl\u00e4sst. Als Karoline ist sie zerbrechlich, kraftvoll, mal mit Mut, mal melancholisch, mal strahlend.<\/p>\n\n\n\n<p>Schauspieler Dejan Bu\u0107in trifft mit verzweifelt-schnoddrigem Alltagsjargon und Spielweise das \u201elockere\u201c Verdr\u00e4ngen der existenziellen Probleme von Kasimir. Als sch\u00fcchterner, \u201etumber\u201c Sch\u00fcrzinger \u00fcberrascht Tenor Philipp Kapeller mit gutem Dialog, anr\u00fchrendem Spiel und Humor. Yannick Spanier ist als Macho und Kleinkrimineller Merkl Franz k\u00f6rperlich und sprachlich voll in seiner Rolle, deren Freundin Erna (Ketevan Chuntishvili) ber\u00fchrt mit ihrer naiven Lebensphilosophie. Frank Schneiders (Rauch) und Daniel Eggert (Speer) kaufen sich als betuchte \u201ealte Herren\u201c und als \u201egeile Hirsche\u201c fies grinsend das Vergn\u00fcgen nicht nur von den \u201eleichten M\u00e4dchen\u201c (Barbara Carta und Tamar Sharon Hufschmidt). Mit einer F\u00fclle von Fragen verl\u00e4sst der Zuschauer das Theater.<\/p>\n\n\n\n<hr class=\"wp-block-separator has-alpha-channel-opacity is-style-dots\"\/>\n\n\n\n<p class=\"has-small-font-size\">Musikalische Leitung: Maxim B\u00f6ckelmann \u2022 B\u00fchne: Sarah-Katharina Karl \u2022 Kost\u00fcme: Esther Bialas \u2022 Licht: Fabian Grohmann \u2022 Live-Video: Anna-Sophia Leist \u2022 Ton: Christoph Sch\u00fctz \u2022 Chor: Lorenzo Da Rio \u2022 Mit: Drew Sarich (Juanita), Dejan Bu\u0107in (Kasimir), Sophia Euskirchen (Karoline), Philipp Kapeller (Sch\u00fcrzinger), Ketevan Chuntishvili (Erna), Yannick Spanier (Der Merkl Franz), Frank Schneiders (Rauch), Daniel Eggert (Speer), Barbara Carta (Elli), Tamar Sharon Hufschmidt (Maria) \u2022 Chor der Staatsoper Hannover \u2022 Nieders\u00e4chsisches Staatsorchester Hannover<\/p>\n\n\n\n<p class=\"has-small-font-size\">Aufmacherfoto: Tim M\u00fcller<\/p>\n","protected":false},"excerpt":{"rendered":"<p>Poetisch-expressive Vertonung von Horv\u00e1ths \u201eKasimir und Karoline\u201c Aus \u00d6d\u00f6n von Horv\u00e1ths Schauspiel von 1932 wird in Hannover ein Spiegel unserer Zeit. Die Koordinaten sind heute \u00e4hnlich: Wirtschaftskrise, Arbeitslosigkeit, sinnloses \u201eParty-Machen\u201c, sexuelle Ausschweifungen \u2013 die \u201eTagesthemen\u201c sind voll davon. H\u00e4lt da die Liebe stand? Drew Sarich stellt als Juanita schillernd-provozierend diese Frage und f\u00fchrt als \u201eH\u00fcterin der Nacht\u201c durch eine bet\u00e4ubende Vergn\u00fcgungsnacht: Disco und Vergessen im Rausch. Drau\u00dfen fliegt der Zeppelin vorbei, er wird zur Metapher f\u00fcr das Schweben in eine [&hellip;]<\/p>\n","protected":false},"author":25,"featured_media":4683,"comment_status":"closed","ping_status":"closed","sticky":false,"template":"","format":"standard","meta":{"tpgb_global_settings":"","footnotes":""},"categories":[72],"tags":[],"class_list":["post-4681","post","type-post","status-publish","format-standard","has-post-thumbnail","hentry","category-hannover"],"tpgb_featured_images":{"full":["https:\/\/www.musical-today.de\/wp-content\/uploads\/2024\/03\/KASIMIR_UND_KAROLINE_Drew_SarichSophia_EuskirchenDejan_Bucin\u00a9Tim_Mueller-scaled.jpg",2560,1704,false],"tp-image-grid":["https:\/\/www.musical-today.de\/wp-content\/uploads\/2024\/03\/KASIMIR_UND_KAROLINE_Drew_SarichSophia_EuskirchenDejan_Bucin\u00a9Tim_Mueller-700x700.jpg",700,700,true],"thumbnail":["https:\/\/www.musical-today.de\/wp-content\/uploads\/2024\/03\/KASIMIR_UND_KAROLINE_Drew_SarichSophia_EuskirchenDejan_Bucin\u00a9Tim_Mueller-600x399.jpg",600,399,true],"medium":["https:\/\/www.musical-today.de\/wp-content\/uploads\/2024\/03\/KASIMIR_UND_KAROLINE_Drew_SarichSophia_EuskirchenDejan_Bucin\u00a9Tim_Mueller-1200x799.jpg",1200,799,true],"medium_large":["https:\/\/www.musical-today.de\/wp-content\/uploads\/2024\/03\/KASIMIR_UND_KAROLINE_Drew_SarichSophia_EuskirchenDejan_Bucin\u00a9Tim_Mueller-770x513.jpg",770,513,true],"large":["https:\/\/www.musical-today.de\/wp-content\/uploads\/2024\/03\/KASIMIR_UND_KAROLINE_Drew_SarichSophia_EuskirchenDejan_Bucin\u00a9Tim_Mueller-1920x1278.jpg",1139,758,true],"default":"https:\/\/www.musical-today.de\/wp-content\/plugins\/the-plus-addons-for-block-editor\/assets\/images\/tpgb-placeholder.jpg"},"tpgb_post_meta_info":{"get_date":"27.03.2024","get_modified_date":"15.04.2025","category_list":{"category":[{"term_id":72,"name":"Hannover","slug":"hannover","term_group":0,"term_taxonomy_id":72,"taxonomy":"category","description":"","parent":19,"count":3,"filter":"raw","term_order":"47"}],"post_tag":false,"post_format":false},"author_name":"Hartmut H. Forche","author_url":"https:\/\/www.musical-today.de\/en\/autor\/hartmuthforche\/","author_email":"online912039@musical-today.de","author_website":"","author_description":"","author_facebook":"","author_twitter":"","author_instagram":"","author_role":["author"],"author_firstname":"Hartmut H.","author_lastname":"Forche","user_login":"hartmuthforche","author_avatar":"<img src=\"https:\/\/www.musical-today.de\/wp-content\/uploads\/2024\/03\/434034552_122093726612266069_5386620108228489486_n-293x293.jpg\" width=\"200\" height=\"200\" alt=\"Hartmut H. Forche\" class=\"avatar avatar-200 wp-user-avatar wp-user-avatar-200 alignnone photo\" \/>","author_avatar_url":"https:\/\/www.musical-today.de\/wp-content\/uploads\/2024\/03\/434034552_122093726612266069_5386620108228489486_n.jpg","comment_count":0,"post_likes":0,"post_views":0},"tpgb_post_category":{"category":"<a href=\"https:\/\/www.musical-today.de\/en\/deutschland\/hannover\/\" alt=\"Hannover\"  class=\"category-hannover\">Hannover<\/a> "},"_links":{"self":[{"href":"https:\/\/www.musical-today.de\/en\/wp-json\/wp\/v2\/posts\/4681","targetHints":{"allow":["GET"]}}],"collection":[{"href":"https:\/\/www.musical-today.de\/en\/wp-json\/wp\/v2\/posts"}],"about":[{"href":"https:\/\/www.musical-today.de\/en\/wp-json\/wp\/v2\/types\/post"}],"author":[{"embeddable":true,"href":"https:\/\/www.musical-today.de\/en\/wp-json\/wp\/v2\/users\/25"}],"replies":[{"embeddable":true,"href":"https:\/\/www.musical-today.de\/en\/wp-json\/wp\/v2\/comments?post=4681"}],"version-history":[{"count":0,"href":"https:\/\/www.musical-today.de\/en\/wp-json\/wp\/v2\/posts\/4681\/revisions"}],"wp:featuredmedia":[{"embeddable":true,"href":"https:\/\/www.musical-today.de\/en\/wp-json\/wp\/v2\/media\/4683"}],"wp:attachment":[{"href":"https:\/\/www.musical-today.de\/en\/wp-json\/wp\/v2\/media?parent=4681"}],"wp:term":[{"taxonomy":"category","embeddable":true,"href":"https:\/\/www.musical-today.de\/en\/wp-json\/wp\/v2\/categories?post=4681"},{"taxonomy":"post_tag","embeddable":true,"href":"https:\/\/www.musical-today.de\/en\/wp-json\/wp\/v2\/tags?post=4681"}],"curies":[{"name":"wp","href":"https:\/\/api.w.org\/{rel}","templated":true}]}}