{"id":5374,"date":"2024-03-27T05:20:00","date_gmt":"2024-03-27T04:20:00","guid":{"rendered":"https:\/\/www.musical-today.de\/?p=5374"},"modified":"2025-04-15T14:28:19","modified_gmt":"2025-04-15T12:28:19","slug":"muenchen-les-miserables","status":"publish","type":"post","link":"https:\/\/www.musical-today.de\/en\/muenchen-les-miserables\/","title":{"rendered":"Les Mis\u00e9rables"},"content":{"rendered":"<div class=\"lets-info-up-wrap  lets-info-up--right lets-info-up--m-1 lets-info-up-skin-3 lets-info-up--side lets-info-up-56890\" style=\"background:#fafafa; color: #616161\">\t\t\t<div class=\"lets-info-up\">\r\n\t\t\t<div class=\"lets-info-up-fi\"><img decoding=\"async\" width=\"500\" height=\"333\" src=\"https:\/\/www.musical-today.de\/wp-content\/uploads\/2024\/01\/qi-addons-for-elementor-placeholder-500x333.png\" class=\"attachment-lets-info-up-d1 size-lets-info-up-d1\" alt=\"|\" srcset=\"https:\/\/www.musical-today.de\/wp-content\/uploads\/2024\/01\/qi-addons-for-elementor-placeholder-500x333.png 500w, https:\/\/www.musical-today.de\/wp-content\/uploads\/2024\/01\/qi-addons-for-elementor-placeholder-300x200.png 300w, https:\/\/www.musical-today.de\/wp-content\/uploads\/2024\/01\/qi-addons-for-elementor-placeholder-1024x683.png 1024w, https:\/\/www.musical-today.de\/wp-content\/uploads\/2024\/01\/qi-addons-for-elementor-placeholder-883x589.png 883w, https:\/\/www.musical-today.de\/wp-content\/uploads\/2024\/01\/qi-addons-for-elementor-placeholder-18x12.png 18w, https:\/\/www.musical-today.de\/wp-content\/uploads\/2024\/01\/qi-addons-for-elementor-placeholder-360x240.png 360w, https:\/\/www.musical-today.de\/wp-content\/uploads\/2024\/01\/qi-addons-for-elementor-placeholder-1155x770.png 1155w, https:\/\/www.musical-today.de\/wp-content\/uploads\/2024\/01\/qi-addons-for-elementor-placeholder-370x247.png 370w, https:\/\/www.musical-today.de\/wp-content\/uploads\/2024\/01\/qi-addons-for-elementor-placeholder-770x513.png 770w, https:\/\/www.musical-today.de\/wp-content\/uploads\/2024\/01\/qi-addons-for-elementor-placeholder-293x195.png 293w, https:\/\/www.musical-today.de\/wp-content\/uploads\/2024\/01\/qi-addons-for-elementor-placeholder-120x80.png 120w, https:\/\/www.musical-today.de\/wp-content\/uploads\/2024\/01\/qi-addons-for-elementor-placeholder-240x160.png 240w, https:\/\/www.musical-today.de\/wp-content\/uploads\/2024\/01\/qi-addons-for-elementor-placeholder-390x260.png 390w, https:\/\/www.musical-today.de\/wp-content\/uploads\/2024\/01\/qi-addons-for-elementor-placeholder.png 1200w\" sizes=\"(max-width: 500px) 100vw, 500px\" title=\"\"><\/div>\t\t\t<div class=\"lets-info-up-block-wrap\">\r\n\t\t\t\t<div class=\"lets-info-up-block lets-info-up-meta-block\"><div class=\"lets-info-up-meta-title lets-info-up-pretitle font-h\" style=\"color: #8c6d18;\">oRT<\/div><div class=\"lets-info-up-meta-content lets-info-up-title font-b\">Staatstheater am G\u00e4rtnerplatz M\u00fcnchen<\/div><\/div><div class=\"lets-info-up-block lets-info-up-meta-block\"><div class=\"lets-info-up-meta-title lets-info-up-pretitle font-h\" style=\"color: #8c6d18;\">von<\/div><div class=\"lets-info-up-meta-content lets-info-up-title font-b\">Claude-Michel Sch\u00f6nberg (Musik)<br>Alain Boublil &amp; Jean-Marc Natel (Buch)<\/div><\/div><div class=\"lets-info-up-block lets-info-up-meta-block\"><div class=\"lets-info-up-meta-title lets-info-up-pretitle font-h\" style=\"color: #8c6d18;\">Regie<\/div><div class=\"lets-info-up-meta-content lets-info-up-title font-b\">Josef E. K\u00f6pplinger<\/div><\/div><div class=\"lets-info-up-block lets-info-up-meta-block\"><div class=\"lets-info-up-meta-title lets-info-up-pretitle font-h\" style=\"color: #8c6d18;\">Urauff\u00fchrung<\/div><div class=\"lets-info-up-meta-content lets-info-up-title font-b\">1980<\/div><\/div><div class=\"lets-info-up-block lets-info-up-meta-block\"><div class=\"lets-info-up-meta-title lets-info-up-pretitle font-h\" style=\"color: #8c6d18;\">INFOS<\/div><div class=\"lets-info-up-meta-content lets-info-up-title font-b\"><a href=\"https:\/\/www.gaertnerplatztheater.de\/de\/produktionen\/les-miserables.html\" data-type=\"link\" target=\"_blank\" rel=\"noopener noreferrer nofollow\">www.gaertnerplatztheater.de<\/a><\/div><\/div>\t\t\t<\/div>\r\n\t\t\t<\/div>\r\n\t\t<\/div>\r\n\t\t\n\n\n<p><strong>M\u00fcnchens \u201eLes Mis\u00e9rables\u201c ist ein Muss f\u00fcr Musicalfans<\/strong><\/p>\n\n\n\n<p>Vorneweg: In Josef E. K\u00f6pplingers bereits zweiter Inszenierung von Claude-Michel Sch\u00f6nbergs \u201eLes Mis\u00e9rables\u201c (in Kooperation mit dem Theater St.Gallen) gibt es definitiv Null und Nichts zu \u201ekritteln\u201c. Ganz im Gegenteil: Man feiert das kreative Produktionsteam und die hochkar\u00e4tig besetzte Inszenierung mit Standing Ovations. Genauso geht Musical eben auch abseits der bekannten Genre-Hotspots!<\/p>\n\n\n\n<p>Zum wirklich beachtlichen Top-Niveau steuern neben den zahlreichen Solisten auch der Haus-Chor und das Spitzenorchester einen wesentlichen Part bei. Auch dank der musikalischen Leitung von Musicalprofi Koen Schoots, der die raffiniert mit Leitmotivik arbeitende Fusion von Pop und italienischer Oper \u00e0 la Puccini betont. Durch vielfachen Einsatz der Drehb\u00fchne sowie dem filmreifen Setting von Rainer Sinell freut man sich \u00fcber nahtlos ineinanderflie\u00dfende Szenen. Opulent-authentische Kost\u00fcme unterstreichen den hohen Anspruch der Ausstattung.<\/p>\n\n\n\n<p>\u201eDie sozialen Probleme gehen \u00fcber die Grenzen hinaus\u201c, wusste schon Victor Hugo. 1862 erschien sein Buch \u201eDie Elenden\u201c, das urs\u00e4chlich f\u00fcr den Publikumshype verantwortlich ist, den die in 22 Sprachen \u00fcbersetzte Musical-Adaption \u00fcberall dort ausl\u00f6st, wo sie seit 44 Jahren auf der B\u00fchne realisiert wird. Weltweit sahen \u00fcber 130 Millionen Zuschauer dieses Musiktheater-Kunstst\u00fcck, in dem Partitur, Plot und Pathos aufs Beste und so originell zusammenspielen, dass es unmittelbar unter die Zuschauerhaut geht.<\/p>\n\n\n<div  class=\"tpgb-wrap-956d14_5374  tpgb-wrap-fw \"  ><div id=\"956d14_5374\" class=\"tpgb-block-956d14_5374 tpgb-relative-block tpgb-gallery-list tpgb-metro gallery-style-2 hover-image-style-1   \" data-style=\"style-2\" data-id=\"956d14_5374\" data-layout=\"metro\" data-fancy-option='{\"loop\":false,\"thumb\":\"no\",\"infobar\":true,\"arrows\":true,\"transitionEffect\":\"slide\",\"button\":[\"close\"]}' data-splide='\"\"' data-metroAttr= '{\"metro_col\":3,\"tab_metro_col\":3,\"mobile_metro_col\":3,\"metro_style\":\"style-1\",\"tab_metro_style\":\"style-1\",\"mobile_metro_style\":\"style-1\"}' ><div class=\"tpgb-row post-loop-inner \"><div class=\"grid-item metro-item-0    tpgb-metro-1  tpgb-tab-metro-1  tpgb-mobile-metro-1 \"><a href=\"https:\/\/www.musical-today.de\/wp-content\/uploads\/2024\/03\/Les-Miserables_248-c-Ludwig-Olah-scaled.jpeg\" class=\"tpgb-gallery-list-content tpgb-trans-easeinout\" data-fancybox=\"956d14_5374\" data-caption=\"Foto: Ludwig Olah\" aria-label=\"Foto: Ludwig Olah\"><div class=\"post-content-image\"><div class=\"tpgb-metro-gallery-image\" style=\"background: url(https:\/\/www.musical-today.de\/wp-content\/uploads\/2024\/03\/Les-Miserables_248-c-Ludwig-Olah-scaled.jpeg);\"><\/div><\/div><div class=\"post-content-center\"><div class=\"post-zoom-icon\"><div class=\"meta-search-icon\"><span><img decoding=\"async\" class=\"fancy-img\" src=\"https:\/\/www.musical-today.de\/wp-content\/uploads\/2024\/03\/Les-Miserables_248-c-Ludwig-Olah-scaled.jpeg\" alt=\"Media Image1\" title=\"\"><i class=\"fas fa-search-plus pop-icon\"><\/i><\/span><\/div><\/div><div class=\"post-content-bottom\"><p class=\"post-title tpgb-trans-easeinout\">Foto: Ludwig Olah<\/p><\/div><\/div><\/a><\/div><div class=\"grid-item metro-item-1    tpgb-metro-2  tpgb-tab-metro-2  tpgb-mobile-metro-2 \"><a href=\"https:\/\/www.musical-today.de\/wp-content\/uploads\/2024\/03\/20-Les-Miserables_foto_c-Edyta-Dufaj.jpeg\" class=\"tpgb-gallery-list-content tpgb-trans-easeinout\" data-fancybox=\"956d14_5374\" data-caption=\"Foto: Edyta Dufaj\" aria-label=\"Foto: Edyta Dufaj\"><div class=\"post-content-image\"><div class=\"tpgb-metro-gallery-image\" style=\"background: url(https:\/\/www.musical-today.de\/wp-content\/uploads\/2024\/03\/20-Les-Miserables_foto_c-Edyta-Dufaj.jpeg);\"><\/div><\/div><div class=\"post-content-center\"><div class=\"post-zoom-icon\"><div class=\"meta-search-icon\"><span><img decoding=\"async\" class=\"fancy-img\" src=\"https:\/\/www.musical-today.de\/wp-content\/uploads\/2024\/03\/20-Les-Miserables_foto_c-Edyta-Dufaj.jpeg\" alt=\"Media Image2\" title=\"\"><i class=\"fas fa-search-plus pop-icon\"><\/i><\/span><\/div><\/div><div class=\"post-content-bottom\"><p class=\"post-title tpgb-trans-easeinout\">Foto: Edyta Dufaj<\/p><\/div><\/div><\/a><\/div><div class=\"grid-item metro-item-2    tpgb-metro-3  tpgb-tab-metro-3  tpgb-mobile-metro-3 \"><a href=\"https:\/\/www.musical-today.de\/wp-content\/uploads\/2024\/03\/8_-c-Ludwig-Olah-scaled.jpg\" class=\"tpgb-gallery-list-content tpgb-trans-easeinout\" data-fancybox=\"956d14_5374\" data-caption=\"Foto: Ludwig Olah\" aria-label=\"Foto: Ludwig Olah\"><div class=\"post-content-image\"><div class=\"tpgb-metro-gallery-image\" style=\"background: url(https:\/\/www.musical-today.de\/wp-content\/uploads\/2024\/03\/8_-c-Ludwig-Olah-scaled.jpg);\"><\/div><\/div><div class=\"post-content-center\"><div class=\"post-zoom-icon\"><div class=\"meta-search-icon\"><span><img decoding=\"async\" class=\"fancy-img\" src=\"https:\/\/www.musical-today.de\/wp-content\/uploads\/2024\/03\/8_-c-Ludwig-Olah-scaled.jpg\" alt=\"Media Image3\" title=\"\"><i class=\"fas fa-search-plus pop-icon\"><\/i><\/span><\/div><\/div><div class=\"post-content-bottom\"><p class=\"post-title tpgb-trans-easeinout\">Foto: Ludwig Olah<\/p><\/div><\/div><\/a><\/div><\/div><\/div><\/div>\n\n\n<p>Schl\u00fcssig wird das Schicksal des ehemaligen Str\u00e4flings Jean Valjean, der eine neue Identit\u00e4t annimmt, um der Stigmatisierung zu entfliehen, mit dem von Inspektor Javert verkn\u00fcpft. Der ist besessen von der Macht des Rechts, seinem Obrigkeits-Denken und der jahrzehntelangen Jagd nach dem untergetauchten Valjean. Erst im erbitterten, blutig endenden Kampf der Studenten auf den Pariser Barrikaden 1832 wird Javert von der G\u00fcte seines Kontrahenten \u00fcberw\u00e4ltigt und nimmt sich schlie\u00dflich das Leben. Neben all den Heldinnen und Helden, die voller Inbrunst f\u00fcr eine bessere Zukunft k\u00e4mpfen, zweifeln und scheitern, kommen mit dem skrupellosen Wirtspaar Th\u00e9nardier \u2013 in M\u00fcnchen als groteske Paraderollen grandios gestaltet von Dagmar Hellberg und Alexander Franzen \u2013 diejenigen ins Spiel, die aus Chaos und Elend schamlos Kapital schlagen.<\/p>\n\n\n\n<p>Kein Wunder also, dass sich Josef E. K\u00f6pplinger auf das Ph\u00e4nomen der Gerechtigkeit fokussiert, der die Welt bis heute nicht gerecht wird. \u201eJeder Fanatismus endet in Fatalismus\u201c: Bereits auf den B\u00fchnen-Vorhang wird Voltaire projiziert. \u201eLes Mis\u00e9rables\u201c empfindet K\u00f6pplinger im besten Sinne auch als emotionale Pornografie. Und treffender l\u00e4sst sich die sinnliche Wucht auch kaum beschreiben, die sich da im G\u00e4rtnerplatztheater von der B\u00fchne in den Zuschauerraum ergie\u00dft. Zu verdanken an vorderster Linie den Musicaldarstellern Wietske van Tongeren, die Fantines dramatisch-schmerzerf\u00fclltes Bekenntnis \u201eI Dreamed A Dream\u201c zu einem H\u00f6hepunkt macht, oder Daniel Gutmann als tiefgr\u00fcndigem Javert, Florian Peters (Marius) und Katia Bischoff in der Rolle der \u00c9ponine.<\/p>\n\n\n\n<p>Letztlich toll aufgel\u00f6ster Wermutstropfen der Premiere ist die Tatsache, dass Hauptdarsteller Armin Kahl bereits nach wenigen Minuten virusbedingt die Stimme wegbleibt. Bis zur Pause springt aus dem Graben heraus Zweitbesetzung Filippo Strocchi ein, der danach im Kost\u00fcm und auf der B\u00fchne weitermacht und mit vokaler Intensit\u00e4t und Feinschliff die innere Zerrissenheit und Sorge um das Schicksal seiner geliebten Ziehtochter Cosette (Ricarda Livenson als Kind, sp\u00e4ter Julia Sturzlbaum) verk\u00f6rpert und \u201elebt\u201c.<\/p>\n\n\n\n<hr class=\"wp-block-separator has-alpha-channel-opacity is-style-dots\"\/>\n\n\n\n<p class=\"has-small-font-size\">Musikalische Leitung: Koen Schoots \u2022 Choreografie und Co-Regie: Ricarda Regina Ludigkeit \u2022 B\u00fchne: Rainer Sinell \u2022 Kost\u00fcme: Uta Meenen \u2022 Licht: Josef E. K\u00f6pplinger und Andreas Enzler \u2022 Ton: Tibor Adamecz \u2022 Chor: Dovil\u0117 \u0160iup\u0117nyt\u0117 \u2022 Mit: Armin Kahl\/Filippo Strocchi (Jean Valjean), Daniel Gutmann (Javert), Wietske van Tongeren (Fantine), Alexander Franzen (Th\u00e9nardier), Dagmar Hellberg (Madame Th\u00e9nardier), Julia Sturzlbaum (Cosette), Katia Bischoff (\u00c9ponine), Florian Peters (Marius), Merlin Fargel (Enjolras), Philipp Hopf (Gavroche), Ricarda Livenson (Kleine Cosette), Alice Motataianu (Kleine \u00c9ponine) u.a. \u2022 Chor und Orchester des Staatstheaters am G\u00e4rtnerplatz<\/p>\n\n\n\n<p class=\"has-small-font-size\">Aufmacherfoto: Markus Tordik<\/p>\n","protected":false},"excerpt":{"rendered":"<p>M\u00fcnchens \u201eLes Mis\u00e9rables\u201c ist ein Muss f\u00fcr Musicalfans Vorneweg: In Josef E. K\u00f6pplingers bereits zweiter Inszenierung von Claude-Michel Sch\u00f6nbergs \u201eLes Mis\u00e9rables\u201c (in Kooperation mit dem Theater St.Gallen) gibt es definitiv Null und Nichts zu \u201ekritteln\u201c. Ganz im Gegenteil: Man feiert das kreative Produktionsteam und die hochkar\u00e4tig besetzte Inszenierung mit Standing Ovations. Genauso geht Musical eben auch abseits der bekannten Genre-Hotspots! Zum wirklich beachtlichen Top-Niveau steuern neben den zahlreichen Solisten auch der Haus-Chor und das Spitzenorchester einen wesentlichen Part bei. Auch [&hellip;]<\/p>\n","protected":false},"author":18,"featured_media":5380,"comment_status":"closed","ping_status":"closed","sticky":false,"template":"","format":"standard","meta":{"tpgb_global_settings":"","footnotes":""},"categories":[98],"tags":[],"class_list":["post-5374","post","type-post","status-publish","format-standard","has-post-thumbnail","hentry","category-muenchen"],"tpgb_featured_images":{"full":["https:\/\/www.musical-today.de\/wp-content\/uploads\/2024\/03\/xLesMis_GP_1146cMarkusTordik_sRGB-scaled.jpg",2560,1707,false],"tp-image-grid":["https:\/\/www.musical-today.de\/wp-content\/uploads\/2024\/03\/xLesMis_GP_1146cMarkusTordik_sRGB-700x700.jpg",700,700,true],"thumbnail":["https:\/\/www.musical-today.de\/wp-content\/uploads\/2024\/03\/xLesMis_GP_1146cMarkusTordik_sRGB-600x400.jpg",600,400,true],"medium":["https:\/\/www.musical-today.de\/wp-content\/uploads\/2024\/03\/xLesMis_GP_1146cMarkusTordik_sRGB-1200x800.jpg",1200,800,true],"medium_large":["https:\/\/www.musical-today.de\/wp-content\/uploads\/2024\/03\/xLesMis_GP_1146cMarkusTordik_sRGB-770x513.jpg",770,513,true],"large":["https:\/\/www.musical-today.de\/wp-content\/uploads\/2024\/03\/xLesMis_GP_1146cMarkusTordik_sRGB-1920x1280.jpg",1139,759,true],"default":"https:\/\/www.musical-today.de\/wp-content\/plugins\/the-plus-addons-for-block-editor\/assets\/images\/tpgb-placeholder.jpg"},"tpgb_post_meta_info":{"get_date":"27.03.2024","get_modified_date":"15.04.2025","category_list":{"category":[{"term_id":98,"name":"M\u00fcnchen","slug":"muenchen","term_group":0,"term_taxonomy_id":98,"taxonomy":"category","description":"","parent":19,"count":15,"filter":"raw","term_order":"68"}],"post_tag":false,"post_format":false},"author_name":"Renate Baumiller-Guggenberger","author_url":"https:\/\/www.musical-today.de\/en\/autor\/renatebaumillerguggenberger\/","author_email":"online898@musical-today.de","author_website":"","author_description":"studierte an der LMU M\u00fcnchen Theaterwissenschaft und war mit Schwerpunkt Tanz zehn Jahre Dramaturgin am Theater Augsburg. Seit \u00fcber 30 Jahren schreibt sie f\u00fcr Feuilletons, u.a. bei der Augsburger Allgemeinen, der BSZ und \u201ea3kultur\u201c. Als Redenschreiberin und Trauerrednerin hat sie ein weiteres Standbein. Die emotionale Power und das so viele Sparten umfassende Entertainment, das professionell inszenierte Musicals ausstrahlen, empfand sie immer schon als besonders kostbar.","author_facebook":"","author_twitter":"","author_instagram":"","author_role":["author"],"author_firstname":"Renate","author_lastname":"Baumiller-Guggenberger","user_login":"renatebaumillerguggenberger","author_avatar":"<img src=\"https:\/\/www.musical-today.de\/wp-content\/uploads\/2024\/03\/Autor_Baumiller-Guggenberger-293x293.jpg\" width=\"200\" height=\"200\" alt=\"Renate Baumiller-Guggenberger\" class=\"avatar avatar-200 wp-user-avatar wp-user-avatar-200 alignnone photo\" \/>","author_avatar_url":"https:\/\/www.musical-today.de\/wp-content\/uploads\/2024\/03\/Autor_Baumiller-Guggenberger.jpg","comment_count":0,"post_likes":0,"post_views":0},"tpgb_post_category":{"category":"<a href=\"https:\/\/www.musical-today.de\/en\/deutschland\/muenchen\/\" alt=\"M\u00fcnchen\"  class=\"category-muenchen\">M\u00fcnchen<\/a> "},"_links":{"self":[{"href":"https:\/\/www.musical-today.de\/en\/wp-json\/wp\/v2\/posts\/5374","targetHints":{"allow":["GET"]}}],"collection":[{"href":"https:\/\/www.musical-today.de\/en\/wp-json\/wp\/v2\/posts"}],"about":[{"href":"https:\/\/www.musical-today.de\/en\/wp-json\/wp\/v2\/types\/post"}],"author":[{"embeddable":true,"href":"https:\/\/www.musical-today.de\/en\/wp-json\/wp\/v2\/users\/18"}],"replies":[{"embeddable":true,"href":"https:\/\/www.musical-today.de\/en\/wp-json\/wp\/v2\/comments?post=5374"}],"version-history":[{"count":0,"href":"https:\/\/www.musical-today.de\/en\/wp-json\/wp\/v2\/posts\/5374\/revisions"}],"wp:featuredmedia":[{"embeddable":true,"href":"https:\/\/www.musical-today.de\/en\/wp-json\/wp\/v2\/media\/5380"}],"wp:attachment":[{"href":"https:\/\/www.musical-today.de\/en\/wp-json\/wp\/v2\/media?parent=5374"}],"wp:term":[{"taxonomy":"category","embeddable":true,"href":"https:\/\/www.musical-today.de\/en\/wp-json\/wp\/v2\/categories?post=5374"},{"taxonomy":"post_tag","embeddable":true,"href":"https:\/\/www.musical-today.de\/en\/wp-json\/wp\/v2\/tags?post=5374"}],"curies":[{"name":"wp","href":"https:\/\/api.w.org\/{rel}","templated":true}]}}