{"id":5575,"date":"2024-03-28T10:55:00","date_gmt":"2024-03-28T09:55:00","guid":{"rendered":"https:\/\/www.musical-today.de\/?p=5575"},"modified":"2025-04-15T14:28:19","modified_gmt":"2025-04-15T12:28:19","slug":"pforzheim-fame-das-musical","status":"publish","type":"post","link":"https:\/\/www.musical-today.de\/en\/pforzheim-fame-das-musical\/","title":{"rendered":"Fame \u2013 Das Musical"},"content":{"rendered":"<div class=\"lets-info-up-wrap  lets-info-up--right lets-info-up--m-1 lets-info-up-skin-3 lets-info-up--side lets-info-up-84170\" style=\"background:#fafafa; color: #616161\">\t\t\t<div class=\"lets-info-up\">\r\n\t\t\t<div class=\"lets-info-up-fi\"><img decoding=\"async\" width=\"500\" height=\"333\" src=\"https:\/\/www.musical-today.de\/wp-content\/uploads\/2024\/01\/qi-addons-for-elementor-placeholder-500x333.png\" class=\"attachment-lets-info-up-d1 size-lets-info-up-d1\" alt=\"|\" srcset=\"https:\/\/www.musical-today.de\/wp-content\/uploads\/2024\/01\/qi-addons-for-elementor-placeholder-500x333.png 500w, https:\/\/www.musical-today.de\/wp-content\/uploads\/2024\/01\/qi-addons-for-elementor-placeholder-300x200.png 300w, https:\/\/www.musical-today.de\/wp-content\/uploads\/2024\/01\/qi-addons-for-elementor-placeholder-1024x683.png 1024w, https:\/\/www.musical-today.de\/wp-content\/uploads\/2024\/01\/qi-addons-for-elementor-placeholder-883x589.png 883w, https:\/\/www.musical-today.de\/wp-content\/uploads\/2024\/01\/qi-addons-for-elementor-placeholder-18x12.png 18w, https:\/\/www.musical-today.de\/wp-content\/uploads\/2024\/01\/qi-addons-for-elementor-placeholder-360x240.png 360w, https:\/\/www.musical-today.de\/wp-content\/uploads\/2024\/01\/qi-addons-for-elementor-placeholder-1155x770.png 1155w, https:\/\/www.musical-today.de\/wp-content\/uploads\/2024\/01\/qi-addons-for-elementor-placeholder-370x247.png 370w, https:\/\/www.musical-today.de\/wp-content\/uploads\/2024\/01\/qi-addons-for-elementor-placeholder-770x513.png 770w, https:\/\/www.musical-today.de\/wp-content\/uploads\/2024\/01\/qi-addons-for-elementor-placeholder-293x195.png 293w, https:\/\/www.musical-today.de\/wp-content\/uploads\/2024\/01\/qi-addons-for-elementor-placeholder-120x80.png 120w, https:\/\/www.musical-today.de\/wp-content\/uploads\/2024\/01\/qi-addons-for-elementor-placeholder-240x160.png 240w, https:\/\/www.musical-today.de\/wp-content\/uploads\/2024\/01\/qi-addons-for-elementor-placeholder-390x260.png 390w, https:\/\/www.musical-today.de\/wp-content\/uploads\/2024\/01\/qi-addons-for-elementor-placeholder.png 1200w\" sizes=\"(max-width: 500px) 100vw, 500px\" title=\"\"><\/div>\t\t\t<div class=\"lets-info-up-block-wrap\">\r\n\t\t\t\t<div class=\"lets-info-up-block lets-info-up-meta-block\"><div class=\"lets-info-up-meta-title lets-info-up-pretitle font-h\" style=\"color: #8c6d18;\">oRT<\/div><div class=\"lets-info-up-meta-content lets-info-up-title font-b\">Theater Pforzheim<\/div><\/div><div class=\"lets-info-up-block lets-info-up-meta-block\"><div class=\"lets-info-up-meta-title lets-info-up-pretitle font-h\" style=\"color: #8c6d18;\">von<\/div><div class=\"lets-info-up-meta-content lets-info-up-title font-b\">Steve Margoshes (Musik)<br>Jose Fernandez (Buch)<\/div><\/div><div class=\"lets-info-up-block lets-info-up-meta-block\"><div class=\"lets-info-up-meta-title lets-info-up-pretitle font-h\" style=\"color: #8c6d18;\">Regie<\/div><div class=\"lets-info-up-meta-content lets-info-up-title font-b\"> Iris Limbarth<\/div><\/div><div class=\"lets-info-up-block lets-info-up-meta-block\"><div class=\"lets-info-up-meta-title lets-info-up-pretitle font-h\" style=\"color: #8c6d18;\">Urauff\u00fchrung<\/div><div class=\"lets-info-up-meta-content lets-info-up-title font-b\">1988<\/div><\/div><div class=\"lets-info-up-block lets-info-up-meta-block\"><div class=\"lets-info-up-meta-title lets-info-up-pretitle font-h\" style=\"color: #8c6d18;\">INFOS<\/div><div class=\"lets-info-up-meta-content lets-info-up-title font-b\"><a href=\"https:\/\/www.theater-pforzheim.de\/veranstaltungen\/ansicht-veranstaltungen\/event\/eventDetail\/2024-04-17_2000\/fame.html\" target=\"_blank\" rel=\"noreferrer noopener\">www.theater-pforzheim.de<\/a><\/div><\/div>\t\t\t<\/div>\r\n\t\t\t<\/div>\r\n\t\t<\/div>\r\n\t\t\n\n\n<p><strong>\u201eFame\u201c ist erstaunlich jung geblieben<\/strong><\/p>\n\n\n\n<p>Wenn man damit kein junges Publikum ins Theater bekommt, womit dann? Obwohl die Filmvorlage gute 40 Jahre alt ist, bleibt \u201eFame\u201c mit seinem \u201eIch werd\u2019s schaffen\u201c-Thema, mit den Auditions und den Liebes-T\u00e4ndeleien in der Performing-Arts-Schule ein ewig junges Thema, das so oder \u00e4hnlich in Jugendserien, Filmen und all den Tanz- und Sing-Wettbewerben im Fernsehen durchdekliniert wird.<\/p>\n\n\n\n<p>In Pforzheim vergisst man die vielen klischeehaften Momente des Musicals durch die pure Energie, mit der ein erstaunlich junges, erstaunlich homogenes Ensemble singend und tanzend \u00fcber die B\u00fchne fetzt. Jede Menge Triple Threats im Stadttheater? Jedenfalls scheint es so, denn Regisseurin Iris Limbarth perfektioniert hier sehr raffiniert die Kunst, gastierende Musicaldarsteller, hauseigene Ballett-T\u00e4nzer, Operns\u00e4nger und Schauspieler sowie einen Musicalchor aus Nicht-Profis zu einem Ensemble wie aus einem Guss zu verbinden. Dass sie nicht alle so blutjung sind, wie sie hier aussehen, merkt man wirklich nur bei n\u00e4herer Inspektion.<\/p>\n\n\n<div  class=\"tpgb-wrap-956d14_5575  tpgb-wrap-fw \"  ><div id=\"956d14_5575\" class=\"tpgb-block-956d14_5575 tpgb-relative-block tpgb-gallery-list tpgb-metro gallery-style-2 hover-image-style-1   \" data-style=\"style-2\" data-id=\"956d14_5575\" data-layout=\"metro\" data-fancy-option='{\"loop\":false,\"thumb\":\"no\",\"infobar\":true,\"arrows\":true,\"transitionEffect\":\"slide\",\"button\":[\"close\"]}' data-splide='\"\"' data-metroAttr= '{\"metro_col\":3,\"tab_metro_col\":3,\"mobile_metro_col\":3,\"metro_style\":\"style-1\",\"tab_metro_style\":\"style-1\",\"mobile_metro_style\":\"style-1\"}' ><div class=\"tpgb-row post-loop-inner \"><div class=\"grid-item metro-item-0    tpgb-metro-1  tpgb-tab-metro-1  tpgb-mobile-metro-1 \"><a href=\"https:\/\/www.musical-today.de\/wp-content\/uploads\/2024\/03\/THPF_Fame_Bild5_Faerber_Baugh_Foto_SabineHaymann.jpg\" class=\"tpgb-gallery-list-content tpgb-trans-easeinout\" data-fancybox=\"956d14_5575\" data-caption=\"Foto: Sabine Haymann\" aria-label=\"Foto: Sabine Haymann\"><div class=\"post-content-image\"><div class=\"tpgb-metro-gallery-image\" style=\"background: url(https:\/\/www.musical-today.de\/wp-content\/uploads\/2024\/03\/THPF_Fame_Bild5_Faerber_Baugh_Foto_SabineHaymann.jpg);\"><\/div><\/div><div class=\"post-content-center\"><div class=\"post-zoom-icon\"><div class=\"meta-search-icon\"><span><img decoding=\"async\" class=\"fancy-img\" src=\"https:\/\/www.musical-today.de\/wp-content\/uploads\/2024\/03\/THPF_Fame_Bild5_Faerber_Baugh_Foto_SabineHaymann.jpg\" alt=\"Media Image1\" title=\"\"><i class=\"fas fa-search-plus pop-icon\"><\/i><\/span><\/div><\/div><div class=\"post-content-bottom\"><p class=\"post-title tpgb-trans-easeinout\">Foto: Sabine Haymann<\/p><\/div><\/div><\/a><\/div><div class=\"grid-item metro-item-1    tpgb-metro-2  tpgb-tab-metro-2  tpgb-mobile-metro-2 \"><a href=\"https:\/\/www.musical-today.de\/wp-content\/uploads\/2024\/03\/THPF_Fame_Bild3_Ensemble_Foto_SabineHaymann-scaled.jpg\" class=\"tpgb-gallery-list-content tpgb-trans-easeinout\" data-fancybox=\"956d14_5575\" data-caption=\"Foto: Sabine Haymann\" aria-label=\"Foto: Sabine Haymann\"><div class=\"post-content-image\"><div class=\"tpgb-metro-gallery-image\" style=\"background: url(https:\/\/www.musical-today.de\/wp-content\/uploads\/2024\/03\/THPF_Fame_Bild3_Ensemble_Foto_SabineHaymann-scaled.jpg);\"><\/div><\/div><div class=\"post-content-center\"><div class=\"post-zoom-icon\"><div class=\"meta-search-icon\"><span><img decoding=\"async\" class=\"fancy-img\" src=\"https:\/\/www.musical-today.de\/wp-content\/uploads\/2024\/03\/THPF_Fame_Bild3_Ensemble_Foto_SabineHaymann-scaled.jpg\" alt=\"Media Image2\" title=\"\"><i class=\"fas fa-search-plus pop-icon\"><\/i><\/span><\/div><\/div><div class=\"post-content-bottom\"><p class=\"post-title tpgb-trans-easeinout\">Foto: Sabine Haymann<\/p><\/div><\/div><\/a><\/div><div class=\"grid-item metro-item-2    tpgb-metro-3  tpgb-tab-metro-3  tpgb-mobile-metro-3 \"><a href=\"https:\/\/www.musical-today.de\/wp-content\/uploads\/2024\/03\/THPF_Fame_Bild12_Baugh_Ensemble_Foto_SabineHaymann-scaled.jpg\" class=\"tpgb-gallery-list-content tpgb-trans-easeinout\" data-fancybox=\"956d14_5575\" data-caption=\"Foto: Sabine Haymann\" aria-label=\"Foto: Sabine Haymann\"><div class=\"post-content-image\"><div class=\"tpgb-metro-gallery-image\" style=\"background: url(https:\/\/www.musical-today.de\/wp-content\/uploads\/2024\/03\/THPF_Fame_Bild12_Baugh_Ensemble_Foto_SabineHaymann-scaled.jpg);\"><\/div><\/div><div class=\"post-content-center\"><div class=\"post-zoom-icon\"><div class=\"meta-search-icon\"><span><img decoding=\"async\" class=\"fancy-img\" src=\"https:\/\/www.musical-today.de\/wp-content\/uploads\/2024\/03\/THPF_Fame_Bild12_Baugh_Ensemble_Foto_SabineHaymann-scaled.jpg\" alt=\"Media Image3\" title=\"\"><i class=\"fas fa-search-plus pop-icon\"><\/i><\/span><\/div><\/div><div class=\"post-content-bottom\"><p class=\"post-title tpgb-trans-easeinout\">Foto: Sabine Haymann<\/p><\/div><\/div><\/a><\/div><\/div><\/div><\/div>\n\n\n<p>Ist der ungehobelte Hip-Hopper tats\u00e4chlich ein Tenor, singt die wilde Drummerin tats\u00e4chlich sonst in der Oper? Limbarth, die langj\u00e4hrige Leiterin des Jungen Staatsmusicals in Wiesbaden, hat das St\u00fcck schon mehrfach inszeniert und choreografiert, sie bringt ihre Erfahrung hier in eine trotz drei Stunden Dauer rasante, bestens einstudierte Produktion ein. Gesungen und gebeltet wird durchweg ganz beachtlich, auch die Tanzszenen lassen kaum W\u00fcnsche offen, oft fallen Limbarth originelle Schritte ein. Wenn es an etwas fehlt, dann am Schauspiel: Manche Dialoge wirken aufgesetzt oder exaltiert, so hat eben jede(r) Mitwirkende bestimmte St\u00e4rken.<\/p>\n\n\n\n<p>Sieht man von den arg klischeehaften Elementen des St\u00fccks ab, sowohl \u00fcber K\u00fcnstler wie \u00fcber Studenten, so gibt es doch eing\u00e4ngige Songs und charmante Szenen in dem aus vielen kleinen Vignetten zusammengest\u00fcckelten Buch von Jose Fernandez. Die Er\u00f6ffnungsnummer etwa stellt flott und pr\u00e4gnant s\u00e4mtliche Personen vor, auch f\u00e4chert die Schulauff\u00fchrung zu Beginn des zweiten Aktes, hier mit einem Spiegelkabinett geheimnisvoll ausgeleuchtet, die ganze Faszination der B\u00fchnenk\u00fcnste auf. In dieser Szene zaubert Ausstatterin Esther B\u00e4tschmann ein wenig, ansonsten charakterisiert sie die Personen durch unaufdringliche Kost\u00fcme. Aber warum bitte sollen wir glauben, dass eine Hochschule \u201eRomeo und Julia\u201c noch in Strumpfhosen spielt, selbst in den 1980ern?<\/p>\n\n\n\n<p>Einige Dialoge fallen heute definitiv unter \u201etoxische Schulatmosph\u00e4re\u201c, die Art etwa, wie die Ballettlehrerin auf Mabels Gewicht anspielt. Die vier Lehrer werden von Lilian Huynen, Anne-Kathrin H\u00f6nes, Markus Wessiack und Thorsten Klein sehr sympathisch und bei aller Strenge mitf\u00fchlend portr\u00e4tiert, Huynens Diseusen-Stil beim Singen bleibt gew\u00f6hnungsbed\u00fcrftig. Nur wenigen der Akteure gelingt es, aus ihren stereotypen Rollen echte Pers\u00f6nlichkeiten zu machen: Jacob Hetzner etwa zeigt den Schauspielstudenten Nick als ungew\u00f6hnlich ernsten, poetischen jungen Mann, sein \u201eIch will sie verzaubern\u201c klingt toll. Auch Joanna Lissai als in ihn verliebte Serena singt gro\u00dfartig, spricht aber doch sehr aufgesetzt. William Baugh ist als widerspenstiger Analphabet Tyrone ein origineller Typ, beim Jazztanz jedoch fehlt noch die Geschmeidigkeit. Nina Links als Carmen und Rebecca Kramski als Mabel beeindrucken mit starken Stimmen und \u00fcberstr\u00f6menden Pers\u00f6nlichkeiten, Santiago B\u00fcrgi haut als Joe Vegas tolle Rockt\u00f6ne raus und bleibt leider ein Klischee-Latino. Sanja Matea F\u00e4ber als feine Ballettt\u00e4nzerin, Jan-Hendrik von Minden als nerdiger, ehrlicher Musiker und Franziska Fait als taffe Schlagzeugerin erg\u00e4nzen das Ensemble mit unterschiedlichsten Farben. Philipp Haag leitet die Rockband mit einem satten Groove, die Songs von Steve Margoshes und Jacques Levy klingen in dieser Interpretation erstaunlich zeitlos.<\/p>\n\n\n\n<hr class=\"wp-block-separator has-alpha-channel-opacity is-style-dots\"\/>\n\n\n\n<p class=\"has-small-font-size\">Musikalische Leitung: Philipp Haag \u2022 Regie und Choreografie: Iris Limbarth \u2022 Ausstattung: Esther B\u00e4tschmann \u2022 Mit: Joanna Lissai (Serena Katz), Jacob Hetzner (Nick Piazza), Santiago B\u00fcrgi (Joe Vegas), Nina Links (Carmen Diaz), William Baugh (Tyrone Jackson), Sanja Matea F\u00e4rber (Iris Kelly), Rebecca Kramski (Mabel Washington), Jan-Hendrik von Minden (Schlomo Metzenbaum), Franziska Fait (Grace Lamb), Bernhard Meindl (Goodman King), Sophia Klemisch (Harriet Miller), Julia Fleischhauer (Doris Hershkowitz), Michael Stevens (Vincent Clarke), Mattia Serio (Esteban Rodriguez), Lilian Huynen (Miss Sherman), Anne-Kathrin H\u00f6nes (Miss Bell), Thorsten Klein (Mr. Sheinkopf), Markus Wessiack (Mr. Myers) \u2022 Tanz-, Theater- und Musicalchor Theater Pforzheim \u2022 Badische Philharmonie Pforzheim<\/p>\n\n\n\n<p class=\"has-small-font-size\">Aufmacherfoto: Sabine Haymann<\/p>\n","protected":false},"excerpt":{"rendered":"<p>\u201eFame\u201c ist erstaunlich jung geblieben Wenn man damit kein junges Publikum ins Theater bekommt, womit dann? Obwohl die Filmvorlage gute 40 Jahre alt ist, bleibt \u201eFame\u201c mit seinem \u201eIch werd\u2019s schaffen\u201c-Thema, mit den Auditions und den Liebes-T\u00e4ndeleien in der Performing-Arts-Schule ein ewig junges Thema, das so oder \u00e4hnlich in Jugendserien, Filmen und all den Tanz- und Sing-Wettbewerben im Fernsehen durchdekliniert wird. In Pforzheim vergisst man die vielen klischeehaften Momente des Musicals durch die pure Energie, mit der ein erstaunlich junges, [&hellip;]<\/p>\n","protected":false},"author":19,"featured_media":5583,"comment_status":"closed","ping_status":"closed","sticky":false,"template":"","format":"standard","meta":{"tpgb_global_settings":"","footnotes":""},"categories":[109],"tags":[],"class_list":["post-5575","post","type-post","status-publish","format-standard","has-post-thumbnail","hentry","category-pforzheim"],"tpgb_featured_images":{"full":["https:\/\/www.musical-today.de\/wp-content\/uploads\/2024\/03\/THPF_Fame_Bild4_Ensemble_Foto_SabineHaymann.jpg",2480,1717,false],"tp-image-grid":["https:\/\/www.musical-today.de\/wp-content\/uploads\/2024\/03\/THPF_Fame_Bild4_Ensemble_Foto_SabineHaymann-700x700.jpg",700,700,true],"thumbnail":["https:\/\/www.musical-today.de\/wp-content\/uploads\/2024\/03\/THPF_Fame_Bild4_Ensemble_Foto_SabineHaymann-600x415.jpg",600,415,true],"medium":["https:\/\/www.musical-today.de\/wp-content\/uploads\/2024\/03\/THPF_Fame_Bild4_Ensemble_Foto_SabineHaymann-1200x831.jpg",1200,831,true],"medium_large":["https:\/\/www.musical-today.de\/wp-content\/uploads\/2024\/03\/THPF_Fame_Bild4_Ensemble_Foto_SabineHaymann-770x533.jpg",770,533,true],"large":["https:\/\/www.musical-today.de\/wp-content\/uploads\/2024\/03\/THPF_Fame_Bild4_Ensemble_Foto_SabineHaymann-1920x1329.jpg",1139,788,true],"default":"https:\/\/www.musical-today.de\/wp-content\/plugins\/the-plus-addons-for-block-editor\/assets\/images\/tpgb-placeholder.jpg"},"tpgb_post_meta_info":{"get_date":"28.03.2024","get_modified_date":"15.04.2025","category_list":{"category":[{"term_id":109,"name":"Pforzheim","slug":"pforzheim","term_group":0,"term_taxonomy_id":109,"taxonomy":"category","description":"","parent":19,"count":5,"filter":"raw","term_order":"80"}],"post_tag":false,"post_format":false},"author_name":"Angela Reinhardt","author_url":"https:\/\/www.musical-today.de\/en\/autor\/angelareinhardt\/","author_email":"angelareinhardt@aol.com","author_website":"","author_description":"studierte in Stuttgart Germanistik und Romanistik und arbeitet seit 1990 als freie Kulturjournalistin. Sie schreibt vor allem \u00fcber Tanz und ist Mitautorin von B\u00fcchern \u00fcber die Choreografen John Cranko und Marco Goecke sowie \u00fcber den Stuttgarter Ballettintendanten Reid Anderson. Von 1991 bis 2023 war sie regelm\u00e4\u00dfig f\u00fcr die Zeitschrift \u201emusicals\u201c im s\u00fcddeutschen Raum unterwegs.","author_facebook":"","author_twitter":"","author_instagram":"","author_role":["author","editor","redakteur","redaktionsteam"],"author_firstname":"Angela","author_lastname":"Reinhardt","user_login":"angelareinhardt","author_avatar":"<img src=\"https:\/\/www.musical-today.de\/wp-content\/uploads\/2024\/03\/434034552_122093726612266069_5386620108228489486_n-293x293.jpg\" width=\"200\" height=\"200\" alt=\"Angela Reinhardt\" class=\"avatar avatar-200 wp-user-avatar wp-user-avatar-200 alignnone photo\" \/>","author_avatar_url":"https:\/\/www.musical-today.de\/wp-content\/uploads\/2024\/03\/434034552_122093726612266069_5386620108228489486_n.jpg","comment_count":0,"post_likes":0,"post_views":0},"tpgb_post_category":{"category":"<a href=\"https:\/\/www.musical-today.de\/en\/deutschland\/pforzheim\/\" alt=\"Pforzheim\"  class=\"category-pforzheim\">Pforzheim<\/a> "},"_links":{"self":[{"href":"https:\/\/www.musical-today.de\/en\/wp-json\/wp\/v2\/posts\/5575","targetHints":{"allow":["GET"]}}],"collection":[{"href":"https:\/\/www.musical-today.de\/en\/wp-json\/wp\/v2\/posts"}],"about":[{"href":"https:\/\/www.musical-today.de\/en\/wp-json\/wp\/v2\/types\/post"}],"author":[{"embeddable":true,"href":"https:\/\/www.musical-today.de\/en\/wp-json\/wp\/v2\/users\/19"}],"replies":[{"embeddable":true,"href":"https:\/\/www.musical-today.de\/en\/wp-json\/wp\/v2\/comments?post=5575"}],"version-history":[{"count":0,"href":"https:\/\/www.musical-today.de\/en\/wp-json\/wp\/v2\/posts\/5575\/revisions"}],"wp:featuredmedia":[{"embeddable":true,"href":"https:\/\/www.musical-today.de\/en\/wp-json\/wp\/v2\/media\/5583"}],"wp:attachment":[{"href":"https:\/\/www.musical-today.de\/en\/wp-json\/wp\/v2\/media?parent=5575"}],"wp:term":[{"taxonomy":"category","embeddable":true,"href":"https:\/\/www.musical-today.de\/en\/wp-json\/wp\/v2\/categories?post=5575"},{"taxonomy":"post_tag","embeddable":true,"href":"https:\/\/www.musical-today.de\/en\/wp-json\/wp\/v2\/tags?post=5575"}],"curies":[{"name":"wp","href":"https:\/\/api.w.org\/{rel}","templated":true}]}}