{"id":6401,"date":"2024-05-03T17:03:56","date_gmt":"2024-05-03T15:03:56","guid":{"rendered":"https:\/\/www.musical-today.de\/?p=6401"},"modified":"2025-04-15T14:28:19","modified_gmt":"2025-04-15T12:28:19","slug":"solingen-das-laecheln-einer-sommernacht","status":"publish","type":"post","link":"https:\/\/www.musical-today.de\/en\/solingen-das-laecheln-einer-sommernacht\/","title":{"rendered":"Das L\u00e4cheln einer Sommernacht"},"content":{"rendered":"<div class=\"lets-info-up-wrap  lets-info-up--right lets-info-up--m-1 lets-info-up-skin-3 lets-info-up--side lets-info-up-79604\" style=\"background:#fafafa; color: #616161\">\t\t\t<div class=\"lets-info-up\">\r\n\t\t\t<div class=\"lets-info-up-fi\"><img decoding=\"async\" width=\"500\" height=\"333\" src=\"https:\/\/www.musical-today.de\/wp-content\/uploads\/2024\/01\/qi-addons-for-elementor-placeholder-500x333.png\" class=\"attachment-lets-info-up-d1 size-lets-info-up-d1\" alt=\"|\" srcset=\"https:\/\/www.musical-today.de\/wp-content\/uploads\/2024\/01\/qi-addons-for-elementor-placeholder-500x333.png 500w, https:\/\/www.musical-today.de\/wp-content\/uploads\/2024\/01\/qi-addons-for-elementor-placeholder-300x200.png 300w, https:\/\/www.musical-today.de\/wp-content\/uploads\/2024\/01\/qi-addons-for-elementor-placeholder-1024x683.png 1024w, https:\/\/www.musical-today.de\/wp-content\/uploads\/2024\/01\/qi-addons-for-elementor-placeholder-883x589.png 883w, https:\/\/www.musical-today.de\/wp-content\/uploads\/2024\/01\/qi-addons-for-elementor-placeholder-18x12.png 18w, https:\/\/www.musical-today.de\/wp-content\/uploads\/2024\/01\/qi-addons-for-elementor-placeholder-360x240.png 360w, https:\/\/www.musical-today.de\/wp-content\/uploads\/2024\/01\/qi-addons-for-elementor-placeholder-1155x770.png 1155w, https:\/\/www.musical-today.de\/wp-content\/uploads\/2024\/01\/qi-addons-for-elementor-placeholder-370x247.png 370w, https:\/\/www.musical-today.de\/wp-content\/uploads\/2024\/01\/qi-addons-for-elementor-placeholder-770x513.png 770w, https:\/\/www.musical-today.de\/wp-content\/uploads\/2024\/01\/qi-addons-for-elementor-placeholder-293x195.png 293w, https:\/\/www.musical-today.de\/wp-content\/uploads\/2024\/01\/qi-addons-for-elementor-placeholder-120x80.png 120w, https:\/\/www.musical-today.de\/wp-content\/uploads\/2024\/01\/qi-addons-for-elementor-placeholder-240x160.png 240w, https:\/\/www.musical-today.de\/wp-content\/uploads\/2024\/01\/qi-addons-for-elementor-placeholder-390x260.png 390w, https:\/\/www.musical-today.de\/wp-content\/uploads\/2024\/01\/qi-addons-for-elementor-placeholder.png 1200w\" sizes=\"(max-width: 500px) 100vw, 500px\" title=\"\"><\/div>\t\t\t<div class=\"lets-info-up-block-wrap\">\r\n\t\t\t\t<div class=\"lets-info-up-block lets-info-up-meta-block\"><div class=\"lets-info-up-meta-title lets-info-up-pretitle font-h\" style=\"color: #8c6d18;\">oRT<\/div><div class=\"lets-info-up-meta-content lets-info-up-title font-b\">Theater und Konzerthaus Solingen &amp; Folkwang Universit\u00e4t der K\u00fcnste<\/div><\/div><div class=\"lets-info-up-block lets-info-up-meta-block\"><div class=\"lets-info-up-meta-title lets-info-up-pretitle font-h\" style=\"color: #8c6d18;\">von<\/div><div class=\"lets-info-up-meta-content lets-info-up-title font-b\">Stephen Sondheim (Musik)<br>Hugh Wheeler (Buch)<\/div><\/div><div class=\"lets-info-up-block lets-info-up-meta-block\"><div class=\"lets-info-up-meta-title lets-info-up-pretitle font-h\" style=\"color: #8c6d18;\">Regie<\/div><div class=\"lets-info-up-meta-content lets-info-up-title font-b\">Gil Mehmert<\/div><\/div><div class=\"lets-info-up-block lets-info-up-meta-block\"><div class=\"lets-info-up-meta-title lets-info-up-pretitle font-h\" style=\"color: #8c6d18;\">Urauff\u00fchrung<\/div><div class=\"lets-info-up-meta-content lets-info-up-title font-b\">1973<\/div><\/div><div class=\"lets-info-up-block lets-info-up-meta-block\"><div class=\"lets-info-up-meta-title lets-info-up-pretitle font-h\" style=\"color: #8c6d18;\">INFOS<\/div><div class=\"lets-info-up-meta-content lets-info-up-title font-b\"><a href=\"https:\/\/theater-solingen.de\/event\/das-laecheln-einer-sommernacht-am-26-04-2024-um-19-30\/)\" data-type=\"link\" target=\"_blank\" rel=\"noopener noreferrer nofollow\">www.theater-solingen.de<\/a><br><a href=\"https:\/\/www.folkwang-uni.de\/home\/hochschule\/veranstaltungen\/veranstaltungen-des-laufenden-monats\/termin\/calendarevent-12284\" data-type=\"link\" target=\"_blank\" rel=\"noopener noreferrer nofollow\">www.folkwang-uni.de<\/a><\/div><\/div>\t\t\t<\/div>\r\n\t\t\t<\/div>\r\n\t\t<\/div>\r\n\t\t\n\n\n<p><strong>\u201eDas L\u00e4cheln einer Sommernacht\u201c als Empfehlung f\u00fcr die Stars von morgen<\/strong><\/p>\n\n\n\n<p>\u201eA Little Night Music\u201c oder in deutscher \u00dcbersetzung \u201eDas L\u00e4cheln einer Sommernacht\u201c ist ein Musical von Stephen Sondheim und Hugh Wheeler aus dem Jahr 1973 und lief am Broadway rund eineinhalb Jahre. Es handelt vom romantischen Leben mehrerer Paare und wurde durch den gleichnamigen Ingmar-Bergman-Film aus dem Jahr 1955 inspiriert. Sp\u00e4ter kam auch die Musical-Adaption ins Kino, erwies sich dort jedoch als weniger stimmig.<\/p>\n\n\n\n<p>Das St\u00fcck ist bereits die vierte gelungene Zusammenarbeit zwischen dem Theater Solingen und der Folkwang Universit\u00e4t in Essen. Das Besetzungskonzept folgt einem inzwischen bew\u00e4hrten Muster: Die Studierenden der Folkwang d\u00fcrfen sich in einer gro\u00dfen Produktion pr\u00e4sentieren. Hinzu kommen bekannte Musicaldarstellerinnen und -darsteller, die sich seit vielen Jahren einen Namen gemacht haben. In einer Mittsommernacht im Schweden der Wende zum 20. Jahrhundert wird von der lebenserfahrenen Madame Armfeldt ein amour\u00f6ser Reigen in Gang gesetzt. Die Sonne will nicht untergehen und niemand kann eine ruhige Nacht verbringen. Paare trennen sich, finden sich neu und entdecken ihre Liebe zueinander. Der \u00be-Takt, der sich durchgehend in verschiedenen Variationen durch die Musik zieht, tut das Seinige. Dreimal l\u00e4chelt die Sommernacht: einmal f\u00fcr die Jungen, die noch gar nichts wissen, ein zweites Mal f\u00fcr die Narren, die zu wenig wissen, und ein drittes Mal f\u00fcr die Alten, die zu viel wissen.<\/p>\n\n\n<div  class=\"tpgb-wrap-956d14_6401  tpgb-wrap-fw \"  ><div id=\"956d14_6401\" class=\"tpgb-block-956d14_6401 tpgb-relative-block tpgb-gallery-list tpgb-metro gallery-style-2 hover-image-style-1   \" data-style=\"style-2\" data-id=\"956d14_6401\" data-layout=\"metro\" data-fancy-option='{\"loop\":false,\"thumb\":\"no\",\"infobar\":true,\"arrows\":true,\"transitionEffect\":\"slide\",\"button\":[\"close\"]}' data-splide='\"\"' data-metroAttr= '{\"metro_col\":3,\"tab_metro_col\":3,\"mobile_metro_col\":3,\"metro_style\":\"style-1\",\"tab_metro_style\":\"style-1\",\"mobile_metro_style\":\"style-1\"}' ><div class=\"tpgb-row post-loop-inner \"><div class=\"grid-item metro-item-0    tpgb-metro-1  tpgb-tab-metro-1  tpgb-mobile-metro-1 \"><a href=\"https:\/\/www.musical-today.de\/wp-content\/uploads\/2024\/05\/19-c-Abiramy-Arulrasa-scaled.jpg\" class=\"tpgb-gallery-list-content tpgb-trans-easeinout\" data-fancybox=\"956d14_6401\" data-caption=\"Foto: Abiramy Arulrasa\" aria-label=\"Foto: Abiramy Arulrasa\"><div class=\"post-content-image\"><div class=\"tpgb-metro-gallery-image\" style=\"background: url(https:\/\/www.musical-today.de\/wp-content\/uploads\/2024\/05\/19-c-Abiramy-Arulrasa-scaled.jpg);\"><\/div><\/div><div class=\"post-content-center\"><div class=\"post-zoom-icon\"><div class=\"meta-search-icon\"><span><img decoding=\"async\" class=\"fancy-img\" src=\"https:\/\/www.musical-today.de\/wp-content\/uploads\/2024\/05\/19-c-Abiramy-Arulrasa-scaled.jpg\" alt=\"Media Image1\" title=\"\"><i class=\"fas fa-search-plus pop-icon\"><\/i><\/span><\/div><\/div><div class=\"post-content-bottom\"><p class=\"post-title tpgb-trans-easeinout\">Foto: Abiramy Arulrasa<\/p><\/div><\/div><\/a><\/div><div class=\"grid-item metro-item-1    tpgb-metro-2  tpgb-tab-metro-2  tpgb-mobile-metro-2 \"><a href=\"https:\/\/www.musical-today.de\/wp-content\/uploads\/2024\/05\/5-c-Abiramy-Arulrasa-scaled.jpg\" class=\"tpgb-gallery-list-content tpgb-trans-easeinout\" data-fancybox=\"956d14_6401\" data-caption=\"Foto: Abiramy Arulrasa\" aria-label=\"Foto: Abiramy Arulrasa\"><div class=\"post-content-image\"><div class=\"tpgb-metro-gallery-image\" style=\"background: url(https:\/\/www.musical-today.de\/wp-content\/uploads\/2024\/05\/5-c-Abiramy-Arulrasa-scaled.jpg);\"><\/div><\/div><div class=\"post-content-center\"><div class=\"post-zoom-icon\"><div class=\"meta-search-icon\"><span><img decoding=\"async\" class=\"fancy-img\" src=\"https:\/\/www.musical-today.de\/wp-content\/uploads\/2024\/05\/5-c-Abiramy-Arulrasa-scaled.jpg\" alt=\"Media Image2\" title=\"\"><i class=\"fas fa-search-plus pop-icon\"><\/i><\/span><\/div><\/div><div class=\"post-content-bottom\"><p class=\"post-title tpgb-trans-easeinout\">Foto: Abiramy Arulrasa<\/p><\/div><\/div><\/a><\/div><div class=\"grid-item metro-item-2    tpgb-metro-3  tpgb-tab-metro-3  tpgb-mobile-metro-3 \"><a href=\"https:\/\/www.musical-today.de\/wp-content\/uploads\/2024\/05\/8-c-Abiramy-Arulrasa-scaled.jpg\" class=\"tpgb-gallery-list-content tpgb-trans-easeinout\" data-fancybox=\"956d14_6401\" data-caption=\"Foto: Abiramy Arulrasa\" aria-label=\"Foto: Abiramy Arulrasa\"><div class=\"post-content-image\"><div class=\"tpgb-metro-gallery-image\" style=\"background: url(https:\/\/www.musical-today.de\/wp-content\/uploads\/2024\/05\/8-c-Abiramy-Arulrasa-scaled.jpg);\"><\/div><\/div><div class=\"post-content-center\"><div class=\"post-zoom-icon\"><div class=\"meta-search-icon\"><span><img decoding=\"async\" class=\"fancy-img\" src=\"https:\/\/www.musical-today.de\/wp-content\/uploads\/2024\/05\/8-c-Abiramy-Arulrasa-scaled.jpg\" alt=\"Media Image3\" title=\"\"><i class=\"fas fa-search-plus pop-icon\"><\/i><\/span><\/div><\/div><div class=\"post-content-bottom\"><p class=\"post-title tpgb-trans-easeinout\">Foto: Abiramy Arulrasa<\/p><\/div><\/div><\/a><\/div><\/div><\/div><\/div>\n\n\n<p>Neben \u00fcberraschend witzigen Dialogen und einem hohen Tempo zieht sich eine gewisse Melancholie durch das St\u00fcck, denn am Ende ist das Leben doch kein Theater \u2013 auch wenn uns das B\u00fchnenbild (Britta T\u00f6nne) exakt das vermitteln m\u00f6chte. Es gibt auf der B\u00fchne ein Hauptpodest in der Mitte, rechts und links zwei weitere kleinere Schaupl\u00e4tze sowie vier Fenster, die in das Portal der Mittelb\u00fchne eingelassen sind. Helen Schneider verk\u00f6rpert wunderbar Madame Armfeldt, die Grand Dame. Deren Tochter Desir\u00e9e, eine reisende Schauspielerin, wird von Vera Bolten gespielt und ihr vermutlich ehemaliger Liebhaber von Markus Sch\u00f6ttl. Die drei arrivierten und von Regisseur Gil Mehmert fabelhaft in Szene gesetzten Pers\u00f6nlichkeiten zeigen, wie gro\u00dfes Theater geht: Witz, Pointen richtig setzen, sich Raum nehmen, ohne die anderen zu verdr\u00e4ngen \u2013 mit unverkennbarer Stimme die Songs performen, sodass die eigene Identit\u00e4t hinter all der Schminke und den Kost\u00fcmen immer zum Vorschein kommt. Vera Bolten geh\u00f6rt der einzige wirkliche Evergreen der Show, mit \u201eWo sind die Clowns\u201c (\u201eSend In The Clowns\u201c) markiert sie den melancholischen H\u00f6hepunkt.<\/p>\n\n\n\n<p>Man darf sicherlich behaupten, dass die Studierenden hier eine Menge lernen konnten. Wie so oft wartet die renommierte Folkwang Universit\u00e4t mit sehr gut ausgebildeten Talenten auf. In jeder Sekunde wird klar, dass man es hier mit Menschen zu tun hat, die wir bald auf den B\u00fchnen im ganzen Land sehen werden. Und schnell kristallisiert sich deutlich heraus, wer herausragend singt, wer besonders pr\u00e4zise die sehr angenehm in die Songs eingewobenen Choreografien von Andrew Chadwick tanzt und wer ein ungew\u00f6hnliches kom\u00f6diantisches Talent besitzt. Carl Magnus Graf Malcom beispielsweise wird von Maximilian Lochm\u00fcller gespielt, der seit 2021 studiert. Als Infanterist, stets in adretter Uniform, schafft er es mit seiner trockenen Art und vermeintlichen Aufregung, jede Szene zu einem kleinen Showstopper zu machen. Auch des Grafen oft betrogene Frau Charlotte, dargestellt von Elena Franke, trumpft immer mehr auf, sodass das gemeinsame Abendessen im zweiten Akt auf dem Landsitz von Madame Armfeldt zum einen zum kom\u00f6diantischen Highlight wird und zum anderen die Wahrheiten mehr und mehr ans Licht bringt.<\/p>\n\n\n\n<p>Das am\u00fcsante und gleichzeitig sentimentale Treiben begleiten die Bergischen Symphoniker unter der Leitung von Stephan Kanyar. Sie tragen die K\u00fcnstlerinnen und K\u00fcnstler souver\u00e4n durch die Show. Aufmerksamkeit erzielen auch Anna T. Donosa-Danila, Albert Ga\u00dfmann, Jonathan Guth, Marie Lina Hanke, Anna Hirzberger, Lino Kalich, Timm Moritz Marquardt, Constanza P\u00e9rez de Lana Bonatti, Katalin Rohse, Alina Simon und Yana Somova in kleineren Rollen. Sie werden gewiss bald auf den B\u00fchnen zu erleben sein.<\/p>\n\n\n\n<hr class=\"wp-block-separator has-alpha-channel-opacity is-style-dots\"\/>\n\n\n\n<p class=\"has-small-font-size\">Musikalische Leitung: Stephan Kanyar \u2022 Ausstattung: Britta T\u00f6nne \u2022 Choreografie: Andrew Chadwick \u2022 Licht: Michael Grundner \u2022 Chor: Tobias Deutschmann \u2022 Mit: Helen Schneider (Madame Armfeldt), Vera Bolten (Desir\u00e9e Armfeldt), Alina Simon (Fredrika Armfeldt), Markus Sch\u00f6ttl (Fredrik Egerman), Anna Hirzberger (Ann Egerman), Jonathan Guth (Henrik Egerman), Elena Franke (Charlotte Gr\u00e4fin Malcolm), Maximilian Lochm\u00fcller (Carl Magnus Graf Malcolm), Constanza P\u00e9rez de Lana Bonatti (Petra), Timm Moritz Marquardt (Frid), Yana Somova (Malla), Albert Ga\u00dfmann (Mr. Ben Lindquist), Anna T. Donosa-Danila (Mrs. Teri Nordstrom), Katalin Rohse (Mrs. Barbara Anderssen), Lino Kalich (Mr. Gene Erlanson), Marie Lina Hanke (Mrs. Beth Segstrom) \u2022 Theaterchor Solingen \u2022 Bergische Symphoniker<\/p>\n\n\n\n<p class=\"has-small-font-size\">Aufmacherfoto: Abiramy Arulrasa<\/p>\n","protected":false},"excerpt":{"rendered":"<p>\u201eDas L\u00e4cheln einer Sommernacht\u201c als Empfehlung f\u00fcr die Stars von morgen \u201eA Little Night Music\u201c oder in deutscher \u00dcbersetzung \u201eDas L\u00e4cheln einer Sommernacht\u201c ist ein Musical von Stephen Sondheim und Hugh Wheeler aus dem Jahr 1973 und lief am Broadway rund eineinhalb Jahre. Es handelt vom romantischen Leben mehrerer Paare und wurde durch den gleichnamigen Ingmar-Bergman-Film aus dem Jahr 1955 inspiriert. Sp\u00e4ter kam auch die Musical-Adaption ins Kino, erwies sich dort jedoch als weniger stimmig. Das St\u00fcck ist bereits die [&hellip;]<\/p>\n","protected":false},"author":48,"featured_media":6407,"comment_status":"closed","ping_status":"closed","sticky":false,"template":"","format":"standard","meta":{"tpgb_global_settings":"","footnotes":""},"categories":[155],"tags":[],"class_list":["post-6401","post","type-post","status-publish","format-standard","has-post-thumbnail","hentry","category-solingen"],"tpgb_featured_images":{"full":["https:\/\/www.musical-today.de\/wp-content\/uploads\/2024\/05\/4-c-Abiramy-Arulrasa-scaled.jpg",2560,1707,false],"tp-image-grid":["https:\/\/www.musical-today.de\/wp-content\/uploads\/2024\/05\/4-c-Abiramy-Arulrasa-700x700.jpg",700,700,true],"thumbnail":["https:\/\/www.musical-today.de\/wp-content\/uploads\/2024\/05\/4-c-Abiramy-Arulrasa-400x267.jpg",400,267,true],"medium":["https:\/\/www.musical-today.de\/wp-content\/uploads\/2024\/05\/4-c-Abiramy-Arulrasa-980x653.jpg",980,653,true],"medium_large":["https:\/\/www.musical-today.de\/wp-content\/uploads\/2024\/05\/4-c-Abiramy-Arulrasa-949x633.jpg",770,514,true],"large":["https:\/\/www.musical-today.de\/wp-content\/uploads\/2024\/05\/4-c-Abiramy-Arulrasa-1920x1280.jpg",1139,759,true],"default":"https:\/\/www.musical-today.de\/wp-content\/plugins\/the-plus-addons-for-block-editor\/assets\/images\/tpgb-placeholder.jpg"},"tpgb_post_meta_info":{"get_date":"03.05.2024","get_modified_date":"15.04.2025","category_list":{"category":[{"term_id":155,"name":"Solingen","slug":"solingen","term_group":0,"term_taxonomy_id":155,"taxonomy":"category","description":"","parent":19,"count":2,"filter":"raw","term_order":"89"}],"post_tag":false,"post_format":false},"author_name":"Thorsten Wulf","author_url":"https:\/\/www.musical-today.de\/en\/autor\/thorstenwulf\/","author_email":"temporary-removeA4NFvLqOZ1OP6bk@tmp.com","author_website":"","author_description":"lebt in Dortmund und arbeitet deutschlandweit als Trainer f\u00fcr Kommunikation, Konfliktmanagement und F\u00fchrung. In seiner Freizeit leitet er einen Show-Chor, die \u201eChorkenzieher\u201c, die alle zwei Jahre ein neues Programm auf die B\u00fchne bringen. Schon sein Leben lang liebt er Musicals und sch\u00e4tzt die gr\u00f6\u00dfer werdende Vielfalt an Themen und Musikstilen. Seit 2011 rezensiert er aktuelle Shows.","author_facebook":"","author_twitter":"","author_instagram":"","author_role":["author"],"author_firstname":"Thorsten","author_lastname":"Wulf","user_login":"thorstenwulf","author_avatar":"<img src=\"https:\/\/www.musical-today.de\/wp-content\/uploads\/2024\/03\/Thorsten-Wulf-293x293.jpg\" width=\"200\" height=\"200\" alt=\"Thorsten Wulf\" class=\"avatar avatar-200 wp-user-avatar wp-user-avatar-200 alignnone photo\" \/>","author_avatar_url":"https:\/\/www.musical-today.de\/wp-content\/uploads\/2024\/03\/Thorsten-Wulf-scaled.jpg","comment_count":0,"post_likes":0,"post_views":0},"tpgb_post_category":{"category":"<a href=\"https:\/\/www.musical-today.de\/en\/deutschland\/solingen\/\" alt=\"Solingen\"  class=\"category-solingen\">Solingen<\/a> "},"_links":{"self":[{"href":"https:\/\/www.musical-today.de\/en\/wp-json\/wp\/v2\/posts\/6401","targetHints":{"allow":["GET"]}}],"collection":[{"href":"https:\/\/www.musical-today.de\/en\/wp-json\/wp\/v2\/posts"}],"about":[{"href":"https:\/\/www.musical-today.de\/en\/wp-json\/wp\/v2\/types\/post"}],"author":[{"embeddable":true,"href":"https:\/\/www.musical-today.de\/en\/wp-json\/wp\/v2\/users\/48"}],"replies":[{"embeddable":true,"href":"https:\/\/www.musical-today.de\/en\/wp-json\/wp\/v2\/comments?post=6401"}],"version-history":[{"count":0,"href":"https:\/\/www.musical-today.de\/en\/wp-json\/wp\/v2\/posts\/6401\/revisions"}],"wp:featuredmedia":[{"embeddable":true,"href":"https:\/\/www.musical-today.de\/en\/wp-json\/wp\/v2\/media\/6407"}],"wp:attachment":[{"href":"https:\/\/www.musical-today.de\/en\/wp-json\/wp\/v2\/media?parent=6401"}],"wp:term":[{"taxonomy":"category","embeddable":true,"href":"https:\/\/www.musical-today.de\/en\/wp-json\/wp\/v2\/categories?post=6401"},{"taxonomy":"post_tag","embeddable":true,"href":"https:\/\/www.musical-today.de\/en\/wp-json\/wp\/v2\/tags?post=6401"}],"curies":[{"name":"wp","href":"https:\/\/api.w.org\/{rel}","templated":true}]}}