{"id":6402,"date":"2024-05-03T17:04:57","date_gmt":"2024-05-03T15:04:57","guid":{"rendered":"https:\/\/www.musical-today.de\/?p=6402"},"modified":"2025-04-15T14:28:19","modified_gmt":"2025-04-15T12:28:19","slug":"klagenfurt-la-cage-aux-folles","status":"publish","type":"post","link":"https:\/\/www.musical-today.de\/en\/klagenfurt-la-cage-aux-folles\/","title":{"rendered":"La Cage aux Folles"},"content":{"rendered":"<div class=\"lets-info-up-wrap  lets-info-up--right lets-info-up--m-1 lets-info-up-skin-3 lets-info-up--side lets-info-up-41429\" style=\"background:#fafafa; color: #616161\">\t\t\t<div class=\"lets-info-up\">\r\n\t\t\t<div class=\"lets-info-up-fi\"><img decoding=\"async\" width=\"500\" height=\"333\" src=\"https:\/\/www.musical-today.de\/wp-content\/uploads\/2024\/01\/qi-addons-for-elementor-placeholder-500x333.png\" class=\"attachment-lets-info-up-d1 size-lets-info-up-d1\" alt=\"|\" srcset=\"https:\/\/www.musical-today.de\/wp-content\/uploads\/2024\/01\/qi-addons-for-elementor-placeholder-500x333.png 500w, https:\/\/www.musical-today.de\/wp-content\/uploads\/2024\/01\/qi-addons-for-elementor-placeholder-300x200.png 300w, https:\/\/www.musical-today.de\/wp-content\/uploads\/2024\/01\/qi-addons-for-elementor-placeholder-1024x683.png 1024w, https:\/\/www.musical-today.de\/wp-content\/uploads\/2024\/01\/qi-addons-for-elementor-placeholder-883x589.png 883w, https:\/\/www.musical-today.de\/wp-content\/uploads\/2024\/01\/qi-addons-for-elementor-placeholder-18x12.png 18w, https:\/\/www.musical-today.de\/wp-content\/uploads\/2024\/01\/qi-addons-for-elementor-placeholder-360x240.png 360w, https:\/\/www.musical-today.de\/wp-content\/uploads\/2024\/01\/qi-addons-for-elementor-placeholder-1155x770.png 1155w, https:\/\/www.musical-today.de\/wp-content\/uploads\/2024\/01\/qi-addons-for-elementor-placeholder-370x247.png 370w, https:\/\/www.musical-today.de\/wp-content\/uploads\/2024\/01\/qi-addons-for-elementor-placeholder-770x513.png 770w, https:\/\/www.musical-today.de\/wp-content\/uploads\/2024\/01\/qi-addons-for-elementor-placeholder-293x195.png 293w, https:\/\/www.musical-today.de\/wp-content\/uploads\/2024\/01\/qi-addons-for-elementor-placeholder-120x80.png 120w, https:\/\/www.musical-today.de\/wp-content\/uploads\/2024\/01\/qi-addons-for-elementor-placeholder-240x160.png 240w, https:\/\/www.musical-today.de\/wp-content\/uploads\/2024\/01\/qi-addons-for-elementor-placeholder-390x260.png 390w, https:\/\/www.musical-today.de\/wp-content\/uploads\/2024\/01\/qi-addons-for-elementor-placeholder.png 1200w\" sizes=\"(max-width: 500px) 100vw, 500px\" title=\"\"><\/div>\t\t\t<div class=\"lets-info-up-block-wrap\">\r\n\t\t\t\t<div class=\"lets-info-up-block lets-info-up-meta-block\"><div class=\"lets-info-up-meta-title lets-info-up-pretitle font-h\" style=\"color: #8c6d18;\">oRT<\/div><div class=\"lets-info-up-meta-content lets-info-up-title font-b\">Stadttheater Klagenfurt<\/div><\/div><div class=\"lets-info-up-block lets-info-up-meta-block\"><div class=\"lets-info-up-meta-title lets-info-up-pretitle font-h\" style=\"color: #8c6d18;\">von<\/div><div class=\"lets-info-up-meta-content lets-info-up-title font-b\">Jerry Herman (Musik)<br>Harvey Fierstein (Buch)<\/div><\/div><div class=\"lets-info-up-block lets-info-up-meta-block\"><div class=\"lets-info-up-meta-title lets-info-up-pretitle font-h\" style=\"color: #8c6d18;\">Regie<\/div><div class=\"lets-info-up-meta-content lets-info-up-title font-b\">Andreas Gergen<\/div><\/div><div class=\"lets-info-up-block lets-info-up-meta-block\"><div class=\"lets-info-up-meta-title lets-info-up-pretitle font-h\" style=\"color: #8c6d18;\">Urauff\u00fchrunG<\/div><div class=\"lets-info-up-meta-content lets-info-up-title font-b\">1983<\/div><\/div><div class=\"lets-info-up-block lets-info-up-meta-block\"><div class=\"lets-info-up-meta-title lets-info-up-pretitle font-h\" style=\"color: #8c6d18;\">INFOS<\/div><div class=\"lets-info-up-meta-content lets-info-up-title font-b\"><a href=\"https:\/\/www.landestheater-detmold.de\/de\/programm\/tschitti-tschitti-bang-bang\/40110441\" target=\"_blank\" rel=\"noopener noreferrer nofollow\">www.<\/a><a href=\"https:\/\/www.stadttheater-klagenfurt.at\/produktionen\/la-cage-aux-folles-ein-kaefig-voller-narren\/)\" target=\"_blank\" rel=\"noreferrer noopener\">stadttheater<\/a><a href=\"https:\/\/www.landestheater-detmold.de\/de\/programm\/tschitti-tschitti-bang-bang\/40110441\" target=\"_blank\" rel=\"noopener noreferrer nofollow\">-klagenfurt.at<\/a><\/div><\/div>\t\t\t<\/div>\r\n\t\t\t<\/div>\r\n\t\t<\/div>\r\n\t\t\n\n\n<p><strong>\u201eLa Cage aux Folles\u201c besinnt sich in Klagenfurt auf seine Farce-Elemente<\/strong><\/p>\n\n\n\n<p>Das Stadttheater Klagenfurt greift auf ein (altbekanntes) Travestie-Musical zur\u00fcck: \u201eLa Cage aux Folles\u201c geht auch mehr als 40 Jahre nach seiner Urauff\u00fchrung immer noch, geh\u00f6rt weiterhin zu den meistgespielten St\u00fccken des Genres. Den Aufruf zum Verst\u00e4ndnis f\u00fcr gleichgeschlechtliche Liebe muss sich \u201eLa Cage\u201c zwar inzwischen mit unz\u00e4hligen Filmen und TV-Shows teilen, aber Jerry Hermans Musik geht weiterhin ins Ohr und Travestie samt Glitzerfummel sind auch nie aus der Mode gekommen.<\/p>\n\n\n\n<p>Das Buch von Harvey Fierstein und Hermans Songkatalog sind ziemlich festgezurrt, sodass Regisseure nur bedingt eigene Ideen einbringen k\u00f6nnen, von kleineren lokalen Gags wie in Klagenfurt einmal abgesehen. Das Londoner Open Air Theatre hievte zum Beispiel im letzten Sommer die Show (irgendwie) in die Jetztzeit, wo alle Darsteller die franz\u00f6sische Riviera mit ihren angeborenen britischen Akzenten \u00fcberfluten durften. Solche R\u00e4tselhaftigkeiten sind diesmal nicht zu sehen oder zu h\u00f6ren, auch keine gro\u00dfen Messages: Das Programmheft quillt zwar mit queeren Aufs\u00e4tzen und Glossaren \u00fcber, doch auf der B\u00fchne setzt Regisseur Andreas Gergen vor allem auf die kom\u00f6diantischen Elemente einer Show, die bekanntlich auf der gleichnamigen franz\u00f6sischen Farce basiert.<\/p>\n\n\n<div  class=\"tpgb-wrap-956d14_6402  tpgb-wrap-fw \"  ><div id=\"956d14_6402\" class=\"tpgb-block-956d14_6402 tpgb-relative-block tpgb-gallery-list tpgb-metro gallery-style-2 hover-image-style-1   \" data-style=\"style-2\" data-id=\"956d14_6402\" data-layout=\"metro\" data-fancy-option='{\"loop\":false,\"thumb\":\"no\",\"infobar\":true,\"arrows\":true,\"transitionEffect\":\"slide\",\"button\":[\"close\"]}' data-splide='\"\"' data-metroAttr= '{\"metro_col\":3,\"tab_metro_col\":3,\"mobile_metro_col\":3,\"metro_style\":\"style-1\",\"tab_metro_style\":\"style-1\",\"mobile_metro_style\":\"style-1\"}' ><div class=\"tpgb-row post-loop-inner \"><div class=\"grid-item metro-item-0    tpgb-metro-1  tpgb-tab-metro-1  tpgb-mobile-metro-1 \"><a href=\"https:\/\/www.musical-today.de\/wp-content\/uploads\/2024\/05\/2-La-cage_SchlungcHelge-Bauer-scaled.jpg\" class=\"tpgb-gallery-list-content tpgb-trans-easeinout\" data-fancybox=\"956d14_6402\" data-caption=\"Foto: Helge Bauer\" aria-label=\"Foto: Helge Bauer\"><div class=\"post-content-image\"><div class=\"tpgb-metro-gallery-image\" style=\"background: url(https:\/\/www.musical-today.de\/wp-content\/uploads\/2024\/05\/2-La-cage_SchlungcHelge-Bauer-scaled.jpg);\"><\/div><\/div><div class=\"post-content-center\"><div class=\"post-zoom-icon\"><div class=\"meta-search-icon\"><span><img decoding=\"async\" class=\"fancy-img\" src=\"https:\/\/www.musical-today.de\/wp-content\/uploads\/2024\/05\/2-La-cage_SchlungcHelge-Bauer-scaled.jpg\" alt=\"Media Image1\" title=\"\"><i class=\"fas fa-search-plus pop-icon\"><\/i><\/span><\/div><\/div><div class=\"post-content-bottom\"><p class=\"post-title tpgb-trans-easeinout\">Foto: Helge Bauer<\/p><\/div><\/div><\/a><\/div><div class=\"grid-item metro-item-1    tpgb-metro-2  tpgb-tab-metro-2  tpgb-mobile-metro-2 \"><a href=\"https:\/\/www.musical-today.de\/wp-content\/uploads\/2024\/05\/4-La-cage_EnsemblecHelge-Bauer-scaled.jpg\" class=\"tpgb-gallery-list-content tpgb-trans-easeinout\" data-fancybox=\"956d14_6402\" data-caption=\"Foto: Helge Bauer\" aria-label=\"Foto: Helge Bauer\"><div class=\"post-content-image\"><div class=\"tpgb-metro-gallery-image\" style=\"background: url(https:\/\/www.musical-today.de\/wp-content\/uploads\/2024\/05\/4-La-cage_EnsemblecHelge-Bauer-scaled.jpg);\"><\/div><\/div><div class=\"post-content-center\"><div class=\"post-zoom-icon\"><div class=\"meta-search-icon\"><span><img decoding=\"async\" class=\"fancy-img\" src=\"https:\/\/www.musical-today.de\/wp-content\/uploads\/2024\/05\/4-La-cage_EnsemblecHelge-Bauer-scaled.jpg\" alt=\"Media Image2\" title=\"\"><i class=\"fas fa-search-plus pop-icon\"><\/i><\/span><\/div><\/div><div class=\"post-content-bottom\"><p class=\"post-title tpgb-trans-easeinout\">Foto: Helge Bauer<\/p><\/div><\/div><\/a><\/div><div class=\"grid-item metro-item-2    tpgb-metro-3  tpgb-tab-metro-3  tpgb-mobile-metro-3 \"><a href=\"https:\/\/www.musical-today.de\/wp-content\/uploads\/2024\/05\/10-La-cage_Grobe_SchlungcHelge-Bauer-scaled.jpg\" class=\"tpgb-gallery-list-content tpgb-trans-easeinout\" data-fancybox=\"956d14_6402\" data-caption=\"Foto: Helge Bauer\" aria-label=\"Foto: Helge Bauer\"><div class=\"post-content-image\"><div class=\"tpgb-metro-gallery-image\" style=\"background: url(https:\/\/www.musical-today.de\/wp-content\/uploads\/2024\/05\/10-La-cage_Grobe_SchlungcHelge-Bauer-scaled.jpg);\"><\/div><\/div><div class=\"post-content-center\"><div class=\"post-zoom-icon\"><div class=\"meta-search-icon\"><span><img decoding=\"async\" class=\"fancy-img\" src=\"https:\/\/www.musical-today.de\/wp-content\/uploads\/2024\/05\/10-La-cage_Grobe_SchlungcHelge-Bauer-scaled.jpg\" alt=\"Media Image3\" title=\"\"><i class=\"fas fa-search-plus pop-icon\"><\/i><\/span><\/div><\/div><div class=\"post-content-bottom\"><p class=\"post-title tpgb-trans-easeinout\">Foto: Helge Bauer<\/p><\/div><\/div><\/a><\/div><\/div><\/div><\/div>\n\n\n<p>Vor allem Tim Grobe scheint sich unter dieser Pr\u00e4misse wohlzuf\u00fchlen. Man hat schon souver\u00e4nere oder virilere Georges gesehen, aber selten komischere. Grobe landete wirklich jeden Lacher (auch solche, die das Buch kaum hergibt) und verk\u00f6rpert die m\u00e4nnlichere H\u00e4lfte des Abends von Beginn an \u00e4u\u00dferst nervenzerr\u00fcttet, mitunter dem Charakter einer Ray-Cooney-Farce \u00e4hnelnd: sehr am\u00fcsant, wie geschaffen f\u00fcr einen zuk\u00fcnftigen Max Bialystock aus Mel Brooks\u2019 \u201eThe Producers\u201c. Mit den Songs kommt er auf jeden Fall gut klar. Wo Grobe alles aus der Komik herauspresst, gibt Mathias Schlung einen etwas zur\u00fcckhaltenden Zaza. Aber in seinem Monolog \u2013 diese Szene kann die Show auch zum Stillstand bringen \u2013 pr\u00e4sentiert er sich mit einigen abgehangenen, jedoch auch neuen Gags fast als Stand-Up-Comedian und hat sp\u00e4testens da das Publikum auf seiner Seite. Grobe und Schlung n\u00e4hern sich in ihren Rollen von den Extrempolen etwas der Mitte an und geben insgesamt ein einnehmendes und vor allem urkomisches Paar.<\/p>\n\n\n\n<p>Die restlichen Rollen sind in Fiersteins Buch seit jeher etwas unterbeleuchtet, Timotheus Hollweg als Georges<a>\u2019<\/a> Sohn Jean-Michel wirkt weit glaubhafter in seinen Gef\u00fchlsschwankungen als viele seiner oft blassen Rollenkollegen. Michael Duregger h\u00e4tte seinen Edouard Dindon als klaren Schurken des St\u00fccks ruhig noch etwas b\u00f6ser anlegen k\u00f6nnen. Odette Brenninkmeijer als dessen Frau f\u00fcgt sich dagegen sehr gut in den kom\u00f6diantischen Charakter des Abends ein. Gergen als anerkanntem Musical-Spezialisten gelingt es, das Tempo des Abends hochzuhalten und das Publikum gut zu unterhalten. Nur zweimal \u00fcbertreiben er bzw. sein Choreograf Wei-Ken Liao: Die Disco-Einlage von Grobe und Brenninkmeijer lenkt unn\u00f6tigerweise vom Hit \u201eDie sch\u00f6nste Zeit ist heut\u2019\u201c ab, auch wenn sie Applaus einbringt. Und dass Romeo Salazar als Butler\/Zofe Jacob slapstickhaft ein Riesenkreuz \u00fcber die B\u00fchne schleppen muss, kostet der bedauernswerten Anna Rosa D\u00f6ller als Anne den einzigen schauspielerisch herausfordernden Rollenmoment.<\/p>\n\n\n\n<p>Thomas Stingl ist sowohl f\u00fcr Kost\u00fcme als auch B\u00fchne zust\u00e4ndig. Erstere geh\u00f6ren sicher zu den Pluspunkten des Abends, w\u00e4hrend etwa die Nachtclub-Bilder genauso in jedem anderen Backstage-Musical herhalten h\u00e4tten k\u00f6nnen. Das K\u00e4rntner Sinfonieorchester unter G\u00fcnther Wallner wirkt bei Hermans ruhigeren Songs etwas passender als bei dessen schwungvollen Hymnen. Das Klagenfurter Publikum erlebt keinen revolution\u00e4ren oder Message-lastigen Abend, aber daf\u00fcr einen sehr am\u00fcsanten. Und damit wird die Produktion dem Titel des St\u00fccks eigentlich auch mehr als nur gerecht.<\/p>\n\n\n\n<hr class=\"wp-block-separator has-alpha-channel-opacity is-style-dots\"\/>\n\n\n\n<p class=\"has-small-font-size\">Musikalische Leitung und Chor: G\u00fcnter Wallner \u2022 Choreografie: Wei-Ken Liao \u2022 Ausstattung: Thomas Stingl \u2022 Licht: Walter K\u00f6nig \u2022 Mit: Mathias Schlung (Albin\/Zaza), Tim Grobe (Georges), Timotheus Hollweg (Jean-Michel), Anna Rosa D\u00f6ller (Anne Dindon), Romeo Salazar (Jacob), Michael Duregger (Edouard Dindon), Odette Brenninkmeijer (Marie Dindon), Ines Hengl-Pirker (Jaqueline), Thomas Tischler (Francis), Krassimir Tassev (Monsieur Renaud), Dorothea Zimmermann (Madame Renaud), Devin Lion Dreweck (Chantal), David Hegyi (Hanna), Edd Hall (Merc\u00e9d\u00e8s), Steffen Gerstle (Phaedra), Simon Lausberg (Odette), Lisa-Marie Rettenbacher (Derma), Clara Maria Determann (Angelique), Benedikt Peters (Colette), Istvan Szauer\/Konstantin Gritzner (Gogos), Alexander Tatschl (Kind) \u2022 Chor des Stadttheaters Klagenfurt \u2022 K\u00e4rtner Sinfonieorchester<\/p>\n\n\n\n<p class=\"has-small-font-size\">Aufmacherfoto: Helge Bauer<\/p>\n","protected":false},"excerpt":{"rendered":"<p>\u201eLa Cage aux Folles\u201c besinnt sich in Klagenfurt auf seine Farce-Elemente Das Stadttheater Klagenfurt greift auf ein (altbekanntes) Travestie-Musical zur\u00fcck: \u201eLa Cage aux Folles\u201c geht auch mehr als 40 Jahre nach seiner Urauff\u00fchrung immer noch, geh\u00f6rt weiterhin zu den meistgespielten St\u00fccken des Genres. Den Aufruf zum Verst\u00e4ndnis f\u00fcr gleichgeschlechtliche Liebe muss sich \u201eLa Cage\u201c zwar inzwischen mit unz\u00e4hligen Filmen und TV-Shows teilen, aber Jerry Hermans Musik geht weiterhin ins Ohr und Travestie samt Glitzerfummel sind auch nie aus der Mode [&hellip;]<\/p>\n","protected":false},"author":37,"featured_media":6403,"comment_status":"closed","ping_status":"closed","sticky":false,"template":"","format":"standard","meta":{"tpgb_global_settings":"","footnotes":""},"categories":[154],"tags":[],"class_list":["post-6402","post","type-post","status-publish","format-standard","has-post-thumbnail","hentry","category-klagenfurt"],"tpgb_featured_images":{"full":["https:\/\/www.musical-today.de\/wp-content\/uploads\/2024\/05\/1-La-cage_EnsemblecHelge-Bauer-scaled.jpg",2560,1707,false],"tp-image-grid":["https:\/\/www.musical-today.de\/wp-content\/uploads\/2024\/05\/1-La-cage_EnsemblecHelge-Bauer-700x700.jpg",700,700,true],"thumbnail":["https:\/\/www.musical-today.de\/wp-content\/uploads\/2024\/05\/1-La-cage_EnsemblecHelge-Bauer-400x267.jpg",400,267,true],"medium":["https:\/\/www.musical-today.de\/wp-content\/uploads\/2024\/05\/1-La-cage_EnsemblecHelge-Bauer-980x654.jpg",980,654,true],"medium_large":["https:\/\/www.musical-today.de\/wp-content\/uploads\/2024\/05\/1-La-cage_EnsemblecHelge-Bauer-949x633.jpg",770,514,true],"large":["https:\/\/www.musical-today.de\/wp-content\/uploads\/2024\/05\/1-La-cage_EnsemblecHelge-Bauer-1920x1280.jpg",1139,759,true],"default":"https:\/\/www.musical-today.de\/wp-content\/plugins\/the-plus-addons-for-block-editor\/assets\/images\/tpgb-placeholder.jpg"},"tpgb_post_meta_info":{"get_date":"03.05.2024","get_modified_date":"15.04.2025","category_list":{"category":[{"term_id":154,"name":"Klagenfurt","slug":"klagenfurt","term_group":0,"term_taxonomy_id":154,"taxonomy":"category","description":"","parent":114,"count":1,"filter":"raw","term_order":"7"}],"post_tag":false,"post_format":false},"author_name":"Bernd Freim\u00fcller","author_url":"https:\/\/www.musical-today.de\/en\/autor\/berndfreimueller\/","author_email":"temporary-removeZEvnA09b54wB39f@tmp.com","author_website":"","author_description":"studierte Publizistik und ist seit mehr als 40 Jahren als fester und freier Journalist t\u00e4tig. Im Kulturbereich war er neben einer T\u00e4tigkeit als \u00d6sterreich-Korrespondent f\u00fcr \u201ePlaybill Online\u201c fast 30 Jahre als Rezensent f\u00fcr das Magazin \u201emusicals\u201c t\u00e4tig. Sein Spezialgebiet sind die klassischen Musicals, die er sowohl im deutschen Sprachraum als auch am Broadway und im West End in verschiedensten Versionen verfolgt hat.","author_facebook":"","author_twitter":"","author_instagram":"","author_role":["author"],"author_firstname":"Bernd","author_lastname":"Freim\u00fcller","user_login":"berndfreimueller","author_avatar":"<img src=\"https:\/\/www.musical-today.de\/wp-content\/uploads\/2024\/03\/Bernd-Freimueller-293x293.jpg\" width=\"200\" height=\"200\" alt=\"Bernd Freim\u00fcller\" class=\"avatar avatar-200 wp-user-avatar wp-user-avatar-200 alignnone photo\" \/>","author_avatar_url":"https:\/\/www.musical-today.de\/wp-content\/uploads\/2024\/03\/Bernd-Freimueller.jpg","comment_count":0,"post_likes":0,"post_views":0},"tpgb_post_category":{"category":"<a href=\"https:\/\/www.musical-today.de\/en\/oesterreich\/klagenfurt\/\" alt=\"Klagenfurt\"  class=\"category-klagenfurt\">Klagenfurt<\/a> "},"_links":{"self":[{"href":"https:\/\/www.musical-today.de\/en\/wp-json\/wp\/v2\/posts\/6402","targetHints":{"allow":["GET"]}}],"collection":[{"href":"https:\/\/www.musical-today.de\/en\/wp-json\/wp\/v2\/posts"}],"about":[{"href":"https:\/\/www.musical-today.de\/en\/wp-json\/wp\/v2\/types\/post"}],"author":[{"embeddable":true,"href":"https:\/\/www.musical-today.de\/en\/wp-json\/wp\/v2\/users\/37"}],"replies":[{"embeddable":true,"href":"https:\/\/www.musical-today.de\/en\/wp-json\/wp\/v2\/comments?post=6402"}],"version-history":[{"count":0,"href":"https:\/\/www.musical-today.de\/en\/wp-json\/wp\/v2\/posts\/6402\/revisions"}],"wp:featuredmedia":[{"embeddable":true,"href":"https:\/\/www.musical-today.de\/en\/wp-json\/wp\/v2\/media\/6403"}],"wp:attachment":[{"href":"https:\/\/www.musical-today.de\/en\/wp-json\/wp\/v2\/media?parent=6402"}],"wp:term":[{"taxonomy":"category","embeddable":true,"href":"https:\/\/www.musical-today.de\/en\/wp-json\/wp\/v2\/categories?post=6402"},{"taxonomy":"post_tag","embeddable":true,"href":"https:\/\/www.musical-today.de\/en\/wp-json\/wp\/v2\/tags?post=6402"}],"curies":[{"name":"wp","href":"https:\/\/api.w.org\/{rel}","templated":true}]}}