{"id":6512,"date":"2024-05-09T20:31:08","date_gmt":"2024-05-09T18:31:08","guid":{"rendered":"https:\/\/www.musical-today.de\/?p=6512"},"modified":"2025-04-15T14:28:19","modified_gmt":"2025-04-15T12:28:19","slug":"berlin-kudamm-59-das-musical","status":"publish","type":"post","link":"https:\/\/www.musical-today.de\/en\/berlin-kudamm-59-das-musical\/","title":{"rendered":"Ku\u2019damm 59 \u2013 Das Musical"},"content":{"rendered":"<div class=\"lets-info-up-wrap  lets-info-up--right lets-info-up--m-1 lets-info-up-skin-3 lets-info-up--side lets-info-up-83198\" style=\"background:#fafafa; color: #616161\">\t\t\t<div class=\"lets-info-up\">\r\n\t\t\t<div class=\"lets-info-up-fi\"><img decoding=\"async\" width=\"500\" height=\"333\" src=\"https:\/\/www.musical-today.de\/wp-content\/uploads\/2024\/01\/qi-addons-for-elementor-placeholder-500x333.png\" class=\"attachment-lets-info-up-d1 size-lets-info-up-d1\" alt=\"|\" srcset=\"https:\/\/www.musical-today.de\/wp-content\/uploads\/2024\/01\/qi-addons-for-elementor-placeholder-500x333.png 500w, https:\/\/www.musical-today.de\/wp-content\/uploads\/2024\/01\/qi-addons-for-elementor-placeholder-300x200.png 300w, https:\/\/www.musical-today.de\/wp-content\/uploads\/2024\/01\/qi-addons-for-elementor-placeholder-1024x683.png 1024w, https:\/\/www.musical-today.de\/wp-content\/uploads\/2024\/01\/qi-addons-for-elementor-placeholder-883x589.png 883w, https:\/\/www.musical-today.de\/wp-content\/uploads\/2024\/01\/qi-addons-for-elementor-placeholder-18x12.png 18w, https:\/\/www.musical-today.de\/wp-content\/uploads\/2024\/01\/qi-addons-for-elementor-placeholder-360x240.png 360w, https:\/\/www.musical-today.de\/wp-content\/uploads\/2024\/01\/qi-addons-for-elementor-placeholder-1155x770.png 1155w, https:\/\/www.musical-today.de\/wp-content\/uploads\/2024\/01\/qi-addons-for-elementor-placeholder-370x247.png 370w, https:\/\/www.musical-today.de\/wp-content\/uploads\/2024\/01\/qi-addons-for-elementor-placeholder-770x513.png 770w, https:\/\/www.musical-today.de\/wp-content\/uploads\/2024\/01\/qi-addons-for-elementor-placeholder-293x195.png 293w, https:\/\/www.musical-today.de\/wp-content\/uploads\/2024\/01\/qi-addons-for-elementor-placeholder-120x80.png 120w, https:\/\/www.musical-today.de\/wp-content\/uploads\/2024\/01\/qi-addons-for-elementor-placeholder-240x160.png 240w, https:\/\/www.musical-today.de\/wp-content\/uploads\/2024\/01\/qi-addons-for-elementor-placeholder-390x260.png 390w, https:\/\/www.musical-today.de\/wp-content\/uploads\/2024\/01\/qi-addons-for-elementor-placeholder.png 1200w\" sizes=\"(max-width: 500px) 100vw, 500px\" title=\"\"><\/div>\t\t\t<div class=\"lets-info-up-block-wrap\">\r\n\t\t\t\t<div class=\"lets-info-up-block lets-info-up-meta-block\"><div class=\"lets-info-up-meta-title lets-info-up-pretitle font-h\" style=\"color: #8c6d18;\">oRT<\/div><div class=\"lets-info-up-meta-content lets-info-up-title font-b\">Stage Theater des Westens<br>Berlin<\/div><\/div><div class=\"lets-info-up-block lets-info-up-meta-block\"><div class=\"lets-info-up-meta-title lets-info-up-pretitle font-h\" style=\"color: #8c6d18;\">von<\/div><div class=\"lets-info-up-meta-content lets-info-up-title font-b\">Peter Plate, Ulf Leo Sommer und Joshua Lange (Musik und Gesangstexte)<br>Annette Hess (Buch)<\/div><\/div><div class=\"lets-info-up-block lets-info-up-meta-block\"><div class=\"lets-info-up-meta-title lets-info-up-pretitle font-h\" style=\"color: #8c6d18;\">Regie<\/div><div class=\"lets-info-up-meta-content lets-info-up-title font-b\">Christoph Drewitz<\/div><\/div><div class=\"lets-info-up-block lets-info-up-meta-block\"><div class=\"lets-info-up-meta-title lets-info-up-pretitle font-h\" style=\"color: #8c6d18;\">Urauff\u00fchrunG<\/div><div class=\"lets-info-up-meta-content lets-info-up-title font-b\">2024<\/div><\/div><div class=\"lets-info-up-block lets-info-up-meta-block\"><div class=\"lets-info-up-meta-title lets-info-up-pretitle font-h\" style=\"color: #8c6d18;\">INFOS<\/div><div class=\"lets-info-up-meta-content lets-info-up-title font-b\"><a href=\"https:\/\/www.stage-entertainment.de\/musicals-shows\/kudamm-59-berlin\" data-type=\"link\" target=\"_blank\" rel=\"noopener noreferrer nofollow\">www.stage-entertainment.de<\/a><\/div><\/div>\t\t\t<\/div>\r\n\t\t\t<\/div>\r\n\t\t<\/div>\r\n\t\t\n\n\n<p><strong>Urauff\u00fchrung von \u201eKu\u2019damm 59 \u2013 Das Musical\u201c<\/strong><\/p>\n\n\n\n<p>Kein Prachtboulevard, nirgends. Stattdessen schlichte Zimmer, schmucklose H\u00e4userzeilen, eine schmuddelige Bar: Kulissen f\u00fcr eine Hinterhof-Story oder einen Film Noir. Hier ist wenig Platz f\u00fcr Metropolen-Glanz samt Wirtschaftswunder-Flair \u2013 und dann noch ein melancholisch verhangenes Chanson Tristesse wie \u201eFr\u00fchling in Berlin\u201c. So wollen es Annette Hess (Buch) sowie Peter Plate und Ulf Leo Sommer im Gespann mit Joshua Lange (Musik\/Gesangstexte) als Kreativ-Team. Und doch zeigen sie immer wieder die Kehrseite der bleichen Medaille mit pulsierend praller Vitalit\u00e4t. Ihr j\u00fcngstes Werk \u201eKu\u2019damm 59\u201c folgt den Spuren der gleichnamigen TV-Serie, komprimiert die zweite Staffel der bitters\u00fc\u00dfen Geschichte der Familie Sch\u00f6llack wieder auf einen Abend und wertet sie mit erstklassigen, eing\u00e4ngigen Songs auf. Die bejubelte Urauff\u00fchrung im Berliner Theater des Westens verspricht eine lange Laufzeit.<\/p>\n\n\n\n<p>Das Musical \u00f6ffnet den Blick auf eine zerrissene Gesellschaft, zwischen Ost und West parzelliert, beschmutzt vom braunen Sumpf \u2013 ein Gewirr aus klebriger Moral, Aufbr\u00fcchen, \u00fcbler Frauenfeindlichkeit und Emanzipationsbegehren, Pr\u00fcderie, Klitterung: reichlich Inhalt f\u00fcr drei gehaltvolle Stunden. Fast permanent droht die Gefahr, in schwerlastige Beziehungskonstellationen abzurutschen.<\/p>\n\n\n<div  class=\"tpgb-wrap-956d14_6512  tpgb-wrap-fw \"  ><div id=\"956d14_6512\" class=\"tpgb-block-956d14_6512 tpgb-relative-block tpgb-gallery-list tpgb-metro gallery-style-2 hover-image-style-1   \" data-style=\"style-2\" data-id=\"956d14_6512\" data-layout=\"metro\" data-fancy-option='{\"loop\":false,\"thumb\":\"no\",\"infobar\":true,\"arrows\":true,\"transitionEffect\":\"slide\",\"button\":[\"close\"]}' data-splide='\"\"' data-metroAttr= '{\"metro_col\":3,\"tab_metro_col\":3,\"mobile_metro_col\":3,\"metro_style\":\"style-1\",\"tab_metro_style\":\"style-1\",\"mobile_metro_style\":\"style-1\"}' ><div class=\"tpgb-row post-loop-inner \"><div class=\"grid-item metro-item-0    tpgb-metro-1  tpgb-tab-metro-1  tpgb-mobile-metro-1 \"><a href=\"https:\/\/www.musical-today.de\/wp-content\/uploads\/2024\/05\/KD59_04\u00a9DominicErnst-scaled.jpg\" class=\"tpgb-gallery-list-content tpgb-trans-easeinout\" data-fancybox=\"956d14_6512\" data-caption=\"Foto: Dominic Ernst\" aria-label=\"Foto: Dominic Ernst\"><div class=\"post-content-image\"><div class=\"tpgb-metro-gallery-image\" style=\"background: url(https:\/\/www.musical-today.de\/wp-content\/uploads\/2024\/05\/KD59_04\u00a9DominicErnst-scaled.jpg);\"><\/div><\/div><div class=\"post-content-center\"><div class=\"post-zoom-icon\"><div class=\"meta-search-icon\"><span><img decoding=\"async\" class=\"fancy-img\" src=\"https:\/\/www.musical-today.de\/wp-content\/uploads\/2024\/05\/KD59_04\u00a9DominicErnst-scaled.jpg\" alt=\"Media Image1\" title=\"\"><i class=\"fas fa-search-plus pop-icon\"><\/i><\/span><\/div><\/div><div class=\"post-content-bottom\"><p class=\"post-title tpgb-trans-easeinout\">Foto: Dominic Ernst<\/p><\/div><\/div><\/a><\/div><div class=\"grid-item metro-item-1    tpgb-metro-2  tpgb-tab-metro-2  tpgb-mobile-metro-2 \"><a href=\"https:\/\/www.musical-today.de\/wp-content\/uploads\/2024\/05\/2-KD59_40\u00a9DominicErnst-scaled.jpg\" class=\"tpgb-gallery-list-content tpgb-trans-easeinout\" data-fancybox=\"956d14_6512\" data-caption=\"Foto: Dominic Ernst\" aria-label=\"Foto: Dominic Ernst\"><div class=\"post-content-image\"><div class=\"tpgb-metro-gallery-image\" style=\"background: url(https:\/\/www.musical-today.de\/wp-content\/uploads\/2024\/05\/2-KD59_40\u00a9DominicErnst-scaled.jpg);\"><\/div><\/div><div class=\"post-content-center\"><div class=\"post-zoom-icon\"><div class=\"meta-search-icon\"><span><img decoding=\"async\" class=\"fancy-img\" src=\"https:\/\/www.musical-today.de\/wp-content\/uploads\/2024\/05\/2-KD59_40\u00a9DominicErnst-scaled.jpg\" alt=\"Media Image2\" title=\"\"><i class=\"fas fa-search-plus pop-icon\"><\/i><\/span><\/div><\/div><div class=\"post-content-bottom\"><p class=\"post-title tpgb-trans-easeinout\">Foto: Dominic Ernst<\/p><\/div><\/div><\/a><\/div><div class=\"grid-item metro-item-2    tpgb-metro-3  tpgb-tab-metro-3  tpgb-mobile-metro-3 \"><a href=\"https:\/\/www.musical-today.de\/wp-content\/uploads\/2024\/05\/KD59_53\u00a9JoernHartmann-scaled.jpg\" class=\"tpgb-gallery-list-content tpgb-trans-easeinout\" data-fancybox=\"956d14_6512\" data-caption=\"Foto: J\u00f6rn Hartmann\" aria-label=\"Foto: J\u00f6rn Hartmann\"><div class=\"post-content-image\"><div class=\"tpgb-metro-gallery-image\" style=\"background: url(https:\/\/www.musical-today.de\/wp-content\/uploads\/2024\/05\/KD59_53\u00a9JoernHartmann-scaled.jpg);\"><\/div><\/div><div class=\"post-content-center\"><div class=\"post-zoom-icon\"><div class=\"meta-search-icon\"><span><img decoding=\"async\" class=\"fancy-img\" src=\"https:\/\/www.musical-today.de\/wp-content\/uploads\/2024\/05\/KD59_53\u00a9JoernHartmann-scaled.jpg\" alt=\"Media Image3\" title=\"\"><i class=\"fas fa-search-plus pop-icon\"><\/i><\/span><\/div><\/div><div class=\"post-content-bottom\"><p class=\"post-title tpgb-trans-easeinout\">Foto: J\u00f6rn Hartmann<\/p><\/div><\/div><\/a><\/div><\/div><\/div><\/div>\n\n\n<p>Davon befreien sich die Autoren allerdings mit Verve und handwerklichem Geschick. Sie platzieren tragische Elemente neben Fr\u00f6hlichkeit, durchstreifen eine kurze, spannungsgeladene Episode der Nachkriegsjahre mit dramaturgischer Finesse und Fingerspitzengef\u00fchl f\u00fcr richtiges Timing und garantieren allerbeste Unterhaltung ohne eine Prise Langeweile. Aus dieser Fundgrube sch\u00f6pft Regisseur Christoph Drewitz gen\u00fcsslich. Er zurrt die F\u00e4den straff zusammen, g\u00f6nnt Raum f\u00fcr Emotionen, stille Momente und Show-Glasur. Seine Inszenierung sorgt f\u00fcr scharfe Schnitte, ausget\u00fcftelte Personenf\u00fchrung und flottes Tempo. Entsprechend geht nach einem etwas faden Auftakt rasch die Post ab.<\/p>\n\n\n\n<p>Drewitz kann sich auf starke Unterst\u00fctzung verlassen. Katrin Nottrodt mit einem sparsamen B\u00fchnenbild und Licht-Designer Tim Delling loten wechselnde Stimmungen subtil aus und entfalten Atmosph\u00e4re, Esther Bialas hat dazu stilechte Kost\u00fcme kreiert. Die Choreografie von Jonathan Huor sitzt perfekt und \u00fcbertr\u00e4gt die jeweiligen Situationen in ansehnliche Bewegungsabl\u00e4ufe mit sprudelnder Energie. Shay Cohen und seine auf den intendierten Sound punktgenau eingeschworene Band lenken jeden Song in ein ber\u00fcckendes Licht, egal ob Tango, Ballade oder Rock\u2019n\u2019Roll. Das Komponisten-Trio hat ein qualitativ und quantitativ staunenswertes Spektrum entwickelt, das Tuchf\u00fchlung mit Schlagern des damaligen Geschmacks aufnimmt, den marschlastigen Ton der NS-Jahre ironisiert und au\u00dferdem zeitlos wirkt, stets mit geschliffenen Liedtexten und oft historischen Bez\u00fcgen. \u201eHotel am Wolfgangsee\u201c, \u201eSpeer und Riefenstahl\u201c, \u201eMarie l\u00e4uft Amok\u201c, \u201eZwischen Ost und West\u201c oder \u201eGeh ran\u201c erweisen sich als Show-Stopper.<\/p>\n\n\n\n<p>Im Mittelpunkt steht die resolute Tanzlehrerin Caterina Sch\u00f6llack (famos: Katja Uhlig) mit ihren T\u00f6chtern Eva (Isabel Waltsgott), Helga (Pamina Lenn) und Monika (\u00fcberragend: Celina dos Santos) \u2013 eine Premiumbesetzung. Eva ist mit Professor Fassbender (Cusch Jung) verheiratet, der seine Frau mit chauvinistischen Spr\u00fcchen traktiert; Helga mit Staatsanwalt Wolfgang von Boost (Philipp Nowicki), den es mehr zu Hans (Alexander Auler) aus Ost-Berlin zieht. Monika lebt mit dem ehemaligen KZ-Insassen Freddy (Mathias Reiser) zusammen, liebt jedoch Joachim (Tobias Joch) und m\u00f6chte Karriere beim Film machen. Daf\u00fcr ist die schmierige Christa Moser (k\u00f6stlich: Steffi Irmen) zust\u00e4ndig. Sie res\u00fcssierte als Regisseurin von Nazi-Propagandafilmen, die sie postwendend als gro\u00dfe Kunst deklariert \u2013 jetzt verdient Moser ihr Geld mit cineastischen Schenkelklopf-Postillen. Eine handverlesene Cast, die sich absolut sehen und h\u00f6ren lassen kann und mit Begeisterung bei der Sache ist, was dem Musical m\u00e4chtig auf die Spr\u00fcnge hilft.<\/p>\n\n\n\n<p>\u201eKu\u2019damm 59\u201c balanciert zwischen ber\u00fchrenden Augenblicken, \u00fcppigem Kolorit, hitzig aufgedrehten Tableaux und tieftraurigen Szenen. Die Macher spazieren dabei bewusst haarscharf an billigen Klischees und rustikaler Kom\u00f6die vorbei. Wenn Christa Moser pl\u00f6tzlich ihre lesbische Neigung offenbart, erscheint das aufgesetzt, das meiste aber funktioniert wunderbar, bis hin zum finalen Still-Leben in Caterinas Schlafgemach. Berlin hat nach dem ersten Teil \u201eKu\u2019damm 56\u201c (2021) wieder einen Musical-Hit, der richtig Furore machen d\u00fcrfte.<\/p>\n\n\n\n<hr class=\"wp-block-separator has-alpha-channel-opacity is-style-dots\"\/>\n\n\n\n<p class=\"has-small-font-size\">Musikalische Leitung: Shay Cohen \u2022 Choreografie: Jonathan Huor \u2022 B\u00fchne: Katrin Nottrodt \u2022 Kost\u00fcme: Esther Bialas \u2022 Licht: Tim Delling <a>\u2022<\/a> Sounddesign: Florentin Adolf \u2022 Mit: Celina dos Santos (Monika Sch\u00f6llack), Katja Uhlig (Caterina Sch\u00f6llack), Isabel Waltsgott (Eva Fassbender), Pamina Lenn (Helga von Boost), Steffi Irmen (Christa Moser), Mathias Reiser (Freddy Donath), Tobias Joch (Joachim Franck), Philipp Nowicki (Wolfgang von Boost), Cusch Jung (Prof. Dr. J\u00fcrgen Fassbender), Alexander Auler (Hans Liebknecht) u.a.<\/p>\n\n\n\n<p class=\"has-small-font-size\">Aufmacherfoto: sunstroem<\/p>\n","protected":false},"excerpt":{"rendered":"<p>Urauff\u00fchrung von \u201eKu\u2019damm 59 \u2013 Das Musical\u201c Kein Prachtboulevard, nirgends. Stattdessen schlichte Zimmer, schmucklose H\u00e4userzeilen, eine schmuddelige Bar: Kulissen f\u00fcr eine Hinterhof-Story oder einen Film Noir. Hier ist wenig Platz f\u00fcr Metropolen-Glanz samt Wirtschaftswunder-Flair \u2013 und dann noch ein melancholisch verhangenes Chanson Tristesse wie \u201eFr\u00fchling in Berlin\u201c. So wollen es Annette Hess (Buch) sowie Peter Plate und Ulf Leo Sommer im Gespann mit Joshua Lange (Musik\/Gesangstexte) als Kreativ-Team. Und doch zeigen sie immer wieder die Kehrseite der bleichen Medaille mit [&hellip;]<\/p>\n","protected":false},"author":4,"featured_media":6510,"comment_status":"closed","ping_status":"closed","sticky":false,"template":"","format":"standard","meta":{"tpgb_global_settings":"","footnotes":""},"categories":[130],"tags":[],"class_list":["post-6512","post","type-post","status-publish","format-standard","has-post-thumbnail","hentry","category-berlin"],"tpgb_featured_images":{"full":["https:\/\/www.musical-today.de\/wp-content\/uploads\/2024\/05\/7-KD59_33\u00a9sunstroem-scaled.jpg",2560,1714,false],"tp-image-grid":["https:\/\/www.musical-today.de\/wp-content\/uploads\/2024\/05\/7-KD59_33\u00a9sunstroem-700x700.jpg",700,700,true],"thumbnail":["https:\/\/www.musical-today.de\/wp-content\/uploads\/2024\/05\/7-KD59_33\u00a9sunstroem-400x268.jpg",400,268,true],"medium":["https:\/\/www.musical-today.de\/wp-content\/uploads\/2024\/05\/7-KD59_33\u00a9sunstroem-980x656.jpg",980,656,true],"medium_large":["https:\/\/www.musical-today.de\/wp-content\/uploads\/2024\/05\/7-KD59_33\u00a9sunstroem-949x635.jpg",770,515,true],"large":["https:\/\/www.musical-today.de\/wp-content\/uploads\/2024\/05\/7-KD59_33\u00a9sunstroem-1920x1285.jpg",1139,762,true],"default":"https:\/\/www.musical-today.de\/wp-content\/plugins\/the-plus-addons-for-block-editor\/assets\/images\/tpgb-placeholder.jpg"},"tpgb_post_meta_info":{"get_date":"09.05.2024","get_modified_date":"15.04.2025","category_list":{"category":[{"term_id":130,"name":"Berlin","slug":"berlin","term_group":0,"term_taxonomy_id":130,"taxonomy":"category","description":"","parent":19,"count":27,"filter":"raw","term_order":"9"}],"post_tag":false,"post_format":false},"author_name":"J\u00fcrgen Rickert","author_url":"https:\/\/www.musical-today.de\/en\/autor\/juergenrickert\/","author_email":"maail@valentinboesing.de","author_website":"","author_description":"Redakteur, Journalist, PR-Manager, P\u00e4dagoge. Arbeit in s\u00e4mtlichen Medien, mit Schwerpunkt Musiktheater-Rezensionen. Mitinitiator verschiedener internationaler Formate der UNESCO wie Euro-Arabischer Dialog, Deutsch-Afrikanische Jugendakademie, Climate Action Network. Dramaturgie und Produktionsleitung, z. B. \"Wohin gehst Du\" (Tanzprojekt), \"Gelbe Ohrfeigen\" (ARTE), Entwicklung des mehrfach interkontinental durchgef\u00fchrten Konzepts \"From Head to Heart\" mit szenischen Installationen.","author_facebook":"","author_twitter":"","author_instagram":"","author_role":["redakteur","author","editor","redaktionsteam"],"author_firstname":"J\u00fcrgen","author_lastname":"Rickert","user_login":"hjr","author_avatar":"<img src=\"https:\/\/www.musical-today.de\/wp-content\/uploads\/2024\/01\/cropped-Bildschirmfoto-2024-01-21-um-09.35.54-293x293.jpeg\" width=\"200\" height=\"200\" alt=\"J\u00fcrgen Rickert\" class=\"avatar avatar-200 wp-user-avatar wp-user-avatar-200 alignnone photo\" \/>","author_avatar_url":"https:\/\/www.musical-today.de\/wp-content\/uploads\/2024\/01\/cropped-Bildschirmfoto-2024-01-21-um-09.35.54.jpeg","comment_count":0,"post_likes":0,"post_views":0},"tpgb_post_category":{"category":"<a href=\"https:\/\/www.musical-today.de\/en\/deutschland\/berlin\/\" alt=\"Berlin\"  class=\"category-berlin\">Berlin<\/a> "},"_links":{"self":[{"href":"https:\/\/www.musical-today.de\/en\/wp-json\/wp\/v2\/posts\/6512","targetHints":{"allow":["GET"]}}],"collection":[{"href":"https:\/\/www.musical-today.de\/en\/wp-json\/wp\/v2\/posts"}],"about":[{"href":"https:\/\/www.musical-today.de\/en\/wp-json\/wp\/v2\/types\/post"}],"author":[{"embeddable":true,"href":"https:\/\/www.musical-today.de\/en\/wp-json\/wp\/v2\/users\/4"}],"replies":[{"embeddable":true,"href":"https:\/\/www.musical-today.de\/en\/wp-json\/wp\/v2\/comments?post=6512"}],"version-history":[{"count":0,"href":"https:\/\/www.musical-today.de\/en\/wp-json\/wp\/v2\/posts\/6512\/revisions"}],"wp:featuredmedia":[{"embeddable":true,"href":"https:\/\/www.musical-today.de\/en\/wp-json\/wp\/v2\/media\/6510"}],"wp:attachment":[{"href":"https:\/\/www.musical-today.de\/en\/wp-json\/wp\/v2\/media?parent=6512"}],"wp:term":[{"taxonomy":"category","embeddable":true,"href":"https:\/\/www.musical-today.de\/en\/wp-json\/wp\/v2\/categories?post=6512"},{"taxonomy":"post_tag","embeddable":true,"href":"https:\/\/www.musical-today.de\/en\/wp-json\/wp\/v2\/tags?post=6512"}],"curies":[{"name":"wp","href":"https:\/\/api.w.org\/{rel}","templated":true}]}}