{"id":6555,"date":"2024-05-15T22:08:10","date_gmt":"2024-05-15T20:08:10","guid":{"rendered":"https:\/\/www.musical-today.de\/?p=6555"},"modified":"2025-04-15T14:28:19","modified_gmt":"2025-04-15T12:28:19","slug":"hof-zorro-das-musical","status":"publish","type":"post","link":"https:\/\/www.musical-today.de\/en\/hof-zorro-das-musical\/","title":{"rendered":"Zorro \u2013 Das Musical"},"content":{"rendered":"<div class=\"lets-info-up-wrap  lets-info-up--right lets-info-up--m-1 lets-info-up-skin-3 lets-info-up--side lets-info-up-78307\" style=\"background:#fafafa; color: #616161\">\t\t\t<div class=\"lets-info-up\">\r\n\t\t\t<div class=\"lets-info-up-fi\"><img decoding=\"async\" width=\"500\" height=\"333\" src=\"https:\/\/www.musical-today.de\/wp-content\/uploads\/2024\/01\/qi-addons-for-elementor-placeholder-500x333.png\" class=\"attachment-lets-info-up-d1 size-lets-info-up-d1\" alt=\"|\" srcset=\"https:\/\/www.musical-today.de\/wp-content\/uploads\/2024\/01\/qi-addons-for-elementor-placeholder-500x333.png 500w, https:\/\/www.musical-today.de\/wp-content\/uploads\/2024\/01\/qi-addons-for-elementor-placeholder-300x200.png 300w, https:\/\/www.musical-today.de\/wp-content\/uploads\/2024\/01\/qi-addons-for-elementor-placeholder-1024x683.png 1024w, https:\/\/www.musical-today.de\/wp-content\/uploads\/2024\/01\/qi-addons-for-elementor-placeholder-883x589.png 883w, https:\/\/www.musical-today.de\/wp-content\/uploads\/2024\/01\/qi-addons-for-elementor-placeholder-18x12.png 18w, https:\/\/www.musical-today.de\/wp-content\/uploads\/2024\/01\/qi-addons-for-elementor-placeholder-360x240.png 360w, https:\/\/www.musical-today.de\/wp-content\/uploads\/2024\/01\/qi-addons-for-elementor-placeholder-1155x770.png 1155w, https:\/\/www.musical-today.de\/wp-content\/uploads\/2024\/01\/qi-addons-for-elementor-placeholder-370x247.png 370w, https:\/\/www.musical-today.de\/wp-content\/uploads\/2024\/01\/qi-addons-for-elementor-placeholder-770x513.png 770w, https:\/\/www.musical-today.de\/wp-content\/uploads\/2024\/01\/qi-addons-for-elementor-placeholder-293x195.png 293w, https:\/\/www.musical-today.de\/wp-content\/uploads\/2024\/01\/qi-addons-for-elementor-placeholder-120x80.png 120w, https:\/\/www.musical-today.de\/wp-content\/uploads\/2024\/01\/qi-addons-for-elementor-placeholder-240x160.png 240w, https:\/\/www.musical-today.de\/wp-content\/uploads\/2024\/01\/qi-addons-for-elementor-placeholder-390x260.png 390w, https:\/\/www.musical-today.de\/wp-content\/uploads\/2024\/01\/qi-addons-for-elementor-placeholder.png 1200w\" sizes=\"(max-width: 500px) 100vw, 500px\" title=\"\"><\/div>\t\t\t<div class=\"lets-info-up-block-wrap\">\r\n\t\t\t\t<div class=\"lets-info-up-block lets-info-up-meta-block\"><div class=\"lets-info-up-meta-title lets-info-up-pretitle font-h\" style=\"color: #8c6d18;\">oRT<\/div><div class=\"lets-info-up-meta-content lets-info-up-title font-b\">Theater Hof<\/div><\/div><div class=\"lets-info-up-block lets-info-up-meta-block\"><div class=\"lets-info-up-meta-title lets-info-up-pretitle font-h\" style=\"color: #8c6d18;\">von<\/div><div class=\"lets-info-up-meta-content lets-info-up-title font-b\">The Gipsy Kings (Musik)<br>Stephen Clark (Buch und Gesangstexte)<\/div><\/div><div class=\"lets-info-up-block lets-info-up-meta-block\"><div class=\"lets-info-up-meta-title lets-info-up-pretitle font-h\" style=\"color: #8c6d18;\">Regie und Choreografie<\/div><div class=\"lets-info-up-meta-content lets-info-up-title font-b\">Tam\u00e1s Mester<\/div><\/div><div class=\"lets-info-up-block lets-info-up-meta-block\"><div class=\"lets-info-up-meta-title lets-info-up-pretitle font-h\" style=\"color: #8c6d18;\">Urauff\u00fchrunG<\/div><div class=\"lets-info-up-meta-content lets-info-up-title font-b\">2008<\/div><\/div><div class=\"lets-info-up-block lets-info-up-meta-block\"><div class=\"lets-info-up-meta-title lets-info-up-pretitle font-h\" style=\"color: #8c6d18;\">INFOS<\/div><div class=\"lets-info-up-meta-content lets-info-up-title font-b\"><a href=\"https:\/\/www.theater-hof.de\/musiktheater\/detail\/zorro\" data-type=\"link\" target=\"_blank\" rel=\"noopener noreferrer nofollow\">www.theater-hof.de<\/a><\/div><\/div>\t\t\t<\/div>\r\n\t\t\t<\/div>\r\n\t\t<\/div>\r\n\t\t\n\n\n<p><strong>\u201eZorro\u201c will nicht recht z\u00fcnden<\/strong><\/p>\n\n\n\n<p>Nach seinem ersten Auftritt in einem 1919 erschienenen Groschenroman wurde der Held mit der schwarzen Maske schnell popul\u00e4r und immer neue Adaptionen des Stoffes folgten. So auch das 2008 im Londoner West End uraufgef\u00fchrte und von Presse und Publikum in ca. 300 Vorstellungen relativ positiv aufgenommene Musical \u201eZorro\u201c, f\u00fcr das die Musik von \u201eThe Gipsy Kings\u201c im Gespann mit John Cameron verwendet wurde.<\/p>\n\n\n\n<p>Nachdem Diego de la Vega von seinem Vater von Kalifornien nach Spanien zur Ausbildung geschickt wurde, um ihm anschlie\u00dfend als B\u00fcrgermeister folgen zu k\u00f6nnen, vernachl\u00e4ssigt dieser seine Studien und schlie\u00dft sich einer Truppe von singenden und tanzenden Gitanos an. Zehn Jahre sp\u00e4ter holt ihn seine Jugendliebe Luisa zur\u00fcck nach Hause, da sein Vater verstorben sein soll und sein Bruder Ramon sich selbst zum tyrannischen Anf\u00fchrer gemacht hat. Zur\u00fcck in der Heimat \u2013 seine Freunde aus Spanien, unter ihnen Inez, folgen ihm \u2013 spielt Diego nun ein doppeltes Spiel. W\u00e4hrend er seinem Bruder vorgaukelt, ihm treu ergeben zu sein, bek\u00e4mpft er diesen in der Figur des Zorro, um der Bev\u00f6lkerung zu helfen.<\/p>\n\n\n\n<p>Trotz des eher seichten Librettos (Helen Edmundson und Stephen Clark, der auch f\u00fcr die Gesangstexte verantwortlich ist) k\u00f6nnte das Musical mit seiner mitreisenden Musik der \u201eGipsy Kings\u201c, die durch Flamenco-Kl\u00e4nge spanisches Lokalkolorit vermittelt, durchaus ein unterhaltsamer und packender Theaterabend sein. Leider gelingt dies der Produktion des Hofer Theaters nur eingeschr\u00e4nkt. Die Inszenierung von Tam\u00e1s Mester, der zugleich f\u00fcr die Choreografie verantwortlich ist, spielt sich fast immer nur in der Mitte der B\u00fchne ab, w\u00e4hrend die Darsteller zumeist gro\u00dfe, dramatische Gesten w\u00e4hrend ihrer Lieder verwenden. Nat\u00fcrlich beinhaltet \u201eZorro\u201c auch zahlreiche komische Momente, jedoch werden auch diese oftmals so stark \u00fcberzeichnet, dass sie in Klamauk ausarten. Die Choreografien nutzen geschickt die B\u00fchne aus, die Fechtszenen sind ebenfalls rasant und energiegeladen, wenngleich an manchen Stellen noch etwas Luft nach oben w\u00e4re.<\/p>\n\n\n<div  class=\"tpgb-wrap-956d14_6555  tpgb-wrap-fw \"  ><div id=\"956d14_6555\" class=\"tpgb-block-956d14_6555 tpgb-relative-block tpgb-gallery-list tpgb-metro gallery-style-2 hover-image-style-1   \" data-style=\"style-2\" data-id=\"956d14_6555\" data-layout=\"metro\" data-fancy-option='{\"loop\":false,\"thumb\":\"no\",\"infobar\":true,\"arrows\":true,\"transitionEffect\":\"slide\",\"button\":[\"close\"]}' data-splide='\"\"' data-metroAttr= '{\"metro_col\":3,\"tab_metro_col\":3,\"mobile_metro_col\":3,\"metro_style\":\"style-1\",\"tab_metro_style\":\"style-1\",\"mobile_metro_style\":\"style-1\"}' ><div class=\"tpgb-row post-loop-inner \"><div class=\"grid-item metro-item-0    tpgb-metro-1  tpgb-tab-metro-1  tpgb-mobile-metro-1 \"><a href=\"https:\/\/www.musical-today.de\/wp-content\/uploads\/2024\/05\/9739.jpg\" class=\"tpgb-gallery-list-content tpgb-trans-easeinout\" data-fancybox=\"956d14_6555\" data-caption=\"Foto: H. Dietz Fotografie\" aria-label=\"Foto: H. Dietz Fotografie\"><div class=\"post-content-image\"><div class=\"tpgb-metro-gallery-image\" style=\"background: url(https:\/\/www.musical-today.de\/wp-content\/uploads\/2024\/05\/9739.jpg);\"><\/div><\/div><div class=\"post-content-center\"><div class=\"post-zoom-icon\"><div class=\"meta-search-icon\"><span><img decoding=\"async\" class=\"fancy-img\" src=\"https:\/\/www.musical-today.de\/wp-content\/uploads\/2024\/05\/9739.jpg\" alt=\"Media Image1\" title=\"\"><i class=\"fas fa-search-plus pop-icon\"><\/i><\/span><\/div><\/div><div class=\"post-content-bottom\"><p class=\"post-title tpgb-trans-easeinout\">Foto: H. Dietz Fotografie<\/p><\/div><\/div><\/a><\/div><div class=\"grid-item metro-item-1    tpgb-metro-2  tpgb-tab-metro-2  tpgb-mobile-metro-2 \"><a href=\"https:\/\/www.musical-today.de\/wp-content\/uploads\/2024\/05\/7676.jpg\" class=\"tpgb-gallery-list-content tpgb-trans-easeinout\" data-fancybox=\"956d14_6555\" data-caption=\"Foto: H. Dietz Fotografie\" aria-label=\"Foto: H. Dietz Fotografie\"><div class=\"post-content-image\"><div class=\"tpgb-metro-gallery-image\" style=\"background: url(https:\/\/www.musical-today.de\/wp-content\/uploads\/2024\/05\/7676.jpg);\"><\/div><\/div><div class=\"post-content-center\"><div class=\"post-zoom-icon\"><div class=\"meta-search-icon\"><span><img decoding=\"async\" class=\"fancy-img\" src=\"https:\/\/www.musical-today.de\/wp-content\/uploads\/2024\/05\/7676.jpg\" alt=\"Media Image2\" title=\"\"><i class=\"fas fa-search-plus pop-icon\"><\/i><\/span><\/div><\/div><div class=\"post-content-bottom\"><p class=\"post-title tpgb-trans-easeinout\">Foto: H. Dietz Fotografie<\/p><\/div><\/div><\/a><\/div><div class=\"grid-item metro-item-2    tpgb-metro-3  tpgb-tab-metro-3  tpgb-mobile-metro-3 \"><a href=\"https:\/\/www.musical-today.de\/wp-content\/uploads\/2024\/05\/7781.jpg\" class=\"tpgb-gallery-list-content tpgb-trans-easeinout\" data-fancybox=\"956d14_6555\" data-caption=\"Foto: H. Dietz Fotografie\" aria-label=\"Foto: H. Dietz Fotografie\"><div class=\"post-content-image\"><div class=\"tpgb-metro-gallery-image\" style=\"background: url(https:\/\/www.musical-today.de\/wp-content\/uploads\/2024\/05\/7781.jpg);\"><\/div><\/div><div class=\"post-content-center\"><div class=\"post-zoom-icon\"><div class=\"meta-search-icon\"><span><img decoding=\"async\" class=\"fancy-img\" src=\"https:\/\/www.musical-today.de\/wp-content\/uploads\/2024\/05\/7781.jpg\" alt=\"Media Image3\" title=\"\"><i class=\"fas fa-search-plus pop-icon\"><\/i><\/span><\/div><\/div><div class=\"post-content-bottom\"><p class=\"post-title tpgb-trans-easeinout\">Foto: H. Dietz Fotografie<\/p><\/div><\/div><\/a><\/div><\/div><\/div><\/div>\n\n\n<p>W\u00e4hrend die Kost\u00fcme von Annette Mahlendorf opulent ausfallen und gerade beim Ballett eine Augenweide sind, ist ihr B\u00fchnenbild lediglich funktional. Das Podest mit jeweils einer Treppe links und rechts erm\u00f6glicht zwar ein Oben und Unten, jedoch wirkt es in dem ansonsten leeren Raum ziemlich verloren und auch die verschiedenen Schaupl\u00e4tze k\u00f6nnen nur sehr eingeschr\u00e4nkt definiert werden. Lediglich an einigen Stellen gelingt dies durch das Lichtdesign von Wieland M\u00fcller-Haslinger.<\/p>\n\n\n\n<p>Leider ist den meisten Darstellerinnen und Darstellern anzumerken, dass ihnen eine st\u00e4rkere Regiehandschrift gutgetan h\u00e4tte. Ruud van Overdijk als Diego\/Zorro kann zwar durch seine starke B\u00fchnenpr\u00e4senz \u00fcberzeugen, die zwei Seiten seiner Figur h\u00e4tten aber st\u00e4rker ausgepr\u00e4gt werden k\u00f6nnen. Seinen Gesangspart meistert er m\u00fchelos. Ramon wird von Maciej Salamon \u00fcbernommen. Dieser stellt deutlich heraus, dass seine Tyrannei aufgrund der Ablehnung seines Vaters in der Kindheit herr\u00fchrt. Intensiv sind die Momente, an denen er seine gute Seite aufblitzen lassen darf.<\/p>\n\n\n\n<p>Die taffe Jugendfreundin von Diego, Luisa, verk\u00f6rpert Anna Langner glaubw\u00fcrdig: Ihre anf\u00e4ngliche Hoffnung in Diego schl\u00e4gt in pure Verachtung um. Gleichzeitig f\u00fchlt sie sich vom Fremden mit der Maske angezogen und offenbart dies im Lied \u201eDer Mann, der sein Gesicht versteckt\u201c, bei dem die Interpretin ihr stimmliches Potential zeigen kann. Spanische Lebensfreude verstr\u00f6mt durch Nicole Rushing als Inez, zu ihrer Rolle geh\u00f6ren mit \u201eBamboleo\u201c und \u201eDjobi Djoba\u201c schlie\u00dflich auch zwei der mitrei\u00dfendsten Nummern des St\u00fcckes. Sehr schade allerdings, dass die Tonabmischung nicht optimal ist und ihre Stimme manchmal von der Musik \u00fcberdeckt wird.<\/p>\n\n\n\n<p>Die stets f\u00fcr den Zuschauer sichtbare Band, geleitet und am Klavier begleitet von Michael Falk, liefert ein gelungenes iberisches Lokalkolorit, manchmal sogar stilecht mit schwarzem Hut. Trotz dieser musikalisch eindrucksvollen Umsetzung bleibt der Gesamteindruck der Produktion stark durchwachsen.<\/p>\n\n\n\n<hr class=\"wp-block-separator has-alpha-channel-opacity is-style-dots\"\/>\n\n\n\n<p class=\"has-small-font-size\">Zus\u00e4tzliche Musik von John Cameron \u2022 Originalstory von Stephen Clark und Helen Edmundson \u2022 Deutsche Fassung von Holger Hauer (Gesangstexte) und J\u00fcrgen Hartmann (Buch) <\/p>\n\n\n\n<p class=\"has-small-font-size\">Musikalische Leitung: Michael Falk \u2022 B\u00fchne und Kost\u00fcme: Annette Mahlendorf \u2022 Licht: Wieland M\u00fcller-Haslinger \u2022 Chor: Lucia Birzer \u2022 Mit: Ruud van Overdijk (Zorro\/Diego de la Vega), Anna Langner (Luisa Pulido), Maciej Salamon (Ramon), Nicole Rushing (Inez), Peter Potzelt (Sergeant Garcia), Thilo Andersson (Alejandro de la Vega), Tim Andersson (Ramon als Kind), Gustav Maul (Diego als Kind), Isabell Szegedi (Luisa als Kind), Madeleine Szegedi (Kleines M\u00e4dchen), Daniel Milos und Kwanghun Mun (Zwei Seem\u00e4nner), Hyo-Seob Yun (Eduardo), Christiane Seidel (Jorge), Hans-Peter Pollmer (Ignacio\/Ein Priester), Lina Redfearn und Lusia Gloyan (Zwei Frauen), Lukas Kastl (Stuntman) \u2022 Opernchor und Ballett Theater Hof \u2022 Mitglieder des Musicalclubs \u2022 Hofer Symphoniker<\/p>\n\n\n\n<p class=\"has-small-font-size\">Aufmacherfoto: H. Dietz Fotografie<\/p>\n","protected":false},"excerpt":{"rendered":"<p>\u201eZorro\u201c will nicht recht z\u00fcnden Nach seinem ersten Auftritt in einem 1919 erschienenen Groschenroman wurde der Held mit der schwarzen Maske schnell popul\u00e4r und immer neue Adaptionen des Stoffes folgten. So auch das 2008 im Londoner West End uraufgef\u00fchrte und von Presse und Publikum in ca. 300 Vorstellungen relativ positiv aufgenommene Musical \u201eZorro\u201c, f\u00fcr das die Musik von \u201eThe Gipsy Kings\u201c im Gespann mit John Cameron verwendet wurde. Nachdem Diego de la Vega von seinem Vater von Kalifornien nach Spanien [&hellip;]<\/p>\n","protected":false},"author":22,"featured_media":6557,"comment_status":"closed","ping_status":"closed","sticky":false,"template":"","format":"standard","meta":{"tpgb_global_settings":"","footnotes":""},"categories":[74],"tags":[],"class_list":["post-6555","post","type-post","status-publish","format-standard","has-post-thumbnail","hentry","category-hof"],"tpgb_featured_images":{"full":["https:\/\/www.musical-today.de\/wp-content\/uploads\/2024\/05\/7854.jpg",2244,1488,false],"tp-image-grid":["https:\/\/www.musical-today.de\/wp-content\/uploads\/2024\/05\/7854-700x700.jpg",700,700,true],"thumbnail":["https:\/\/www.musical-today.de\/wp-content\/uploads\/2024\/05\/7854-400x265.jpg",400,265,true],"medium":["https:\/\/www.musical-today.de\/wp-content\/uploads\/2024\/05\/7854-980x650.jpg",980,650,true],"medium_large":["https:\/\/www.musical-today.de\/wp-content\/uploads\/2024\/05\/7854-949x629.jpg",770,510,true],"large":["https:\/\/www.musical-today.de\/wp-content\/uploads\/2024\/05\/7854-1920x1273.jpg",1139,755,true],"default":"https:\/\/www.musical-today.de\/wp-content\/plugins\/the-plus-addons-for-block-editor\/assets\/images\/tpgb-placeholder.jpg"},"tpgb_post_meta_info":{"get_date":"15.05.2024","get_modified_date":"15.04.2025","category_list":{"category":[{"term_id":74,"name":"Hof","slug":"hof","term_group":0,"term_taxonomy_id":74,"taxonomy":"category","description":"","parent":19,"count":6,"filter":"raw","term_order":"52"}],"post_tag":false,"post_format":false},"author_name":"Dr. Thomas Schramm","author_url":"https:\/\/www.musical-today.de\/en\/autor\/thomasschramm\/","author_email":"online92883@musical-today.de","author_website":"","author_description":"wurde in Oberfranken geboren, studierte Theaterwissenschaften an der Universit\u00e4t Bayreuth und verfasste dort seine Dissertation zum Thema \u201eTolkiens \u201aDer Herr der Ringe\u2018: Roman \u2013 Film \u2013 Musical\u201c. Nach mehreren Jahren als Regieassistent und Spielleiter in M\u00fcnchen ist er nun im administrativen Bereich eines Opernfestivals t\u00e4tig.","author_facebook":"","author_twitter":"","author_instagram":"","author_role":["author"],"author_firstname":"Dr. Thomas","author_lastname":"Schramm","user_login":"thomasschramm","author_avatar":"<img src=\"https:\/\/www.musical-today.de\/wp-content\/uploads\/2024\/03\/Dr.-Thomas-Schramm-293x293.jpeg\" width=\"200\" height=\"200\" alt=\"Dr. Thomas Schramm\" class=\"avatar avatar-200 wp-user-avatar wp-user-avatar-200 alignnone photo\" \/>","author_avatar_url":"https:\/\/www.musical-today.de\/wp-content\/uploads\/2024\/03\/Dr.-Thomas-Schramm.jpeg","comment_count":0,"post_likes":0,"post_views":0},"tpgb_post_category":{"category":"<a href=\"https:\/\/www.musical-today.de\/en\/deutschland\/hof\/\" alt=\"Hof\"  class=\"category-hof\">Hof<\/a> "},"_links":{"self":[{"href":"https:\/\/www.musical-today.de\/en\/wp-json\/wp\/v2\/posts\/6555","targetHints":{"allow":["GET"]}}],"collection":[{"href":"https:\/\/www.musical-today.de\/en\/wp-json\/wp\/v2\/posts"}],"about":[{"href":"https:\/\/www.musical-today.de\/en\/wp-json\/wp\/v2\/types\/post"}],"author":[{"embeddable":true,"href":"https:\/\/www.musical-today.de\/en\/wp-json\/wp\/v2\/users\/22"}],"replies":[{"embeddable":true,"href":"https:\/\/www.musical-today.de\/en\/wp-json\/wp\/v2\/comments?post=6555"}],"version-history":[{"count":0,"href":"https:\/\/www.musical-today.de\/en\/wp-json\/wp\/v2\/posts\/6555\/revisions"}],"wp:featuredmedia":[{"embeddable":true,"href":"https:\/\/www.musical-today.de\/en\/wp-json\/wp\/v2\/media\/6557"}],"wp:attachment":[{"href":"https:\/\/www.musical-today.de\/en\/wp-json\/wp\/v2\/media?parent=6555"}],"wp:term":[{"taxonomy":"category","embeddable":true,"href":"https:\/\/www.musical-today.de\/en\/wp-json\/wp\/v2\/categories?post=6555"},{"taxonomy":"post_tag","embeddable":true,"href":"https:\/\/www.musical-today.de\/en\/wp-json\/wp\/v2\/tags?post=6555"}],"curies":[{"name":"wp","href":"https:\/\/api.w.org\/{rel}","templated":true}]}}