{"id":6566,"date":"2024-05-15T22:15:58","date_gmt":"2024-05-15T20:15:58","guid":{"rendered":"https:\/\/www.musical-today.de\/?p=6566"},"modified":"2025-04-15T14:28:19","modified_gmt":"2025-04-15T12:28:19","slug":"lueneburg-carrie-the-musical","status":"publish","type":"post","link":"https:\/\/www.musical-today.de\/en\/lueneburg-carrie-the-musical\/","title":{"rendered":"Carrie \u2013 The Musical"},"content":{"rendered":"<div class=\"lets-info-up-wrap  lets-info-up--right lets-info-up--m-1 lets-info-up-skin-3 lets-info-up--side lets-info-up-18465\" style=\"background:#fafafa; color: #616161\">\t\t\t<div class=\"lets-info-up\">\r\n\t\t\t<div class=\"lets-info-up-fi\"><img decoding=\"async\" width=\"500\" height=\"333\" src=\"https:\/\/www.musical-today.de\/wp-content\/uploads\/2024\/01\/qi-addons-for-elementor-placeholder-500x333.png\" class=\"attachment-lets-info-up-d1 size-lets-info-up-d1\" alt=\"|\" srcset=\"https:\/\/www.musical-today.de\/wp-content\/uploads\/2024\/01\/qi-addons-for-elementor-placeholder-500x333.png 500w, https:\/\/www.musical-today.de\/wp-content\/uploads\/2024\/01\/qi-addons-for-elementor-placeholder-300x200.png 300w, https:\/\/www.musical-today.de\/wp-content\/uploads\/2024\/01\/qi-addons-for-elementor-placeholder-1024x683.png 1024w, https:\/\/www.musical-today.de\/wp-content\/uploads\/2024\/01\/qi-addons-for-elementor-placeholder-883x589.png 883w, https:\/\/www.musical-today.de\/wp-content\/uploads\/2024\/01\/qi-addons-for-elementor-placeholder-18x12.png 18w, https:\/\/www.musical-today.de\/wp-content\/uploads\/2024\/01\/qi-addons-for-elementor-placeholder-360x240.png 360w, https:\/\/www.musical-today.de\/wp-content\/uploads\/2024\/01\/qi-addons-for-elementor-placeholder-1155x770.png 1155w, https:\/\/www.musical-today.de\/wp-content\/uploads\/2024\/01\/qi-addons-for-elementor-placeholder-370x247.png 370w, https:\/\/www.musical-today.de\/wp-content\/uploads\/2024\/01\/qi-addons-for-elementor-placeholder-770x513.png 770w, https:\/\/www.musical-today.de\/wp-content\/uploads\/2024\/01\/qi-addons-for-elementor-placeholder-293x195.png 293w, https:\/\/www.musical-today.de\/wp-content\/uploads\/2024\/01\/qi-addons-for-elementor-placeholder-120x80.png 120w, https:\/\/www.musical-today.de\/wp-content\/uploads\/2024\/01\/qi-addons-for-elementor-placeholder-240x160.png 240w, https:\/\/www.musical-today.de\/wp-content\/uploads\/2024\/01\/qi-addons-for-elementor-placeholder-390x260.png 390w, https:\/\/www.musical-today.de\/wp-content\/uploads\/2024\/01\/qi-addons-for-elementor-placeholder.png 1200w\" sizes=\"(max-width: 500px) 100vw, 500px\" title=\"\"><\/div>\t\t\t<div class=\"lets-info-up-block-wrap\">\r\n\t\t\t\t<div class=\"lets-info-up-block lets-info-up-meta-block\"><div class=\"lets-info-up-meta-title lets-info-up-pretitle font-h\" style=\"color: #8c6d18;\">Ort<\/div><div class=\"lets-info-up-meta-content lets-info-up-title font-b\">Theater L\u00fcneburg &amp; Leuphana Universit\u00e4t L\u00fcneburg<\/div><\/div><div class=\"lets-info-up-block lets-info-up-meta-block\"><div class=\"lets-info-up-meta-title lets-info-up-pretitle font-h\" style=\"color: #8c6d18;\">Von<\/div><div class=\"lets-info-up-meta-content lets-info-up-title font-b\">Michael Gore (Musik)<br>Lawrence D. Cohen (Buch)<br>Dean Pitchford (Gesangstexte)<\/div><\/div><div class=\"lets-info-up-block lets-info-up-meta-block\"><div class=\"lets-info-up-meta-title lets-info-up-pretitle font-h\" style=\"color: #8c6d18;\">Regie, Choreografie und Kost\u00fcme<\/div><div class=\"lets-info-up-meta-content lets-info-up-title font-b\">Oliver Hennes<\/div><\/div><div class=\"lets-info-up-block lets-info-up-meta-block\"><div class=\"lets-info-up-meta-title lets-info-up-pretitle font-h\" style=\"color: #8c6d18;\">Urauff\u00fchrung<\/div><div class=\"lets-info-up-meta-content lets-info-up-title font-b\">1988<\/div><\/div><div class=\"lets-info-up-block lets-info-up-meta-block\"><div class=\"lets-info-up-meta-title lets-info-up-pretitle font-h\" style=\"color: #8c6d18;\">INFOS<\/div><div class=\"lets-info-up-meta-content lets-info-up-title font-b\"><a href=\"https:\/\/www.theater-lueneburg.de\/stuecke\/carrie\" target=\"_blank\" rel=\"noopener noreferrer nofollow\">www.theater-lueneburg.de<\/a><\/div><\/div>\t\t\t<\/div>\r\n\t\t\t<\/div>\r\n\t\t<\/div>\r\n\t\t\n\n\n<p><strong>Von wegen Broadway-Flop: Das StudiMusical l\u00e4sst Kings Blutbad-Klassiker \u201eCarrie\u201c als packende Geschichte von Teenager-Gef\u00fchlen neu aufleben<\/strong><\/p>\n\n\n\n<p>\u201eDas wird die Nacht, die keiner vergisst\u201c, t\u00f6nt es durch den Raum der Jungen B\u00fchne T3. Und tats\u00e4chlich ger\u00e4t die j\u00fcngste Musical-Inszenierung im Theater L\u00fcneburg zu einem Abend, den wohl niemand so schnell vergessen wird. Weder im begeisterten Publikum noch auf der B\u00fchne, wo Studenten der benachbarten Leuphana Universit\u00e4t in die Abgr\u00fcnde des 1988 uraufgef\u00fchrten Grusicals \u201eCarrie\u201c eintauchen. So hautnah und packend, dass die zwei Stunden nicht nur wie im Fluge vergehen, sondern wahrlich ber\u00fchren und f\u00fcr j\u00fcngere wie \u00e4ltere Zuschauer noch einmal voll mitrei\u00dfender wie intimer Momente die eigene Schulzeit aufleben lassen.<\/p>\n\n\n\n<p>Wohl auch, weil f\u00fcr die Besetzung diese Zeit noch ziemlich nah ist, vor allem aber, da trotz der gleichnamigen Romanvorlage des Horror-K\u00f6nigs Stephen King hier eben nicht zuvorderst auf Schocker-Elemente gesetzt wird, sondern die ebenso aktuelle wie bewegende Geschichte einer gemobbten High-School-Teenagerin im Mittelpunkt steht. Regisseur Oliver Hennes und den Darstellern gelingt eine Feinzeichnung der Charaktere, von der sich so manche der Giga-Produktionen in der benachbarten deutschen Musical-Hauptstadt Hamburg mehr als nur eine Facette abschauen k\u00f6nnte.<\/p>\n\n\n<div  class=\"tpgb-wrap-956d14_6566  tpgb-wrap-fw \"  ><div id=\"956d14_6566\" class=\"tpgb-block-956d14_6566 tpgb-relative-block tpgb-gallery-list tpgb-metro gallery-style-2 hover-image-style-1   \" data-style=\"style-2\" data-id=\"956d14_6566\" data-layout=\"metro\" data-fancy-option='{\"loop\":false,\"thumb\":\"no\",\"infobar\":true,\"arrows\":true,\"transitionEffect\":\"slide\",\"button\":[\"close\"]}' data-splide='\"\"' data-metroAttr= '{\"metro_col\":3,\"tab_metro_col\":3,\"mobile_metro_col\":3,\"metro_style\":\"style-1\",\"tab_metro_style\":\"style-1\",\"mobile_metro_style\":\"style-1\"}' ><div class=\"tpgb-row post-loop-inner \"><div class=\"grid-item metro-item-0    tpgb-metro-1  tpgb-tab-metro-1  tpgb-mobile-metro-1 \"><a href=\"https:\/\/www.musical-today.de\/wp-content\/uploads\/2024\/05\/CARRIE_c_JanHoek-4.jpg\" class=\"tpgb-gallery-list-content tpgb-trans-easeinout\" data-fancybox=\"956d14_6566\" data-caption=\"Foto: Jan Hoek\" aria-label=\"Foto: Jan Hoek\"><div class=\"post-content-image\"><div class=\"tpgb-metro-gallery-image\" style=\"background: url(https:\/\/www.musical-today.de\/wp-content\/uploads\/2024\/05\/CARRIE_c_JanHoek-4.jpg);\"><\/div><\/div><div class=\"post-content-center\"><div class=\"post-zoom-icon\"><div class=\"meta-search-icon\"><span><img decoding=\"async\" class=\"fancy-img\" src=\"https:\/\/www.musical-today.de\/wp-content\/uploads\/2024\/05\/CARRIE_c_JanHoek-4.jpg\" alt=\"Media Image1\" title=\"\"><i class=\"fas fa-search-plus pop-icon\"><\/i><\/span><\/div><\/div><div class=\"post-content-bottom\"><p class=\"post-title tpgb-trans-easeinout\">Foto: Jan Hoek<\/p><\/div><\/div><\/a><\/div><div class=\"grid-item metro-item-1    tpgb-metro-2  tpgb-tab-metro-2  tpgb-mobile-metro-2 \"><a href=\"https:\/\/www.musical-today.de\/wp-content\/uploads\/2024\/05\/CARRIE_c_JanHoek-12.jpg\" class=\"tpgb-gallery-list-content tpgb-trans-easeinout\" data-fancybox=\"956d14_6566\" data-caption=\"Foto: Jan Hoek\" aria-label=\"Foto: Jan Hoek\"><div class=\"post-content-image\"><div class=\"tpgb-metro-gallery-image\" style=\"background: url(https:\/\/www.musical-today.de\/wp-content\/uploads\/2024\/05\/CARRIE_c_JanHoek-12.jpg);\"><\/div><\/div><div class=\"post-content-center\"><div class=\"post-zoom-icon\"><div class=\"meta-search-icon\"><span><img decoding=\"async\" class=\"fancy-img\" src=\"https:\/\/www.musical-today.de\/wp-content\/uploads\/2024\/05\/CARRIE_c_JanHoek-12.jpg\" alt=\"Media Image2\" title=\"\"><i class=\"fas fa-search-plus pop-icon\"><\/i><\/span><\/div><\/div><div class=\"post-content-bottom\"><p class=\"post-title tpgb-trans-easeinout\">Foto: Jan Hoek<\/p><\/div><\/div><\/a><\/div><div class=\"grid-item metro-item-2    tpgb-metro-3  tpgb-tab-metro-3  tpgb-mobile-metro-3 \"><a href=\"https:\/\/www.musical-today.de\/wp-content\/uploads\/2024\/05\/CARRIE_c_JanHoek-1.jpg\" class=\"tpgb-gallery-list-content tpgb-trans-easeinout\" data-fancybox=\"956d14_6566\" data-caption=\"Foto: Jan Hoek\" aria-label=\"Foto: Jan Hoek\"><div class=\"post-content-image\"><div class=\"tpgb-metro-gallery-image\" style=\"background: url(https:\/\/www.musical-today.de\/wp-content\/uploads\/2024\/05\/CARRIE_c_JanHoek-1.jpg);\"><\/div><\/div><div class=\"post-content-center\"><div class=\"post-zoom-icon\"><div class=\"meta-search-icon\"><span><img decoding=\"async\" class=\"fancy-img\" src=\"https:\/\/www.musical-today.de\/wp-content\/uploads\/2024\/05\/CARRIE_c_JanHoek-1.jpg\" alt=\"Media Image3\" title=\"\"><i class=\"fas fa-search-plus pop-icon\"><\/i><\/span><\/div><\/div><div class=\"post-content-bottom\"><p class=\"post-title tpgb-trans-easeinout\">Foto: Jan Hoek<\/p><\/div><\/div><\/a><\/div><\/div><\/div><\/div>\n\n\n<p>Dabei geriet \u201eCarrie\u201c aus der Feder von Lawrence D. Cohen (Buch), Dean Pitchford (Gesangstexte) und Michael Gore (Musik) bei der seinerzeitigen New Yorker Urauff\u00fchrung zum Armageddon des deutschen Produzenten Friedrich Kurz, die nach nur f\u00fcnf Spieltagen abgesetzt wurde und den Auftraggeber 7,5 Millionen Dollar kostete \u2013 der bis dahin teuerste Flop mit der k\u00fcrzesten Laufzeit in der Geschichte des Broadways! Und zweifellos l\u00e4sst sich dar\u00fcber streiten, ob solch ein Titanic-Drama zwischenmenschlicher Beziehungen ein geeignetes Musical-Thema f\u00fcr die Massen ist, was indes nichts an der G\u00fcte der L\u00fcneburger Inszenierung dieser Coming-of-Age-Geschichte \u00e4ndert: Carrie (unglaublich in ihrer Wandlungsf\u00e4higkeit und s\u00e4ngerischen Klasse: Johanna Graeber) ringt zwischen dem religi\u00f6sen Wahn ihrer Mutter (Lara Kitzig) und den Mobbing-Attacken ihrer Mitsch\u00fcler um ihr \u201eFr\u00fchlings Erwachen\u201c \u2013 und kann am Ende doch nur verlieren. Nicht jedoch, ohne \u2013 zutiefst gedem\u00fctigt \u2013 auf dem Abschlussball mit ihren telekinetischen F\u00e4higkeiten alle ihre Mitsch\u00fcler in den Tod zu schicken.<\/p>\n\n\n\n<p>Doch Hennes zielt in seiner feinsinnigen Inszenierung eben nicht auf das f\u00fcr King typische Blutbad, sondern auf die psychologischen Aspekte und aufkeimende Teenagergef\u00fchle. Auf Aggression, H\u00e4me und Neid, auf Empathie, Freundschaft und Solidarit\u00e4t \u2013 wof\u00fcr es auch im kargen B\u00fchnenbild (Simone Anton-B\u00fcnting) keines gro\u00dfen Zaubers bedarf, sondern lediglich eines Treppenpodests, einiger Requisiten sowie gelungener Lichtprojektionen und -effekte. Denn die junge Crew zieht darstellerisch durch die (Schul-)Bank mit und l\u00e4sst so selbst manch s\u00e4ngerische Schw\u00e4che vergessen \u2013 zumal andererseits eine Gloria Ssanyu Mukasa als Carries Gegenspielerin Chris stimmlich ebenso dynamisch wie kraftvoll aufzutrumpfen vermag. Was ebenso f\u00fcr die dreik\u00f6pfige Band unter der souver\u00e4nen Leitung von Svenja Huckle gilt, die in dem Mix aus intimen Pop-Balladen und treibendem Rock stets die treffenden Akzente setzt. Wahrlich eine unvergessliche Nacht.<\/p>\n\n\n\n<hr class=\"wp-block-separator has-alpha-channel-opacity is-style-dots\"\/>\n\n\n\n<p class=\"has-small-font-size\">Nach dem gleichnamigen Roman von Stephen King \u2022 Deutsch von Martin Wessels-Behrens und Judith Behrens <\/p>\n\n\n\n<p class=\"has-small-font-size\">Musikalische Leitung: Svenja Huckle \u2022 B\u00fchne: Simone Anton-B\u00fcnting \u2022 Mit: Johanna Graeber (Carrie), Lara Kitzig (Margaret), Maria Castoldi (Sue), Silas Kruckenberg (Tommy), Gloria Ssanyu Mukasa (Chris), Mathis Schr\u00e4der (Billy), Jasmin Gronau (Ms. Gardner), Samantha B\u00fctow (Mrs. Stephens), Emily Meinel (Frieda), Annika Sievers (Norma), Jennifer Hill (Helen), Gunt Chuluun (George\/Reverend Bliss), Frithjof Gerken (Stokes), Tammo Hollah (Freddy) \u2022 Band (Gitarre, Schlagzeug, Klavier)<\/p>\n\n\n\n<p class=\"has-small-font-size\">Aufmacherfoto: Jan Hoek<\/p>\n","protected":false},"excerpt":{"rendered":"<p>Von wegen Broadway-Flop: Das StudiMusical l\u00e4sst Kings Blutbad-Klassiker \u201eCarrie\u201c als packende Geschichte von Teenager-Gef\u00fchlen neu aufleben \u201eDas wird die Nacht, die keiner vergisst\u201c, t\u00f6nt es durch den Raum der Jungen B\u00fchne T3. Und tats\u00e4chlich ger\u00e4t die j\u00fcngste Musical-Inszenierung im Theater L\u00fcneburg zu einem Abend, den wohl niemand so schnell vergessen wird. Weder im begeisterten Publikum noch auf der B\u00fchne, wo Studenten der benachbarten Leuphana Universit\u00e4t in die Abgr\u00fcnde des 1988 uraufgef\u00fchrten Grusicals \u201eCarrie\u201c eintauchen. So hautnah und packend, dass die [&hellip;]<\/p>\n","protected":false},"author":36,"featured_media":6564,"comment_status":"closed","ping_status":"closed","sticky":false,"template":"","format":"standard","meta":{"tpgb_global_settings":"","footnotes":""},"categories":[89],"tags":[],"class_list":["post-6566","post","type-post","status-publish","format-standard","has-post-thumbnail","hentry","category-lueneburg"],"tpgb_featured_images":{"full":["https:\/\/www.musical-today.de\/wp-content\/uploads\/2024\/05\/CARRIE_c_JanHoek-6.jpg",2000,1333,false],"tp-image-grid":["https:\/\/www.musical-today.de\/wp-content\/uploads\/2024\/05\/CARRIE_c_JanHoek-6-700x700.jpg",700,700,true],"thumbnail":["https:\/\/www.musical-today.de\/wp-content\/uploads\/2024\/05\/CARRIE_c_JanHoek-6-400x267.jpg",400,267,true],"medium":["https:\/\/www.musical-today.de\/wp-content\/uploads\/2024\/05\/CARRIE_c_JanHoek-6-980x653.jpg",980,653,true],"medium_large":["https:\/\/www.musical-today.de\/wp-content\/uploads\/2024\/05\/CARRIE_c_JanHoek-6-949x633.jpg",770,514,true],"large":["https:\/\/www.musical-today.de\/wp-content\/uploads\/2024\/05\/CARRIE_c_JanHoek-6-1920x1280.jpg",1139,759,true],"default":"https:\/\/www.musical-today.de\/wp-content\/plugins\/the-plus-addons-for-block-editor\/assets\/images\/tpgb-placeholder.jpg"},"tpgb_post_meta_info":{"get_date":"15.05.2024","get_modified_date":"15.04.2025","category_list":{"category":[{"term_id":89,"name":"L\u00fcneburg","slug":"lueneburg","term_group":0,"term_taxonomy_id":89,"taxonomy":"category","description":"","parent":19,"count":7,"filter":"raw","term_order":"61"}],"post_tag":false,"post_format":false},"author_name":"Christoph Forsthoff","author_url":"https:\/\/www.musical-today.de\/en\/autor\/christophforsthoff\/","author_email":"temporary-removeFM60NosPo3lWRXT@tmp.com","author_website":"","author_description":"war Ressortleiter, Textchef und Blattmacher, u.a. bei der Financial Times Deutschland. Seit 2001 betreibt der Cello-Liebhaber sein netzwerk Redaktionsb\u00fcro und arbeitet als Kulturjournalist f\u00fcr Medien in Deutschland, \u00d6sterreich, Luxemburg und der Schweiz. Seine Liebe zu Mecklenburg-Vorpommern und den dortigen Festspielen m\u00fcndete 2010 in der Gr\u00fcndung des Forsthoff-Cellofonds.","author_facebook":"","author_twitter":"","author_instagram":"","author_role":["author"],"author_firstname":"Christoph","author_lastname":"Forsthoff","user_login":"christophforsthoff","author_avatar":"<img src=\"https:\/\/www.musical-today.de\/wp-content\/uploads\/2024\/03\/Autor_Forsthoff-293x293.jpg\" width=\"200\" height=\"200\" alt=\"Christoph Forsthoff\" class=\"avatar avatar-200 wp-user-avatar wp-user-avatar-200 alignnone photo\" \/>","author_avatar_url":"https:\/\/www.musical-today.de\/wp-content\/uploads\/2024\/03\/Autor_Forsthoff.jpg","comment_count":0,"post_likes":0,"post_views":0},"tpgb_post_category":{"category":"<a href=\"https:\/\/www.musical-today.de\/en\/deutschland\/lueneburg\/\" alt=\"L\u00fcneburg\"  class=\"category-lueneburg\">L\u00fcneburg<\/a> "},"_links":{"self":[{"href":"https:\/\/www.musical-today.de\/en\/wp-json\/wp\/v2\/posts\/6566","targetHints":{"allow":["GET"]}}],"collection":[{"href":"https:\/\/www.musical-today.de\/en\/wp-json\/wp\/v2\/posts"}],"about":[{"href":"https:\/\/www.musical-today.de\/en\/wp-json\/wp\/v2\/types\/post"}],"author":[{"embeddable":true,"href":"https:\/\/www.musical-today.de\/en\/wp-json\/wp\/v2\/users\/36"}],"replies":[{"embeddable":true,"href":"https:\/\/www.musical-today.de\/en\/wp-json\/wp\/v2\/comments?post=6566"}],"version-history":[{"count":0,"href":"https:\/\/www.musical-today.de\/en\/wp-json\/wp\/v2\/posts\/6566\/revisions"}],"wp:featuredmedia":[{"embeddable":true,"href":"https:\/\/www.musical-today.de\/en\/wp-json\/wp\/v2\/media\/6564"}],"wp:attachment":[{"href":"https:\/\/www.musical-today.de\/en\/wp-json\/wp\/v2\/media?parent=6566"}],"wp:term":[{"taxonomy":"category","embeddable":true,"href":"https:\/\/www.musical-today.de\/en\/wp-json\/wp\/v2\/categories?post=6566"},{"taxonomy":"post_tag","embeddable":true,"href":"https:\/\/www.musical-today.de\/en\/wp-json\/wp\/v2\/tags?post=6566"}],"curies":[{"name":"wp","href":"https:\/\/api.w.org\/{rel}","templated":true}]}}