{"id":6579,"date":"2024-05-15T23:00:33","date_gmt":"2024-05-15T21:00:33","guid":{"rendered":"https:\/\/www.musical-today.de\/?p=6579"},"modified":"2025-04-15T14:28:19","modified_gmt":"2025-04-15T12:28:19","slug":"hanau-die-gaensemagd","status":"publish","type":"post","link":"https:\/\/www.musical-today.de\/en\/hanau-die-gaensemagd\/","title":{"rendered":"Die G\u00e4nsemagd"},"content":{"rendered":"<div class=\"lets-info-up-wrap  lets-info-up--right lets-info-up--m-1 lets-info-up-skin-3 lets-info-up--side lets-info-up-30638\" style=\"background:#fafafa; color: #616161\">\t\t\t<div class=\"lets-info-up\">\r\n\t\t\t<div class=\"lets-info-up-fi\"><img decoding=\"async\" width=\"500\" height=\"333\" src=\"https:\/\/www.musical-today.de\/wp-content\/uploads\/2024\/01\/qi-addons-for-elementor-placeholder-500x333.png\" class=\"attachment-lets-info-up-d1 size-lets-info-up-d1\" alt=\"|\" srcset=\"https:\/\/www.musical-today.de\/wp-content\/uploads\/2024\/01\/qi-addons-for-elementor-placeholder-500x333.png 500w, https:\/\/www.musical-today.de\/wp-content\/uploads\/2024\/01\/qi-addons-for-elementor-placeholder-300x200.png 300w, https:\/\/www.musical-today.de\/wp-content\/uploads\/2024\/01\/qi-addons-for-elementor-placeholder-1024x683.png 1024w, https:\/\/www.musical-today.de\/wp-content\/uploads\/2024\/01\/qi-addons-for-elementor-placeholder-883x589.png 883w, https:\/\/www.musical-today.de\/wp-content\/uploads\/2024\/01\/qi-addons-for-elementor-placeholder-18x12.png 18w, https:\/\/www.musical-today.de\/wp-content\/uploads\/2024\/01\/qi-addons-for-elementor-placeholder-360x240.png 360w, https:\/\/www.musical-today.de\/wp-content\/uploads\/2024\/01\/qi-addons-for-elementor-placeholder-1155x770.png 1155w, https:\/\/www.musical-today.de\/wp-content\/uploads\/2024\/01\/qi-addons-for-elementor-placeholder-370x247.png 370w, https:\/\/www.musical-today.de\/wp-content\/uploads\/2024\/01\/qi-addons-for-elementor-placeholder-770x513.png 770w, https:\/\/www.musical-today.de\/wp-content\/uploads\/2024\/01\/qi-addons-for-elementor-placeholder-293x195.png 293w, https:\/\/www.musical-today.de\/wp-content\/uploads\/2024\/01\/qi-addons-for-elementor-placeholder-120x80.png 120w, https:\/\/www.musical-today.de\/wp-content\/uploads\/2024\/01\/qi-addons-for-elementor-placeholder-240x160.png 240w, https:\/\/www.musical-today.de\/wp-content\/uploads\/2024\/01\/qi-addons-for-elementor-placeholder-390x260.png 390w, https:\/\/www.musical-today.de\/wp-content\/uploads\/2024\/01\/qi-addons-for-elementor-placeholder.png 1200w\" sizes=\"(max-width: 500px) 100vw, 500px\" title=\"\"><\/div>\t\t\t<div class=\"lets-info-up-block-wrap\">\r\n\t\t\t\t<div class=\"lets-info-up-block lets-info-up-meta-block\"><div class=\"lets-info-up-meta-title lets-info-up-pretitle font-h\" style=\"color: #8c6d18;\">oRT<\/div><div class=\"lets-info-up-meta-content lets-info-up-title font-b\">Amphitheater Hanau<\/div><\/div><div class=\"lets-info-up-block lets-info-up-meta-block\"><div class=\"lets-info-up-meta-title lets-info-up-pretitle font-h\" style=\"color: #8c6d18;\">von<\/div><div class=\"lets-info-up-meta-content lets-info-up-title font-b\">Franziska Kuropka (Buch und Gesangstexte)<br>Lukas Nimscheck (Musik)<br>Philipp Gras (Arrangements)<\/div><\/div><div class=\"lets-info-up-block lets-info-up-meta-block\"><div class=\"lets-info-up-meta-title lets-info-up-pretitle font-h\" style=\"color: #8c6d18;\">Regie<\/div><div class=\"lets-info-up-meta-content lets-info-up-title font-b\"> Lukas Nimscheck<\/div><\/div><div class=\"lets-info-up-block lets-info-up-meta-block\"><div class=\"lets-info-up-meta-title lets-info-up-pretitle font-h\" style=\"color: #8c6d18;\">Urauff\u00fchrung<\/div><div class=\"lets-info-up-meta-content lets-info-up-title font-b\">2024<\/div><\/div><div class=\"lets-info-up-block lets-info-up-meta-block\"><div class=\"lets-info-up-meta-title lets-info-up-pretitle font-h\" style=\"color: #8c6d18;\">INFOS<\/div><div class=\"lets-info-up-meta-content lets-info-up-title font-b\"><a href=\"https:\/\/www.festspiele-hanau.de\/festspiele.de\/programm\/161255\/index.html\" target=\"_blank\" data-type=\"link\" rel=\"noreferrer noopener\">www.festspiele-hanau.de<\/a><\/div><\/div>\t\t\t<\/div>\r\n\t\t\t<\/div>\r\n\t\t<\/div>\r\n\t\t\n\n\n<p><strong>Das Musical \u201eDie G\u00e4nsemagd\u201c stellt eingefahrene Rollenbilder auf den Kopf<\/strong><\/p>\n\n\n\n<p>Zu Ehren des 200. Geburtstags von Jacob Grimm fanden 1985 die ersten Br\u00fcder-Grimm-M\u00e4rchenfestspiele in Hanau statt. Jacob (1785-1863) und sein Bruder Wilhelm (1786-1859) wurden hier geboren und haben in ihren \u201eKinder- und Hausm\u00e4rchen\u201c \u00fcber 200 einschl\u00e4gige Texte zusammengetragen. Im Jahr 2000 wurden die Festspiele ins Amphitheater der Stadt verlegt und 2014 in Br\u00fcder Grimm Festspiele umbenannt. Dieses Jahr feiern sie ihren 40. Geburtstag. Er\u00f6ffnet wird mit einer Musical-Fassung des M\u00e4rchens \u201eDie G\u00e4nsemagd\u201c, das 1815 erschien.<\/p>\n\n\n\n<p>Der originale Stoff wurde deutlich ver\u00e4ndert und modernisiert \u2013 vor allem sprachlich \u2013, sodass die Geschichte die Zuschauer des 21. Jahrhunderts anzusprechen vermag. Prinzessin Rosa (Myriam Akhoundov) lebt seit dem Tod ihrer Mutter bei ihrer Tante, der K\u00f6nigin Agatha (Charlotte Heinke). Ihre beste Freundin ist die G\u00e4nsemagd Alma (Sandra Leitner), die am selben Tag geboren wurde. Rosa bekam von ihrer Mutter das Pferd Falada (Felix Heller) geschenkt, und Gans Uschi (Franziska Kuropka) ist Almas Lieblingstier. Die Tiere k\u00f6nnen sprechen, doch Menschen verstehen sie nicht.<\/p>\n\n\n\n<p>Die zwei Freundinnen feiern ihren 18. Geburtstag. Rosa soll nun heiraten, wie es sich f\u00fcr eine Prinzessin geh\u00f6rt, keiner der Anw\u00e4rter entspricht jedoch ihrem Ideal. Der K\u00f6nig (Hartmut Volle ersetzt bei der Premiere den erkrankten Dieter Gring) eines benachbarten Reiches entsendet seinen Sohn Theobald (Florian Sigmund) zur Brautschau. Dieser begegnet nicht Rosa, sondern Alma, und es scheint zwischen den beiden zu funken. Als Agatha Rosa dennoch zwingt, Theobald zu heiraten, tauschen die Freundinnen ihre Rollen, mit der Absicht, so die Welt zu verbessern. Alma heiratet den Prinzen, Rosa verrichtet Dienst im Stall, wo sie K\u00fcrdchen (Alexander Irrgang), einen G\u00e4nsehirten, kennenlernt. Als das vertauschte Rollenspiel auffliegt, riskieren beide wortw\u00f6rtlich Hals und Kragen und m\u00fcssen sich etwas einfallen lassen.<\/p>\n\n\n<div  class=\"tpgb-wrap-956d14_6579  tpgb-wrap-fw \"  ><div id=\"956d14_6579\" class=\"tpgb-block-956d14_6579 tpgb-relative-block tpgb-gallery-list tpgb-metro gallery-style-2 hover-image-style-1   \" data-style=\"style-2\" data-id=\"956d14_6579\" data-layout=\"metro\" data-fancy-option='{\"loop\":false,\"thumb\":\"no\",\"infobar\":true,\"arrows\":true,\"transitionEffect\":\"slide\",\"button\":[\"close\"]}' data-splide='\"\"' data-metroAttr= '{\"metro_col\":3,\"tab_metro_col\":3,\"mobile_metro_col\":3,\"metro_style\":\"style-1\",\"tab_metro_style\":\"style-1\",\"mobile_metro_style\":\"style-1\"}' ><div class=\"tpgb-row post-loop-inner \"><div class=\"grid-item metro-item-0    tpgb-metro-1  tpgb-tab-metro-1  tpgb-mobile-metro-1 \"><a href=\"https:\/\/www.musical-today.de\/wp-content\/uploads\/2024\/05\/BGF-24-Gaensemagd-41.jpg\" class=\"tpgb-gallery-list-content tpgb-trans-easeinout\" data-fancybox=\"956d14_6579\" data-caption=\"Foto: Br\u00fcder Grimm Festspiele\/Hendrik Nix\" aria-label=\"Foto: Br\u00fcder Grimm Festspiele\/Hendrik Nix\"><div class=\"post-content-image\"><div class=\"tpgb-metro-gallery-image\" style=\"background: url(https:\/\/www.musical-today.de\/wp-content\/uploads\/2024\/05\/BGF-24-Gaensemagd-41.jpg);\"><\/div><\/div><div class=\"post-content-center\"><div class=\"post-zoom-icon\"><div class=\"meta-search-icon\"><span><img decoding=\"async\" class=\"fancy-img\" src=\"https:\/\/www.musical-today.de\/wp-content\/uploads\/2024\/05\/BGF-24-Gaensemagd-41.jpg\" alt=\"Media Image1\" title=\"\"><i class=\"fas fa-search-plus pop-icon\"><\/i><\/span><\/div><\/div><div class=\"post-content-bottom\"><p class=\"post-title tpgb-trans-easeinout\">Foto: Br\u00fcder Grimm Festspiele\/Hendrik Nix<\/p><\/div><\/div><\/a><\/div><div class=\"grid-item metro-item-1    tpgb-metro-2  tpgb-tab-metro-2  tpgb-mobile-metro-2 \"><a href=\"https:\/\/www.musical-today.de\/wp-content\/uploads\/2024\/05\/BGF-24-Gaensemagd-29.jpg\" class=\"tpgb-gallery-list-content tpgb-trans-easeinout\" data-fancybox=\"956d14_6579\" data-caption=\"Foto: Br\u00fcder Grimm Festspiele\/Hendrik Nix\" aria-label=\"Foto: Br\u00fcder Grimm Festspiele\/Hendrik Nix\"><div class=\"post-content-image\"><div class=\"tpgb-metro-gallery-image\" style=\"background: url(https:\/\/www.musical-today.de\/wp-content\/uploads\/2024\/05\/BGF-24-Gaensemagd-29.jpg);\"><\/div><\/div><div class=\"post-content-center\"><div class=\"post-zoom-icon\"><div class=\"meta-search-icon\"><span><img decoding=\"async\" class=\"fancy-img\" src=\"https:\/\/www.musical-today.de\/wp-content\/uploads\/2024\/05\/BGF-24-Gaensemagd-29.jpg\" alt=\"Media Image2\" title=\"\"><i class=\"fas fa-search-plus pop-icon\"><\/i><\/span><\/div><\/div><div class=\"post-content-bottom\"><p class=\"post-title tpgb-trans-easeinout\">Foto: Br\u00fcder Grimm Festspiele\/Hendrik Nix<\/p><\/div><\/div><\/a><\/div><div class=\"grid-item metro-item-2    tpgb-metro-3  tpgb-tab-metro-3  tpgb-mobile-metro-3 \"><a href=\"https:\/\/www.musical-today.de\/wp-content\/uploads\/2024\/05\/BGF-24-Gaensemagd-11.jpg\" class=\"tpgb-gallery-list-content tpgb-trans-easeinout\" data-fancybox=\"956d14_6579\" data-caption=\"Foto: Br\u00fcder Grimm Festspiele\/Hendrik Nix\" aria-label=\"Foto: Br\u00fcder Grimm Festspiele\/Hendrik Nix\"><div class=\"post-content-image\"><div class=\"tpgb-metro-gallery-image\" style=\"background: url(https:\/\/www.musical-today.de\/wp-content\/uploads\/2024\/05\/BGF-24-Gaensemagd-11.jpg);\"><\/div><\/div><div class=\"post-content-center\"><div class=\"post-zoom-icon\"><div class=\"meta-search-icon\"><span><img decoding=\"async\" class=\"fancy-img\" src=\"https:\/\/www.musical-today.de\/wp-content\/uploads\/2024\/05\/BGF-24-Gaensemagd-11.jpg\" alt=\"Media Image3\" title=\"\"><i class=\"fas fa-search-plus pop-icon\"><\/i><\/span><\/div><\/div><div class=\"post-content-bottom\"><p class=\"post-title tpgb-trans-easeinout\">Foto: Br\u00fcder Grimm Festspiele\/Hendrik Nix<\/p><\/div><\/div><\/a><\/div><\/div><\/div><\/div>\n\n\n<p>Autorin Franziska Kuropka gelingt es, ein altes M\u00e4rchen auf anspruchsvolle Weise in die heutige Zeit zu tragen. Humor dominiert, dazu gibt es auch emotional-esoterische Momente wie der Tod von Ilse (Mona Graw), Almas Mutter, oder die Ermordung von Falada. Die Musik von Lukas Nimscheck vermag diese Augenblicke mit den Liedern \u201eWehe Windchen\u201c und \u201eFaladas Enthauptung\u201c gef\u00fchlvoll zu untermalen. Als Regisseur zurrt der Komponist die Handlungsf\u00e4den auf glatten Linien. \u201eEin kleines Licht\u201c ist eine gef\u00fchlvolle musikalische Beschreibung vom Tod Ilses und Faladas. Bei der Br\u00e4utigamschau im Thronsaal l\u00e4sst es Agatha mit \u201eZieht in die Schlacht\u201c so richtig rocken, vom musikalischen Leiter Dominik Franke pr\u00e4chtig auf Kurs gebracht und choreografisch durch David Hartland bestens flankiert.<\/p>\n\n\n\n<p>Alle singen auf hohem Niveau. Am besten gefallen Myriam Akhoundov und Sandra Leitner als Tr\u00e4gerinnen der Geschichte. Franziska Kuropka beweist, dass sie nicht nur ein gutes H\u00e4ndchen mit der Adaption des M\u00e4rchens hatte, sondern \u00fcberzeugt auch als Gans Uschi. Die B\u00fchne (Hans Winkler) erhebt sich auf zwei Etagen, wobei sich unten hinter zwei Dreht\u00fcren die Bestallungen des Schlosses und die Kerker verstecken. Oben herrscht der Thronsaal \u00fcber die B\u00fchne, daneben sitzt das vorz\u00fcglich aufspielende Orchester.<\/p>\n\n\n\n<p>Der Wechsel von ruhigen und rockigen Kl\u00e4ngen gef\u00e4llt sehr gut, genau wie die Geschichte, die als Parabel f\u00fcr eine gleichberechtigte Welt steht, in der das Blut des Adels so viel wert ist wie das der Bediensteten.<\/p>\n\n\n\n<hr class=\"wp-block-separator has-alpha-channel-opacity is-style-dots\"\/>\n\n\n\n<p class=\"has-small-font-size\">Musikalische Leitung: Dominik Franke \u2022 Choreografie: David Hartland \u2022 B\u00fchne: Hans Winkler \u2022 Kost\u00fcme: Anke K\u00fcper und Kerstin Laackmann \u2022 Ton: Sebastian Heil \u2022 Licht: Jan Langebartels \u2022 Mit: Myriam Akhoundov (Prinzessin Rosa), Sandra Leitner (Magd Alma), Mona Graw (Dienerin Ilse), Charlotte Heinke (K\u00f6nigin Agatha), Felix Heller (Falada), Franziska Kuropka (Uschi), Florian Sigmund (Prinz Theobald), Alexander Irrgang (K\u00fcrdchen\/Wache Olaf), Hartmut Volle (K\u00f6nig), Ruth Lauer (Zofe Tamara\/Dienerin Trude\/Pferd), Viola Wanke (N\u00e4herin Sarah\/Dienerin Sonja), Tim Taucher (Diener Wurm\/Prinzbewerber\/Wache Winfried), Stephan Sch\u00f6ne (K\u00fcchenjunge\/Diener Ansgar\/Prinzbewerber) \u2022 Live-Band (Piano, Schlagzeug, Bass, Cello, Violine)<\/p>\n\n\n\n<p class=\"has-small-font-size\">Aufmacherfoto: Br\u00fcder Grimm Festspiele\/Hendrik Nix<\/p>\n","protected":false},"excerpt":{"rendered":"<p>Das Musical \u201eDie G\u00e4nsemagd\u201c stellt eingefahrene Rollenbilder auf den Kopf Zu Ehren des 200. Geburtstags von Jacob Grimm fanden 1985 die ersten Br\u00fcder-Grimm-M\u00e4rchenfestspiele in Hanau statt. Jacob (1785-1863) und sein Bruder Wilhelm (1786-1859) wurden hier geboren und haben in ihren \u201eKinder- und Hausm\u00e4rchen\u201c \u00fcber 200 einschl\u00e4gige Texte zusammengetragen. Im Jahr 2000 wurden die Festspiele ins Amphitheater der Stadt verlegt und 2014 in Br\u00fcder Grimm Festspiele umbenannt. Dieses Jahr feiern sie ihren 40. Geburtstag. Er\u00f6ffnet wird mit einer Musical-Fassung des M\u00e4rchens [&hellip;]<\/p>\n","protected":false},"author":11,"featured_media":6584,"comment_status":"closed","ping_status":"closed","sticky":false,"template":"","format":"standard","meta":{"tpgb_global_settings":"","footnotes":""},"categories":[158],"tags":[],"class_list":["post-6579","post","type-post","status-publish","format-standard","has-post-thumbnail","hentry","category-hanau"],"tpgb_featured_images":{"full":["https:\/\/www.musical-today.de\/wp-content\/uploads\/2024\/05\/BGF-24-Gaensemagd-55.jpg",2000,1333,false],"tp-image-grid":["https:\/\/www.musical-today.de\/wp-content\/uploads\/2024\/05\/BGF-24-Gaensemagd-55-700x700.jpg",700,700,true],"thumbnail":["https:\/\/www.musical-today.de\/wp-content\/uploads\/2024\/05\/BGF-24-Gaensemagd-55-400x267.jpg",400,267,true],"medium":["https:\/\/www.musical-today.de\/wp-content\/uploads\/2024\/05\/BGF-24-Gaensemagd-55-980x653.jpg",980,653,true],"medium_large":["https:\/\/www.musical-today.de\/wp-content\/uploads\/2024\/05\/BGF-24-Gaensemagd-55-949x633.jpg",770,514,true],"large":["https:\/\/www.musical-today.de\/wp-content\/uploads\/2024\/05\/BGF-24-Gaensemagd-55-1920x1280.jpg",1139,759,true],"default":"https:\/\/www.musical-today.de\/wp-content\/plugins\/the-plus-addons-for-block-editor\/assets\/images\/tpgb-placeholder.jpg"},"tpgb_post_meta_info":{"get_date":"15.05.2024","get_modified_date":"15.04.2025","category_list":{"category":[{"term_id":158,"name":"Hanau","slug":"hanau","term_group":0,"term_taxonomy_id":158,"taxonomy":"category","description":"","parent":19,"count":1,"filter":"raw","term_order":"47"}],"post_tag":false,"post_format":false},"author_name":"Christian Spielmann","author_url":"https:\/\/www.musical-today.de\/en\/autor\/cspielmann\/","author_email":"online3@musical-today.de","author_website":"","author_description":"","author_facebook":"","author_twitter":"","author_instagram":"","author_role":["author"],"author_firstname":"Christian","author_lastname":"Spielmann","user_login":"cspielmann","author_avatar":"<img src=\"https:\/\/www.musical-today.de\/wp-content\/uploads\/2024\/03\/434034552_122093726612266069_5386620108228489486_n-293x293.jpg\" width=\"200\" height=\"200\" alt=\"Christian Spielmann\" class=\"avatar avatar-200 wp-user-avatar wp-user-avatar-200 alignnone photo\" \/>","author_avatar_url":"https:\/\/www.musical-today.de\/wp-content\/uploads\/2024\/03\/434034552_122093726612266069_5386620108228489486_n.jpg","comment_count":0,"post_likes":0,"post_views":0},"tpgb_post_category":{"category":"<a href=\"https:\/\/www.musical-today.de\/en\/deutschland\/hanau\/\" alt=\"Hanau\"  class=\"category-hanau\">Hanau<\/a> "},"_links":{"self":[{"href":"https:\/\/www.musical-today.de\/en\/wp-json\/wp\/v2\/posts\/6579","targetHints":{"allow":["GET"]}}],"collection":[{"href":"https:\/\/www.musical-today.de\/en\/wp-json\/wp\/v2\/posts"}],"about":[{"href":"https:\/\/www.musical-today.de\/en\/wp-json\/wp\/v2\/types\/post"}],"author":[{"embeddable":true,"href":"https:\/\/www.musical-today.de\/en\/wp-json\/wp\/v2\/users\/11"}],"replies":[{"embeddable":true,"href":"https:\/\/www.musical-today.de\/en\/wp-json\/wp\/v2\/comments?post=6579"}],"version-history":[{"count":0,"href":"https:\/\/www.musical-today.de\/en\/wp-json\/wp\/v2\/posts\/6579\/revisions"}],"wp:featuredmedia":[{"embeddable":true,"href":"https:\/\/www.musical-today.de\/en\/wp-json\/wp\/v2\/media\/6584"}],"wp:attachment":[{"href":"https:\/\/www.musical-today.de\/en\/wp-json\/wp\/v2\/media?parent=6579"}],"wp:term":[{"taxonomy":"category","embeddable":true,"href":"https:\/\/www.musical-today.de\/en\/wp-json\/wp\/v2\/categories?post=6579"},{"taxonomy":"post_tag","embeddable":true,"href":"https:\/\/www.musical-today.de\/en\/wp-json\/wp\/v2\/tags?post=6579"}],"curies":[{"name":"wp","href":"https:\/\/api.w.org\/{rel}","templated":true}]}}