{"id":6586,"date":"2024-05-15T23:10:37","date_gmt":"2024-05-15T21:10:37","guid":{"rendered":"https:\/\/www.musical-today.de\/?p=6586"},"modified":"2025-04-15T14:28:19","modified_gmt":"2025-04-15T12:28:19","slug":"berlin-21-53","status":"publish","type":"post","link":"https:\/\/www.musical-today.de\/en\/berlin-21-53\/","title":{"rendered":"21.53 \u2013 zu fr\u00fch, um schlafen zu gehen, zu sp\u00e4t, um wen anzurufen"},"content":{"rendered":"<div class=\"lets-info-up-wrap  lets-info-up--right lets-info-up--m-1 lets-info-up-skin-3 lets-info-up--side lets-info-up-70784\" style=\"background:#fafafa; color: #616161\">\t\t\t<div class=\"lets-info-up\">\r\n\t\t\t<div class=\"lets-info-up-fi\"><img decoding=\"async\" width=\"500\" height=\"333\" src=\"https:\/\/www.musical-today.de\/wp-content\/uploads\/2024\/01\/qi-addons-for-elementor-placeholder-500x333.png\" class=\"attachment-lets-info-up-d1 size-lets-info-up-d1\" alt=\"|\" srcset=\"https:\/\/www.musical-today.de\/wp-content\/uploads\/2024\/01\/qi-addons-for-elementor-placeholder-500x333.png 500w, https:\/\/www.musical-today.de\/wp-content\/uploads\/2024\/01\/qi-addons-for-elementor-placeholder-300x200.png 300w, https:\/\/www.musical-today.de\/wp-content\/uploads\/2024\/01\/qi-addons-for-elementor-placeholder-1024x683.png 1024w, https:\/\/www.musical-today.de\/wp-content\/uploads\/2024\/01\/qi-addons-for-elementor-placeholder-883x589.png 883w, https:\/\/www.musical-today.de\/wp-content\/uploads\/2024\/01\/qi-addons-for-elementor-placeholder-18x12.png 18w, https:\/\/www.musical-today.de\/wp-content\/uploads\/2024\/01\/qi-addons-for-elementor-placeholder-360x240.png 360w, https:\/\/www.musical-today.de\/wp-content\/uploads\/2024\/01\/qi-addons-for-elementor-placeholder-1155x770.png 1155w, https:\/\/www.musical-today.de\/wp-content\/uploads\/2024\/01\/qi-addons-for-elementor-placeholder-370x247.png 370w, https:\/\/www.musical-today.de\/wp-content\/uploads\/2024\/01\/qi-addons-for-elementor-placeholder-770x513.png 770w, https:\/\/www.musical-today.de\/wp-content\/uploads\/2024\/01\/qi-addons-for-elementor-placeholder-293x195.png 293w, https:\/\/www.musical-today.de\/wp-content\/uploads\/2024\/01\/qi-addons-for-elementor-placeholder-120x80.png 120w, https:\/\/www.musical-today.de\/wp-content\/uploads\/2024\/01\/qi-addons-for-elementor-placeholder-240x160.png 240w, https:\/\/www.musical-today.de\/wp-content\/uploads\/2024\/01\/qi-addons-for-elementor-placeholder-390x260.png 390w, https:\/\/www.musical-today.de\/wp-content\/uploads\/2024\/01\/qi-addons-for-elementor-placeholder.png 1200w\" sizes=\"(max-width: 500px) 100vw, 500px\" title=\"\"><\/div>\t\t\t<div class=\"lets-info-up-block-wrap\">\r\n\t\t\t\t<div class=\"lets-info-up-block lets-info-up-meta-block\"><div class=\"lets-info-up-meta-title lets-info-up-pretitle font-h\" style=\"color: #8c6d18;\">oRT<\/div><div class=\"lets-info-up-meta-content lets-info-up-title font-b\">Universit\u00e4t der K\u00fcnste Berlin<\/div><\/div><div class=\"lets-info-up-block lets-info-up-meta-block\"><div class=\"lets-info-up-meta-title lets-info-up-pretitle font-h\" style=\"color: #8c6d18;\">von<\/div><div class=\"lets-info-up-meta-content lets-info-up-title font-b\">Ein Projekt des zweiten Jahrgangs des Studiengangs Musical\/Show in Kooperation mit den Studieng\u00e4ngen B\u00fchnen- und Kost\u00fcmbild der Universit\u00e4t der K\u00fcnste Berlin<\/div><\/div><div class=\"lets-info-up-block lets-info-up-meta-block\"><div class=\"lets-info-up-meta-title lets-info-up-pretitle font-h\" style=\"color: #8c6d18;\">Regie<\/div><div class=\"lets-info-up-meta-content lets-info-up-title font-b\">Mathias Noack<\/div><\/div><div class=\"lets-info-up-block lets-info-up-meta-block\"><div class=\"lets-info-up-meta-title lets-info-up-pretitle font-h\" style=\"color: #8c6d18;\">Urauff\u00fchrunG<\/div><div class=\"lets-info-up-meta-content lets-info-up-title font-b\">2024<\/div><\/div><div class=\"lets-info-up-block lets-info-up-meta-block\"><div class=\"lets-info-up-meta-title lets-info-up-pretitle font-h\" style=\"color: #8c6d18;\">INFOS<\/div><div class=\"lets-info-up-meta-content lets-info-up-title font-b\"><a href=\"https:\/\/www.udk-berlin.de\/veranstaltung\/2153\" data-type=\"link\" target=\"_blank\" rel=\"noopener noreferrer nofollow\">www.udk-berlin.de<\/a><\/div><\/div>\t\t\t<\/div>\r\n\t\t\t<\/div>\r\n\t\t<\/div>\r\n\t\t\n\n\n<p><strong>Ein Musical \u00fcber das Verlorensein im digitalen Zeitalter<\/strong><\/p>\n\n\n\n<p>Ein rotes Riesenherz platzierten Jeanot Kempf und Soli Jang vom Studiengang B\u00fchnenbild auf der Drehscheibe im Theatersaal der Berliner Universit\u00e4t der K\u00fcnste, au\u00dferdem Versatzelemente einer monstr\u00f6sen Torte. \u201eLove Is In the Air\u201c dr\u00f6hnt aus den Boxen. Darum geht es, beziehungsweise um das Scheitern der Liebe in Zeiten virtueller Alternativwelten. Der Titel dieser Urauff\u00fchrung ist ebenso lang wie aussagewuchtig: \u201e21.53 \u2013 zu fr\u00fch, um schlafen zu gehen, zu sp\u00e4t, um wen anzurufen\u201c, ein Projekt als Werkstattinszenierung, das der zweite Jahrgang des Studiengangs Musical\/Show der Hochschule auf Grundlage von Elisabeth Papes Theaterst\u00fcck \u201eAlles Casual\u201c entwickelte. Zehn starke Frauen sind darin zu erleben und was sie dabei auf die Bretter bringen, ist uneingeschr\u00e4nkt sehenswert. Hoch pr\u00e4sent zeigt sich der talentierte Nachwuchs, darstellerisch, stimmlich und t\u00e4nzerisch.<\/p>\n\n\n\n<p>Fragen umkreisen den revuehaft ausgelegten Faden. Ist das Glas nun halbvoll oder halbleer, was ist echt, was nur Fake und was tun, wenn die Stimmung n\u00e4chstens auf Moll umschl\u00e4gt? Vielleicht schnell eine neue App herunterladen, online shoppen, jemanden kennenlernen oder sich einfach die angeknackste Seele aus dem Hirn reden. Die agilen Akteurinnen formieren sich als eine Art griechischer Chor, der in nahezu jeder Szene gen\u00fcgend Raum f\u00fcr ein Solo l\u00e4sst. Hier manifestieren sich Sehns\u00fcchte, Entt\u00e4uschungen, ausgebremste Leidenschaften. Permanent droht das kollektive Burn-out, weil der Konsum von Influencer-Banalit\u00e4ten, Chat-Gelaber und sinnlosem Kaufrausch jede Trennung zwischen digitaler und analoger Sph\u00e4re aufl\u00f6st \u2013 es sind fremdgesteuerte Wesen im Dauertransit ohne konkretes Ziel. Die von Kost\u00fcmbildnerin Lara Duymu\u015f mit synthetischen Farben und Stoffen ausstaffierten Figuren haben keine Namen; Themen und Schein-Individualit\u00e4t sind beliebig, austauschbar, stereotyp, darum letztlich anonym.<\/p>\n\n\n<div  class=\"tpgb-wrap-956d14_6586  tpgb-wrap-fw \"  ><div id=\"956d14_6586\" class=\"tpgb-block-956d14_6586 tpgb-relative-block tpgb-gallery-list tpgb-metro gallery-style-2 hover-image-style-1   \" data-style=\"style-2\" data-id=\"956d14_6586\" data-layout=\"metro\" data-fancy-option='{\"loop\":false,\"thumb\":\"no\",\"infobar\":true,\"arrows\":true,\"transitionEffect\":\"slide\",\"button\":[\"close\"]}' data-splide='\"\"' data-metroAttr= '{\"metro_col\":3,\"tab_metro_col\":3,\"mobile_metro_col\":3,\"metro_style\":\"style-1\",\"tab_metro_style\":\"style-1\",\"mobile_metro_style\":\"style-1\"}' ><div class=\"tpgb-row post-loop-inner \"><div class=\"grid-item metro-item-0    tpgb-metro-1  tpgb-tab-metro-1  tpgb-mobile-metro-1 \"><a href=\"https:\/\/www.musical-today.de\/wp-content\/uploads\/2024\/05\/21.53_17cDanielNartschick.jpg\" class=\"tpgb-gallery-list-content tpgb-trans-easeinout\" data-fancybox=\"956d14_6586\" data-caption=\"Foto: Daniel Nartschick\" aria-label=\"Foto: Daniel Nartschick\"><div class=\"post-content-image\"><div class=\"tpgb-metro-gallery-image\" style=\"background: url(https:\/\/www.musical-today.de\/wp-content\/uploads\/2024\/05\/21.53_17cDanielNartschick.jpg);\"><\/div><\/div><div class=\"post-content-center\"><div class=\"post-zoom-icon\"><div class=\"meta-search-icon\"><span><img decoding=\"async\" class=\"fancy-img\" src=\"https:\/\/www.musical-today.de\/wp-content\/uploads\/2024\/05\/21.53_17cDanielNartschick.jpg\" alt=\"Media Image1\" title=\"\"><i class=\"fas fa-search-plus pop-icon\"><\/i><\/span><\/div><\/div><div class=\"post-content-bottom\"><p class=\"post-title tpgb-trans-easeinout\">Foto: Daniel Nartschick<\/p><\/div><\/div><\/a><\/div><div class=\"grid-item metro-item-1    tpgb-metro-2  tpgb-tab-metro-2  tpgb-mobile-metro-2 \"><a href=\"https:\/\/www.musical-today.de\/wp-content\/uploads\/2024\/05\/21.53_18cDanielNartschick.jpg\" class=\"tpgb-gallery-list-content tpgb-trans-easeinout\" data-fancybox=\"956d14_6586\" data-caption=\"Foto: Daniel Nartschick\" aria-label=\"Foto: Daniel Nartschick\"><div class=\"post-content-image\"><div class=\"tpgb-metro-gallery-image\" style=\"background: url(https:\/\/www.musical-today.de\/wp-content\/uploads\/2024\/05\/21.53_18cDanielNartschick.jpg);\"><\/div><\/div><div class=\"post-content-center\"><div class=\"post-zoom-icon\"><div class=\"meta-search-icon\"><span><img decoding=\"async\" class=\"fancy-img\" src=\"https:\/\/www.musical-today.de\/wp-content\/uploads\/2024\/05\/21.53_18cDanielNartschick.jpg\" alt=\"Media Image2\" title=\"\"><i class=\"fas fa-search-plus pop-icon\"><\/i><\/span><\/div><\/div><div class=\"post-content-bottom\"><p class=\"post-title tpgb-trans-easeinout\">Foto: Daniel Nartschick<\/p><\/div><\/div><\/a><\/div><div class=\"grid-item metro-item-2    tpgb-metro-3  tpgb-tab-metro-3  tpgb-mobile-metro-3 \"><a href=\"https:\/\/www.musical-today.de\/wp-content\/uploads\/2024\/05\/21.53_2cDanielNartschick.jpg\" class=\"tpgb-gallery-list-content tpgb-trans-easeinout\" data-fancybox=\"956d14_6586\" data-caption=\"Foto: Daniel Nartschick\" aria-label=\"Foto: Daniel Nartschick\"><div class=\"post-content-image\"><div class=\"tpgb-metro-gallery-image\" style=\"background: url(https:\/\/www.musical-today.de\/wp-content\/uploads\/2024\/05\/21.53_2cDanielNartschick.jpg);\"><\/div><\/div><div class=\"post-content-center\"><div class=\"post-zoom-icon\"><div class=\"meta-search-icon\"><span><img decoding=\"async\" class=\"fancy-img\" src=\"https:\/\/www.musical-today.de\/wp-content\/uploads\/2024\/05\/21.53_2cDanielNartschick.jpg\" alt=\"Media Image3\" title=\"\"><i class=\"fas fa-search-plus pop-icon\"><\/i><\/span><\/div><\/div><div class=\"post-content-bottom\"><p class=\"post-title tpgb-trans-easeinout\">Foto: Daniel Nartschick<\/p><\/div><\/div><\/a><\/div><\/div><\/div><\/div>\n\n\n<p>Hinter dem erschreckend Lapidaren werden Schicksale deutlich, Unsicherheiten. Die Frauen verstecken sich vor der realen Auseinandersetzung, fl\u00fcchten in plumpe Selbstdarstellung, die sie posten oder twittern, um irgendwo Aufmerksamkeit zu erheischen. Das alles wirkt authentisch, galoppiert in zwei pausenlosen Stunden durch emotionale Brachen und addierte Illusionen, versetzt mit einem tollen Songbook, das Lieder wie \u201eDead Girl Walking\u201c aus \u201eHeathers\u201c, \u201eBeing Alive\u201c (\u201eCompany\u201c), \u201eForget About the Boys\u201c (\u201eThoroughly Modern Millie\u201c), \u201eRequiem\u201c (\u201eDear Evan Hansen\u201c), \u201eHilflos\u201c (\u201eHamilton\u201c) oder \u201eIch tanz allein\u201c (\u201eKu\u2019damm 56\u201c) raffiniert in Spannungen setzt und flottes Tempo garantiert. Regisseur Mathias Noack baut daraus ein St\u00fcck mit Tiefgang, das nur in der letzten Phase etwas lahmt, weil der inhaltliche Bogen dann doch leicht \u00fcberreizt scheint. Choreograf Bart de Clerq bringt das Ensemble bestens und mit oft \u00fcberraschenden Einf\u00e4llen in Bewegung, Damian Omansen destilliert am Solo-Klavier die Essenzen aus den Songs und leitet die Cast durch den abwechslungsreichen musikalischen Parcours.<\/p>\n\n\n\n<p>S\u00e4mtliche Beteiligten haben ihren gro\u00dfen Moment, spielen und singen ihre Begabung auf den Punkt, lassen mit einem trefflich ausbalancierten Lied buchst\u00e4blich aufhorchen: Tatonka-Dana\u00eb Brunner, Johanna Eid, Charlotte Fischer, Olivia Goga, Teresa Hank-G\u00f3mez, Lara K\u00f6rner, Samantha Mayer, Melina Niccum, Insa Ommen und Alicia Reu\u00df. Alle verdienen sich an diesem atmosph\u00e4risch dichten Abend ihre Meriten, u.a. mit einer herrlichen Parodie auf maskuline Attit\u00fcden in entsprechenden Masken. Fast am Schluss taucht tats\u00e4chlich ein leibhaftiger Mann (Fabio Kopf) auf, der prompt geehelicht werden soll, weil das offenbar dazugeh\u00f6rt. Das ist ihm zu viel, er stakst verdutzt davon. So geht das wohl in modernen Zeiten, traurig und wahr. Am Ende legen die Frauen ihre Smartphones auf den Boden, wollen ihr unterdr\u00fccktes Ego entdecken, aber wie? \u201eTobi\u201c schallt es aus dem dunklen Raum, der kann jedoch hier nicht helfen. Tosender Applaus belohnt den musicalisierten Spaziergang durch digitale Welten.<\/p>\n\n\n\n<hr class=\"wp-block-separator has-alpha-channel-opacity is-style-dots\"\/>\n\n\n\n<p class=\"has-small-font-size\">Werkstattinszenierung unter Verwendung von Ausz\u00fcgen aus \u201eAlles Casual\u201c von Elisabeth Pape mit Musik diverser Komponistinnen und Komponisten<\/p>\n\n\n\n<p class=\"has-small-font-size\">Musikalische Leitung: Damian Omansen \u2022 Choreografie: Bart de Clercq \u2022 Kost\u00fcme: Lara Duymu\u015f \u2022 B\u00fchne: Jeanot Kempf und Soli Jang \u2022 Licht: Miriam Damm \u2022 Mit: Tatonka-Dana\u00eb Brunner, Johanna Eid, Charlotte Fischer, Olivia Goga, Teresa Hank-G\u00f3mez, Lara K\u00f6rner, Samantha Mayer, Melina Niccum, Insa Ommen, Alicia Reu\u00df, Fabio Kopf<\/p>\n\n\n\n<p class=\"has-small-font-size\">Aufmacherfoto: Daniel Nartschick<\/p>\n","protected":false},"excerpt":{"rendered":"<p>Ein Musical \u00fcber das Verlorensein im digitalen Zeitalter Ein rotes Riesenherz platzierten Jeanot Kempf und Soli Jang vom Studiengang B\u00fchnenbild auf der Drehscheibe im Theatersaal der Berliner Universit\u00e4t der K\u00fcnste, au\u00dferdem Versatzelemente einer monstr\u00f6sen Torte. \u201eLove Is In the Air\u201c dr\u00f6hnt aus den Boxen. Darum geht es, beziehungsweise um das Scheitern der Liebe in Zeiten virtueller Alternativwelten. Der Titel dieser Urauff\u00fchrung ist ebenso lang wie aussagewuchtig: \u201e21.53 \u2013 zu fr\u00fch, um schlafen zu gehen, zu sp\u00e4t, um wen anzurufen\u201c, ein [&hellip;]<\/p>\n","protected":false},"author":4,"featured_media":6588,"comment_status":"closed","ping_status":"closed","sticky":false,"template":"","format":"standard","meta":{"tpgb_global_settings":"","footnotes":""},"categories":[130],"tags":[],"class_list":["post-6586","post","type-post","status-publish","format-standard","has-post-thumbnail","hentry","category-berlin"],"tpgb_featured_images":{"full":["https:\/\/www.musical-today.de\/wp-content\/uploads\/2024\/05\/21.53_22cDanielNartschick.jpg",2000,1333,false],"tp-image-grid":["https:\/\/www.musical-today.de\/wp-content\/uploads\/2024\/05\/21.53_22cDanielNartschick-700x700.jpg",700,700,true],"thumbnail":["https:\/\/www.musical-today.de\/wp-content\/uploads\/2024\/05\/21.53_22cDanielNartschick-400x267.jpg",400,267,true],"medium":["https:\/\/www.musical-today.de\/wp-content\/uploads\/2024\/05\/21.53_22cDanielNartschick-980x653.jpg",980,653,true],"medium_large":["https:\/\/www.musical-today.de\/wp-content\/uploads\/2024\/05\/21.53_22cDanielNartschick-949x633.jpg",770,514,true],"large":["https:\/\/www.musical-today.de\/wp-content\/uploads\/2024\/05\/21.53_22cDanielNartschick-1920x1280.jpg",1139,759,true],"default":"https:\/\/www.musical-today.de\/wp-content\/plugins\/the-plus-addons-for-block-editor\/assets\/images\/tpgb-placeholder.jpg"},"tpgb_post_meta_info":{"get_date":"15.05.2024","get_modified_date":"15.04.2025","category_list":{"category":[{"term_id":130,"name":"Berlin","slug":"berlin","term_group":0,"term_taxonomy_id":130,"taxonomy":"category","description":"","parent":19,"count":27,"filter":"raw","term_order":"9"}],"post_tag":false,"post_format":false},"author_name":"J\u00fcrgen Rickert","author_url":"https:\/\/www.musical-today.de\/en\/autor\/juergenrickert\/","author_email":"maail@valentinboesing.de","author_website":"","author_description":"Redakteur, Journalist, PR-Manager, P\u00e4dagoge. Arbeit in s\u00e4mtlichen Medien, mit Schwerpunkt Musiktheater-Rezensionen. Mitinitiator verschiedener internationaler Formate der UNESCO wie Euro-Arabischer Dialog, Deutsch-Afrikanische Jugendakademie, Climate Action Network. Dramaturgie und Produktionsleitung, z. B. \"Wohin gehst Du\" (Tanzprojekt), \"Gelbe Ohrfeigen\" (ARTE), Entwicklung des mehrfach interkontinental durchgef\u00fchrten Konzepts \"From Head to Heart\" mit szenischen Installationen.","author_facebook":"","author_twitter":"","author_instagram":"","author_role":["redakteur","author","editor","redaktionsteam"],"author_firstname":"J\u00fcrgen","author_lastname":"Rickert","user_login":"hjr","author_avatar":"<img src=\"https:\/\/www.musical-today.de\/wp-content\/uploads\/2024\/01\/cropped-Bildschirmfoto-2024-01-21-um-09.35.54-293x293.jpeg\" width=\"200\" height=\"200\" alt=\"J\u00fcrgen Rickert\" class=\"avatar avatar-200 wp-user-avatar wp-user-avatar-200 alignnone photo\" \/>","author_avatar_url":"https:\/\/www.musical-today.de\/wp-content\/uploads\/2024\/01\/cropped-Bildschirmfoto-2024-01-21-um-09.35.54.jpeg","comment_count":0,"post_likes":0,"post_views":0},"tpgb_post_category":{"category":"<a href=\"https:\/\/www.musical-today.de\/en\/deutschland\/berlin\/\" alt=\"Berlin\"  class=\"category-berlin\">Berlin<\/a> "},"_links":{"self":[{"href":"https:\/\/www.musical-today.de\/en\/wp-json\/wp\/v2\/posts\/6586","targetHints":{"allow":["GET"]}}],"collection":[{"href":"https:\/\/www.musical-today.de\/en\/wp-json\/wp\/v2\/posts"}],"about":[{"href":"https:\/\/www.musical-today.de\/en\/wp-json\/wp\/v2\/types\/post"}],"author":[{"embeddable":true,"href":"https:\/\/www.musical-today.de\/en\/wp-json\/wp\/v2\/users\/4"}],"replies":[{"embeddable":true,"href":"https:\/\/www.musical-today.de\/en\/wp-json\/wp\/v2\/comments?post=6586"}],"version-history":[{"count":0,"href":"https:\/\/www.musical-today.de\/en\/wp-json\/wp\/v2\/posts\/6586\/revisions"}],"wp:featuredmedia":[{"embeddable":true,"href":"https:\/\/www.musical-today.de\/en\/wp-json\/wp\/v2\/media\/6588"}],"wp:attachment":[{"href":"https:\/\/www.musical-today.de\/en\/wp-json\/wp\/v2\/media?parent=6586"}],"wp:term":[{"taxonomy":"category","embeddable":true,"href":"https:\/\/www.musical-today.de\/en\/wp-json\/wp\/v2\/categories?post=6586"},{"taxonomy":"post_tag","embeddable":true,"href":"https:\/\/www.musical-today.de\/en\/wp-json\/wp\/v2\/tags?post=6586"}],"curies":[{"name":"wp","href":"https:\/\/api.w.org\/{rel}","templated":true}]}}