{"id":6769,"date":"2024-06-09T11:20:15","date_gmt":"2024-06-09T09:20:15","guid":{"rendered":"https:\/\/www.musical-today.de\/?p=6769"},"modified":"2025-04-15T14:28:19","modified_gmt":"2025-04-15T12:28:19","slug":"linz-strike-up-the-band","status":"publish","type":"post","link":"https:\/\/www.musical-today.de\/en\/linz-strike-up-the-band\/","title":{"rendered":"Strike Up The Band"},"content":{"rendered":"<div class=\"lets-info-up-wrap  lets-info-up--right lets-info-up--m-1 lets-info-up-skin-3 lets-info-up--side lets-info-up-88551\" style=\"background:#fafafa; color: #616161\">\t\t\t<div class=\"lets-info-up\">\r\n\t\t\t<div class=\"lets-info-up-fi\"><img decoding=\"async\" width=\"500\" height=\"333\" src=\"https:\/\/www.musical-today.de\/wp-content\/uploads\/2024\/01\/qi-addons-for-elementor-placeholder-500x333.png\" class=\"attachment-lets-info-up-d1 size-lets-info-up-d1\" alt=\"|\" srcset=\"https:\/\/www.musical-today.de\/wp-content\/uploads\/2024\/01\/qi-addons-for-elementor-placeholder-500x333.png 500w, https:\/\/www.musical-today.de\/wp-content\/uploads\/2024\/01\/qi-addons-for-elementor-placeholder-300x200.png 300w, https:\/\/www.musical-today.de\/wp-content\/uploads\/2024\/01\/qi-addons-for-elementor-placeholder-1024x683.png 1024w, https:\/\/www.musical-today.de\/wp-content\/uploads\/2024\/01\/qi-addons-for-elementor-placeholder-883x589.png 883w, https:\/\/www.musical-today.de\/wp-content\/uploads\/2024\/01\/qi-addons-for-elementor-placeholder-18x12.png 18w, https:\/\/www.musical-today.de\/wp-content\/uploads\/2024\/01\/qi-addons-for-elementor-placeholder-360x240.png 360w, https:\/\/www.musical-today.de\/wp-content\/uploads\/2024\/01\/qi-addons-for-elementor-placeholder-1155x770.png 1155w, https:\/\/www.musical-today.de\/wp-content\/uploads\/2024\/01\/qi-addons-for-elementor-placeholder-370x247.png 370w, https:\/\/www.musical-today.de\/wp-content\/uploads\/2024\/01\/qi-addons-for-elementor-placeholder-770x513.png 770w, https:\/\/www.musical-today.de\/wp-content\/uploads\/2024\/01\/qi-addons-for-elementor-placeholder-293x195.png 293w, https:\/\/www.musical-today.de\/wp-content\/uploads\/2024\/01\/qi-addons-for-elementor-placeholder-120x80.png 120w, https:\/\/www.musical-today.de\/wp-content\/uploads\/2024\/01\/qi-addons-for-elementor-placeholder-240x160.png 240w, https:\/\/www.musical-today.de\/wp-content\/uploads\/2024\/01\/qi-addons-for-elementor-placeholder-390x260.png 390w, https:\/\/www.musical-today.de\/wp-content\/uploads\/2024\/01\/qi-addons-for-elementor-placeholder.png 1200w\" sizes=\"(max-width: 500px) 100vw, 500px\" title=\"\"><\/div>\t\t\t<div class=\"lets-info-up-block-wrap\">\r\n\t\t\t\t<div class=\"lets-info-up-block lets-info-up-meta-block\"><div class=\"lets-info-up-meta-title lets-info-up-pretitle font-h\" style=\"color: #8c6d18;\">oRT<\/div><div class=\"lets-info-up-meta-content lets-info-up-title font-b\">Landestheater Linz<\/div><\/div><div class=\"lets-info-up-block lets-info-up-meta-block\"><div class=\"lets-info-up-meta-title lets-info-up-pretitle font-h\" style=\"color: #8c6d18;\">von<\/div><div class=\"lets-info-up-meta-content lets-info-up-title font-b\">George Gershwin (Musik)<br>Ira Gershwin (Gesangstexte)<br>George S. Kaufman (Buch)<\/div><\/div><div class=\"lets-info-up-block lets-info-up-meta-block\"><div class=\"lets-info-up-meta-title lets-info-up-pretitle font-h\" style=\"color: #8c6d18;\">Regie<\/div><div class=\"lets-info-up-meta-content lets-info-up-title font-b\">Matthias Davids<\/div><\/div><div class=\"lets-info-up-block lets-info-up-meta-block\"><div class=\"lets-info-up-meta-title lets-info-up-pretitle font-h\" style=\"color: #8c6d18;\">Urauff\u00fchrunG<\/div><div class=\"lets-info-up-meta-content lets-info-up-title font-b\">1930<\/div><\/div><div class=\"lets-info-up-block lets-info-up-meta-block\"><div class=\"lets-info-up-meta-title lets-info-up-pretitle font-h\" style=\"color: #8c6d18;\">INFOS<\/div><div class=\"lets-info-up-meta-content lets-info-up-title font-b\"><a href=\"https:\/\/www.landestheater-linz.at\/stuecke\/detail?ref=5010\" data-type=\"link\" target=\"_blank\" rel=\"noopener noreferrer nofollow\">www.landestheater-linz.at<\/a><\/div><\/div>\t\t\t<\/div>\r\n\t\t\t<\/div>\r\n\t\t<\/div>\r\n\t\t\n\n\n<p><strong><strong>Der opulent orchestrierte Gershwin-Klassiker \u201eStrike Up The Band\u201c<\/strong><\/strong><\/p>\n\n\n\n<p>Das immer findige Landestheater Linz wartet diesmal mit einer besonderen Entdeckung auf: \u201eStrike Up The Band\u201c, eine Gershwin-Satire von 1927 und seitdem so gut wie nie gespielt. Obwohl: 1927 ist nicht ganz richtig. Damals verendete die Show auf ihrer Tryout-Tour in Philadelphia, das Publikum zeigte sich einfach nicht interessiert und im Cast herrschte bald ein Kommen und Gehen. 1930 folgte der zweite Versuch: Das damals popul\u00e4re Komiker-Duo Bobby Clark und Paul McCullough als Zugpferde, ein etwas weniger scharfes Buch (Morrie Ryskind \u00fcbernahm von George S. Kaufman) und ein ver\u00e4nderter Score mit zwei neuen Hits \u2013 das sollte f\u00fcr 191 Broadway-Auff\u00fchrungen reichen.<\/p>\n\n\n\n<p>Wie in der New Yorker \u201eEncores!\u201c-Serie 1998 beschr\u00e4nkt sich auch Linz auf eine halbszenische Auff\u00fchrung, allerdings mit Kost\u00fcmen und einem Trumpf-Ass: ein 46-k\u00f6pfiges Orchester, davon 31 Streichinstrumente! Tom Bitterlich als musikalischer Leiter sorgt f\u00fcr einen Klangteppich, den diese Show wahrscheinlich nirgends auf der Welt mehr erhalten wird.<\/p>\n\n\n<div  class=\"tpgb-wrap-956d14_6769  tpgb-wrap-fw \"  ><div id=\"956d14_6769\" class=\"tpgb-block-956d14_6769 tpgb-relative-block tpgb-gallery-list tpgb-metro gallery-style-2 hover-image-style-1   \" data-style=\"style-2\" data-id=\"956d14_6769\" data-layout=\"metro\" data-fancy-option='{\"loop\":false,\"thumb\":\"no\",\"infobar\":true,\"arrows\":true,\"transitionEffect\":\"slide\",\"button\":[\"close\"]}' data-splide='\"\"' data-metroAttr= '{\"metro_col\":3,\"tab_metro_col\":3,\"mobile_metro_col\":3,\"metro_style\":\"style-1\",\"tab_metro_style\":\"style-1\",\"mobile_metro_style\":\"style-1\"}' ><div class=\"tpgb-row post-loop-inner \"><div class=\"grid-item metro-item-0    tpgb-metro-1  tpgb-tab-metro-1  tpgb-mobile-metro-1 \"><a href=\"https:\/\/www.musical-today.de\/wp-content\/uploads\/2024\/06\/10357_300dpi-scaled.jpg\" class=\"tpgb-gallery-list-content tpgb-trans-easeinout\" data-fancybox=\"956d14_6769\" data-caption=\"Foto: Reinhard Winkler\" aria-label=\"Foto: Reinhard Winkler\"><div class=\"post-content-image\"><div class=\"tpgb-metro-gallery-image\" style=\"background: url(https:\/\/www.musical-today.de\/wp-content\/uploads\/2024\/06\/10357_300dpi-scaled.jpg);\"><\/div><\/div><div class=\"post-content-center\"><div class=\"post-zoom-icon\"><div class=\"meta-search-icon\"><span><img decoding=\"async\" class=\"fancy-img\" src=\"https:\/\/www.musical-today.de\/wp-content\/uploads\/2024\/06\/10357_300dpi-scaled.jpg\" alt=\"Media Image1\" title=\"\"><i class=\"fas fa-search-plus pop-icon\"><\/i><\/span><\/div><\/div><div class=\"post-content-bottom\"><p class=\"post-title tpgb-trans-easeinout\">Foto: Reinhard Winkler<\/p><\/div><\/div><\/a><\/div><div class=\"grid-item metro-item-1    tpgb-metro-2  tpgb-tab-metro-2  tpgb-mobile-metro-2 \"><a href=\"https:\/\/www.musical-today.de\/wp-content\/uploads\/2024\/06\/10363_300dpi-scaled.jpg\" class=\"tpgb-gallery-list-content tpgb-trans-easeinout\" data-fancybox=\"956d14_6769\" data-caption=\"Foto: Reinhard Winkler\" aria-label=\"Foto: Reinhard Winkler\"><div class=\"post-content-image\"><div class=\"tpgb-metro-gallery-image\" style=\"background: url(https:\/\/www.musical-today.de\/wp-content\/uploads\/2024\/06\/10363_300dpi-scaled.jpg);\"><\/div><\/div><div class=\"post-content-center\"><div class=\"post-zoom-icon\"><div class=\"meta-search-icon\"><span><img decoding=\"async\" class=\"fancy-img\" src=\"https:\/\/www.musical-today.de\/wp-content\/uploads\/2024\/06\/10363_300dpi-scaled.jpg\" alt=\"Media Image2\" title=\"\"><i class=\"fas fa-search-plus pop-icon\"><\/i><\/span><\/div><\/div><div class=\"post-content-bottom\"><p class=\"post-title tpgb-trans-easeinout\">Foto: Reinhard Winkler<\/p><\/div><\/div><\/a><\/div><div class=\"grid-item metro-item-2    tpgb-metro-3  tpgb-tab-metro-3  tpgb-mobile-metro-3 \"><a href=\"https:\/\/www.musical-today.de\/wp-content\/uploads\/2024\/06\/10370_300dpi-scaled.jpg\" class=\"tpgb-gallery-list-content tpgb-trans-easeinout\" data-fancybox=\"956d14_6769\" data-caption=\"Foto: Reinhard Winkler\" aria-label=\"Foto: Reinhard Winkler\"><div class=\"post-content-image\"><div class=\"tpgb-metro-gallery-image\" style=\"background: url(https:\/\/www.musical-today.de\/wp-content\/uploads\/2024\/06\/10370_300dpi-scaled.jpg);\"><\/div><\/div><div class=\"post-content-center\"><div class=\"post-zoom-icon\"><div class=\"meta-search-icon\"><span><img decoding=\"async\" class=\"fancy-img\" src=\"https:\/\/www.musical-today.de\/wp-content\/uploads\/2024\/06\/10370_300dpi-scaled.jpg\" alt=\"Media Image3\" title=\"\"><i class=\"fas fa-search-plus pop-icon\"><\/i><\/span><\/div><\/div><div class=\"post-content-bottom\"><p class=\"post-title tpgb-trans-easeinout\">Foto: Reinhard Winkler<\/p><\/div><\/div><\/a><\/div><\/div><\/div><\/div>\n\n\n<p>Die Idee von Regisseur Matthias Davids, die Handlung mittels einer Erz\u00e4hlerin (Daniela Dett) zu vermitteln, hat mehr Vor- als Nachteile. Leider gehen aber einige von Kaufmans bitterb\u00f6sen Gags verloren, daf\u00fcr bleiben ewig lange Textpassagen aus und Ira Gershwins Gesangstexte (von Roman Hinze nah am Original \u00fcbersetzt) machen die Handlung ohnehin klar. Zwar gilt Kaufman zurecht als einer der gr\u00f6\u00dften Playwriter Amerikas, doch die Gershwin-Lieder stellen heute die Hauptattraktion dar. Auch wenn sich Linz am Buch von 1927 orientiert, fischen Davids und Bitterlich in beiden Welten: \u201eThe Man I Love\u201c (f\u00fcr 1930 gestrichen) bleibt erhalten, zwei weitere Hits der sp\u00e4teren Version (\u201eSoon\u201c und das swingende \u201eI\u2019ve Got a Crush On You\u201c) kommen dazu. Und dar\u00fcber hinaus nat\u00fcrlich der aufr\u00fchrende Titel-Marsch \u2013 das macht vier Hits, au\u00dferdem versuchten sich die Gershwin erstmals in Gilbert-und-Sullivan-\u00e4hnlichen Patter-Songs: Was f\u00fcr ein Score!<\/p>\n\n\n\n<p>Die Handlung selbst? Eine bitterb\u00f6se Satire, die die oft nichtigen Gr\u00fcnde und Profiteure f\u00fcr und von Kriegen an den Pranger stellt. Die Gesch\u00e4fte von K\u00e4sefabrikant Horace J. Fletcher gehen gut, hat doch die Regierung einen 50-Prozent-Zoll auf importierte Milchprodukte eingef\u00fchrt. Doch ein Land schert aus: \u00d6sterreich (im Original die Schweiz) protestiert, Fletcher dr\u00e4ngt die US-Regierung mittels des zwielichtigen Pr\u00e4sidentenberaters Colonel Holmes in den Krieg. Der Konflikt findet dann in den Alpen statt (die dortige Hotelier-Vereinigung bietet g\u00fcnstige Preise an), endet aber ohne gro\u00dfe Auseinandersetzungen, weil sich Fletchers Manager Sloane (Christian Fr\u00f6hlich) als Spion entpuppt, der noch dazu Fletchers K\u00e4se jahrelang gepanscht hatte. Aber egal, es steht ja schon wieder der n\u00e4chste Krieg (diesmal mit Frankreich wegen des Rotweins) ins Haus. Knapp zehn Jahre nach dem Ersten Weltkrieg ein ziemlich galliger Stoff, der aber auch eher gewohnte Elemente aus der damaligen Welt des Comedy Musicals enth\u00e4lt: Gleich zwei jugendliche Paare d\u00fcrfen die Balladen singen. Dabei verspr\u00fcht vor allem Valerie Luksch als Fletchers Tochter Joan den Sopran-Stil der 20er Jahre, Gernot Romic ist als das ganze Komplott aufdeckender Journalist Jim Townsend rollendeckend aufgeweckt. Das zweite Paar \u2013 Cornelia Mooswalder als Ann Draper und Lukas Sandmann als Vorarbeiter Timothy Harper \u2013 w\u00e4re im Original f\u00fcr die (hier entfallenen) t\u00e4nzerischen Elemente zust\u00e4ndig gewesen, darf sich aber mit \u201eIch bin verknallt in dich\u201c tr\u00f6sten. Die starke Besetzung rundet Karsten Kenzel als Fletcher ab, einzig Max Niemeyer als Holmes wirkt etwas eint\u00f6nig. Comedy-Elemente liegen auch in der Hand von Lynsey Thurgar als fahrige Witwe Grace Draper und Enrico Treuse als Harpo-Marx-artigem George Spelvin, dem allerdings sein einziger Song (\u201eYankee Doodle Rhythm\u201c) gestrichen wurde.<\/p>\n\n\n\n<p>Sowohl Hinzes deutsches Buch als auch die Kost\u00fcme (Richard Stockinger) wabern zwischen 1927 und heute herum \u2013 ein Beweis, wie sehr Kaufmans Buch noch Bedeutung hat. Zwar ist die Show heute v\u00f6llig unbekannt und lockt wohl nur Musicalkenner neben dem Abo-Publikum an \u2013 Linz leistet mit dieser Exhumierung eines Genre-Klassikers aber wichtige und vor allem professionelle Pionierarbeit.<\/p>\n\n\n\n<hr class=\"wp-block-separator has-alpha-channel-opacity is-style-dots\"\/>\n\n\n\n<p class=\"has-small-font-size\">Musikalische Leitung: Tom Bitterlich \u2022 Choreografie: Hannah Moana Paul \u2022 B\u00fchne: Aleksander Kaplun \u2022 Kost\u00fcme: Richard Stockinger \u2022 Video: Paul Eckschlager \u2022 Grafik: Aleksander Kaplun und Paul Eckschlager \u2022 Licht: Simon Wagner \u2022 Chor: Elena Pierini \u2022 Mit: Daniela Dett (Erz\u00e4hlerin), Karsten Kenzel (Horace J. Fletcher), Valerie Luksch (Joan Fletcher), Gernot Romic (Jim Townsend), Lynsey Thurgar (Mrs. Draper), Cornelia Mooswalder (Ann Draper), Lukas Sandmann (Timothy Harper), Max Niemeyer (Colonel Holmes), Christian Fr\u00f6hlich (C. Edgar Sloane), Enrico Treuse (George Spelvin) \u2022 Chor des Landestheaters Linz \u2022 Bruckner Orchester Linz<br><br>Aufmacherfoto: Reinhard Winkler<\/p>\n","protected":false},"excerpt":{"rendered":"<p>Der opulent orchestrierte Gershwin-Klassiker \u201eStrike Up The Band\u201c Das immer findige Landestheater Linz wartet diesmal mit einer besonderen Entdeckung auf: \u201eStrike Up The Band\u201c, eine Gershwin-Satire von 1927 und seitdem so gut wie nie gespielt. Obwohl: 1927 ist nicht ganz richtig. Damals verendete die Show auf ihrer Tryout-Tour in Philadelphia, das Publikum zeigte sich einfach nicht interessiert und im Cast herrschte bald ein Kommen und Gehen. 1930 folgte der zweite Versuch: Das damals popul\u00e4re Komiker-Duo Bobby Clark und Paul McCullough [&hellip;]<\/p>\n","protected":false},"author":37,"featured_media":6770,"comment_status":"closed","ping_status":"closed","sticky":false,"template":"","format":"standard","meta":{"tpgb_global_settings":"","footnotes":""},"categories":[87],"tags":[],"class_list":["post-6769","post","type-post","status-publish","format-standard","has-post-thumbnail","hentry","category-linz"],"tpgb_featured_images":{"full":["https:\/\/www.musical-today.de\/wp-content\/uploads\/2024\/06\/10368_300dpi-scaled.jpg",2560,1706,false],"tp-image-grid":["https:\/\/www.musical-today.de\/wp-content\/uploads\/2024\/06\/10368_300dpi-700x700.jpg",700,700,true],"thumbnail":["https:\/\/www.musical-today.de\/wp-content\/uploads\/2024\/06\/10368_300dpi-400x267.jpg",400,267,true],"medium":["https:\/\/www.musical-today.de\/wp-content\/uploads\/2024\/06\/10368_300dpi-980x653.jpg",980,653,true],"medium_large":["https:\/\/www.musical-today.de\/wp-content\/uploads\/2024\/06\/10368_300dpi-949x633.jpg",770,514,true],"large":["https:\/\/www.musical-today.de\/wp-content\/uploads\/2024\/06\/10368_300dpi-1920x1280.jpg",1139,759,true],"default":"https:\/\/www.musical-today.de\/wp-content\/plugins\/the-plus-addons-for-block-editor\/assets\/images\/tpgb-placeholder.jpg"},"tpgb_post_meta_info":{"get_date":"09.06.2024","get_modified_date":"15.04.2025","category_list":{"category":[{"term_id":87,"name":"Linz","slug":"linz","term_group":0,"term_taxonomy_id":87,"taxonomy":"category","description":"","parent":114,"count":9,"filter":"raw","term_order":"8"}],"post_tag":false,"post_format":false},"author_name":"Bernd Freim\u00fcller","author_url":"https:\/\/www.musical-today.de\/en\/autor\/berndfreimueller\/","author_email":"temporary-removeZEvnA09b54wB39f@tmp.com","author_website":"","author_description":"studierte Publizistik und ist seit mehr als 40 Jahren als fester und freier Journalist t\u00e4tig. Im Kulturbereich war er neben einer T\u00e4tigkeit als \u00d6sterreich-Korrespondent f\u00fcr \u201ePlaybill Online\u201c fast 30 Jahre als Rezensent f\u00fcr das Magazin \u201emusicals\u201c t\u00e4tig. Sein Spezialgebiet sind die klassischen Musicals, die er sowohl im deutschen Sprachraum als auch am Broadway und im West End in verschiedensten Versionen verfolgt hat.","author_facebook":"","author_twitter":"","author_instagram":"","author_role":["author"],"author_firstname":"Bernd","author_lastname":"Freim\u00fcller","user_login":"berndfreimueller","author_avatar":"<img src=\"https:\/\/www.musical-today.de\/wp-content\/uploads\/2024\/03\/Bernd-Freimueller-293x293.jpg\" width=\"200\" height=\"200\" alt=\"Bernd Freim\u00fcller\" class=\"avatar avatar-200 wp-user-avatar wp-user-avatar-200 alignnone photo\" \/>","author_avatar_url":"https:\/\/www.musical-today.de\/wp-content\/uploads\/2024\/03\/Bernd-Freimueller.jpg","comment_count":0,"post_likes":0,"post_views":0},"tpgb_post_category":{"category":"<a href=\"https:\/\/www.musical-today.de\/en\/oesterreich\/linz\/\" alt=\"Linz\"  class=\"category-linz\">Linz<\/a> "},"_links":{"self":[{"href":"https:\/\/www.musical-today.de\/en\/wp-json\/wp\/v2\/posts\/6769","targetHints":{"allow":["GET"]}}],"collection":[{"href":"https:\/\/www.musical-today.de\/en\/wp-json\/wp\/v2\/posts"}],"about":[{"href":"https:\/\/www.musical-today.de\/en\/wp-json\/wp\/v2\/types\/post"}],"author":[{"embeddable":true,"href":"https:\/\/www.musical-today.de\/en\/wp-json\/wp\/v2\/users\/37"}],"replies":[{"embeddable":true,"href":"https:\/\/www.musical-today.de\/en\/wp-json\/wp\/v2\/comments?post=6769"}],"version-history":[{"count":0,"href":"https:\/\/www.musical-today.de\/en\/wp-json\/wp\/v2\/posts\/6769\/revisions"}],"wp:featuredmedia":[{"embeddable":true,"href":"https:\/\/www.musical-today.de\/en\/wp-json\/wp\/v2\/media\/6770"}],"wp:attachment":[{"href":"https:\/\/www.musical-today.de\/en\/wp-json\/wp\/v2\/media?parent=6769"}],"wp:term":[{"taxonomy":"category","embeddable":true,"href":"https:\/\/www.musical-today.de\/en\/wp-json\/wp\/v2\/categories?post=6769"},{"taxonomy":"post_tag","embeddable":true,"href":"https:\/\/www.musical-today.de\/en\/wp-json\/wp\/v2\/tags?post=6769"}],"curies":[{"name":"wp","href":"https:\/\/api.w.org\/{rel}","templated":true}]}}