{"id":6916,"date":"2024-06-22T13:50:07","date_gmt":"2024-06-22T11:50:07","guid":{"rendered":"https:\/\/www.musical-today.de\/?p=6916"},"modified":"2025-04-15T14:28:19","modified_gmt":"2025-04-15T12:28:19","slug":"fulda-die-papstin-das-musical","status":"publish","type":"post","link":"https:\/\/www.musical-today.de\/en\/fulda-die-papstin-das-musical\/","title":{"rendered":"Die P\u00e4pstin \u2013 Das Musical"},"content":{"rendered":"<div class=\"lets-info-up-wrap  lets-info-up--right lets-info-up--m-1 lets-info-up-skin-3 lets-info-up--side lets-info-up-57748\" style=\"background:#fafafa; color: #616161\">\t\t\t<div class=\"lets-info-up\">\r\n\t\t\t<div class=\"lets-info-up-fi\"><img decoding=\"async\" width=\"500\" height=\"375\" src=\"https:\/\/www.musical-today.de\/wp-content\/uploads\/visual-portfolio\/placeholder-500x375.png\" class=\"attachment-lets-info-up-d1 size-lets-info-up-d1\" alt=\"|\" srcset=\"https:\/\/www.musical-today.de\/wp-content\/uploads\/visual-portfolio\/placeholder-500x375.png 500w, https:\/\/www.musical-today.de\/wp-content\/uploads\/visual-portfolio\/placeholder-300x225.png 300w, https:\/\/www.musical-today.de\/wp-content\/uploads\/visual-portfolio\/placeholder-1024x767.png 1024w, https:\/\/www.musical-today.de\/wp-content\/uploads\/visual-portfolio\/placeholder-883x662.png 883w, https:\/\/www.musical-today.de\/wp-content\/uploads\/visual-portfolio\/placeholder-16x12.png 16w, https:\/\/www.musical-today.de\/wp-content\/uploads\/visual-portfolio\/placeholder-800x600.png 800w, https:\/\/www.musical-today.de\/wp-content\/uploads\/visual-portfolio\/placeholder.png 1201w\" sizes=\"(max-width: 500px) 100vw, 500px\" title=\"\"><\/div>\t\t\t<div class=\"lets-info-up-block-wrap\">\r\n\t\t\t\t<div class=\"lets-info-up-block lets-info-up-meta-block\"><div class=\"lets-info-up-meta-title lets-info-up-pretitle font-h\" style=\"color: #8c6d18;\">Ort<\/div><div class=\"lets-info-up-meta-content lets-info-up-title font-b\">Musical Sommer Fulda<\/div><\/div><div class=\"lets-info-up-block lets-info-up-meta-block\"><div class=\"lets-info-up-meta-title lets-info-up-pretitle font-h\" style=\"color: #8c6d18;\">VON<\/div><div class=\"lets-info-up-meta-content lets-info-up-title font-b\">Dennis Martin (Musik)<br>Dennis Martin &amp; Christoph Jilo (Buch und Gesangstexte)<\/div><\/div><div class=\"lets-info-up-block lets-info-up-meta-block\"><div class=\"lets-info-up-meta-title lets-info-up-pretitle font-h\" style=\"color: #8c6d18;\">Regie<\/div><div class=\"lets-info-up-meta-content lets-info-up-title font-b\">Gil Mehmert<\/div><\/div><div class=\"lets-info-up-block lets-info-up-meta-block\"><div class=\"lets-info-up-meta-title lets-info-up-pretitle font-h\" style=\"color: #8c6d18;\">Urauff\u00fchrung<\/div><div class=\"lets-info-up-meta-content lets-info-up-title font-b\">2011<\/div><\/div><div class=\"lets-info-up-block lets-info-up-meta-block\"><div class=\"lets-info-up-meta-title lets-info-up-pretitle font-h\" style=\"color: #8c6d18;\">INFOS<\/div><div class=\"lets-info-up-meta-content lets-info-up-title font-b\"><a href=\"https:\/\/www.musicalsommer-fulda.de\/\" data-type=\"link\" target=\"_blank\" rel=\"noopener noreferrer nofollow\">www.musicalsommer-fulda.de<\/a><br><a href=\"https:\/\/www.hameln.de\/de\/veranstaltungen\/musical-die-paepstin\/\" data-type=\"link\" target=\"_blank\" rel=\"noopener noreferrer nofollow\">www.p\u00e4pstin-hameln.de<\/a><\/div><\/div>\t\t\t<\/div>\r\n\t\t\t<\/div>\r\n\t\t<\/div>\r\n\t\t\n\n\n<p><strong>Das Erfolgsmusical \u201eDie P\u00e4pstin\u201c kehrt \u00fcberarbeitet ins Schlosstheater zur\u00fcck<\/strong><\/p>\n\n\n\n<p>Johanna schneidet sich das Haar und gibt sich fortan als Mann aus, der ins Kloster Fulda eintritt und schlie\u00dflich Leibarzt des Papstes wird. Als ihr unerwartet ihre einstige Liebe begegnet, muss sie sich entscheiden. Niemand darf wissen, wer sie wirklich ist, schon gar nicht, als sie zum Papst gew\u00e4hlt wird.<\/p>\n\n\n\n<p>Seit 2011 erlebten fast 800.000 Menschen \u201eDie P\u00e4pstin \u2013 Das Musical\u201c nach dem Mittelalterroman von Donna W. Cross. Nach f\u00fcnf Jahren kehrt das erfolgreichste St\u00fcck von \u201espotlight musicals\u201c in neuer Fassung zur\u00fcck, bevor es im kommenden Winter in Hameln zu sehen sein wird. Zum 20. Geburtstag bleibt \u201espotlight musicals\u201c seinem Erfolgsrezept treu: Qualit\u00e4t in jeder Hinsicht \u2013 keine Kompromisse bei Cast, Kreativteam, Musik und B\u00fchnenbild. Einzig auf ein Live-Orchester muss man im kleinen Schlosstheater weiter verzichten, bekommt aber eine Musikproduktion geboten, die mit der Orchestrierung von Frank Hollmann sowie den Musikproduzenten Fabian Kampa, Maximilian Becker und Dennis Martin wieder Ma\u00dfst\u00e4be setzt.<\/p>\n\n\n\n<p>F\u00fcr die pointierte Regie konnte Gil Mehmert gewonnen werden. Das Buch von Komponist Dennis Martin und Christoph Jilo wurde mit zus\u00e4tzlichen Gesangstexten von Bj\u00f6rn Herrmann und erg\u00e4nzenden Songs von Kevin Schroeder mutig auf den Kopf gestellt. Neue Szenenfolge und neues Ende funktionieren. Fr\u00fch kommt der neue Song \u201eSo viel mehr\u201c. Dabei besingt die Titelrolle ihren unb\u00e4ndigen Wunsch, mehr Wissen zu erlangen: jetzt der rote Faden des St\u00fccks.<\/p>\n\n\n<div  class=\"tpgb-wrap-956d14_6916  tpgb-wrap-fw \"  ><div id=\"956d14_6916\" class=\"tpgb-block-956d14_6916 tpgb-relative-block tpgb-gallery-list tpgb-metro gallery-style-2 hover-image-style-1   \" data-style=\"style-2\" data-id=\"956d14_6916\" data-layout=\"metro\" data-fancy-option='{\"loop\":false,\"thumb\":\"no\",\"infobar\":true,\"arrows\":true,\"transitionEffect\":\"slide\",\"button\":[\"close\"]}' data-splide='\"\"' data-metroAttr= '{\"metro_col\":3,\"tab_metro_col\":3,\"mobile_metro_col\":3,\"metro_style\":\"style-1\",\"tab_metro_style\":\"style-1\",\"mobile_metro_style\":\"style-1\"}' ><div class=\"tpgb-row post-loop-inner \"><div class=\"grid-item metro-item-0    tpgb-metro-1  tpgb-tab-metro-1  tpgb-mobile-metro-1 \"><a href=\"https:\/\/www.musical-today.de\/wp-content\/uploads\/2024\/06\/19-Paepstin-2024-Pressebild-copyright-spotlight-musicals-_-Fotograf-Christian-Tech-scaled.jpg\" class=\"tpgb-gallery-list-content tpgb-trans-easeinout\" data-fancybox=\"956d14_6916\" data-caption=\"Foto: spotlight musicals\/Christian Tech\" aria-label=\"Foto: spotlight musicals\/Christian Tech\"><div class=\"post-content-image\"><div class=\"tpgb-metro-gallery-image\" style=\"background: url(https:\/\/www.musical-today.de\/wp-content\/uploads\/2024\/06\/19-Paepstin-2024-Pressebild-copyright-spotlight-musicals-_-Fotograf-Christian-Tech-scaled.jpg);\"><\/div><\/div><div class=\"post-content-center\"><div class=\"post-zoom-icon\"><div class=\"meta-search-icon\"><span><img decoding=\"async\" class=\"fancy-img\" src=\"https:\/\/www.musical-today.de\/wp-content\/uploads\/2024\/06\/19-Paepstin-2024-Pressebild-copyright-spotlight-musicals-_-Fotograf-Christian-Tech-scaled.jpg\" alt=\"Media Image1\" title=\"\"><i class=\"fas fa-search-plus pop-icon\"><\/i><\/span><\/div><\/div><div class=\"post-content-bottom\"><p class=\"post-title tpgb-trans-easeinout\">Foto: spotlight musicals\/Christian Tech<\/p><\/div><\/div><\/a><\/div><div class=\"grid-item metro-item-1    tpgb-metro-2  tpgb-tab-metro-2  tpgb-mobile-metro-2 \"><a href=\"https:\/\/www.musical-today.de\/wp-content\/uploads\/2024\/06\/05-paepstin-2024-Pressebild-copyright-spotlight-musicals-_-Fotograf-Christian-Tech-scaled.jpg\" class=\"tpgb-gallery-list-content tpgb-trans-easeinout\" data-fancybox=\"956d14_6916\" data-caption=\"Foto: spotlight musicals\/Christian Tech\" aria-label=\"Foto: spotlight musicals\/Christian Tech\"><div class=\"post-content-image\"><div class=\"tpgb-metro-gallery-image\" style=\"background: url(https:\/\/www.musical-today.de\/wp-content\/uploads\/2024\/06\/05-paepstin-2024-Pressebild-copyright-spotlight-musicals-_-Fotograf-Christian-Tech-scaled.jpg);\"><\/div><\/div><div class=\"post-content-center\"><div class=\"post-zoom-icon\"><div class=\"meta-search-icon\"><span><img decoding=\"async\" class=\"fancy-img\" src=\"https:\/\/www.musical-today.de\/wp-content\/uploads\/2024\/06\/05-paepstin-2024-Pressebild-copyright-spotlight-musicals-_-Fotograf-Christian-Tech-scaled.jpg\" alt=\"Media Image2\" title=\"\"><i class=\"fas fa-search-plus pop-icon\"><\/i><\/span><\/div><\/div><div class=\"post-content-bottom\"><p class=\"post-title tpgb-trans-easeinout\">Foto: spotlight musicals\/Christian Tech<\/p><\/div><\/div><\/a><\/div><div class=\"grid-item metro-item-2    tpgb-metro-3  tpgb-tab-metro-3  tpgb-mobile-metro-3 \"><a href=\"https:\/\/www.musical-today.de\/wp-content\/uploads\/2024\/06\/08-Paepstin-2024-Pressebild-copyright-spotlight-musicals-_-Fotograf-Michael-Werthmueller.jpg\" class=\"tpgb-gallery-list-content tpgb-trans-easeinout\" data-fancybox=\"956d14_6916\" data-caption=\"Foto: spotlight musicals\/Michael Werthm\u00fcller\" aria-label=\"Foto: spotlight musicals\/Michael Werthm\u00fcller\"><div class=\"post-content-image\"><div class=\"tpgb-metro-gallery-image\" style=\"background: url(https:\/\/www.musical-today.de\/wp-content\/uploads\/2024\/06\/08-Paepstin-2024-Pressebild-copyright-spotlight-musicals-_-Fotograf-Michael-Werthmueller.jpg);\"><\/div><\/div><div class=\"post-content-center\"><div class=\"post-zoom-icon\"><div class=\"meta-search-icon\"><span><img decoding=\"async\" class=\"fancy-img\" src=\"https:\/\/www.musical-today.de\/wp-content\/uploads\/2024\/06\/08-Paepstin-2024-Pressebild-copyright-spotlight-musicals-_-Fotograf-Michael-Werthmueller.jpg\" alt=\"Media Image3\" title=\"\"><i class=\"fas fa-search-plus pop-icon\"><\/i><\/span><\/div><\/div><div class=\"post-content-bottom\"><p class=\"post-title tpgb-trans-easeinout\">Foto: spotlight musicals\/Michael Werthm\u00fcller<\/p><\/div><\/div><\/a><\/div><\/div><\/div><\/div>\n\n\n<p>Das B\u00fchnenbild von Tony-Award-Gewinner Christopher Barreca besteht aus T\u00fcrmen in Steinoptik und Metalltreppen, die zu immer neuen Spielorten zusammengeschoben werden, M. C. Eschers Bilder standen Pate. Michael Grundner setzt das alles in perfektes Licht, das besonders in Kombination mit der Steinoptik wirkt. Dezent und wirkungsvoll ist das Videodesign von Austin Switser. Besonders bleiben die vermeintlichen Schattenspiele in Erinnerung. Die Choreografie von Andrea Kingston ist unaufdringlich, bei \u201eEwiges Rom\u201c und \u201eIm Namen des Herren\u201c darf getanzt werden. Wenige Requisiten und aufw\u00e4ndige Kost\u00fcme (Claudio Pohle) runden ein hochwertiges Gesamtbild ab.<\/p>\n\n\n\n<p>Es ist Abt Rabanus, der als Johannas F\u00f6rderer gest\u00e4rkt wird und damit auch den Bezug zum Originalschauplatz Fulda herstellt. Andr\u00e9 Bauer \u00fcberzeugt in einer liebevollen Darstellung, nicht nur beim beliebten \u201eHinter hohen Klostermauern\u201c. Widersacher Anastasius wird deutlicher gezeichnet. Er ist in der Darstellung von Christof Messner kein eindimensionaler B\u00f6sewicht mehr. Ihm geht es nicht mehr nur um die Ehre der Familie, sondern darum, Rom zu neuer Bl\u00fcte zu f\u00fchren. Die Rolle seines Vaters Arsenius (Livio Cecini) wird hingegen zur\u00fcckgenommen. Marioza, die historisch belegte machthungrige Geliebte von Klerus und Adel, nutzt Femke Soetenga in der ausgeweiteten Rolle f\u00fcr gro\u00dfartige Auftritte, am Ende kann sie durch eine Wendung der Figur Format verleihen. Rudi Reschke darf mit Johannas Vater und dem freundlichen Papst seine Vielseitigkeit unter Beweis stellen.&nbsp;<\/p>\n\n\n\n<p>Sabrina Weckerlin verk\u00f6rpert die Rolle der P\u00e4pstin, welche sie bereits f\u00fcr die Urauff\u00fchrung 2011 kreierte. Diese Erfahrung merkt man ihr in jeder Szene, jeder Liedzeile an, bei denen sie sich auf eine unglaublich kraftvolle Pr\u00e4senz konzentrieren kann. Mehr G\u00e4nsehautmomente kann es an einem Abend nicht geben. An ihrer Seite steht als Markgraf Gerold erneut Mathias Edenborn auf der B\u00fchne. Ein Traumpaar, deren Verlieben allerdings durch Striche arg schnell passiert. \u201eEin Traum ohne Anfang und Ende\u201c geh\u00f6rt neben \u201eWehrlos\u201c zu den emotionalen H\u00f6hepunkten, wie nat\u00fcrlich \u201eDas bin ich\u201c.&nbsp; Lea-Katharina Krebs ist als liebevolle Mutter Gudrun die Entdeckung der Show. Ihr \u201eW\u00e4chter der Nacht\u201c geht zu Herzen, ihre Stimme und B\u00fchnenpr\u00e4senz begeistern zutiefst, wie auch die Auftritte der energiegeladenen Wahrsagerin (Lee Anne Hierzer). Musiktheater auf h\u00f6chstem Niveau.<\/p>\n\n\n\n<hr class=\"wp-block-separator has-alpha-channel-opacity is-style-dots\"\/>\n\n\n\n<p class=\"has-small-font-size\">Musikalische Leitung: Marcel Jahn \u2022 Choreografie: Andrea Kingston \u2022 B\u00fchne: Christopher Barecca \u2022 Kost\u00fcme: Claudio Pohle \u2022 Licht: Michael Grundner \u2022 Videodesign: Austin Switser \u2022 Sounddesign: Fabian Kampa und Maximilian Becker \u2022 Mit: Sabrina Weckerlin (Johanna), Mathias Edenborn (Gerold), Christof Messner (Anastasius) Livio Cecini (Arsenius\/Fulgentius), Rudi Reschke (Vater\/Papst), Andr\u00e9 Bauer (Rabanus\/Candida), Lea-Katharina Krebs (Gudrun), Femke Soetenga (Marioza), Tobias Korinth (Lothar), Siegmar Tonk (Ratgar\/Lando), Martha H\u00f6nscher (Johanna als Kind) u.a.<\/p>\n\n\n\n<p class=\"has-small-font-size\">Aufmacherfoto: spotlight musicals\/Peter Scholz<\/p>\n","protected":false},"excerpt":{"rendered":"<p>Das Erfolgsmusical \u201eDie P\u00e4pstin\u201c kehrt \u00fcberarbeitet ins Schlosstheater zur\u00fcck Johanna schneidet sich das Haar und gibt sich fortan als Mann aus, der ins Kloster Fulda eintritt und schlie\u00dflich Leibarzt des Papstes wird. Als ihr unerwartet ihre einstige Liebe begegnet, muss sie sich entscheiden. Niemand darf wissen, wer sie wirklich ist, schon gar nicht, als sie zum Papst gew\u00e4hlt wird. Seit 2011 erlebten fast 800.000 Menschen \u201eDie P\u00e4pstin \u2013 Das Musical\u201c nach dem Mittelalterroman von Donna W. Cross. Nach f\u00fcnf Jahren [&hellip;]<\/p>\n","protected":false},"author":5,"featured_media":6904,"comment_status":"closed","ping_status":"closed","sticky":false,"template":"","format":"standard","meta":{"tpgb_global_settings":"","footnotes":""},"categories":[161],"tags":[],"class_list":["post-6916","post","type-post","status-publish","format-standard","has-post-thumbnail","hentry","category-fulda"],"tpgb_featured_images":{"full":["https:\/\/www.musical-today.de\/wp-content\/uploads\/2024\/06\/24-Paepstin-2024-Pressebild-copyright-spotlight-musicals-_-Fotograf-Peter-Scholz-scaled.jpeg",2560,1708,false],"tp-image-grid":["https:\/\/www.musical-today.de\/wp-content\/uploads\/2024\/06\/24-Paepstin-2024-Pressebild-copyright-spotlight-musicals-_-Fotograf-Peter-Scholz-700x700.jpeg",700,700,true],"thumbnail":["https:\/\/www.musical-today.de\/wp-content\/uploads\/2024\/06\/24-Paepstin-2024-Pressebild-copyright-spotlight-musicals-_-Fotograf-Peter-Scholz-600x400.jpeg",600,400,true],"medium":["https:\/\/www.musical-today.de\/wp-content\/uploads\/2024\/06\/24-Paepstin-2024-Pressebild-copyright-spotlight-musicals-_-Fotograf-Peter-Scholz-1200x800.jpeg",1200,800,true],"medium_large":["https:\/\/www.musical-today.de\/wp-content\/uploads\/2024\/06\/24-Paepstin-2024-Pressebild-copyright-spotlight-musicals-_-Fotograf-Peter-Scholz-949x633.jpeg",770,514,true],"large":["https:\/\/www.musical-today.de\/wp-content\/uploads\/2024\/06\/24-Paepstin-2024-Pressebild-copyright-spotlight-musicals-_-Fotograf-Peter-Scholz-1920x1281.jpeg",1139,760,true],"default":"https:\/\/www.musical-today.de\/wp-content\/plugins\/the-plus-addons-for-block-editor\/assets\/images\/tpgb-placeholder.jpg"},"tpgb_post_meta_info":{"get_date":"22.06.2024","get_modified_date":"15.04.2025","category_list":{"category":[{"term_id":161,"name":"Fulda","slug":"fulda","term_group":0,"term_taxonomy_id":161,"taxonomy":"category","description":"","parent":19,"count":2,"filter":"raw","term_order":"36"}],"post_tag":false,"post_format":false},"author_name":"Marcus Leitschuh","author_url":"https:\/\/www.musical-today.de\/en\/autor\/mleitschuh\/","author_email":"admin@valentinboesing.de","author_website":"","author_description":"studierte Germanistik und Theologie und arbeitet als Rektor mit Schultheater-Erfahrung. Lange war er Mitarbeiter der Zeitschrift \u201emusicals\u201c f\u00fcr Nord-Ost-Hessen und S\u00fcdniedersachsen. Er ist kulturpolitisch u.a. im documenta-Aufsichtsrat aktiv, wie auch Projektleiter Kultur der Elisabethkirche Kassel. Au\u00dferdem ist er immer wieder als Theaterfachmann Interviewpartner. Das Musical sieht er als untersch\u00e4tzte Form des Musiktheaters.\r\n(Foto: Dr. Arnulf M\u00fcller)","author_facebook":"","author_twitter":"","author_instagram":"","author_role":["author"],"author_firstname":"Marcus","author_lastname":"Leitschuh","user_login":"mleitschuh","author_avatar":"<img src=\"https:\/\/www.musical-today.de\/wp-content\/uploads\/2024\/03\/Marcus-Leitschuh-c-Dr.-Arnulf-Mueller-293x293.jpg\" width=\"200\" height=\"200\" alt=\"Marcus Leitschuh\" class=\"avatar avatar-200 wp-user-avatar wp-user-avatar-200 alignnone photo\" \/>","author_avatar_url":"https:\/\/www.musical-today.de\/wp-content\/uploads\/2024\/03\/Marcus-Leitschuh-c-Dr.-Arnulf-Mueller.jpg","comment_count":0,"post_likes":0,"post_views":0},"tpgb_post_category":{"category":"<a href=\"https:\/\/www.musical-today.de\/en\/deutschland\/fulda\/\" alt=\"Fulda\"  class=\"category-fulda\">Fulda<\/a> "},"_links":{"self":[{"href":"https:\/\/www.musical-today.de\/en\/wp-json\/wp\/v2\/posts\/6916","targetHints":{"allow":["GET"]}}],"collection":[{"href":"https:\/\/www.musical-today.de\/en\/wp-json\/wp\/v2\/posts"}],"about":[{"href":"https:\/\/www.musical-today.de\/en\/wp-json\/wp\/v2\/types\/post"}],"author":[{"embeddable":true,"href":"https:\/\/www.musical-today.de\/en\/wp-json\/wp\/v2\/users\/5"}],"replies":[{"embeddable":true,"href":"https:\/\/www.musical-today.de\/en\/wp-json\/wp\/v2\/comments?post=6916"}],"version-history":[{"count":0,"href":"https:\/\/www.musical-today.de\/en\/wp-json\/wp\/v2\/posts\/6916\/revisions"}],"wp:featuredmedia":[{"embeddable":true,"href":"https:\/\/www.musical-today.de\/en\/wp-json\/wp\/v2\/media\/6904"}],"wp:attachment":[{"href":"https:\/\/www.musical-today.de\/en\/wp-json\/wp\/v2\/media?parent=6916"}],"wp:term":[{"taxonomy":"category","embeddable":true,"href":"https:\/\/www.musical-today.de\/en\/wp-json\/wp\/v2\/categories?post=6916"},{"taxonomy":"post_tag","embeddable":true,"href":"https:\/\/www.musical-today.de\/en\/wp-json\/wp\/v2\/tags?post=6916"}],"curies":[{"name":"wp","href":"https:\/\/api.w.org\/{rel}","templated":true}]}}