{"id":6970,"date":"2024-06-28T22:42:56","date_gmt":"2024-06-28T20:42:56","guid":{"rendered":"https:\/\/www.musical-today.de\/?p=6970"},"modified":"2025-04-15T14:28:19","modified_gmt":"2025-04-15T12:28:19","slug":"walenstadt-heidi-das-neue-musical","status":"publish","type":"post","link":"https:\/\/www.musical-today.de\/en\/walenstadt-heidi-das-neue-musical\/","title":{"rendered":"Heidi \u2013 Das neue Musical"},"content":{"rendered":"<div class=\"lets-info-up-wrap  lets-info-up--right lets-info-up--m-1 lets-info-up-skin-3 lets-info-up--side lets-info-up-42533\" style=\"background:#fafafa; color: #616161\">\t\t\t<div class=\"lets-info-up\">\r\n\t\t\t<div class=\"lets-info-up-fi\"><img decoding=\"async\" width=\"500\" height=\"375\" src=\"https:\/\/www.musical-today.de\/wp-content\/uploads\/visual-portfolio\/placeholder-500x375.png\" class=\"attachment-lets-info-up-d1 size-lets-info-up-d1\" alt=\"|\" srcset=\"https:\/\/www.musical-today.de\/wp-content\/uploads\/visual-portfolio\/placeholder-500x375.png 500w, https:\/\/www.musical-today.de\/wp-content\/uploads\/visual-portfolio\/placeholder-300x225.png 300w, https:\/\/www.musical-today.de\/wp-content\/uploads\/visual-portfolio\/placeholder-1024x767.png 1024w, https:\/\/www.musical-today.de\/wp-content\/uploads\/visual-portfolio\/placeholder-883x662.png 883w, https:\/\/www.musical-today.de\/wp-content\/uploads\/visual-portfolio\/placeholder-16x12.png 16w, https:\/\/www.musical-today.de\/wp-content\/uploads\/visual-portfolio\/placeholder-800x600.png 800w, https:\/\/www.musical-today.de\/wp-content\/uploads\/visual-portfolio\/placeholder.png 1201w\" sizes=\"(max-width: 500px) 100vw, 500px\" title=\"\"><\/div>\t\t\t<div class=\"lets-info-up-block-wrap\">\r\n\t\t\t\t<div class=\"lets-info-up-block lets-info-up-meta-block\"><div class=\"lets-info-up-meta-title lets-info-up-pretitle font-h\" style=\"color: #8c6d18;\">Ort<\/div><div class=\"lets-info-up-meta-content lets-info-up-title font-b\">Walensee-B\u00fchne<\/div><\/div><div class=\"lets-info-up-block lets-info-up-meta-block\"><div class=\"lets-info-up-meta-title lets-info-up-pretitle font-h\" style=\"color: #8c6d18;\">VON<\/div><div class=\"lets-info-up-meta-content lets-info-up-title font-b\">Patric Scott (Musik &amp; Gesangstexte)<\/div><\/div><div class=\"lets-info-up-block lets-info-up-meta-block\"><div class=\"lets-info-up-meta-title lets-info-up-pretitle font-h\" style=\"color: #8c6d18;\">Regie<\/div><div class=\"lets-info-up-meta-content lets-info-up-title font-b\">Stanislav Mo\u0161a <\/div><\/div><div class=\"lets-info-up-block lets-info-up-meta-block\"><div class=\"lets-info-up-meta-title lets-info-up-pretitle font-h\" style=\"color: #8c6d18;\">Urauff\u00fchrung<\/div><div class=\"lets-info-up-meta-content lets-info-up-title font-b\">2024<\/div><\/div><div class=\"lets-info-up-block lets-info-up-meta-block\"><div class=\"lets-info-up-meta-title lets-info-up-pretitle font-h\" style=\"color: #8c6d18;\">INFOS<\/div><div class=\"lets-info-up-meta-content lets-info-up-title font-b\"><a href=\"https:\/\/walenseebuehne.ch\/\" data-type=\"link\" target=\"_blank\" rel=\"noopener noreferrer nofollow\">www.walenseebuehne.ch<\/a><\/div><\/div>\t\t\t<\/div>\r\n\t\t\t<\/div>\r\n\t\t<\/div>\r\n\t\t\n\n\n<p><strong>Das neue \u201eHeidi\u201c-Musical h\u00e4lt sich eng an Johanna Spyris Welterfolg<\/strong><\/p>\n\n\n\n<p>2005 wurde erstmals auf der Freilichtb\u00fchne vor dem Hintergrund des Walensees und der Churfirsten-Bergkette gespielt. Auf dem Programm stand das Musical \u201eHeidi\u201c mit Musik von Stephen Keeling. Die zwei daf\u00fcr adaptierten Weltbestseller von Johanna Spyri (\u201eHeidis Lehr- und Wanderjahre\u201c und \u201eHeidi kann brauchen, was es gelernt hat\u201c) haben zeitlosen Charakter. Die Gegend um den Walensee nennt sich wegen der Romanheldin auch \u201eHeidiland\u201c und so kommt 20 Jahre sp\u00e4ter erneut ein Musical zum Stoff auf die Walensee-B\u00fchne. Die Musik komponierte diesmal Patric Scott, der seit 2005 regelm\u00e4\u00dfig als Schauspieler hier zu sehen ist \u2013 2005 war er der Geissenpeter.<\/p>\n\n\n\n<p>Ein imposanter Holzbau als B\u00fchnenbild (Christoph Weyers) erstreckt sich auf gut 30 Metern vor der gedeckten Zuschauertrib\u00fcne. Auf der linken Seite stehen drei H\u00e4user mit einem Kirchturm im Hintergrund. Dieser Teil ist drehbar, und auf der anderen Seite befindet sich die Wohnung der Familie Sesemann in Frankfurt. In der Mitte steht nach oben versetzt die H\u00fctte vom Alp\u00f6hi. In einem Raum rechts sitzt das Orchester, vor Wind und Regen gesch\u00fctzt.<\/p>\n\n\n<div  class=\"tpgb-wrap-956d14_6970  tpgb-wrap-fw \"  ><div id=\"956d14_6970\" class=\"tpgb-block-956d14_6970 tpgb-relative-block tpgb-gallery-list tpgb-metro gallery-style-2 hover-image-style-1   \" data-style=\"style-2\" data-id=\"956d14_6970\" data-layout=\"metro\" data-fancy-option='{\"loop\":false,\"thumb\":\"no\",\"infobar\":true,\"arrows\":true,\"transitionEffect\":\"slide\",\"button\":[\"close\"]}' data-splide='\"\"' data-metroAttr= '{\"metro_col\":3,\"tab_metro_col\":3,\"mobile_metro_col\":3,\"metro_style\":\"style-1\",\"tab_metro_style\":\"style-1\",\"mobile_metro_style\":\"style-1\"}' ><div class=\"tpgb-row post-loop-inner \"><div class=\"grid-item metro-item-0    tpgb-metro-1  tpgb-tab-metro-1  tpgb-mobile-metro-1 \"><a href=\"https:\/\/www.musical-today.de\/wp-content\/uploads\/2024\/06\/Heidi24-04-scaled.jpg\" class=\"tpgb-gallery-list-content tpgb-trans-easeinout\" data-fancybox=\"956d14_6970\" data-caption=\"Foto: Andy Mettler\" aria-label=\"Foto: Andy Mettler\"><div class=\"post-content-image\"><div class=\"tpgb-metro-gallery-image\" style=\"background: url(https:\/\/www.musical-today.de\/wp-content\/uploads\/2024\/06\/Heidi24-04-scaled.jpg);\"><\/div><\/div><div class=\"post-content-center\"><div class=\"post-zoom-icon\"><div class=\"meta-search-icon\"><span><img decoding=\"async\" class=\"fancy-img\" src=\"https:\/\/www.musical-today.de\/wp-content\/uploads\/2024\/06\/Heidi24-04-scaled.jpg\" alt=\"Media Image1\" title=\"\"><i class=\"fas fa-search-plus pop-icon\"><\/i><\/span><\/div><\/div><div class=\"post-content-bottom\"><p class=\"post-title tpgb-trans-easeinout\">Foto: Andy Mettler<\/p><\/div><\/div><\/a><\/div><div class=\"grid-item metro-item-1    tpgb-metro-2  tpgb-tab-metro-2  tpgb-mobile-metro-2 \"><a href=\"https:\/\/www.musical-today.de\/wp-content\/uploads\/2024\/06\/Heidi24-05-scaled.jpg\" class=\"tpgb-gallery-list-content tpgb-trans-easeinout\" data-fancybox=\"956d14_6970\" data-caption=\"Foto: Andy Mettler\" aria-label=\"Foto: Andy Mettler\"><div class=\"post-content-image\"><div class=\"tpgb-metro-gallery-image\" style=\"background: url(https:\/\/www.musical-today.de\/wp-content\/uploads\/2024\/06\/Heidi24-05-scaled.jpg);\"><\/div><\/div><div class=\"post-content-center\"><div class=\"post-zoom-icon\"><div class=\"meta-search-icon\"><span><img decoding=\"async\" class=\"fancy-img\" src=\"https:\/\/www.musical-today.de\/wp-content\/uploads\/2024\/06\/Heidi24-05-scaled.jpg\" alt=\"Media Image2\" title=\"\"><i class=\"fas fa-search-plus pop-icon\"><\/i><\/span><\/div><\/div><div class=\"post-content-bottom\"><p class=\"post-title tpgb-trans-easeinout\">Foto: Andy Mettler<\/p><\/div><\/div><\/a><\/div><div class=\"grid-item metro-item-2    tpgb-metro-3  tpgb-tab-metro-3  tpgb-mobile-metro-3 \"><a href=\"https:\/\/www.musical-today.de\/wp-content\/uploads\/2024\/06\/Heidi24-20-scaled.jpg\" class=\"tpgb-gallery-list-content tpgb-trans-easeinout\" data-fancybox=\"956d14_6970\" data-caption=\"Foto: Andy Mettler\" aria-label=\"Foto: Andy Mettler\"><div class=\"post-content-image\"><div class=\"tpgb-metro-gallery-image\" style=\"background: url(https:\/\/www.musical-today.de\/wp-content\/uploads\/2024\/06\/Heidi24-20-scaled.jpg);\"><\/div><\/div><div class=\"post-content-center\"><div class=\"post-zoom-icon\"><div class=\"meta-search-icon\"><span><img decoding=\"async\" class=\"fancy-img\" src=\"https:\/\/www.musical-today.de\/wp-content\/uploads\/2024\/06\/Heidi24-20-scaled.jpg\" alt=\"Media Image3\" title=\"\"><i class=\"fas fa-search-plus pop-icon\"><\/i><\/span><\/div><\/div><div class=\"post-content-bottom\"><p class=\"post-title tpgb-trans-easeinout\">Foto: Andy Mettler<\/p><\/div><\/div><\/a><\/div><\/div><\/div><\/div>\n\n\n<p>In der Ouvert\u00fcre \u201eKh\u00f6scht du d\u2019Glogga\u201c und dem \u201eZ\u2019Gaissapeter Liad\u201c ert\u00f6nen viele Elemente aus der Schweizer Volksmusik, wie gejodelte Passagen. Doch Scott ehrt die Musik seines Heimatlands nur kurz und geht dann in alle Richtungen der modernen Popmusik, mal rockig, mal ruhig, vom Orchester unter Leitung von Gaudens Bieri stilecht interpretiert. Als Nicht-Schweizer muss man sich konzentrieren, um die in der regionalen Mundart gehaltenen Dialoge einigerma\u00dfen zu verstehen, was aber m\u00f6glich ist. Szenen, die in Frankfurt spielen, sind auf Hochdeutsch.<\/p>\n\n\n\n<p>Die Geschichte auf der B\u00fchne ist identisch mit den Romanen. So kommt das Waisenkind Adelheid, genannt Heidi (Kim F\u00f6lmli), in Begleitung ihrer Tante Dete (Ronja Katzman) nach Maienfeld, wo ihr Opa, der \u201eAlp\u00f6hi\u201c (Christoph Wettstein), in einer abgelegenen H\u00fctte in den Bergen lebt. Nach anf\u00e4nglichem Str\u00e4uben wird der alte Mann zum liebenden Gro\u00dfvater. Heidis bester Freund ist Geissenpeter (Stephan Luethy), ein junger Ziegenhirte. Die Zeit vergeht und Heidi ist aus dem Alltag vom Alp\u00f6hi und Geissenpeter nicht mehr wegzudenken. Als Dete zu Besuch kommt und Heidi mit nach Frankfurt nimmt, wo sie der gel\u00e4hmten Klara (Jasmin Reif) Gesellschaft leisten soll, rei\u00dft die Harmonie zwischen den dreien abrupt ab. In Frankfurt werden die beiden M\u00e4dchen schnell beste Freundinnen, und Heidis nette und lustige Art l\u00e4sst auch Diener Sebastian (Christian Bartels), Angestellte Tinette (Maura Oricchio) und Klaras Gro\u00dfmutter (Isabel Florido) dahinschmelzen. Lediglich die Haush\u00e4lterin Fr\u00e4ulein Rottenmeier (Pia Lustenberger) will dem Charme des M\u00e4dchens nicht erliegen. Doch Heidi hat Heimweh. Erst als Doktor Classen (Thomas Christ) ihren Kummer ernst nimmt, darf sie wieder in die Schweiz zu ihrem Opa zur\u00fcck.<\/p>\n\n\n\n<p>Beim Hinschauen entsteht der Eindruck, dass man zum x-ten Mal die klassische Geschichte erlebt. Patric Scott hat nicht ein einziges innovatives Element in sein Musical eingebaut. Trotzdem klingt die Musik recht gut, besonders \u201eDie Regeln mache Ich\u201c (gesungen von Fr\u00e4ulein Rottenmeier und dem Ensemble), \u201eLesen, Lernen, Tr\u00e4umen\u201c (mit Patric Scott als Lehrerkandidat, Klara und den Bediensteten), \u201eWo Kh\u00f6r I Denn Hi?\u201c (Heidi) und \u201eSternenhimmel\u201c (gesungen von Heidi und Klara) setzen sich im Geh\u00f6r fest. Das ganze Ensemble spielt und singt beherzt. Kim F\u00f6lmli \u00fcberzeugt stimmlich und schauspielerisch als Heidi, ebenso Jasmin Reif als Klara. Die Routiniers der Walensee-B\u00fchne, u.a. Christoph Wettstein, Pia Lustenberger und Patric Scott, sind mit Herz und Seele dabei. Regisseur Stanislav Mo\u0161a, ein weiterer Stammgast, wei\u00df genau, was er von seiner Truppe will, und das geben sie ihm und den Zuschauern auch.<\/p>\n\n\n\n<p>Schade nur, dass sich niemand getraut hat, einmal an Heidis Geschichte zu r\u00fctteln und sie ins 21. Jahrhundert zu verlegen. Das w\u00e4re sicher m\u00f6glich, ohne die universalen Werte des Romans von Liebe, Freundschaft und Familie zu vernachl\u00e4ssigen. Der Versuch h\u00e4tte gelohnt. Trotz seiner klassisch-konventionellen Form bleibt dieses neue \u201eHeidi\u201c-Musical sehenswert, speziell wegen der Verschmelzung von Musik und schauspielerischem K\u00f6nnen.<\/p>\n\n\n\n<hr class=\"wp-block-separator has-alpha-channel-opacity is-style-dots\"\/>\n\n\n\n<p class=\"has-small-font-size\">Musikalische Leitung: Gaudens Bieri \u2022 Choreografie: Tihana Strme\u010dki \u2022 B\u00fchne: Christoph Weyers \u2022 Kost\u00fcme: Andrea Ku\u010derov\u00e1 \u2022 Licht: David Kachl\u00ed\u0159 \u2022 Tondesign: Andreas Br\u00fcll \u2022 Mit: Kim F\u00f6lmli (Heidi), Stephan Luethy (Peter), Christoph Wettstein (Alp\u00f6hi), Jasmin Reif (Klara Sesemann), Thomas Christ (Doktor Classen), Pia Lustenberger (Fr\u00e4ulein Rottenmeier), Nathanael Schaer (Herr Sesemann), Isabel Florido (Gro\u00dfmutter), Patric Scott (Kandidat), Ronja Katzman (Dete), Christian Bartels (Sebastian), Oliver Frischknecht (Pfarrer), Maura Oricchio (Tinette), Daniela Moser (Barbel) u.a.<\/p>\n\n\n\n<p class=\"has-small-font-size\">Aufmacherfoto: Andy Mettler<\/p>\n","protected":false},"excerpt":{"rendered":"<p>Das neue \u201eHeidi\u201c-Musical h\u00e4lt sich eng an Johanna Spyris Welterfolg 2005 wurde erstmals auf der Freilichtb\u00fchne vor dem Hintergrund des Walensees und der Churfirsten-Bergkette gespielt. Auf dem Programm stand das Musical \u201eHeidi\u201c mit Musik von Stephen Keeling. Die zwei daf\u00fcr adaptierten Weltbestseller von Johanna Spyri (\u201eHeidis Lehr- und Wanderjahre\u201c und \u201eHeidi kann brauchen, was es gelernt hat\u201c) haben zeitlosen Charakter. Die Gegend um den Walensee nennt sich wegen der Romanheldin auch \u201eHeidiland\u201c und so kommt 20 Jahre sp\u00e4ter erneut ein [&hellip;]<\/p>\n","protected":false},"author":11,"featured_media":6967,"comment_status":"closed","ping_status":"closed","sticky":false,"template":"","format":"standard","meta":{"tpgb_global_settings":"","footnotes":""},"categories":[165],"tags":[],"class_list":["post-6970","post","type-post","status-publish","format-standard","has-post-thumbnail","hentry","category-walenstadt"],"tpgb_featured_images":{"full":["https:\/\/www.musical-today.de\/wp-content\/uploads\/2024\/06\/Heidi24-12-scaled.jpg",2560,1726,false],"tp-image-grid":["https:\/\/www.musical-today.de\/wp-content\/uploads\/2024\/06\/Heidi24-12-700x700.jpg",700,700,true],"thumbnail":["https:\/\/www.musical-today.de\/wp-content\/uploads\/2024\/06\/Heidi24-12-600x405.jpg",600,405,true],"medium":["https:\/\/www.musical-today.de\/wp-content\/uploads\/2024\/06\/Heidi24-12-1200x809.jpg",1200,809,true],"medium_large":["https:\/\/www.musical-today.de\/wp-content\/uploads\/2024\/06\/Heidi24-12-949x640.jpg",770,519,true],"large":["https:\/\/www.musical-today.de\/wp-content\/uploads\/2024\/06\/Heidi24-12-1920x1295.jpg",1139,768,true],"default":"https:\/\/www.musical-today.de\/wp-content\/plugins\/the-plus-addons-for-block-editor\/assets\/images\/tpgb-placeholder.jpg"},"tpgb_post_meta_info":{"get_date":"28.06.2024","get_modified_date":"15.04.2025","category_list":{"category":[{"term_id":165,"name":"Walenstadt","slug":"walenstadt","term_group":0,"term_taxonomy_id":165,"taxonomy":"category","description":"","parent":115,"count":1,"filter":"raw","term_order":"7"}],"post_tag":false,"post_format":false},"author_name":"Christian Spielmann","author_url":"https:\/\/www.musical-today.de\/en\/autor\/cspielmann\/","author_email":"online3@musical-today.de","author_website":"","author_description":"","author_facebook":"","author_twitter":"","author_instagram":"","author_role":["author"],"author_firstname":"Christian","author_lastname":"Spielmann","user_login":"cspielmann","author_avatar":"<img src=\"https:\/\/www.musical-today.de\/wp-content\/uploads\/2024\/03\/434034552_122093726612266069_5386620108228489486_n-293x293.jpg\" width=\"200\" height=\"200\" alt=\"Christian Spielmann\" class=\"avatar avatar-200 wp-user-avatar wp-user-avatar-200 alignnone photo\" \/>","author_avatar_url":"https:\/\/www.musical-today.de\/wp-content\/uploads\/2024\/03\/434034552_122093726612266069_5386620108228489486_n.jpg","comment_count":0,"post_likes":0,"post_views":0},"tpgb_post_category":{"category":"<a href=\"https:\/\/www.musical-today.de\/en\/schweiz\/walenstadt\/\" alt=\"Walenstadt\"  class=\"category-walenstadt\">Walenstadt<\/a> "},"_links":{"self":[{"href":"https:\/\/www.musical-today.de\/en\/wp-json\/wp\/v2\/posts\/6970","targetHints":{"allow":["GET"]}}],"collection":[{"href":"https:\/\/www.musical-today.de\/en\/wp-json\/wp\/v2\/posts"}],"about":[{"href":"https:\/\/www.musical-today.de\/en\/wp-json\/wp\/v2\/types\/post"}],"author":[{"embeddable":true,"href":"https:\/\/www.musical-today.de\/en\/wp-json\/wp\/v2\/users\/11"}],"replies":[{"embeddable":true,"href":"https:\/\/www.musical-today.de\/en\/wp-json\/wp\/v2\/comments?post=6970"}],"version-history":[{"count":0,"href":"https:\/\/www.musical-today.de\/en\/wp-json\/wp\/v2\/posts\/6970\/revisions"}],"wp:featuredmedia":[{"embeddable":true,"href":"https:\/\/www.musical-today.de\/en\/wp-json\/wp\/v2\/media\/6967"}],"wp:attachment":[{"href":"https:\/\/www.musical-today.de\/en\/wp-json\/wp\/v2\/media?parent=6970"}],"wp:term":[{"taxonomy":"category","embeddable":true,"href":"https:\/\/www.musical-today.de\/en\/wp-json\/wp\/v2\/categories?post=6970"},{"taxonomy":"post_tag","embeddable":true,"href":"https:\/\/www.musical-today.de\/en\/wp-json\/wp\/v2\/tags?post=6970"}],"curies":[{"name":"wp","href":"https:\/\/api.w.org\/{rel}","templated":true}]}}