{"id":6977,"date":"2024-06-29T15:52:35","date_gmt":"2024-06-29T13:52:35","guid":{"rendered":"https:\/\/www.musical-today.de\/?p=6977"},"modified":"2025-04-15T14:28:19","modified_gmt":"2025-04-15T12:28:19","slug":"wunsiedel-jesus-christ-superstar","status":"publish","type":"post","link":"https:\/\/www.musical-today.de\/en\/wunsiedel-jesus-christ-superstar\/","title":{"rendered":"Jesus Christ Superstar"},"content":{"rendered":"<div class=\"lets-info-up-wrap  lets-info-up--right lets-info-up--m-1 lets-info-up-skin-3 lets-info-up--side lets-info-up-23103\" style=\"background:#fafafa; color: #616161\">\t\t\t<div class=\"lets-info-up\">\r\n\t\t\t<div class=\"lets-info-up-fi\"><img decoding=\"async\" width=\"500\" height=\"333\" src=\"https:\/\/www.musical-today.de\/wp-content\/uploads\/2024\/01\/qi-addons-for-elementor-placeholder-500x333.png\" class=\"attachment-lets-info-up-d1 size-lets-info-up-d1\" alt=\"|\" srcset=\"https:\/\/www.musical-today.de\/wp-content\/uploads\/2024\/01\/qi-addons-for-elementor-placeholder-500x333.png 500w, https:\/\/www.musical-today.de\/wp-content\/uploads\/2024\/01\/qi-addons-for-elementor-placeholder-300x200.png 300w, https:\/\/www.musical-today.de\/wp-content\/uploads\/2024\/01\/qi-addons-for-elementor-placeholder-1024x683.png 1024w, https:\/\/www.musical-today.de\/wp-content\/uploads\/2024\/01\/qi-addons-for-elementor-placeholder-883x589.png 883w, https:\/\/www.musical-today.de\/wp-content\/uploads\/2024\/01\/qi-addons-for-elementor-placeholder-18x12.png 18w, https:\/\/www.musical-today.de\/wp-content\/uploads\/2024\/01\/qi-addons-for-elementor-placeholder-360x240.png 360w, https:\/\/www.musical-today.de\/wp-content\/uploads\/2024\/01\/qi-addons-for-elementor-placeholder-1155x770.png 1155w, https:\/\/www.musical-today.de\/wp-content\/uploads\/2024\/01\/qi-addons-for-elementor-placeholder-370x247.png 370w, https:\/\/www.musical-today.de\/wp-content\/uploads\/2024\/01\/qi-addons-for-elementor-placeholder-770x513.png 770w, https:\/\/www.musical-today.de\/wp-content\/uploads\/2024\/01\/qi-addons-for-elementor-placeholder-293x195.png 293w, https:\/\/www.musical-today.de\/wp-content\/uploads\/2024\/01\/qi-addons-for-elementor-placeholder-120x80.png 120w, https:\/\/www.musical-today.de\/wp-content\/uploads\/2024\/01\/qi-addons-for-elementor-placeholder-240x160.png 240w, https:\/\/www.musical-today.de\/wp-content\/uploads\/2024\/01\/qi-addons-for-elementor-placeholder-390x260.png 390w, https:\/\/www.musical-today.de\/wp-content\/uploads\/2024\/01\/qi-addons-for-elementor-placeholder.png 1200w\" sizes=\"(max-width: 500px) 100vw, 500px\" title=\"\"><\/div>\t\t\t<div class=\"lets-info-up-block-wrap\">\r\n\t\t\t\t<div class=\"lets-info-up-block lets-info-up-meta-block\"><div class=\"lets-info-up-meta-title lets-info-up-pretitle font-h\" style=\"color: #8c6d18;\">oRT<\/div><div class=\"lets-info-up-meta-content lets-info-up-title font-b\">Luisenburg-Festspiele Wunsiedel<\/div><\/div><div class=\"lets-info-up-block lets-info-up-meta-block\"><div class=\"lets-info-up-meta-title lets-info-up-pretitle font-h\" style=\"color: #8c6d18;\">von<\/div><div class=\"lets-info-up-meta-content lets-info-up-title font-b\">Andrew Lloyd Webber (Musik)<br>Tim Rice (Buch)<\/div><\/div><div class=\"lets-info-up-block lets-info-up-meta-block\"><div class=\"lets-info-up-meta-title lets-info-up-pretitle font-h\" style=\"color: #8c6d18;\">Regie<\/div><div class=\"lets-info-up-meta-content lets-info-up-title font-b\">Birgit Simmler<\/div><\/div><div class=\"lets-info-up-block lets-info-up-meta-block\"><div class=\"lets-info-up-meta-title lets-info-up-pretitle font-h\" style=\"color: #8c6d18;\">Urauff\u00fchrung<\/div><div class=\"lets-info-up-meta-content lets-info-up-title font-b\">1971<\/div><\/div><div class=\"lets-info-up-block lets-info-up-meta-block\"><div class=\"lets-info-up-meta-title lets-info-up-pretitle font-h\" style=\"color: #8c6d18;\">INFOS<\/div><div class=\"lets-info-up-meta-content lets-info-up-title font-b\"><a href=\"https:\/\/www.luisenburg-aktuell.de\/programm\/jesus-christ-superstar\/\" target=\"_blank\" rel=\"noopener noreferrer nofollow\">www.luisenburg-aktuell.de<\/a><\/div><\/div>\t\t\t<\/div>\r\n\t\t\t<\/div>\r\n\t\t<\/div>\r\n\t\t\n\n\n<p><strong>\u201eJesus Christ Superstar\u201c in neuer deutscher \u00dcbersetzung<\/strong><\/p>\n\n\n\n<p>An Ostern war \u201eDie Passion\u201c wieder im Fernsehen als Massenspektakel zu sehen, das die Passionsgeschichte von Jesus Christus in modernem Gewand pr\u00e4sentierte. Andrew Lloyd Webbers und Tim Rices \u201eJesus Christ Superstar\u201c zeigt einen anderen Blickwinkel auf die biblische Leidensgeschichte von Jesus: Er wird \u2013 genauso wie der Verr\u00e4ter Judas \u2013 als Mensch gezeichnet, der mit seinem Handeln und seinem Auftrag hadert, Schw\u00e4chen offenbart und somit wesentlich n\u00e4her an die heutigen Menschen heranger\u00fcckt wird, als in der Bibel beschrieben. Gespielt wird in Wunsiedel die neue deutsche \u00dcbersetzung von Timothy Roller, die \u00fcber weite Strecken sehr gelungen ist und den H\u00f6rgewohnheiten der heutigen Besucher entspricht.<\/p>\n\n\n\n<p>Regisseurin Birgit Simmler siedelt ihre Inszenierung in der Handlungszeit an und bricht diese Zeitebene auch nur gelegentlich mit verschiedenen Elementen: Die H\u00e4ndler im Tempel erinnern ein bisschen an Hippies, Pontius Pilatus tr\u00e4gt moderne Milit\u00e4rhosen in Tarnfarben und Herodes wird \u2013 umringt von einem knallbunten Ensemble \u2013 in der Badewanne auf die B\u00fchne geschoben. Die Ausstattung von Adam Nee bringt antike architektonische Versatzst\u00fccke auf die B\u00fchne, die von Ger\u00fcsten umgeben sind, was metaphorisch f\u00fcr die Entstehung des Christentums stehen k\u00f6nnte. Simmler nutzt die gro\u00dfe Felsenb\u00fchne gut aus, schafft immer wieder verschiedene Ebenen oder taucht die Gesteinsformationen ist stimmungsvolle Beleuchtung. W\u00e4hrend der Gei\u00dfelungsszene taucht sie die B\u00fchne in rotes Licht und l\u00e4sst die Felsen bei den Peitschenhieben hell aufblitzen. <\/p>\n\n\n<div  class=\"tpgb-wrap-956d14_6977  tpgb-wrap-fw \"  ><div id=\"956d14_6977\" class=\"tpgb-block-956d14_6977 tpgb-relative-block tpgb-gallery-list tpgb-metro gallery-style-2 hover-image-style-1   \" data-style=\"style-2\" data-id=\"956d14_6977\" data-layout=\"metro\" data-fancy-option='{\"loop\":false,\"thumb\":\"no\",\"infobar\":true,\"arrows\":true,\"transitionEffect\":\"slide\",\"button\":[\"close\"]}' data-splide='\"\"' data-metroAttr= '{\"metro_col\":3,\"tab_metro_col\":3,\"mobile_metro_col\":3,\"metro_style\":\"style-1\",\"tab_metro_style\":\"style-1\",\"mobile_metro_style\":\"style-1\"}' ><div class=\"tpgb-row post-loop-inner \"><div class=\"grid-item metro-item-0    tpgb-metro-1  tpgb-tab-metro-1  tpgb-mobile-metro-1 \"><a href=\"https:\/\/www.musical-today.de\/wp-content\/uploads\/2024\/06\/Bild_7_JESUS-CHRIST-SUPERSTAR_2024_PRESSE_Gunnar-Frietsch-Ensemble-scaled.jpg\" class=\"tpgb-gallery-list-content tpgb-trans-easeinout\" data-fancybox=\"956d14_6977\" data-caption=\"Foto: Florian Miedl\" aria-label=\"Foto: Florian Miedl\"><div class=\"post-content-image\"><div class=\"tpgb-metro-gallery-image\" style=\"background: url(https:\/\/www.musical-today.de\/wp-content\/uploads\/2024\/06\/Bild_7_JESUS-CHRIST-SUPERSTAR_2024_PRESSE_Gunnar-Frietsch-Ensemble-scaled.jpg);\"><\/div><\/div><div class=\"post-content-center\"><div class=\"post-zoom-icon\"><div class=\"meta-search-icon\"><span><img decoding=\"async\" class=\"fancy-img\" src=\"https:\/\/www.musical-today.de\/wp-content\/uploads\/2024\/06\/Bild_7_JESUS-CHRIST-SUPERSTAR_2024_PRESSE_Gunnar-Frietsch-Ensemble-scaled.jpg\" alt=\"Media Image1\" title=\"\"><i class=\"fas fa-search-plus pop-icon\"><\/i><\/span><\/div><\/div><div class=\"post-content-bottom\"><p class=\"post-title tpgb-trans-easeinout\">Foto: Florian Miedl<\/p><\/div><\/div><\/a><\/div><div class=\"grid-item metro-item-1    tpgb-metro-2  tpgb-tab-metro-2  tpgb-mobile-metro-2 \"><a href=\"https:\/\/www.musical-today.de\/wp-content\/uploads\/2024\/06\/Bild_11_JESUS-CHRIST-SUPERSTAR_2024_PRESSE_Torsten-Ankert-Gunnar-Frietsch-Ensemble-scaled.jpg\" class=\"tpgb-gallery-list-content tpgb-trans-easeinout\" data-fancybox=\"956d14_6977\" data-caption=\"Foto: Florian Miedl\" aria-label=\"Foto: Florian Miedl\"><div class=\"post-content-image\"><div class=\"tpgb-metro-gallery-image\" style=\"background: url(https:\/\/www.musical-today.de\/wp-content\/uploads\/2024\/06\/Bild_11_JESUS-CHRIST-SUPERSTAR_2024_PRESSE_Torsten-Ankert-Gunnar-Frietsch-Ensemble-scaled.jpg);\"><\/div><\/div><div class=\"post-content-center\"><div class=\"post-zoom-icon\"><div class=\"meta-search-icon\"><span><img decoding=\"async\" class=\"fancy-img\" src=\"https:\/\/www.musical-today.de\/wp-content\/uploads\/2024\/06\/Bild_11_JESUS-CHRIST-SUPERSTAR_2024_PRESSE_Torsten-Ankert-Gunnar-Frietsch-Ensemble-scaled.jpg\" alt=\"Media Image2\" title=\"\"><i class=\"fas fa-search-plus pop-icon\"><\/i><\/span><\/div><\/div><div class=\"post-content-bottom\"><p class=\"post-title tpgb-trans-easeinout\">Foto: Florian Miedl<\/p><\/div><\/div><\/a><\/div><div class=\"grid-item metro-item-2    tpgb-metro-3  tpgb-tab-metro-3  tpgb-mobile-metro-3 \"><a href=\"https:\/\/www.musical-today.de\/wp-content\/uploads\/2024\/06\/Bild_1_JESUS-CHRIST-SUPERSTAR_2024_PRESSE_Gunnar-Frietsch-scaled.jpg\" class=\"tpgb-gallery-list-content tpgb-trans-easeinout\" data-fancybox=\"956d14_6977\" data-caption=\"Foto: Florian Miedl\" aria-label=\"Foto: Florian Miedl\"><div class=\"post-content-image\"><div class=\"tpgb-metro-gallery-image\" style=\"background: url(https:\/\/www.musical-today.de\/wp-content\/uploads\/2024\/06\/Bild_1_JESUS-CHRIST-SUPERSTAR_2024_PRESSE_Gunnar-Frietsch-scaled.jpg);\"><\/div><\/div><div class=\"post-content-center\"><div class=\"post-zoom-icon\"><div class=\"meta-search-icon\"><span><img decoding=\"async\" class=\"fancy-img\" src=\"https:\/\/www.musical-today.de\/wp-content\/uploads\/2024\/06\/Bild_1_JESUS-CHRIST-SUPERSTAR_2024_PRESSE_Gunnar-Frietsch-scaled.jpg\" alt=\"Media Image3\" title=\"\"><i class=\"fas fa-search-plus pop-icon\"><\/i><\/span><\/div><\/div><div class=\"post-content-bottom\"><p class=\"post-title tpgb-trans-easeinout\">Foto: Florian Miedl<\/p><\/div><\/div><\/a><\/div><\/div><\/div><\/div>\n\n\n<p>An einigen Stellen bleiben jedoch Fragen offen: So ist unklar, wen Jesus w\u00e4hrend der Ouvert\u00fcre wieder zum Leben erweckt. Geschieht das durch ihn selbst, was die nahezu gespiegelte Szene am Ende nahelegt, oder ist es Lazarus? Ersteres w\u00e4re dann ein Hinweis auf die Auferstehung, letzteres w\u00fcrde ein Kennenlernen von Jesus und Maria Magdalena andeuten. Da das Musical bekanntlich wenige Tanzsequenzen beinhaltet, dringt lediglich Tim Zimmermanns witzige und energiegeladene Choreografie von \u201eHerodes\u2019 Lied\u201c ins Ged\u00e4chtnis. Angef\u00fchrt wird das Ensemble von Gunnar Frietsch als Jesus. Er kann glaubhaft den Zwiespalt zwischen Heiland und Mensch zeigen, gerade seine Anklage Gottes w\u00e4hrend \u201eGethsemane\u201c gelingt eindrucksvoll. Seiner Stimme h\u00f6rt man gerne zu, die lediglich bei einigen hohen T\u00f6nen etwas angestrengt klingt. Seine Beziehung zu Maria Magdalena wird eindeutig dargestellt, vor allem in \u201eAlles ist in Ordnung\u201c verf\u00fchrt diese ihn sehr offensiv. Miriam Neumaier \u00fcberzeugt in dieser Partie sowohl in Hinblick auf Darstellung als auch Gesang. \u201eWie kann ich ihn nur lieben?\u201c gelingt ihr mit vielen Zwischent\u00f6nen. Als Jesus\u2019 Verr\u00e4ter Judas steht Mischa Mang auf der Felsenb\u00fchne. Man merkt ihm an, dass er diese Rolle bereits mehrfach verk\u00f6rpert hat und gut kennt. Schade ist, dass w\u00e4hrend \u201eBlutgeld\u201c, der Schl\u00fcsselszene des Verrats, die Textverst\u00e4ndlichkeit leider eher schlecht ist. Dies liegt aber nicht prim\u00e4r an Mang, sondern eher an der Tonaussteuerung, wobei dieses Manko eine Ausnahme darstellt, denn Band und Ensemble sind in der Regel gut abgemischt. <\/p>\n\n\n\n<p>Aus dem spielfreudigen Ensemble sollen an diese Stelle stellvertretend noch zwei Namen genannt werden: Torsten Ankert als Pontius Pilatus wirkt einerseits bedrohlich, wenn er als Herrscher agiert, jedoch genauso verletzlich und unsicher, wenn er von seinem Traum berichtet. Und AMY verk\u00f6rpert mit gro\u00dfer B\u00fchnenpr\u00e4senz die Figur des Herodes, f\u00fchrt w\u00e4hrend dessen Lied das Ensemble souver\u00e4n an und erntet daf\u00fcr \u2013 verdient \u2013 gro\u00dfen Applaus. Die Band unter dem Dirigat von Vojt\u011bch Adam\u010d\u00edk klingt rockig, kann aber auch w\u00e4hrend der leiseren Momente \u00fcberzeugen.<\/p>\n\n\n\n<hr class=\"wp-block-separator has-alpha-channel-opacity is-style-dots\"\/>\n\n\n\n<p class=\"has-small-font-size\">Musikalische Leitung: Vojt\u011bch Adam\u010d\u00edk \u2022 Choreografie: Tim Zimmermann \u2022 Ausstattung: Adam Nee \u2022 Mit: Gunnar Frietsch (Jesus), Miriam Neumaier (Maria Magdalena), Mischa Mang (Judas), Torsten Ankert (Pontius Pilatus), Wolfgang Mirlach (Kajaphas), Stefan Sch\u00f6\u00dfwendter (Hannas), Adam Demetz (Petrus), AMY (Herodes), Dante S\u00e1enz (Simon Zelotes) u.a.<\/p>\n\n\n\n<p class=\"has-small-font-size\">Aufmacherfoto: Florian Miedl<\/p>\n","protected":false},"excerpt":{"rendered":"<p>\u201eJesus Christ Superstar\u201c in neuer deutscher \u00dcbersetzung An Ostern war \u201eDie Passion\u201c wieder im Fernsehen als Massenspektakel zu sehen, das die Passionsgeschichte von Jesus Christus in modernem Gewand pr\u00e4sentierte. Andrew Lloyd Webbers und Tim Rices \u201eJesus Christ Superstar\u201c zeigt einen anderen Blickwinkel auf die biblische Leidensgeschichte von Jesus: Er wird \u2013 genauso wie der Verr\u00e4ter Judas \u2013 als Mensch gezeichnet, der mit seinem Handeln und seinem Auftrag hadert, Schw\u00e4chen offenbart und somit wesentlich n\u00e4her an die heutigen Menschen heranger\u00fcckt wird, [&hellip;]<\/p>\n","protected":false},"author":22,"featured_media":6979,"comment_status":"closed","ping_status":"closed","sticky":false,"template":"","format":"standard","meta":{"tpgb_global_settings":"","footnotes":""},"categories":[167],"tags":[],"class_list":["post-6977","post","type-post","status-publish","format-standard","has-post-thumbnail","hentry","category-wunsiedel"],"tpgb_featured_images":{"full":["https:\/\/www.musical-today.de\/wp-content\/uploads\/2024\/06\/Bild_9_JESUS-CHRIST-SUPERSTAR_2024_PRESSE_Mischa-Mang-Gunnar-Frietsch-Ensemble-scaled.jpg",2560,1708,false],"tp-image-grid":["https:\/\/www.musical-today.de\/wp-content\/uploads\/2024\/06\/Bild_9_JESUS-CHRIST-SUPERSTAR_2024_PRESSE_Mischa-Mang-Gunnar-Frietsch-Ensemble-700x700.jpg",700,700,true],"thumbnail":["https:\/\/www.musical-today.de\/wp-content\/uploads\/2024\/06\/Bild_9_JESUS-CHRIST-SUPERSTAR_2024_PRESSE_Mischa-Mang-Gunnar-Frietsch-Ensemble-600x400.jpg",600,400,true],"medium":["https:\/\/www.musical-today.de\/wp-content\/uploads\/2024\/06\/Bild_9_JESUS-CHRIST-SUPERSTAR_2024_PRESSE_Mischa-Mang-Gunnar-Frietsch-Ensemble-1200x800.jpg",1200,800,true],"medium_large":["https:\/\/www.musical-today.de\/wp-content\/uploads\/2024\/06\/Bild_9_JESUS-CHRIST-SUPERSTAR_2024_PRESSE_Mischa-Mang-Gunnar-Frietsch-Ensemble-949x633.jpg",770,514,true],"large":["https:\/\/www.musical-today.de\/wp-content\/uploads\/2024\/06\/Bild_9_JESUS-CHRIST-SUPERSTAR_2024_PRESSE_Mischa-Mang-Gunnar-Frietsch-Ensemble-1920x1281.jpg",1139,760,true],"default":"https:\/\/www.musical-today.de\/wp-content\/plugins\/the-plus-addons-for-block-editor\/assets\/images\/tpgb-placeholder.jpg"},"tpgb_post_meta_info":{"get_date":"29.06.2024","get_modified_date":"15.04.2025","category_list":{"category":[{"term_id":167,"name":"Wunsiedel","slug":"wunsiedel","term_group":0,"term_taxonomy_id":167,"taxonomy":"category","description":"","parent":19,"count":2,"filter":"raw","term_order":"99"}],"post_tag":false,"post_format":false},"author_name":"Dr. Thomas Schramm","author_url":"https:\/\/www.musical-today.de\/en\/autor\/thomasschramm\/","author_email":"online92883@musical-today.de","author_website":"","author_description":"wurde in Oberfranken geboren, studierte Theaterwissenschaften an der Universit\u00e4t Bayreuth und verfasste dort seine Dissertation zum Thema \u201eTolkiens \u201aDer Herr der Ringe\u2018: Roman \u2013 Film \u2013 Musical\u201c. Nach mehreren Jahren als Regieassistent und Spielleiter in M\u00fcnchen ist er nun im administrativen Bereich eines Opernfestivals t\u00e4tig.","author_facebook":"","author_twitter":"","author_instagram":"","author_role":["author"],"author_firstname":"Dr. Thomas","author_lastname":"Schramm","user_login":"thomasschramm","author_avatar":"<img src=\"https:\/\/www.musical-today.de\/wp-content\/uploads\/2024\/03\/Dr.-Thomas-Schramm-293x293.jpeg\" width=\"200\" height=\"200\" alt=\"Dr. Thomas Schramm\" class=\"avatar avatar-200 wp-user-avatar wp-user-avatar-200 alignnone photo\" \/>","author_avatar_url":"https:\/\/www.musical-today.de\/wp-content\/uploads\/2024\/03\/Dr.-Thomas-Schramm.jpeg","comment_count":0,"post_likes":0,"post_views":0},"tpgb_post_category":{"category":"<a href=\"https:\/\/www.musical-today.de\/en\/deutschland\/wunsiedel\/\" alt=\"Wunsiedel\"  class=\"category-wunsiedel\">Wunsiedel<\/a> "},"_links":{"self":[{"href":"https:\/\/www.musical-today.de\/en\/wp-json\/wp\/v2\/posts\/6977","targetHints":{"allow":["GET"]}}],"collection":[{"href":"https:\/\/www.musical-today.de\/en\/wp-json\/wp\/v2\/posts"}],"about":[{"href":"https:\/\/www.musical-today.de\/en\/wp-json\/wp\/v2\/types\/post"}],"author":[{"embeddable":true,"href":"https:\/\/www.musical-today.de\/en\/wp-json\/wp\/v2\/users\/22"}],"replies":[{"embeddable":true,"href":"https:\/\/www.musical-today.de\/en\/wp-json\/wp\/v2\/comments?post=6977"}],"version-history":[{"count":0,"href":"https:\/\/www.musical-today.de\/en\/wp-json\/wp\/v2\/posts\/6977\/revisions"}],"wp:featuredmedia":[{"embeddable":true,"href":"https:\/\/www.musical-today.de\/en\/wp-json\/wp\/v2\/media\/6979"}],"wp:attachment":[{"href":"https:\/\/www.musical-today.de\/en\/wp-json\/wp\/v2\/media?parent=6977"}],"wp:term":[{"taxonomy":"category","embeddable":true,"href":"https:\/\/www.musical-today.de\/en\/wp-json\/wp\/v2\/categories?post=6977"},{"taxonomy":"post_tag","embeddable":true,"href":"https:\/\/www.musical-today.de\/en\/wp-json\/wp\/v2\/tags?post=6977"}],"curies":[{"name":"wp","href":"https:\/\/api.w.org\/{rel}","templated":true}]}}