{"id":7021,"date":"2024-07-04T08:38:58","date_gmt":"2024-07-04T06:38:58","guid":{"rendered":"https:\/\/www.musical-today.de\/?p=7021"},"modified":"2025-04-15T14:28:19","modified_gmt":"2025-04-15T12:28:19","slug":"georgsmarienhuette-the-prom","status":"publish","type":"post","link":"https:\/\/www.musical-today.de\/en\/georgsmarienhuette-the-prom\/","title":{"rendered":"The Prom"},"content":{"rendered":"<div class=\"lets-info-up-wrap  lets-info-up--right lets-info-up--m-1 lets-info-up-skin-3 lets-info-up--side lets-info-up-32864\" style=\"background:#fafafa; color: #616161\">\t\t\t<div class=\"lets-info-up\">\r\n\t\t\t<div class=\"lets-info-up-fi\"><img decoding=\"async\" width=\"500\" height=\"333\" src=\"https:\/\/www.musical-today.de\/wp-content\/uploads\/2024\/01\/qi-addons-for-elementor-placeholder-500x333.png\" class=\"attachment-lets-info-up-d1 size-lets-info-up-d1\" alt=\"|\" srcset=\"https:\/\/www.musical-today.de\/wp-content\/uploads\/2024\/01\/qi-addons-for-elementor-placeholder-500x333.png 500w, https:\/\/www.musical-today.de\/wp-content\/uploads\/2024\/01\/qi-addons-for-elementor-placeholder-300x200.png 300w, https:\/\/www.musical-today.de\/wp-content\/uploads\/2024\/01\/qi-addons-for-elementor-placeholder-1024x683.png 1024w, https:\/\/www.musical-today.de\/wp-content\/uploads\/2024\/01\/qi-addons-for-elementor-placeholder-883x589.png 883w, https:\/\/www.musical-today.de\/wp-content\/uploads\/2024\/01\/qi-addons-for-elementor-placeholder-18x12.png 18w, https:\/\/www.musical-today.de\/wp-content\/uploads\/2024\/01\/qi-addons-for-elementor-placeholder-360x240.png 360w, https:\/\/www.musical-today.de\/wp-content\/uploads\/2024\/01\/qi-addons-for-elementor-placeholder-1155x770.png 1155w, https:\/\/www.musical-today.de\/wp-content\/uploads\/2024\/01\/qi-addons-for-elementor-placeholder-370x247.png 370w, https:\/\/www.musical-today.de\/wp-content\/uploads\/2024\/01\/qi-addons-for-elementor-placeholder-770x513.png 770w, https:\/\/www.musical-today.de\/wp-content\/uploads\/2024\/01\/qi-addons-for-elementor-placeholder-293x195.png 293w, https:\/\/www.musical-today.de\/wp-content\/uploads\/2024\/01\/qi-addons-for-elementor-placeholder-120x80.png 120w, https:\/\/www.musical-today.de\/wp-content\/uploads\/2024\/01\/qi-addons-for-elementor-placeholder-240x160.png 240w, https:\/\/www.musical-today.de\/wp-content\/uploads\/2024\/01\/qi-addons-for-elementor-placeholder-390x260.png 390w, https:\/\/www.musical-today.de\/wp-content\/uploads\/2024\/01\/qi-addons-for-elementor-placeholder.png 1200w\" sizes=\"(max-width: 500px) 100vw, 500px\" title=\"\"><\/div>\t\t\t<div class=\"lets-info-up-block-wrap\">\r\n\t\t\t\t<div class=\"lets-info-up-block lets-info-up-meta-block\"><div class=\"lets-info-up-meta-title lets-info-up-pretitle font-h\" style=\"color: #8c6d18;\">oRT<\/div><div class=\"lets-info-up-meta-content lets-info-up-title font-b\">Waldb\u00fchne Kloster Oesede<\/div><\/div><div class=\"lets-info-up-block lets-info-up-meta-block\"><div class=\"lets-info-up-meta-title lets-info-up-pretitle font-h\" style=\"color: #8c6d18;\">von<\/div><div class=\"lets-info-up-meta-content lets-info-up-title font-b\">Matthew Sklar (Musik)<br>Chad Beguelin (Gesangstexte)<br>Chad Beguelin und Bob Martin (Buch)<\/div><\/div><div class=\"lets-info-up-block lets-info-up-meta-block\"><div class=\"lets-info-up-meta-title lets-info-up-pretitle font-h\" style=\"color: #8c6d18;\">Regie<\/div><div class=\"lets-info-up-meta-content lets-info-up-title font-b\">Max Me\u00dfler<\/div><\/div><div class=\"lets-info-up-block lets-info-up-meta-block\"><div class=\"lets-info-up-meta-title lets-info-up-pretitle font-h\" style=\"color: #8c6d18;\">Urauff\u00fchrung<\/div><div class=\"lets-info-up-meta-content lets-info-up-title font-b\">2016<\/div><\/div><div class=\"lets-info-up-block lets-info-up-meta-block\"><div class=\"lets-info-up-meta-title lets-info-up-pretitle font-h\" style=\"color: #8c6d18;\">INFOS<\/div><div class=\"lets-info-up-meta-content lets-info-up-title font-b\"><a href=\"https:\/\/www.xn--waldbhne-b6a.com\/project\/the-prom\" target=\"_blank\" data-type=\"link\" rel=\"noreferrer noopener\">www.waldb\u00fchne.com<\/a><\/div><\/div>\t\t\t<\/div>\r\n\t\t\t<\/div>\r\n\t\t<\/div>\r\n\t\t\n\n\n<p><strong>Grandiose Auff\u00fchrung von \u201eThe Prom\u201c<\/strong><\/p>\n\n\n\n<p>Mit \u201eThe Prom\u201c (\u201eDer Abschlussball\u201c) zeigt die Waldb\u00fchne Kloster Oesede in der Regie von Max Me\u00dfler eine Show, die absolut fehlerfrei ist. Umso erstaunlicher, da das Ensemble mehrheitlich aus Amateuren besteht. Trotzdem liegt die Qualit\u00e4tsmesslatte hoch, alle Beteiligten sind mit Herz und Seele dem Theater verfallen. Dem Verein stehen auch etliche Professionelle zur Seite, die der Show den finalen Schliff verleihen.<\/p>\n\n\n\n<p>Auf dem vielfarbigen einst\u00f6ckigen Hintergrund (B\u00fchne: Tom Grasshof) thront die Schrift \u201eTHE PROM\u201c. Die Broadway-Schauspieler DeeDee (Lea Schulte-Hillen) und Barry (Torsten Hartwich) m\u00fcssen verheerende Kritiken zu ihrem neuen Musical \u00fcber Eleanor Roosevelt hinnehmen. Sie wollen unbedingt etwas unternehmen, um nicht mit dem Flop unterzugehen. Mit dem Song \u201eLeben \u00e4ndern\u201c entscheiden sie sich, der Sch\u00fclerin Emma (Annika Wesselkamp) zu helfen, die, weil lesbisch, nicht am Abschlussball mit ihrer Freundin Alyssa (Eva Dreier) teilnehmen darf. Gemeinsam mit den Schauspielern Angie (Ann-Kathrin Fischer) und Trent (Tim Schlattmann) machen sie sich auf den Weg nach Indiana in die James Madison High School. Hier treffen sie auf die fanatische, ultra-konservative Mrs. Greene (Julia Lichter), die Homosexualit\u00e4t als \u201eschlimme Krankheit\u201c bezeichnet. Sie wei\u00df nicht, dass ausgerechnet ihre Tochter die Freundin von Emma ist. Schuldirektor Tom Hawkins (Niklas Gausmann) hat gegen diese Furie keine Chance. Nach einigem Hin und Her findet der umstrittene Ball dennoch statt. Emma erscheint allerdings in einem leeren Saal, da Mrs. Greene den Ball an einen anderen Ort verlegt hat. Das Hilfsbataillon vom Broadway m\u00f6chte alles daransetzen, die Ungerechtigkeit aufzudecken. Emma aber will ihren eigenen Weg gehen. Sie ver\u00f6ffentlicht ein Video, auf dem sie \u201eMein Herz wei\u00df\u201c singt. Millionen Menschen sehen den Film. Es scheint, als w\u00fcrde das Blatt sich wenden. Dazu m\u00fcssen 30.000 Dollar her, um einen neuen Ball zu organisieren und die Wahrheit ans Licht zu bringen.<\/p>\n\n\n<div  class=\"tpgb-wrap-956d14_7021  tpgb-wrap-fw \"  ><div id=\"956d14_7021\" class=\"tpgb-block-956d14_7021 tpgb-relative-block tpgb-gallery-list tpgb-metro gallery-style-2 hover-image-style-1   \" data-style=\"style-2\" data-id=\"956d14_7021\" data-layout=\"metro\" data-fancy-option='{\"loop\":false,\"thumb\":\"no\",\"infobar\":true,\"arrows\":true,\"transitionEffect\":\"slide\",\"button\":[\"close\"]}' data-splide='\"\"' data-metroAttr= '{\"metro_col\":3,\"tab_metro_col\":3,\"mobile_metro_col\":3,\"metro_style\":\"style-1\",\"tab_metro_style\":\"style-1\",\"mobile_metro_style\":\"style-1\"}' ><div class=\"tpgb-row post-loop-inner \"><div class=\"grid-item metro-item-0    tpgb-metro-1  tpgb-tab-metro-1  tpgb-mobile-metro-1 \"><a href=\"https:\/\/www.musical-today.de\/wp-content\/uploads\/2024\/07\/DSC9215.jpg\" class=\"tpgb-gallery-list-content tpgb-trans-easeinout\" data-fancybox=\"956d14_7021\" data-caption=\"Foto: Annika Westermeyer\" aria-label=\"Foto: Annika Westermeyer\"><div class=\"post-content-image\"><div class=\"tpgb-metro-gallery-image\" style=\"background: url(https:\/\/www.musical-today.de\/wp-content\/uploads\/2024\/07\/DSC9215.jpg);\"><\/div><\/div><div class=\"post-content-center\"><div class=\"post-zoom-icon\"><div class=\"meta-search-icon\"><span><img decoding=\"async\" class=\"fancy-img\" src=\"https:\/\/www.musical-today.de\/wp-content\/uploads\/2024\/07\/DSC9215.jpg\" alt=\"Media Image1\" title=\"\"><i class=\"fas fa-search-plus pop-icon\"><\/i><\/span><\/div><\/div><div class=\"post-content-bottom\"><p class=\"post-title tpgb-trans-easeinout\">Foto: Annika Westermeyer<\/p><\/div><\/div><\/a><\/div><div class=\"grid-item metro-item-1    tpgb-metro-2  tpgb-tab-metro-2  tpgb-mobile-metro-2 \"><a href=\"https:\/\/www.musical-today.de\/wp-content\/uploads\/2024\/07\/DSC9096.jpg\" class=\"tpgb-gallery-list-content tpgb-trans-easeinout\" data-fancybox=\"956d14_7021\" data-caption=\"Foto: Annika Westermeyer\" aria-label=\"Foto: Annika Westermeyer\"><div class=\"post-content-image\"><div class=\"tpgb-metro-gallery-image\" style=\"background: url(https:\/\/www.musical-today.de\/wp-content\/uploads\/2024\/07\/DSC9096.jpg);\"><\/div><\/div><div class=\"post-content-center\"><div class=\"post-zoom-icon\"><div class=\"meta-search-icon\"><span><img decoding=\"async\" class=\"fancy-img\" src=\"https:\/\/www.musical-today.de\/wp-content\/uploads\/2024\/07\/DSC9096.jpg\" alt=\"Media Image2\" title=\"\"><i class=\"fas fa-search-plus pop-icon\"><\/i><\/span><\/div><\/div><div class=\"post-content-bottom\"><p class=\"post-title tpgb-trans-easeinout\">Foto: Annika Westermeyer<\/p><\/div><\/div><\/a><\/div><div class=\"grid-item metro-item-2    tpgb-metro-3  tpgb-tab-metro-3  tpgb-mobile-metro-3 \"><a href=\"https:\/\/www.musical-today.de\/wp-content\/uploads\/2024\/07\/DSC9045-scaled.jpg\" class=\"tpgb-gallery-list-content tpgb-trans-easeinout\" data-fancybox=\"956d14_7021\" data-caption=\"Foto: Annika Westermeyer\" aria-label=\"Foto: Annika Westermeyer\"><div class=\"post-content-image\"><div class=\"tpgb-metro-gallery-image\" style=\"background: url(https:\/\/www.musical-today.de\/wp-content\/uploads\/2024\/07\/DSC9045-scaled.jpg);\"><\/div><\/div><div class=\"post-content-center\"><div class=\"post-zoom-icon\"><div class=\"meta-search-icon\"><span><img decoding=\"async\" class=\"fancy-img\" src=\"https:\/\/www.musical-today.de\/wp-content\/uploads\/2024\/07\/DSC9045-scaled.jpg\" alt=\"Media Image3\" title=\"\"><i class=\"fas fa-search-plus pop-icon\"><\/i><\/span><\/div><\/div><div class=\"post-content-bottom\"><p class=\"post-title tpgb-trans-easeinout\">Foto: Annika Westermeyer<\/p><\/div><\/div><\/a><\/div><\/div><\/div><\/div>\n\n\n<p>Die Choreografien von Brady Harrison inspirieren sich an den Original-Tanzeinlagen. Das gesamte Ensemble agiert wie aus einem Guss. Einfach berauschend sind die Balletteinlagen u.a. zu \u201eHeut\u2019 Nacht geh\u00f6rt nur dir\u201c, \u201eZazz\u201c (eine Hommage an das Musical \u201eChicago\u201c), \u201eLiebt den N\u00e4chsten\u201c sowie das Finale mit der Reprise von \u201eKomm tanz mit mir\u201c. Zudem haben die vom musikalischen Leiter Christian Tobias M\u00fcller einstudierten Lieder echten Ohrwurm-Charakter.<\/p>\n\n\n\n<p>Obwohl das gesamte Ensemble perfekt tanzt und singt, stechen zwei Frauen hervor: Annika Wesselkamp als Emma und Lea Schulte-Hillen als DeeDee. Die beiden verf\u00fcgen \u00fcber gro\u00dfartige Stimmen und ausgezeichnetes schauspielerisches Talent. Bei den M\u00e4nnern dominieren Torsten Hartwich, der den quirligen homosexuellen Barry spielt, und Tim Schlattmann, der mit der Toleranz-Lektion seinen H\u00f6hepunkt hat. Selten ist auf Amateur-Niveau ein so meisterlich inszeniertes und gespieltes Musical zu erleben. \u201eThe Prom\u201c sollte man daher auf keinen Fall verpassen.<\/p>\n\n\n\n<hr class=\"wp-block-separator has-alpha-channel-opacity is-style-dots\"\/>\n\n\n\n<p class=\"has-small-font-size\">Musikalische Leitung: Christian Tobias M\u00fcller \u2022 Regie: Max Me\u00dfler \u2022 Choreografie: Brady Harrison \u2022 B\u00fchne: Tom Grasshof \u2022 Mit: Lea Schulte-Hillen (DeeDee Allen), Torsten Hartwich (Barry Glickman), Tim Schlattmann (Trent Oliver), Ann-Kathrin Fischer (Angie Dickinson), Annika Wesselkamp (Emma Nolan), Eva Dreier (Alyssa Greene), Julia Lichter (Ars Greene), Niklas Gausmann (Tom Hawkins), Andreas Gervelmeyer (Sheldon Saperstein), Stella Ruhe (Kaylee), Luzie Vorkefeld (Shelby), Arne Thiede (Nick), Luka Haermeyer (Kevin) u.a.<\/p>\n\n\n\n<p class=\"has-small-font-size\">Aufmacherfoto: Annika Westermeyer<\/p>\n","protected":false},"excerpt":{"rendered":"<p>Grandiose Auff\u00fchrung von \u201eThe Prom\u201c Mit \u201eThe Prom\u201c (\u201eDer Abschlussball\u201c) zeigt die Waldb\u00fchne Kloster Oesede in der Regie von Max Me\u00dfler eine Show, die absolut fehlerfrei ist. Umso erstaunlicher, da das Ensemble mehrheitlich aus Amateuren besteht. Trotzdem liegt die Qualit\u00e4tsmesslatte hoch, alle Beteiligten sind mit Herz und Seele dem Theater verfallen. Dem Verein stehen auch etliche Professionelle zur Seite, die der Show den finalen Schliff verleihen. Auf dem vielfarbigen einst\u00f6ckigen Hintergrund (B\u00fchne: Tom Grasshof) thront die Schrift \u201eTHE PROM\u201c. Die [&hellip;]<\/p>\n","protected":false},"author":11,"featured_media":7025,"comment_status":"closed","ping_status":"closed","sticky":false,"template":"","format":"standard","meta":{"tpgb_global_settings":"","footnotes":""},"categories":[173],"tags":[],"class_list":["post-7021","post","type-post","status-publish","format-standard","has-post-thumbnail","hentry","category-georgsmarienhuette"],"tpgb_featured_images":{"full":["https:\/\/www.musical-today.de\/wp-content\/uploads\/2024\/07\/DSC9603.jpg",2000,1333,false],"tp-image-grid":["https:\/\/www.musical-today.de\/wp-content\/uploads\/2024\/07\/DSC9603-700x700.jpg",700,700,true],"thumbnail":["https:\/\/www.musical-today.de\/wp-content\/uploads\/2024\/07\/DSC9603-600x400.jpg",600,400,true],"medium":["https:\/\/www.musical-today.de\/wp-content\/uploads\/2024\/07\/DSC9603-1200x800.jpg",1200,800,true],"medium_large":["https:\/\/www.musical-today.de\/wp-content\/uploads\/2024\/07\/DSC9603-949x633.jpg",770,514,true],"large":["https:\/\/www.musical-today.de\/wp-content\/uploads\/2024\/07\/DSC9603-1920x1280.jpg",1139,759,true],"default":"https:\/\/www.musical-today.de\/wp-content\/plugins\/the-plus-addons-for-block-editor\/assets\/images\/tpgb-placeholder.jpg"},"tpgb_post_meta_info":{"get_date":"04.07.2024","get_modified_date":"15.04.2025","category_list":{"category":[{"term_id":173,"name":"Georgsmarienh\u00fctte","slug":"georgsmarienhuette","term_group":0,"term_taxonomy_id":173,"taxonomy":"category","description":"","parent":19,"count":1,"filter":"raw","term_order":"38"}],"post_tag":false,"post_format":false},"author_name":"Christian Spielmann","author_url":"https:\/\/www.musical-today.de\/en\/autor\/cspielmann\/","author_email":"online3@musical-today.de","author_website":"","author_description":"","author_facebook":"","author_twitter":"","author_instagram":"","author_role":["author"],"author_firstname":"Christian","author_lastname":"Spielmann","user_login":"cspielmann","author_avatar":"<img src=\"https:\/\/www.musical-today.de\/wp-content\/uploads\/2024\/03\/434034552_122093726612266069_5386620108228489486_n-293x293.jpg\" width=\"200\" height=\"200\" alt=\"Christian Spielmann\" class=\"avatar avatar-200 wp-user-avatar wp-user-avatar-200 alignnone photo\" \/>","author_avatar_url":"https:\/\/www.musical-today.de\/wp-content\/uploads\/2024\/03\/434034552_122093726612266069_5386620108228489486_n.jpg","comment_count":0,"post_likes":0,"post_views":0},"tpgb_post_category":{"category":"<a href=\"https:\/\/www.musical-today.de\/en\/deutschland\/georgsmarienhuette\/\" alt=\"Georgsmarienh\u00fctte\"  class=\"category-georgsmarienhuette\">Georgsmarienh\u00fctte<\/a> "},"_links":{"self":[{"href":"https:\/\/www.musical-today.de\/en\/wp-json\/wp\/v2\/posts\/7021","targetHints":{"allow":["GET"]}}],"collection":[{"href":"https:\/\/www.musical-today.de\/en\/wp-json\/wp\/v2\/posts"}],"about":[{"href":"https:\/\/www.musical-today.de\/en\/wp-json\/wp\/v2\/types\/post"}],"author":[{"embeddable":true,"href":"https:\/\/www.musical-today.de\/en\/wp-json\/wp\/v2\/users\/11"}],"replies":[{"embeddable":true,"href":"https:\/\/www.musical-today.de\/en\/wp-json\/wp\/v2\/comments?post=7021"}],"version-history":[{"count":0,"href":"https:\/\/www.musical-today.de\/en\/wp-json\/wp\/v2\/posts\/7021\/revisions"}],"wp:featuredmedia":[{"embeddable":true,"href":"https:\/\/www.musical-today.de\/en\/wp-json\/wp\/v2\/media\/7025"}],"wp:attachment":[{"href":"https:\/\/www.musical-today.de\/en\/wp-json\/wp\/v2\/media?parent=7021"}],"wp:term":[{"taxonomy":"category","embeddable":true,"href":"https:\/\/www.musical-today.de\/en\/wp-json\/wp\/v2\/categories?post=7021"},{"taxonomy":"post_tag","embeddable":true,"href":"https:\/\/www.musical-today.de\/en\/wp-json\/wp\/v2\/tags?post=7021"}],"curies":[{"name":"wp","href":"https:\/\/api.w.org\/{rel}","templated":true}]}}