{"id":7062,"date":"2024-07-08T22:59:20","date_gmt":"2024-07-08T20:59:20","guid":{"rendered":"https:\/\/www.musical-today.de\/?p=7062"},"modified":"2025-04-15T14:28:19","modified_gmt":"2025-04-15T12:28:19","slug":"augsburg-sister-act","status":"publish","type":"post","link":"https:\/\/www.musical-today.de\/en\/augsburg-sister-act\/","title":{"rendered":"Sister Act"},"content":{"rendered":"<div class=\"lets-info-up-wrap  lets-info-up--right lets-info-up--m-1 lets-info-up-skin-3 lets-info-up--side lets-info-up-99599\" style=\"background:#fafafa; color: #616161\">\t\t\t<div class=\"lets-info-up\">\r\n\t\t\t<div class=\"lets-info-up-fi\"><img decoding=\"async\" width=\"500\" height=\"333\" src=\"https:\/\/www.musical-today.de\/wp-content\/uploads\/2024\/01\/qi-addons-for-elementor-placeholder-500x333.png\" class=\"attachment-lets-info-up-d1 size-lets-info-up-d1\" alt=\"|\" srcset=\"https:\/\/www.musical-today.de\/wp-content\/uploads\/2024\/01\/qi-addons-for-elementor-placeholder-500x333.png 500w, https:\/\/www.musical-today.de\/wp-content\/uploads\/2024\/01\/qi-addons-for-elementor-placeholder-300x200.png 300w, https:\/\/www.musical-today.de\/wp-content\/uploads\/2024\/01\/qi-addons-for-elementor-placeholder-1024x683.png 1024w, https:\/\/www.musical-today.de\/wp-content\/uploads\/2024\/01\/qi-addons-for-elementor-placeholder-883x589.png 883w, https:\/\/www.musical-today.de\/wp-content\/uploads\/2024\/01\/qi-addons-for-elementor-placeholder-18x12.png 18w, https:\/\/www.musical-today.de\/wp-content\/uploads\/2024\/01\/qi-addons-for-elementor-placeholder-360x240.png 360w, https:\/\/www.musical-today.de\/wp-content\/uploads\/2024\/01\/qi-addons-for-elementor-placeholder-1155x770.png 1155w, https:\/\/www.musical-today.de\/wp-content\/uploads\/2024\/01\/qi-addons-for-elementor-placeholder-370x247.png 370w, https:\/\/www.musical-today.de\/wp-content\/uploads\/2024\/01\/qi-addons-for-elementor-placeholder-770x513.png 770w, https:\/\/www.musical-today.de\/wp-content\/uploads\/2024\/01\/qi-addons-for-elementor-placeholder-293x195.png 293w, https:\/\/www.musical-today.de\/wp-content\/uploads\/2024\/01\/qi-addons-for-elementor-placeholder-120x80.png 120w, https:\/\/www.musical-today.de\/wp-content\/uploads\/2024\/01\/qi-addons-for-elementor-placeholder-240x160.png 240w, https:\/\/www.musical-today.de\/wp-content\/uploads\/2024\/01\/qi-addons-for-elementor-placeholder-390x260.png 390w, https:\/\/www.musical-today.de\/wp-content\/uploads\/2024\/01\/qi-addons-for-elementor-placeholder.png 1200w\" sizes=\"(max-width: 500px) 100vw, 500px\" title=\"\"><\/div>\t\t\t<div class=\"lets-info-up-block-wrap\">\r\n\t\t\t\t<div class=\"lets-info-up-block lets-info-up-meta-block\"><div class=\"lets-info-up-meta-title lets-info-up-pretitle font-h\" style=\"color: #8c6d18;\">oRT<\/div><div class=\"lets-info-up-meta-content lets-info-up-title font-b\">Staatstheater Augsburg<\/div><\/div><div class=\"lets-info-up-block lets-info-up-meta-block\"><div class=\"lets-info-up-meta-title lets-info-up-pretitle font-h\" style=\"color: #8c6d18;\">von<\/div><div class=\"lets-info-up-meta-content lets-info-up-title font-b\">Alan Menken (Musik)<br>Glenn Slater (Gesangstexte)<br>Cheri und Bill Steinkellner (Buch)<\/div><\/div><div class=\"lets-info-up-block lets-info-up-meta-block\"><div class=\"lets-info-up-meta-title lets-info-up-pretitle font-h\" style=\"color: #8c6d18;\">Regie<\/div><div class=\"lets-info-up-meta-content lets-info-up-title font-b\">Frank Matthus<\/div><\/div><div class=\"lets-info-up-block lets-info-up-meta-block\"><div class=\"lets-info-up-meta-title lets-info-up-pretitle font-h\" style=\"color: #8c6d18;\">Urauff\u00fchrung<\/div><div class=\"lets-info-up-meta-content lets-info-up-title font-b\">2006<\/div><\/div><div class=\"lets-info-up-block lets-info-up-meta-block\"><div class=\"lets-info-up-meta-title lets-info-up-pretitle font-h\" style=\"color: #8c6d18;\">INFOS<\/div><div class=\"lets-info-up-meta-content lets-info-up-title font-b\"><a href=\"https:\/\/staatstheater-augsburg.de\/sister_act\" target=\"_blank\" data-type=\"link\" rel=\"noreferrer noopener\">www.staatstheater-augsburg.de<\/a><\/div><\/div>\t\t\t<\/div>\r\n\t\t\t<\/div>\r\n\t\t<\/div>\r\n\t\t\n\n\n<p><strong>Geballte Nonnenpower bringt das Rote Tor zum Brennen<\/strong><\/p>\n\n\n\n<p>\u201eZeig mir den Himmel\u201c: Den erfolgreichen Kinofilm \u201eSister Act\u201c von 1992 mit Whoopi Goldberg kennt wohl jeder, jetzt begeistert die Musicaladaption von Disney-Komponist Alan Menken auf der Freilichtb\u00fchne in Augsburg.<\/p>\n\n\n\n<p>Im Philadelphia der 1970er Jahre droht Deloris van Cartiers Traum von der S\u00e4ngerkarriere zu zerplatzen, als sie ihren Liebhaber Curtis bei einem Mord erwischt, woraufhin sie von Polizist Eddie Fritzinger als Zeugenschutzma\u00dfnahme ins Kloster zur heiligen Jungfrau geschickt wird. Dort mischt sie als Schwester Mary Clarence das karge Konvent-Leben der Nonnen ordentlich auf, deren Kloster das baldige Aus durch chinesische Investoren droht. Als Erziehungsma\u00dfnahme wird Deloris von der strengen Mutter Oberin zur Leitung des desastr\u00f6sen Kirchenchores verdonnert. Durch ihre Gesangserfahrung und positive Energie macht sie aus dem biederen Kr\u00e4chz-Konzert einen himmlisch-fetzigen Gospelchor. Doch w\u00e4hrend sich die Kirche zum Gottesdienst zunehmend mit begeisterten Gl\u00e4ubigen bis hin zum Papst f\u00fcllt, f\u00fchrt der Ruhm auch den rachs\u00fcchtigen Curtis und seine Handlanger auf die F\u00e4hrte von Deloris. Gemeinsam mit ihren neu gewonnenen Schwestern triumphiert sie schlie\u00dflich nicht nur gegen das B\u00f6se, sondern bei der Augsburger Premiere auch gegen den Regen, der den ganzen Abend \u00fcber ein stetiger Begleiter ist.<\/p>\n\n\n\n<p>Die Freilichtb\u00fchne am Roten Tor hat mit ihren \u00fcber 2.000 Sitzpl\u00e4tzen eine weite Spielfl\u00e4che, die erst mal gef\u00fcllt werden muss \u2013 so wie hier mit einem pomp\u00f6sen, halbrunden Treppenbau samt S\u00e4ulen und Bogenfenstern, der in diesem Sommer auch Puccinis Oper \u201eTurandot\u201c als B\u00fchnenbild dient. Die Augsburger Band \u201eAbyss &amp; The Holy Horns\u201c spielt unter der musikalischen Leitung von Sebastiaan van Yperen mit klarem Soul-Sound auf. Bei den Kost\u00fcmen tobt sich Aleksandra Kica vor allem gegen St\u00fcckende mit Glitzer und Glamour gr\u00fcndlich aus. Regisseur Frank Matthus geht gekonnt mit dem knackigen Buch um: Komik und gutes Timing bestimmen die Dialoge, f\u00fcr die meisten Lacher sorgt der schiefe Gesang des Nonnenchors, sie \u201eentbehren, um mit Jesus zu verkehren\u201c.<\/p>\n\n\n<div  class=\"tpgb-wrap-956d14_7062  tpgb-wrap-fw \"  ><div id=\"956d14_7062\" class=\"tpgb-block-956d14_7062 tpgb-relative-block tpgb-gallery-list tpgb-metro gallery-style-2 hover-image-style-1   \" data-style=\"style-2\" data-id=\"956d14_7062\" data-layout=\"metro\" data-fancy-option='{\"loop\":false,\"thumb\":\"no\",\"infobar\":true,\"arrows\":true,\"transitionEffect\":\"slide\",\"button\":[\"close\"]}' data-splide='\"\"' data-metroAttr= '{\"metro_col\":3,\"tab_metro_col\":3,\"mobile_metro_col\":3,\"metro_style\":\"style-1\",\"tab_metro_style\":\"style-1\",\"mobile_metro_style\":\"style-1\"}' ><div class=\"tpgb-row post-loop-inner \"><div class=\"grid-item metro-item-0    tpgb-metro-1  tpgb-tab-metro-1  tpgb-mobile-metro-1 \"><a href=\"https:\/\/www.musical-today.de\/wp-content\/uploads\/2024\/07\/sister_act_foto_jan-pieter_fuhr_3538.jpg\" class=\"tpgb-gallery-list-content tpgb-trans-easeinout\" data-fancybox=\"956d14_7062\" data-caption=\"Foto: Jan-Pieter Fuhr\" aria-label=\"Foto: Jan-Pieter Fuhr\"><div class=\"post-content-image\"><div class=\"tpgb-metro-gallery-image\" style=\"background: url(https:\/\/www.musical-today.de\/wp-content\/uploads\/2024\/07\/sister_act_foto_jan-pieter_fuhr_3538.jpg);\"><\/div><\/div><div class=\"post-content-center\"><div class=\"post-zoom-icon\"><div class=\"meta-search-icon\"><span><img decoding=\"async\" class=\"fancy-img\" src=\"https:\/\/www.musical-today.de\/wp-content\/uploads\/2024\/07\/sister_act_foto_jan-pieter_fuhr_3538.jpg\" alt=\"Media Image1\" title=\"\"><i class=\"fas fa-search-plus pop-icon\"><\/i><\/span><\/div><\/div><div class=\"post-content-bottom\"><p class=\"post-title tpgb-trans-easeinout\">Foto: Jan-Pieter Fuhr<\/p><\/div><\/div><\/a><\/div><div class=\"grid-item metro-item-1    tpgb-metro-2  tpgb-tab-metro-2  tpgb-mobile-metro-2 \"><a href=\"https:\/\/www.musical-today.de\/wp-content\/uploads\/2024\/07\/sister_act_foto_jan-pieter_fuhr_3181-scaled.jpg\" class=\"tpgb-gallery-list-content tpgb-trans-easeinout\" data-fancybox=\"956d14_7062\" data-caption=\"Foto: Jan-Pieter Fuhr\" aria-label=\"Foto: Jan-Pieter Fuhr\"><div class=\"post-content-image\"><div class=\"tpgb-metro-gallery-image\" style=\"background: url(https:\/\/www.musical-today.de\/wp-content\/uploads\/2024\/07\/sister_act_foto_jan-pieter_fuhr_3181-scaled.jpg);\"><\/div><\/div><div class=\"post-content-center\"><div class=\"post-zoom-icon\"><div class=\"meta-search-icon\"><span><img decoding=\"async\" class=\"fancy-img\" src=\"https:\/\/www.musical-today.de\/wp-content\/uploads\/2024\/07\/sister_act_foto_jan-pieter_fuhr_3181-scaled.jpg\" alt=\"Media Image2\" title=\"\"><i class=\"fas fa-search-plus pop-icon\"><\/i><\/span><\/div><\/div><div class=\"post-content-bottom\"><p class=\"post-title tpgb-trans-easeinout\">Foto: Jan-Pieter Fuhr<\/p><\/div><\/div><\/a><\/div><div class=\"grid-item metro-item-2    tpgb-metro-3  tpgb-tab-metro-3  tpgb-mobile-metro-3 \"><a href=\"https:\/\/www.musical-today.de\/wp-content\/uploads\/2024\/07\/sister_act_foto_jan-pieter_fuhr_3585.jpg\" class=\"tpgb-gallery-list-content tpgb-trans-easeinout\" data-fancybox=\"956d14_7062\" data-caption=\"Foto: Jan-Pieter Fuhr\" aria-label=\"Foto: Jan-Pieter Fuhr\"><div class=\"post-content-image\"><div class=\"tpgb-metro-gallery-image\" style=\"background: url(https:\/\/www.musical-today.de\/wp-content\/uploads\/2024\/07\/sister_act_foto_jan-pieter_fuhr_3585.jpg);\"><\/div><\/div><div class=\"post-content-center\"><div class=\"post-zoom-icon\"><div class=\"meta-search-icon\"><span><img decoding=\"async\" class=\"fancy-img\" src=\"https:\/\/www.musical-today.de\/wp-content\/uploads\/2024\/07\/sister_act_foto_jan-pieter_fuhr_3585.jpg\" alt=\"Media Image3\" title=\"\"><i class=\"fas fa-search-plus pop-icon\"><\/i><\/span><\/div><\/div><div class=\"post-content-bottom\"><p class=\"post-title tpgb-trans-easeinout\">Foto: Jan-Pieter Fuhr<\/p><\/div><\/div><\/a><\/div><\/div><\/div><\/div>\n\n\n<p>Die Besetzung \u00fcberzeugt auf ganzer Linie durch Spielfreude und Charaktertiefe. Von der ersten Hitnummer \u201eFabelhaft, Baby\u201c an bringt Dominique Aref als Deloris mit strahlender Energie Stimmung in die heiligen Hallen. Dort wird sie von den Power-Nonnen um die Lehrlingsschwester Mary Robert (Marije Louise Maliepaard), die sirenenlaute Schwester Mary Patrick (Nadine St\u00f6neberg), Schwester Mary Lazarus (Natalie H\u00fcnig) oder auch Schwester Augusta (Gerhard Werlitz) aufgenommen. Harmonisch in Spiel und Gesang ist diese Truppe von \u201eNonnen im Kloster\u201c wahrlich \u201ehei\u00df wie ein Toaster\u201c.<\/p>\n\n\n\n<p>Lieblich gesungen von Dennis Weissert, begeistert der sch\u00fcchterne Polizist Eddie \u201eSchwitzefritze\u201c Fritzinger, der seit Schulzeiten von Deloris angetan ist, das Publikum w\u00e4hrend seiner Hitnummer \u201eTief in mir\u201c nicht nur mit seiner Glitzerhose, sondern mit tiefen Einblicken in sein Innerstes. \u00dcberzeugend agiert auch Cedric Lee Bradley als gemeiner Clan-Chef Curtis. F\u00fcr die kurzfristig ausgefallene Susanna Panzner \u00fcbernimmt am Premierenabend Maryanne Kelly, die mit Spickzettel in der Heiligen Schrift die trockene Direktheit der Klostermutt \u2013 will hei\u00dfen Oberin \u2013 bravour\u00f6s meistert.<\/p>\n\n\n\n<p>Alles andere als trocken ist der Himmel, was aber niemanden auf der B\u00fchne davon abh\u00e4lt, die Gospel-Songs zu Jazz-Choreografien zunehmend energetischer gen Himmel zu schmettern. Das impr\u00e4gnierte Premierenpublikum bleibt von der gestrichenen Pause unbeeindruckt und l\u00e4sst sich begeistert mitrei\u00dfen. In Augsburg steht weder Wind noch Wetter dem Musical im Weg!<\/p>\n\n\n\n<hr class=\"wp-block-separator has-alpha-channel-opacity is-style-dots\"\/>\n\n\n\n<p class=\"has-small-font-size\">Musikalische Leitung: Sebastiaan van Yperen \u2022 Regie: Frank Matthus \u2022 Choreografie: Ralph Frey \u2022 B\u00fchne: Karel Spanhak \u2022 Kost\u00fcme: Aleksandra Kica \u2022 Licht: G\u00fcnter Zaworka \u2022 Mit: Dominique Aref (Deloris van Cartier), Maryanne Kelly (Mutter Oberin), Marije Louise Maliepaard (Schwester Mary Robert), Nadine St\u00f6neberg (Schwester Mary Patrick\/Tina), Natalie H\u00fcnig (Schwester Mary Lazarus), Anna Angelini (Schwester Mary Curata\/Michelle), Mirjana Milosavljevi\u0107 (Schwester Mary Nirvana), Melanie Maderegger (Schwester Mary Lichter), Julia Bergen (Schwester Mary Honorata), Svea Harder (Schwester Mary Lafer), Amy Sellung (Schwester Mary Passionata), Carola Bach (Schwester Mary Fugata), Gerhard Werlitz (Schwester Mary Augusta), Klaus M\u00fcller (Monsignore O\u2019Hara\/Ernie), Dennis Weissert (Eddie Fritzinger), Cedric Lee Bradley (Curtis Jackson), Christian Sattler (TJ), Tillmann Schmuhl (Joey), Brandon Miller (Pablo) \u2022 Band: Abyss &amp; The Holy Horns<\/p>\n\n\n\n<p class=\"has-small-font-size\">Aufmacherfoto: Jan-Pieter Fuhr<\/p>\n","protected":false},"excerpt":{"rendered":"<p>Geballte Nonnenpower bringt das Rote Tor zum Brennen \u201eZeig mir den Himmel\u201c: Den erfolgreichen Kinofilm \u201eSister Act\u201c von 1992 mit Whoopi Goldberg kennt wohl jeder, jetzt begeistert die Musicaladaption von Disney-Komponist Alan Menken auf der Freilichtb\u00fchne in Augsburg. Im Philadelphia der 1970er Jahre droht Deloris van Cartiers Traum von der S\u00e4ngerkarriere zu zerplatzen, als sie ihren Liebhaber Curtis bei einem Mord erwischt, woraufhin sie von Polizist Eddie Fritzinger als Zeugenschutzma\u00dfnahme ins Kloster zur heiligen Jungfrau geschickt wird. Dort mischt sie [&hellip;]<\/p>\n","protected":false},"author":55,"featured_media":7064,"comment_status":"closed","ping_status":"closed","sticky":false,"template":"","format":"standard","meta":{"tpgb_global_settings":"","footnotes":""},"categories":[175],"tags":[],"class_list":["post-7062","post","type-post","status-publish","format-standard","has-post-thumbnail","hentry","category-augsburg"],"tpgb_featured_images":{"full":["https:\/\/www.musical-today.de\/wp-content\/uploads\/2024\/07\/sister_act_foto_jan-pieter_fuhr_3493.jpg",2000,1331,false],"tp-image-grid":["https:\/\/www.musical-today.de\/wp-content\/uploads\/2024\/07\/sister_act_foto_jan-pieter_fuhr_3493-700x700.jpg",700,700,true],"thumbnail":["https:\/\/www.musical-today.de\/wp-content\/uploads\/2024\/07\/sister_act_foto_jan-pieter_fuhr_3493-600x399.jpg",600,399,true],"medium":["https:\/\/www.musical-today.de\/wp-content\/uploads\/2024\/07\/sister_act_foto_jan-pieter_fuhr_3493-1200x799.jpg",1200,799,true],"medium_large":["https:\/\/www.musical-today.de\/wp-content\/uploads\/2024\/07\/sister_act_foto_jan-pieter_fuhr_3493-949x632.jpg",770,513,true],"large":["https:\/\/www.musical-today.de\/wp-content\/uploads\/2024\/07\/sister_act_foto_jan-pieter_fuhr_3493-1920x1278.jpg",1139,758,true],"default":"https:\/\/www.musical-today.de\/wp-content\/plugins\/the-plus-addons-for-block-editor\/assets\/images\/tpgb-placeholder.jpg"},"tpgb_post_meta_info":{"get_date":"08.07.2024","get_modified_date":"15.04.2025","category_list":{"category":[{"term_id":175,"name":"Augsburg","slug":"augsburg","term_group":0,"term_taxonomy_id":175,"taxonomy":"category","description":"","parent":19,"count":2,"filter":"raw","term_order":"3"}],"post_tag":false,"post_format":false},"author_name":"Celina Larab","author_url":"https:\/\/www.musical-today.de\/en\/autor\/celinalarab\/","author_email":"online-cl@musical-today.de","author_website":"","author_description":"lebt neben der Liebe zum Musical ihre Leidenschaft als Kritikerin und Theaterinfluencerin auf ihrem Instagram-Kanal <a href=\"https:\/\/www.instagram.com\/thedramaq_een\">@thedramaq_een<\/a> aus. Nach Abschluss ihres Bachelorstudiums der Theaterwissenschaft sowie -praxis auf und hinter der B\u00fchne studiert sie aktuell Dramaturgie im Master an der Bayerischen Theaterakademie August Everding in M\u00fcnchen.","author_facebook":"","author_twitter":"","author_instagram":"","author_role":["author"],"author_firstname":"Celina","author_lastname":"Larab","user_login":"celinalarab","author_avatar":"<img src=\"https:\/\/www.musical-today.de\/wp-content\/uploads\/2024\/09\/Celina-Larab-275x275.jpg\" width=\"200\" height=\"200\" alt=\"Celina Larab\" class=\"avatar avatar-200 wp-user-avatar wp-user-avatar-200 alignnone photo\" \/>","author_avatar_url":"https:\/\/www.musical-today.de\/wp-content\/uploads\/2024\/09\/Celina-Larab.jpg","comment_count":0,"post_likes":0,"post_views":0},"tpgb_post_category":{"category":"<a href=\"https:\/\/www.musical-today.de\/en\/deutschland\/augsburg\/\" alt=\"Augsburg\"  class=\"category-augsburg\">Augsburg<\/a> "},"_links":{"self":[{"href":"https:\/\/www.musical-today.de\/en\/wp-json\/wp\/v2\/posts\/7062","targetHints":{"allow":["GET"]}}],"collection":[{"href":"https:\/\/www.musical-today.de\/en\/wp-json\/wp\/v2\/posts"}],"about":[{"href":"https:\/\/www.musical-today.de\/en\/wp-json\/wp\/v2\/types\/post"}],"author":[{"embeddable":true,"href":"https:\/\/www.musical-today.de\/en\/wp-json\/wp\/v2\/users\/55"}],"replies":[{"embeddable":true,"href":"https:\/\/www.musical-today.de\/en\/wp-json\/wp\/v2\/comments?post=7062"}],"version-history":[{"count":0,"href":"https:\/\/www.musical-today.de\/en\/wp-json\/wp\/v2\/posts\/7062\/revisions"}],"wp:featuredmedia":[{"embeddable":true,"href":"https:\/\/www.musical-today.de\/en\/wp-json\/wp\/v2\/media\/7064"}],"wp:attachment":[{"href":"https:\/\/www.musical-today.de\/en\/wp-json\/wp\/v2\/media?parent=7062"}],"wp:term":[{"taxonomy":"category","embeddable":true,"href":"https:\/\/www.musical-today.de\/en\/wp-json\/wp\/v2\/categories?post=7062"},{"taxonomy":"post_tag","embeddable":true,"href":"https:\/\/www.musical-today.de\/en\/wp-json\/wp\/v2\/tags?post=7062"}],"curies":[{"name":"wp","href":"https:\/\/api.w.org\/{rel}","templated":true}]}}