{"id":7191,"date":"2024-07-23T21:30:31","date_gmt":"2024-07-23T19:30:31","guid":{"rendered":"https:\/\/www.musical-today.de\/?p=7191"},"modified":"2025-04-15T14:28:19","modified_gmt":"2025-04-15T12:28:19","slug":"tecklenburg-3-musketiere-das-musical","status":"publish","type":"post","link":"https:\/\/www.musical-today.de\/en\/tecklenburg-3-musketiere-das-musical\/","title":{"rendered":"3 Musketiere \u2013 Das Musical"},"content":{"rendered":"<div class=\"lets-info-up-wrap  lets-info-up--right lets-info-up--m-1 lets-info-up-skin-3 lets-info-up--side lets-info-up-89822\" style=\"background:#fafafa; color: #616161\">\t\t\t<div class=\"lets-info-up\">\r\n\t\t\t<div class=\"lets-info-up-fi\"><img decoding=\"async\" width=\"500\" height=\"333\" src=\"https:\/\/www.musical-today.de\/wp-content\/uploads\/2024\/01\/qi-addons-for-elementor-placeholder-500x333.png\" class=\"attachment-lets-info-up-d1 size-lets-info-up-d1\" alt=\"|\" srcset=\"https:\/\/www.musical-today.de\/wp-content\/uploads\/2024\/01\/qi-addons-for-elementor-placeholder-500x333.png 500w, https:\/\/www.musical-today.de\/wp-content\/uploads\/2024\/01\/qi-addons-for-elementor-placeholder-300x200.png 300w, https:\/\/www.musical-today.de\/wp-content\/uploads\/2024\/01\/qi-addons-for-elementor-placeholder-1024x683.png 1024w, https:\/\/www.musical-today.de\/wp-content\/uploads\/2024\/01\/qi-addons-for-elementor-placeholder-883x589.png 883w, https:\/\/www.musical-today.de\/wp-content\/uploads\/2024\/01\/qi-addons-for-elementor-placeholder-18x12.png 18w, https:\/\/www.musical-today.de\/wp-content\/uploads\/2024\/01\/qi-addons-for-elementor-placeholder-360x240.png 360w, https:\/\/www.musical-today.de\/wp-content\/uploads\/2024\/01\/qi-addons-for-elementor-placeholder-1155x770.png 1155w, https:\/\/www.musical-today.de\/wp-content\/uploads\/2024\/01\/qi-addons-for-elementor-placeholder-370x247.png 370w, https:\/\/www.musical-today.de\/wp-content\/uploads\/2024\/01\/qi-addons-for-elementor-placeholder-770x513.png 770w, https:\/\/www.musical-today.de\/wp-content\/uploads\/2024\/01\/qi-addons-for-elementor-placeholder-293x195.png 293w, https:\/\/www.musical-today.de\/wp-content\/uploads\/2024\/01\/qi-addons-for-elementor-placeholder-120x80.png 120w, https:\/\/www.musical-today.de\/wp-content\/uploads\/2024\/01\/qi-addons-for-elementor-placeholder-240x160.png 240w, https:\/\/www.musical-today.de\/wp-content\/uploads\/2024\/01\/qi-addons-for-elementor-placeholder-390x260.png 390w, https:\/\/www.musical-today.de\/wp-content\/uploads\/2024\/01\/qi-addons-for-elementor-placeholder.png 1200w\" sizes=\"(max-width: 500px) 100vw, 500px\" title=\"\"><\/div>\t\t\t<div class=\"lets-info-up-block-wrap\">\r\n\t\t\t\t<div class=\"lets-info-up-block lets-info-up-meta-block\"><div class=\"lets-info-up-meta-title lets-info-up-pretitle font-h\" style=\"color: #8c6d18;\">oRT<\/div><div class=\"lets-info-up-meta-content lets-info-up-title font-b\">Freilichtspiele Tecklenburg<\/div><\/div><div class=\"lets-info-up-block lets-info-up-meta-block\"><div class=\"lets-info-up-meta-title lets-info-up-pretitle font-h\" style=\"color: #8c6d18;\">von<\/div><div class=\"lets-info-up-meta-content lets-info-up-title font-b\">Rob und Ferdi Bolland (Musik und Gesangstexte)<br>Andr\u00e9 Breedland (Buch)<\/div><\/div><div class=\"lets-info-up-block lets-info-up-meta-block\"><div class=\"lets-info-up-meta-title lets-info-up-pretitle font-h\" style=\"color: #8c6d18;\">Regie<\/div><div class=\"lets-info-up-meta-content lets-info-up-title font-b\">Andreas Gergen<\/div><\/div><div class=\"lets-info-up-block lets-info-up-meta-block\"><div class=\"lets-info-up-meta-title lets-info-up-pretitle font-h\" style=\"color: #8c6d18;\">Urauff\u00fchrung<\/div><div class=\"lets-info-up-meta-content lets-info-up-title font-b\">2003<\/div><\/div><div class=\"lets-info-up-block lets-info-up-meta-block\"><div class=\"lets-info-up-meta-title lets-info-up-pretitle font-h\" style=\"color: #8c6d18;\">INFOS<\/div><div class=\"lets-info-up-meta-content lets-info-up-title font-b\"><a href=\"https:\/\/www.freilichtspiele-tecklenburg.de\/de\/3-musketiere-musical\/\" data-type=\"link\" target=\"_blank\" rel=\"noopener noreferrer nofollow\">www.freilichtspiele-tecklenburg.de<\/a><\/div><\/div>\t\t\t<\/div>\r\n\t\t\t<\/div>\r\n\t\t<\/div>\r\n\t\t\n\n\n<p><strong>\u201e3 Musketiere \u2013 Das Musical\u201c neu und aufregend inszeniert<\/strong><\/p>\n\n\n\n<p>Die Freilichtspiele Tecklenburg feiern in diesem Sommer ihr 100-j\u00e4hriges Bestehen. Nach dem Familienst\u00fcck \u201eMadagascar\u201c und dem stets ausverkauften \u201eMamma Mia!\u201c reiht sich \u201e3 Musketiere \u2013 Das Musical\u201c in die diesj\u00e4hrige Premierenserie ein. Und gleich vorweg: Das ist Freilicht-Kunst auf allerh\u00f6chstem Niveau.<\/p>\n\n\n\n<p>Intendant Radulf Beuleke hat das Team auf und hinter der B\u00fchne makellos zusammengestellt. So war von den Proben zu h\u00f6ren, man h\u00e4tte sich gegenseitig derart befl\u00fcgelt, dass alle Gewerke im h\u00f6chsten Ma\u00dfe kreativ und produktiv waren. Der Lohn ist minutenlanger, stehender Applaus bei der Premiere und so viele strahlende Gesichter, dass sich jeder Schmerz in den F\u00fc\u00dfen und jeder Liter Schwei\u00df gelohnt haben. Und davon gibt es eine Menge: Choreograf Francesc Ab\u00f3s schuf gemeinsam mit Regisseur Andreas Gergen moderne, teils herausfordernde Choreografien, die stets auf den Punkt passen. Dabei bekommt das Ensemble viel mehr zu tun als in fr\u00fcheren Produktionen. Alles f\u00fcgt sich bestens in das Gesamtbild ein, die Produktion erkl\u00e4rt sogar die Handlung besser als zuvor. Beispielsweise gibt es mit Giulia Fabris und Andrew Chadwick ein Duo, das die dramatische Liebe zwischen Athos und Milady de Winter vertanzt. Hinzu kommen die herausragenden Fechtszenen von Fabian Broermann, der mal Massenszenen entstehen und dann wieder kleine Gruppen nacheinander k\u00e4mpfen l\u00e4sst, w\u00e4hrend die anderen quasi im Standbild einfrieren. Allein das alles ist ein Schmaus f\u00fcr die Augen. Die meist zeitgen\u00f6ssischen Kost\u00fcme von Fabienne Ank und das Licht von Sebastian Benker tun ihr \u00dcbriges.<\/p>\n\n\n\n<p>Kommt der erste Akt noch mit einigen Lachern und am\u00fcsanten Einf\u00e4llen daher, wird die Show im zweiten Teil von Minute zu Minute d\u00fcsterer. Das hat viel zu tun mit der Rolle des Kardinal Richelieu, die von Alexander di Capri dargestellt wird. Er bekommt mehr Raum als in vergangenen Inszenierungen und zeigt sich als durch und durch b\u00f6se. Er missbraucht den Namen Gottes f\u00fcr all seine Untaten und ist in der Niedertracht gefangen. Das gipfelt im Song \u201eNicht aus Stein\u201c, wo der Kardinal zun\u00e4chst andere Menschen t\u00f6tet, bevor er sich mit einer Peitsche selbst kasteit. Wahrlich nichts f\u00fcr zartbesaitete Leute.<\/p>\n\n\n<div  class=\"tpgb-wrap-956d14_7191  tpgb-wrap-fw \"  ><div id=\"956d14_7191\" class=\"tpgb-block-956d14_7191 tpgb-relative-block tpgb-gallery-list tpgb-metro gallery-style-2 hover-image-style-1   \" data-style=\"style-2\" data-id=\"956d14_7191\" data-layout=\"metro\" data-fancy-option='{\"loop\":false,\"thumb\":\"no\",\"infobar\":true,\"arrows\":true,\"transitionEffect\":\"slide\",\"button\":[\"close\"]}' data-splide='\"\"' data-metroAttr= '{\"metro_col\":3,\"tab_metro_col\":3,\"mobile_metro_col\":3,\"metro_style\":\"style-1\",\"tab_metro_style\":\"style-1\",\"mobile_metro_style\":\"style-1\"}' ><div class=\"tpgb-row post-loop-inner \"><div class=\"grid-item metro-item-0    tpgb-metro-1  tpgb-tab-metro-1  tpgb-mobile-metro-1 \"><a href=\"https:\/\/www.musical-today.de\/wp-content\/uploads\/2024\/07\/Pressebild_3_MUSKETIERE_Freilichtspiele_Tecklenburg_Stephan_Drewianka_6.jpg\" class=\"tpgb-gallery-list-content tpgb-trans-easeinout\" data-fancybox=\"956d14_7191\" data-caption=\"Foto: Stephan Drewianka\" aria-label=\"Foto: Stephan Drewianka\"><div class=\"post-content-image\"><div class=\"tpgb-metro-gallery-image\" style=\"background: url(https:\/\/www.musical-today.de\/wp-content\/uploads\/2024\/07\/Pressebild_3_MUSKETIERE_Freilichtspiele_Tecklenburg_Stephan_Drewianka_6.jpg);\"><\/div><\/div><div class=\"post-content-center\"><div class=\"post-zoom-icon\"><div class=\"meta-search-icon\"><span><img decoding=\"async\" class=\"fancy-img\" src=\"https:\/\/www.musical-today.de\/wp-content\/uploads\/2024\/07\/Pressebild_3_MUSKETIERE_Freilichtspiele_Tecklenburg_Stephan_Drewianka_6.jpg\" alt=\"Media Image1\" title=\"\"><i class=\"fas fa-search-plus pop-icon\"><\/i><\/span><\/div><\/div><div class=\"post-content-bottom\"><p class=\"post-title tpgb-trans-easeinout\">Foto: Stephan Drewianka<\/p><\/div><\/div><\/a><\/div><div class=\"grid-item metro-item-1    tpgb-metro-2  tpgb-tab-metro-2  tpgb-mobile-metro-2 \"><a href=\"https:\/\/www.musical-today.de\/wp-content\/uploads\/2024\/07\/Pressebild_3_MUSKETIERE_Freilichtspiele_Tecklenburg_Stephan_Drewianka_7.jpg\" class=\"tpgb-gallery-list-content tpgb-trans-easeinout\" data-fancybox=\"956d14_7191\" data-caption=\"Foto: Stephan Drewianka\" aria-label=\"Foto: Stephan Drewianka\"><div class=\"post-content-image\"><div class=\"tpgb-metro-gallery-image\" style=\"background: url(https:\/\/www.musical-today.de\/wp-content\/uploads\/2024\/07\/Pressebild_3_MUSKETIERE_Freilichtspiele_Tecklenburg_Stephan_Drewianka_7.jpg);\"><\/div><\/div><div class=\"post-content-center\"><div class=\"post-zoom-icon\"><div class=\"meta-search-icon\"><span><img decoding=\"async\" class=\"fancy-img\" src=\"https:\/\/www.musical-today.de\/wp-content\/uploads\/2024\/07\/Pressebild_3_MUSKETIERE_Freilichtspiele_Tecklenburg_Stephan_Drewianka_7.jpg\" alt=\"Media Image2\" title=\"\"><i class=\"fas fa-search-plus pop-icon\"><\/i><\/span><\/div><\/div><div class=\"post-content-bottom\"><p class=\"post-title tpgb-trans-easeinout\">Foto: Stephan Drewianka<\/p><\/div><\/div><\/a><\/div><div class=\"grid-item metro-item-2    tpgb-metro-3  tpgb-tab-metro-3  tpgb-mobile-metro-3 \"><a href=\"https:\/\/www.musical-today.de\/wp-content\/uploads\/2024\/07\/Pressebild_3_MUSKETIERE_Freilichtspiele_Tecklenburg_Stephan_Drewianka_5.jpg\" class=\"tpgb-gallery-list-content tpgb-trans-easeinout\" data-fancybox=\"956d14_7191\" data-caption=\"Foto: Stephan Drewianka\" aria-label=\"Foto: Stephan Drewianka\"><div class=\"post-content-image\"><div class=\"tpgb-metro-gallery-image\" style=\"background: url(https:\/\/www.musical-today.de\/wp-content\/uploads\/2024\/07\/Pressebild_3_MUSKETIERE_Freilichtspiele_Tecklenburg_Stephan_Drewianka_5.jpg);\"><\/div><\/div><div class=\"post-content-center\"><div class=\"post-zoom-icon\"><div class=\"meta-search-icon\"><span><img decoding=\"async\" class=\"fancy-img\" src=\"https:\/\/www.musical-today.de\/wp-content\/uploads\/2024\/07\/Pressebild_3_MUSKETIERE_Freilichtspiele_Tecklenburg_Stephan_Drewianka_5.jpg\" alt=\"Media Image3\" title=\"\"><i class=\"fas fa-search-plus pop-icon\"><\/i><\/span><\/div><\/div><div class=\"post-content-bottom\"><p class=\"post-title tpgb-trans-easeinout\">Foto: Stephan Drewianka<\/p><\/div><\/div><\/a><\/div><\/div><\/div><\/div>\n\n\n<p>Fabelhaft besetzt ist auch Milady de Winter, die vielschichtig von Bettina M\u00f6nch dargestellt wird. Ihr ganzes Leben ist gepr\u00e4gt vom Kampf gegen die Ungerechtigkeiten, die ihr widerfahren sind. Die Frau, die niemals lieben durfte, ist tief verzweifelt und unendlich traurig. \u201eMilady ist zur\u00fcck\u201c oder auch \u201eM\u00e4nner\u201c werden zu besonderen Momenten, bei denen M\u00f6nch zum gro\u00dfen Gl\u00fcck wieder mal zeigen darf, wie gro\u00dfartig sie doch singen kann.<\/p>\n\n\n\n<p>Einfach zauberhaft und zum Verlieben spielt Raphael Gro\u00df den jungen D\u2019Artagnan, der auszog, um Musketier zu werden und seinen Vater stolz zu machen; in einem ersten, ruhigen und bewegenden Moment interpretiert er den Song \u201eVater\u201c. Dann begegnet der junge Mann den Musketieren Athos (Filippo Strocchi), Porthos (Benjamin Eberling) und Aramis (Fin Holzwart), und die Geschehnisse nehmen ihren Lauf. Die drei harmonieren gemeinsam bestens, d\u00fcrfen jeder f\u00fcr sich zeigen, was sie k\u00f6nnen, und agieren zusammen mit gro\u00dfem Spa\u00df, der sich auch auf das Publikum \u00fcbertr\u00e4gt. D\u2019Artagnan wird in dieser Inszenierung schnell erwachsen und lernt, dass das Leben nicht nur aus Leichtigkeit besteht. F\u00fcr Gesang, Schauspiel und die geballte Ladung Energie: Chapeau an Raphi Gro\u00df!<\/p>\n\n\n\n<p>Die weiteren Darstellerinnen und Darsteller d\u00fcrfen nicht unerw\u00e4hnt bleiben: Celena Pieper als liebenswerte Constance, Navina Heyne als K\u00f6nigin Anna, Martin Pasching als ihr Mann Ludwig XIII., Christian Sch\u00f6ne als Richelieus ebenfalls b\u00f6ser Untertan Rochefort sowie Florian Albers als Herzog von Buckingham. Sie alle runden das starke Ensemble ab, ebenso wie Nicolai Schwab als fideler Conferencier, der Rochefort angstfrei die Stirn bietet. Auch das 22-k\u00f6pfige Orchester unter der versierten Leitung von Klaus Wilhelm leistet ganze Arbeit. Dieser volle Klang aus dem Graben ist einfach wunderbar und macht noch viel mehr Spa\u00df als beispielsweise in der Rotterdamer Urauff\u00fchrung 2003. Alles richtig gemacht also!<\/p>\n\n\n\n<hr class=\"wp-block-separator has-alpha-channel-opacity is-style-dots\"\/>\n\n\n\n<p class=\"has-small-font-size\">Musikalische Leitung: Klaus Wilhelm \u2022 Choreografie: Francesc Ab\u00f3s \u2022 Fight Director: Fabian Broermann \u2022 B\u00fchne: Jens Janke \u2022 Kost\u00fcme: Fabienne Ank \u2022 Licht: Sebastian Benker \u2022 Mit: Raphael Gro\u00df (D\u2019Artagnan), Bettina M\u00f6nch (Milady de Winter), Alexander di Capri (Kardinal Richelieu), Celena Pieper (Constance), Filippo Strocchi (Athos), Benjamin Eberling (Porthos), Fin Holzwart (Aramis), Navina Heyne (K\u00f6nigin Anna), Martin Pasching (K\u00f6nig Ludwig XIII.), Christian Sch\u00f6ne (Rochefort), Nicolai Schwab (Conferencier), Florian Albers (Herzog von Buckingham) \u2022 Chor und Orchester der Freilichtspiele Tecklenburg<\/p>\n\n\n\n<p class=\"has-small-font-size\">Aufmacherfoto: Stephan Drewianka<\/p>\n","protected":false},"excerpt":{"rendered":"<p>\u201e3 Musketiere \u2013 Das Musical\u201c neu und aufregend inszeniert Die Freilichtspiele Tecklenburg feiern in diesem Sommer ihr 100-j\u00e4hriges Bestehen. Nach dem Familienst\u00fcck \u201eMadagascar\u201c und dem stets ausverkauften \u201eMamma Mia!\u201c reiht sich \u201e3 Musketiere \u2013 Das Musical\u201c in die diesj\u00e4hrige Premierenserie ein. Und gleich vorweg: Das ist Freilicht-Kunst auf allerh\u00f6chstem Niveau. Intendant Radulf Beuleke hat das Team auf und hinter der B\u00fchne makellos zusammengestellt. So war von den Proben zu h\u00f6ren, man h\u00e4tte sich gegenseitig derart befl\u00fcgelt, dass alle Gewerke im [&hellip;]<\/p>\n","protected":false},"author":48,"featured_media":7194,"comment_status":"closed","ping_status":"closed","sticky":false,"template":"","format":"standard","meta":{"tpgb_global_settings":"","footnotes":""},"categories":[180],"tags":[],"class_list":["post-7191","post","type-post","status-publish","format-standard","has-post-thumbnail","hentry","category-tecklenburg"],"tpgb_featured_images":{"full":["https:\/\/www.musical-today.de\/wp-content\/uploads\/2024\/07\/Pressebild_3_MUSKETIERE_Freilichtspiele_Tecklenburg_Stephan_Drewianka_10.jpg",2480,1748,false],"tp-image-grid":["https:\/\/www.musical-today.de\/wp-content\/uploads\/2024\/07\/Pressebild_3_MUSKETIERE_Freilichtspiele_Tecklenburg_Stephan_Drewianka_10-700x700.jpg",700,700,true],"thumbnail":["https:\/\/www.musical-today.de\/wp-content\/uploads\/2024\/07\/Pressebild_3_MUSKETIERE_Freilichtspiele_Tecklenburg_Stephan_Drewianka_10-600x423.jpg",600,423,true],"medium":["https:\/\/www.musical-today.de\/wp-content\/uploads\/2024\/07\/Pressebild_3_MUSKETIERE_Freilichtspiele_Tecklenburg_Stephan_Drewianka_10-1200x846.jpg",1200,846,true],"medium_large":["https:\/\/www.musical-today.de\/wp-content\/uploads\/2024\/07\/Pressebild_3_MUSKETIERE_Freilichtspiele_Tecklenburg_Stephan_Drewianka_10-949x669.jpg",770,543,true],"large":["https:\/\/www.musical-today.de\/wp-content\/uploads\/2024\/07\/Pressebild_3_MUSKETIERE_Freilichtspiele_Tecklenburg_Stephan_Drewianka_10-1920x1353.jpg",1139,803,true],"default":"https:\/\/www.musical-today.de\/wp-content\/plugins\/the-plus-addons-for-block-editor\/assets\/images\/tpgb-placeholder.jpg"},"tpgb_post_meta_info":{"get_date":"23.07.2024","get_modified_date":"15.04.2025","category_list":{"category":[{"term_id":180,"name":"Tecklenburg","slug":"tecklenburg","term_group":0,"term_taxonomy_id":180,"taxonomy":"category","description":"","parent":19,"count":3,"filter":"raw","term_order":"92"}],"post_tag":false,"post_format":false},"author_name":"Thorsten Wulf","author_url":"https:\/\/www.musical-today.de\/en\/autor\/thorstenwulf\/","author_email":"temporary-removeA4NFvLqOZ1OP6bk@tmp.com","author_website":"","author_description":"lebt in Dortmund und arbeitet deutschlandweit als Trainer f\u00fcr Kommunikation, Konfliktmanagement und F\u00fchrung. In seiner Freizeit leitet er einen Show-Chor, die \u201eChorkenzieher\u201c, die alle zwei Jahre ein neues Programm auf die B\u00fchne bringen. Schon sein Leben lang liebt er Musicals und sch\u00e4tzt die gr\u00f6\u00dfer werdende Vielfalt an Themen und Musikstilen. Seit 2011 rezensiert er aktuelle Shows.","author_facebook":"","author_twitter":"","author_instagram":"","author_role":["author"],"author_firstname":"Thorsten","author_lastname":"Wulf","user_login":"thorstenwulf","author_avatar":"<img src=\"https:\/\/www.musical-today.de\/wp-content\/uploads\/2024\/03\/Thorsten-Wulf-293x293.jpg\" width=\"200\" height=\"200\" alt=\"Thorsten Wulf\" class=\"avatar avatar-200 wp-user-avatar wp-user-avatar-200 alignnone photo\" \/>","author_avatar_url":"https:\/\/www.musical-today.de\/wp-content\/uploads\/2024\/03\/Thorsten-Wulf-scaled.jpg","comment_count":0,"post_likes":0,"post_views":0},"tpgb_post_category":{"category":"<a href=\"https:\/\/www.musical-today.de\/en\/deutschland\/tecklenburg\/\" alt=\"Tecklenburg\"  class=\"category-tecklenburg\">Tecklenburg<\/a> "},"_links":{"self":[{"href":"https:\/\/www.musical-today.de\/en\/wp-json\/wp\/v2\/posts\/7191","targetHints":{"allow":["GET"]}}],"collection":[{"href":"https:\/\/www.musical-today.de\/en\/wp-json\/wp\/v2\/posts"}],"about":[{"href":"https:\/\/www.musical-today.de\/en\/wp-json\/wp\/v2\/types\/post"}],"author":[{"embeddable":true,"href":"https:\/\/www.musical-today.de\/en\/wp-json\/wp\/v2\/users\/48"}],"replies":[{"embeddable":true,"href":"https:\/\/www.musical-today.de\/en\/wp-json\/wp\/v2\/comments?post=7191"}],"version-history":[{"count":0,"href":"https:\/\/www.musical-today.de\/en\/wp-json\/wp\/v2\/posts\/7191\/revisions"}],"wp:featuredmedia":[{"embeddable":true,"href":"https:\/\/www.musical-today.de\/en\/wp-json\/wp\/v2\/media\/7194"}],"wp:attachment":[{"href":"https:\/\/www.musical-today.de\/en\/wp-json\/wp\/v2\/media?parent=7191"}],"wp:term":[{"taxonomy":"category","embeddable":true,"href":"https:\/\/www.musical-today.de\/en\/wp-json\/wp\/v2\/categories?post=7191"},{"taxonomy":"post_tag","embeddable":true,"href":"https:\/\/www.musical-today.de\/en\/wp-json\/wp\/v2\/tags?post=7191"}],"curies":[{"name":"wp","href":"https:\/\/api.w.org\/{rel}","templated":true}]}}