{"id":7205,"date":"2024-07-25T22:51:00","date_gmt":"2024-07-25T20:51:00","guid":{"rendered":"https:\/\/www.musical-today.de\/?p=7205"},"modified":"2025-04-15T14:28:19","modified_gmt":"2025-04-15T12:28:19","slug":"staatz-kautendorf-evita","status":"publish","type":"post","link":"https:\/\/www.musical-today.de\/en\/staatz-kautendorf-evita\/","title":{"rendered":"Evita"},"content":{"rendered":"<div class=\"lets-info-up-wrap  lets-info-up--right lets-info-up--m-1 lets-info-up-skin-3 lets-info-up--side lets-info-up-22706\" style=\"background:#fafafa; color: #616161\">\t\t\t<div class=\"lets-info-up\">\r\n\t\t\t<div class=\"lets-info-up-fi\"><img decoding=\"async\" width=\"500\" height=\"333\" src=\"https:\/\/www.musical-today.de\/wp-content\/uploads\/2024\/01\/qi-addons-for-elementor-placeholder-500x333.png\" class=\"attachment-lets-info-up-d1 size-lets-info-up-d1\" alt=\"|\" srcset=\"https:\/\/www.musical-today.de\/wp-content\/uploads\/2024\/01\/qi-addons-for-elementor-placeholder-500x333.png 500w, https:\/\/www.musical-today.de\/wp-content\/uploads\/2024\/01\/qi-addons-for-elementor-placeholder-300x200.png 300w, https:\/\/www.musical-today.de\/wp-content\/uploads\/2024\/01\/qi-addons-for-elementor-placeholder-1024x683.png 1024w, https:\/\/www.musical-today.de\/wp-content\/uploads\/2024\/01\/qi-addons-for-elementor-placeholder-883x589.png 883w, https:\/\/www.musical-today.de\/wp-content\/uploads\/2024\/01\/qi-addons-for-elementor-placeholder-18x12.png 18w, https:\/\/www.musical-today.de\/wp-content\/uploads\/2024\/01\/qi-addons-for-elementor-placeholder-360x240.png 360w, https:\/\/www.musical-today.de\/wp-content\/uploads\/2024\/01\/qi-addons-for-elementor-placeholder-1155x770.png 1155w, https:\/\/www.musical-today.de\/wp-content\/uploads\/2024\/01\/qi-addons-for-elementor-placeholder-370x247.png 370w, https:\/\/www.musical-today.de\/wp-content\/uploads\/2024\/01\/qi-addons-for-elementor-placeholder-770x513.png 770w, https:\/\/www.musical-today.de\/wp-content\/uploads\/2024\/01\/qi-addons-for-elementor-placeholder-293x195.png 293w, https:\/\/www.musical-today.de\/wp-content\/uploads\/2024\/01\/qi-addons-for-elementor-placeholder-120x80.png 120w, https:\/\/www.musical-today.de\/wp-content\/uploads\/2024\/01\/qi-addons-for-elementor-placeholder-240x160.png 240w, https:\/\/www.musical-today.de\/wp-content\/uploads\/2024\/01\/qi-addons-for-elementor-placeholder-390x260.png 390w, https:\/\/www.musical-today.de\/wp-content\/uploads\/2024\/01\/qi-addons-for-elementor-placeholder.png 1200w\" sizes=\"(max-width: 500px) 100vw, 500px\" title=\"\"><\/div>\t\t\t<div class=\"lets-info-up-block-wrap\">\r\n\t\t\t\t<div class=\"lets-info-up-block lets-info-up-meta-block\"><div class=\"lets-info-up-meta-title lets-info-up-pretitle font-h\" style=\"color: #8c6d18;\">oRT<\/div><div class=\"lets-info-up-meta-content lets-info-up-title font-b\">Felsenb\u00fchne Staatz<\/div><\/div><div class=\"lets-info-up-block lets-info-up-meta-block\"><div class=\"lets-info-up-meta-title lets-info-up-pretitle font-h\" style=\"color: #8c6d18;\">von<\/div><div class=\"lets-info-up-meta-content lets-info-up-title font-b\">Andrew Lloyd Webber (Musik)<br>Tim Rice (Gesangstexte)<\/div><\/div><div class=\"lets-info-up-block lets-info-up-meta-block\"><div class=\"lets-info-up-meta-title lets-info-up-pretitle font-h\" style=\"color: #8c6d18;\">Regie<\/div><div class=\"lets-info-up-meta-content lets-info-up-title font-b\">Werner Auer<\/div><\/div><div class=\"lets-info-up-block lets-info-up-meta-block\"><div class=\"lets-info-up-meta-title lets-info-up-pretitle font-h\" style=\"color: #8c6d18;\">Urauff\u00fchrung<\/div><div class=\"lets-info-up-meta-content lets-info-up-title font-b\">1978<\/div><\/div><div class=\"lets-info-up-block lets-info-up-meta-block\"><div class=\"lets-info-up-meta-title lets-info-up-pretitle font-h\" style=\"color: #8c6d18;\">INFOS<\/div><div class=\"lets-info-up-meta-content lets-info-up-title font-b\"><a href=\"https:\/\/www.felsenbuehne-staatz.at\/programm\/evita-2024\/\" target=\"_blank\" data-type=\"link\" rel=\"noreferrer noopener\">www.felsenbuehne-staatz.at<\/a><\/div><\/div>\t\t\t<\/div>\r\n\t\t\t<\/div>\r\n\t\t<\/div>\r\n\t\t\n\n\n<p><strong>\u201eEvita\u201c begeistert mit jungem Cast und einem herausragenden Che<\/strong><\/p>\n\n\n\n<p>Wer sommerliche Freiluftproduktionen sch\u00e4tzt, sollte unbedingt einen Besuch in Staatz in Erw\u00e4gung ziehen. Seit fast einem Vierteljahrhundert bringt Intendant Werner Auer jeden Sommer internationale Musicals ins n\u00f6rdliche Weinviertel und bietet seinem treuen Publikum (sofern das Wetter mitspielt) nicht nur professionelle und unterhaltsame Produktionen, sondern auch einen einladenden und gem\u00fctlichen Gastrobereich. Dies schafft ein stimmungsvolles, sommerliches Gesamterlebnis \u2013 von der beeindruckenden Kulisse der Staatzer Klippe mit ihrer Burgruine und der opulenten Felsenb\u00fchne ganz zu schweigen. Auch 2024 h\u00e4lt Auer sein Versprechen und fasziniert mit einer Neuinszenierung von \u201eEvita\u201c, die durch eine junge, hochmotivierte Besetzung und den umwerfenden Matthias Liener in der Rolle des Che besticht.<\/p>\n\n\n\n<p>Bereits 2009 stand das Musical von Andrew Lloyd Webber und Tim Rice in Staatz auf dem Spielplan, doch die Produktionen sind kaum miteinander zu vergleichen. Die riesige B\u00fchne ist heute viel detailgetreuer ausgestattet und durch gro\u00dfe, geschickt in das B\u00fchnenbild integrierte LED-W\u00e4nde deutlich wandlungsf\u00e4higer als damals. Schauplatz dieser Inszenierung ist erneut die Plaza de Mayo in Buenos Aires mit Blick auf die Casa Rosada, den argentinischen Pr\u00e4sidentenpalast. Auch Auers Regiearbeit l\u00e4sst sich kaum mit der fr\u00fcheren vergleichen. Beide Inszenierungen sind gelungen, doch diesmal wirkt alles noch gr\u00f6\u00dfer, professioneller und vor allem reibungsloser. Die \u00dcberg\u00e4nge zwischen den Szenen sind auf einer derart gigantischen Freilichtb\u00fchne oft m\u00fchsam, doch Auer und seinem Team gelingen sie diesmal so flie\u00dfend, dass jegliche Ans\u00e4tze von Langeweile beim Publikum erst gar nicht aufkommen k\u00f6nnen.<\/p>\n\n\n<div  class=\"tpgb-wrap-956d14_7205  tpgb-wrap-fw \"  ><div id=\"956d14_7205\" class=\"tpgb-block-956d14_7205 tpgb-relative-block tpgb-gallery-list tpgb-metro gallery-style-2 hover-image-style-1   \" data-style=\"style-2\" data-id=\"956d14_7205\" data-layout=\"metro\" data-fancy-option='{\"loop\":false,\"thumb\":\"no\",\"infobar\":true,\"arrows\":true,\"transitionEffect\":\"slide\",\"button\":[\"close\"]}' data-splide='\"\"' data-metroAttr= '{\"metro_col\":3,\"tab_metro_col\":3,\"mobile_metro_col\":3,\"metro_style\":\"style-1\",\"tab_metro_style\":\"style-1\",\"mobile_metro_style\":\"style-1\"}' ><div class=\"tpgb-row post-loop-inner \"><div class=\"grid-item metro-item-0    tpgb-metro-1  tpgb-tab-metro-1  tpgb-mobile-metro-1 \"><a href=\"https:\/\/www.musical-today.de\/wp-content\/uploads\/2024\/07\/123_FBS2024_EVITA_Ensemble_Foto-HaraldSchillhammer.jpg\" class=\"tpgb-gallery-list-content tpgb-trans-easeinout\" data-fancybox=\"956d14_7205\" data-caption=\"Foto: Felsenb\u00fchne Staatz\/Harald Schillhammer\" aria-label=\"Foto: Felsenb\u00fchne Staatz\/Harald Schillhammer\"><div class=\"post-content-image\"><div class=\"tpgb-metro-gallery-image\" style=\"background: url(https:\/\/www.musical-today.de\/wp-content\/uploads\/2024\/07\/123_FBS2024_EVITA_Ensemble_Foto-HaraldSchillhammer.jpg);\"><\/div><\/div><div class=\"post-content-center\"><div class=\"post-zoom-icon\"><div class=\"meta-search-icon\"><span><img decoding=\"async\" class=\"fancy-img\" src=\"https:\/\/www.musical-today.de\/wp-content\/uploads\/2024\/07\/123_FBS2024_EVITA_Ensemble_Foto-HaraldSchillhammer.jpg\" alt=\"Media Image1\" title=\"\"><i class=\"fas fa-search-plus pop-icon\"><\/i><\/span><\/div><\/div><div class=\"post-content-bottom\"><p class=\"post-title tpgb-trans-easeinout\">Foto: Felsenb\u00fchne Staatz\/Harald Schillhammer<\/p><\/div><\/div><\/a><\/div><div class=\"grid-item metro-item-1    tpgb-metro-2  tpgb-tab-metro-2  tpgb-mobile-metro-2 \"><a href=\"https:\/\/www.musical-today.de\/wp-content\/uploads\/2024\/07\/139_FBS2024_EVITA_AnnaBurger-als-Eva_Foto-HaraldSchillhammer.jpg\" class=\"tpgb-gallery-list-content tpgb-trans-easeinout\" data-fancybox=\"956d14_7205\" data-caption=\"Foto: Felsenb\u00fchne Staatz\/Harald Schillhammer\" aria-label=\"Foto: Felsenb\u00fchne Staatz\/Harald Schillhammer\"><div class=\"post-content-image\"><div class=\"tpgb-metro-gallery-image\" style=\"background: url(https:\/\/www.musical-today.de\/wp-content\/uploads\/2024\/07\/139_FBS2024_EVITA_AnnaBurger-als-Eva_Foto-HaraldSchillhammer.jpg);\"><\/div><\/div><div class=\"post-content-center\"><div class=\"post-zoom-icon\"><div class=\"meta-search-icon\"><span><img decoding=\"async\" class=\"fancy-img\" src=\"https:\/\/www.musical-today.de\/wp-content\/uploads\/2024\/07\/139_FBS2024_EVITA_AnnaBurger-als-Eva_Foto-HaraldSchillhammer.jpg\" alt=\"Media Image2\" title=\"\"><i class=\"fas fa-search-plus pop-icon\"><\/i><\/span><\/div><\/div><div class=\"post-content-bottom\"><p class=\"post-title tpgb-trans-easeinout\">Foto: Felsenb\u00fchne Staatz\/Harald Schillhammer<\/p><\/div><\/div><\/a><\/div><div class=\"grid-item metro-item-2    tpgb-metro-3  tpgb-tab-metro-3  tpgb-mobile-metro-3 \"><a href=\"https:\/\/www.musical-today.de\/wp-content\/uploads\/2024\/07\/142_FBS2024_EVITA_MatthiasLiener-als-Che_Foto-HaraldSchillhammer.jpg\" class=\"tpgb-gallery-list-content tpgb-trans-easeinout\" data-fancybox=\"956d14_7205\" data-caption=\"Foto: Felsenb\u00fchne Staatz\/Harald Schillhammer\" aria-label=\"Foto: Felsenb\u00fchne Staatz\/Harald Schillhammer\"><div class=\"post-content-image\"><div class=\"tpgb-metro-gallery-image\" style=\"background: url(https:\/\/www.musical-today.de\/wp-content\/uploads\/2024\/07\/142_FBS2024_EVITA_MatthiasLiener-als-Che_Foto-HaraldSchillhammer.jpg);\"><\/div><\/div><div class=\"post-content-center\"><div class=\"post-zoom-icon\"><div class=\"meta-search-icon\"><span><img decoding=\"async\" class=\"fancy-img\" src=\"https:\/\/www.musical-today.de\/wp-content\/uploads\/2024\/07\/142_FBS2024_EVITA_MatthiasLiener-als-Che_Foto-HaraldSchillhammer.jpg\" alt=\"Media Image3\" title=\"\"><i class=\"fas fa-search-plus pop-icon\"><\/i><\/span><\/div><\/div><div class=\"post-content-bottom\"><p class=\"post-title tpgb-trans-easeinout\">Foto: Felsenb\u00fchne Staatz\/Harald Schillhammer<\/p><\/div><\/div><\/a><\/div><\/div><\/div><\/div>\n\n\n<p>F\u00fcr die Titelrolle konnte er die junge Anna Burger erneut f\u00fcr Staatz gewinnen. Zu Beginn k\u00f6nnte man meinen, die Darstellerin erscheine f\u00fcr diesen Part stimmlich und schauspielerisch noch etwas zu jung. Doch sp\u00e4testens ab dem Duett \u201eIch w\u00e4re wirklich sehr gut f\u00fcr dich\u201c \u00e4ndert sich dieser Eindruck schlagartig und es gelingt ihr, durchweg zu \u00fcberzeugen. Schade f\u00fcr die Darstellerin, dass bei \u201eWein nicht um mich, Argentinien\u201c Tonausf\u00e4lle ihren gro\u00dfen Moment etwas schm\u00e4lern, doch Burger reagiert professionell, greift zum Handmikrofon und rettet die Situation souver\u00e4n \u2013 der tosende Applaus des Publikums ist nicht nur verdient, sondern auch angebracht.<\/p>\n\n\n\n<p>Der Star des Abends ist dennoch ein anderer: Matthias Liener in der Rolle des Che. Mit spielerischer Leichtigkeit und sicherer Stimme f\u00fchrt er das Publikum charmant und zynisch, aber stets sympathisch durch den Abend. Er allein schon macht einen Besuch in Staatz lohnenswert. Auer, der 2009 selbst den Che verk\u00f6rperte, \u00fcbernimmt diesmal die Rolle des Per\u00f3n und \u00fcberzeugt wie gewohnt. Yvonne Preisler bezaubert mit heller, klarer Stimme als Per\u00f3ns Geliebte, w\u00e4hrend Filip Torndal Sevemar als August\u00edn Magaldi zwar stimmlich gef\u00e4llt, jedoch als Tangos\u00e4nger etwas zu steif wirkt.<\/p>\n\n\n\n<p>Alles andere als steif ist das 22-k\u00f6pfige Ensemble. Ob zu den passenden und bestens einstudierten Choreografien von Korbinian Reile und Stefan Ulreich bei gro\u00dfen Tanznummern wie \u201eBuenos Aires\u201c oder im mitrei\u00dfenden \u201eWach auf, Argentinien\u201c: Es gelingt der jungen und hochmotivierten Truppe durchgehend, das Publikum zu beeindrucken und zu begeistern. Man hat manchmal den Eindruck, als st\u00fcnden hier 50 Personen auf der B\u00fchne \u2013 was f\u00fcr eine Freude, diesen jungen Talenten zuzusehen!<\/p>\n\n\n\n<p>Eine wahre Freude ist auch das gro\u00dfe und hervorragende Orchester unter der Leitung von Gregor Sommer. Zusammen mit dem f\u00fcr eine Freilichtproduktion gro\u00dfartigen Sounddesign von Georg Hrauda, dem stimmigen Licht von J\u00fcrgen Erntl und den liebevoll gestalteten Kost\u00fcmen aus der hauseigenen Kost\u00fcmwerkstatt vervollst\u00e4ndigen sie dieses gelungene Musical-Ereignis.<\/p>\n\n\n\n<hr class=\"wp-block-separator has-alpha-channel-opacity is-style-dots\"\/>\n\n\n\n<p class=\"has-small-font-size\">Musikalische Leitung: Gregor Sommer \u2022 Regie: Werner Auer \u2022 Choreografie: Stefan Ulreich und Korbinian Reile \u2022 B\u00fchne: Jack Hamal &amp; Team \u2022 Kost\u00fcme: Kost\u00fcmwerkstatt der Felsenb\u00fchne Staatz \u2022 Chor: Doris Graf-Sommer \u2022 Licht- und Videodesign: J\u00fcrgen Erntl \u2022 Sounddesign: Georg Hrauda \u2022 Mit: Anna Burger (Eva), Matthias Liener (Che), Werner Auer (Per\u00f3n), Yvonne Preisler (Per\u00f3ns Geliebte), Filip Torndal Sevemar (Magaldi) u.a. \u2022 Orchester der Felsenb\u00fchne Staatz<\/p>\n\n\n\n<p class=\"has-small-font-size\">Aufmacherfoto: Felsenb\u00fchne Staatz\/Harald Schillhammer<\/p>\n","protected":false},"excerpt":{"rendered":"<p>\u201eEvita\u201c begeistert mit jungem Cast und einem herausragenden Che Wer sommerliche Freiluftproduktionen sch\u00e4tzt, sollte unbedingt einen Besuch in Staatz in Erw\u00e4gung ziehen. Seit fast einem Vierteljahrhundert bringt Intendant Werner Auer jeden Sommer internationale Musicals ins n\u00f6rdliche Weinviertel und bietet seinem treuen Publikum (sofern das Wetter mitspielt) nicht nur professionelle und unterhaltsame Produktionen, sondern auch einen einladenden und gem\u00fctlichen Gastrobereich. Dies schafft ein stimmungsvolles, sommerliches Gesamterlebnis \u2013 von der beeindruckenden Kulisse der Staatzer Klippe mit ihrer Burgruine und der opulenten Felsenb\u00fchne [&hellip;]<\/p>\n","protected":false},"author":56,"featured_media":7206,"comment_status":"closed","ping_status":"closed","sticky":false,"template":"","format":"standard","meta":{"tpgb_global_settings":"","footnotes":""},"categories":[182],"tags":[],"class_list":["post-7205","post","type-post","status-publish","format-standard","has-post-thumbnail","hentry","category-staatz-kautendorf"],"tpgb_featured_images":{"full":["https:\/\/www.musical-today.de\/wp-content\/uploads\/2024\/07\/101_FBS2024_EVITA_AnnaBurger-als-Eva_Foto-HaraldSchillhammer.jpg",2000,1331,false],"tp-image-grid":["https:\/\/www.musical-today.de\/wp-content\/uploads\/2024\/07\/101_FBS2024_EVITA_AnnaBurger-als-Eva_Foto-HaraldSchillhammer-700x700.jpg",700,700,true],"thumbnail":["https:\/\/www.musical-today.de\/wp-content\/uploads\/2024\/07\/101_FBS2024_EVITA_AnnaBurger-als-Eva_Foto-HaraldSchillhammer-600x399.jpg",600,399,true],"medium":["https:\/\/www.musical-today.de\/wp-content\/uploads\/2024\/07\/101_FBS2024_EVITA_AnnaBurger-als-Eva_Foto-HaraldSchillhammer-1200x799.jpg",1200,799,true],"medium_large":["https:\/\/www.musical-today.de\/wp-content\/uploads\/2024\/07\/101_FBS2024_EVITA_AnnaBurger-als-Eva_Foto-HaraldSchillhammer-949x632.jpg",770,513,true],"large":["https:\/\/www.musical-today.de\/wp-content\/uploads\/2024\/07\/101_FBS2024_EVITA_AnnaBurger-als-Eva_Foto-HaraldSchillhammer-1920x1278.jpg",1139,758,true],"default":"https:\/\/www.musical-today.de\/wp-content\/plugins\/the-plus-addons-for-block-editor\/assets\/images\/tpgb-placeholder.jpg"},"tpgb_post_meta_info":{"get_date":"25.07.2024","get_modified_date":"15.04.2025","category_list":{"category":[{"term_id":182,"name":"Staatz-Kautendorf","slug":"staatz-kautendorf","term_group":0,"term_taxonomy_id":182,"taxonomy":"category","description":"","parent":114,"count":1,"filter":"raw","term_order":"11"}],"post_tag":false,"post_format":false},"author_name":"Sascha Sautner","author_url":"https:\/\/www.musical-today.de\/en\/autor\/saschasautner\/","author_email":"online-ss@musical-today.de","author_website":"","author_description":"gr\u00fcndete 1998 in den Niederlanden das \u201eNederlands Musical Magazine\u201c \u2013 nach wenigen Ausgaben musste das Blatt jedoch eingestellt werden. Daraufhin wechselte er zu \u201emusicals\u201c, wo er 25 Jahre lang \u00fcber Produktionen in den Niederlanden, \u00d6sterreich und S\u00fcdtirol berichtete. Auch nach einem Vierteljahrhundert war seine Leidenschaft f\u00fcr Musicals bis zuletzt ungebrochen. Um keine herausragende Produktion zu verpassen, pendelte er bis zu seinem Tod im Mai 2025 weiterhin regelm\u00e4\u00dfig zwischen Deutschland, \u00d6sterreich und den Niederlanden.","author_facebook":"","author_twitter":"","author_instagram":"","author_role":["subscriber","author"],"author_firstname":"Sascha","author_lastname":"Sautner","user_login":"saschasautner","author_avatar":"<img src=\"https:\/\/www.musical-today.de\/wp-content\/uploads\/2025\/06\/Sascha-Sautner-275x275.png\" width=\"200\" height=\"200\" alt=\"Sascha Sautner\" class=\"avatar avatar-200 wp-user-avatar wp-user-avatar-200 alignnone photo\" \/>","author_avatar_url":"https:\/\/www.musical-today.de\/wp-content\/uploads\/2025\/06\/Sascha-Sautner.png","comment_count":0,"post_likes":0,"post_views":0},"tpgb_post_category":{"category":"<a href=\"https:\/\/www.musical-today.de\/en\/oesterreich\/staatz-kautendorf\/\" alt=\"Staatz-Kautendorf\"  class=\"category-staatz-kautendorf\">Staatz-Kautendorf<\/a> "},"_links":{"self":[{"href":"https:\/\/www.musical-today.de\/en\/wp-json\/wp\/v2\/posts\/7205","targetHints":{"allow":["GET"]}}],"collection":[{"href":"https:\/\/www.musical-today.de\/en\/wp-json\/wp\/v2\/posts"}],"about":[{"href":"https:\/\/www.musical-today.de\/en\/wp-json\/wp\/v2\/types\/post"}],"author":[{"embeddable":true,"href":"https:\/\/www.musical-today.de\/en\/wp-json\/wp\/v2\/users\/56"}],"replies":[{"embeddable":true,"href":"https:\/\/www.musical-today.de\/en\/wp-json\/wp\/v2\/comments?post=7205"}],"version-history":[{"count":0,"href":"https:\/\/www.musical-today.de\/en\/wp-json\/wp\/v2\/posts\/7205\/revisions"}],"wp:featuredmedia":[{"embeddable":true,"href":"https:\/\/www.musical-today.de\/en\/wp-json\/wp\/v2\/media\/7206"}],"wp:attachment":[{"href":"https:\/\/www.musical-today.de\/en\/wp-json\/wp\/v2\/media?parent=7205"}],"wp:term":[{"taxonomy":"category","embeddable":true,"href":"https:\/\/www.musical-today.de\/en\/wp-json\/wp\/v2\/categories?post=7205"},{"taxonomy":"post_tag","embeddable":true,"href":"https:\/\/www.musical-today.de\/en\/wp-json\/wp\/v2\/tags?post=7205"}],"curies":[{"name":"wp","href":"https:\/\/api.w.org\/{rel}","templated":true}]}}