{"id":7904,"date":"2024-08-27T08:05:57","date_gmt":"2024-08-27T06:05:57","guid":{"rendered":"https:\/\/www.musical-today.de\/?p=7904"},"modified":"2025-04-15T14:28:19","modified_gmt":"2025-04-15T12:28:19","slug":"fulda-bonifatius-das-musical","status":"publish","type":"post","link":"https:\/\/www.musical-today.de\/en\/fulda-bonifatius-das-musical\/","title":{"rendered":"Bonifatius \u2013 Das Musical"},"content":{"rendered":"<div class=\"lets-info-up-wrap  lets-info-up--right lets-info-up--m-1 lets-info-up-skin-3 lets-info-up--side lets-info-up-64498\" style=\"background:#fafafa; color: #616161\">\t\t\t<div class=\"lets-info-up\">\r\n\t\t\t<div class=\"lets-info-up-fi\"><img decoding=\"async\" width=\"500\" height=\"333\" src=\"https:\/\/www.musical-today.de\/wp-content\/uploads\/2024\/01\/qi-addons-for-elementor-placeholder-500x333.png\" class=\"attachment-lets-info-up-d1 size-lets-info-up-d1\" alt=\"|\" srcset=\"https:\/\/www.musical-today.de\/wp-content\/uploads\/2024\/01\/qi-addons-for-elementor-placeholder-500x333.png 500w, https:\/\/www.musical-today.de\/wp-content\/uploads\/2024\/01\/qi-addons-for-elementor-placeholder-300x200.png 300w, https:\/\/www.musical-today.de\/wp-content\/uploads\/2024\/01\/qi-addons-for-elementor-placeholder-1024x683.png 1024w, https:\/\/www.musical-today.de\/wp-content\/uploads\/2024\/01\/qi-addons-for-elementor-placeholder-883x589.png 883w, https:\/\/www.musical-today.de\/wp-content\/uploads\/2024\/01\/qi-addons-for-elementor-placeholder-18x12.png 18w, https:\/\/www.musical-today.de\/wp-content\/uploads\/2024\/01\/qi-addons-for-elementor-placeholder-360x240.png 360w, https:\/\/www.musical-today.de\/wp-content\/uploads\/2024\/01\/qi-addons-for-elementor-placeholder-1155x770.png 1155w, https:\/\/www.musical-today.de\/wp-content\/uploads\/2024\/01\/qi-addons-for-elementor-placeholder-370x247.png 370w, https:\/\/www.musical-today.de\/wp-content\/uploads\/2024\/01\/qi-addons-for-elementor-placeholder-770x513.png 770w, https:\/\/www.musical-today.de\/wp-content\/uploads\/2024\/01\/qi-addons-for-elementor-placeholder-293x195.png 293w, https:\/\/www.musical-today.de\/wp-content\/uploads\/2024\/01\/qi-addons-for-elementor-placeholder-120x80.png 120w, https:\/\/www.musical-today.de\/wp-content\/uploads\/2024\/01\/qi-addons-for-elementor-placeholder-240x160.png 240w, https:\/\/www.musical-today.de\/wp-content\/uploads\/2024\/01\/qi-addons-for-elementor-placeholder-390x260.png 390w, https:\/\/www.musical-today.de\/wp-content\/uploads\/2024\/01\/qi-addons-for-elementor-placeholder.png 1200w\" sizes=\"(max-width: 500px) 100vw, 500px\" title=\"\"><\/div>\t\t\t<div class=\"lets-info-up-block-wrap\">\r\n\t\t\t\t<div class=\"lets-info-up-block lets-info-up-meta-block\"><div class=\"lets-info-up-meta-title lets-info-up-pretitle font-h\" style=\"color: #8c6d18;\">oRT<\/div><div class=\"lets-info-up-meta-content lets-info-up-title font-b\">Musical Sommer Fulda<\/div><\/div><div class=\"lets-info-up-block lets-info-up-meta-block\"><div class=\"lets-info-up-meta-title lets-info-up-pretitle font-h\" style=\"color: #8c6d18;\">von<\/div><div class=\"lets-info-up-meta-content lets-info-up-title font-b\">Dennis Martin (Text und Komposition)<br>Zeno Diegelmann (Buch)<\/div><\/div><div class=\"lets-info-up-block lets-info-up-meta-block\"><div class=\"lets-info-up-meta-title lets-info-up-pretitle font-h\" style=\"color: #8c6d18;\">Regie<\/div><div class=\"lets-info-up-meta-content lets-info-up-title font-b\">Stefan Huber und Michael Sch\u00fcler<\/div><\/div><div class=\"lets-info-up-block lets-info-up-meta-block\"><div class=\"lets-info-up-meta-title lets-info-up-pretitle font-h\" style=\"color: #8c6d18;\">Urauff\u00fchrung<\/div><div class=\"lets-info-up-meta-content lets-info-up-title font-b\">2004<\/div><\/div><div class=\"lets-info-up-block lets-info-up-meta-block\"><div class=\"lets-info-up-meta-title lets-info-up-pretitle font-h\" style=\"color: #8c6d18;\">INFOS<\/div><div class=\"lets-info-up-meta-content lets-info-up-title font-b\"><a href=\"https:\/\/www.musicalsommer-fulda.de\/bonifatius\" target=\"_blank\" data-type=\"link\" rel=\"noreferrer noopener\">www.musicalsommer-fulda.de<\/a><\/div><\/div>\t\t\t<\/div>\r\n\t\t\t<\/div>\r\n\t\t<\/div>\r\n\t\t\n\n\n<p><strong>\u201eBonifatius\u201c als<br>spektakul\u00e4res Open-Air am Originalschauplatz<\/strong><\/p>\n\n\n\n<p>Germanien im 8. Jahrhundert: Mit der Gr\u00fcndung des Klosters Fulda setzt Bonifatius ein Zeichen. Noch heute liegt er dort begraben, mit seinem Tod beginnt die im St\u00fcck von M\u00f6nch Willibald (Alexander von Hugo) wunderbar transparent gemachte Legendenbildung. Mit \u201eBonifatius \u2013 Das Musical\u201c begann zum 1250. Todestag des Heiligen im Jahr 2004 die Erfolgsgeschichte von \u201espotlight musicals\u201c. Allen voran damals wie heute: Dennis Martin (Text und Komposition) und Peter Scholz (zus\u00e4tzliche Musik und Texte). Schon vor 20 Jahren war der Anspruch, durch professionelle Musikproduktion und eine Spitzen-Cast zu \u00fcberzeugen; mit Haltung und k\u00fcnstlerischem Anspruch wurde und wird gro\u00df gedacht. Faszinierend, die schon damals erkennbare Handschrift zu entdecken, die sich dann in \u201eDer Medicus\u201c und \u201eDie P\u00e4pstin\u201c wiederfindet. An \u201espotlight\u201c-St\u00fccken wird immer gearbeitet und so wirkten auf dem Weg Miterfinder Zeno Diegelmann, Thomas van de Scheck und Christoph Jilo mit.<\/p>\n\n\n\n<p>2010 folgte die Wiederaufnahme im Stadtschloss und 2019 die Urauff\u00fchrung der Open-Air-Fassung von Stefan Huber. Frank Hollmanns Musikarrangement f\u00fcr die von Inga Hilsberg dirigierten K\u00f6lner Symphoniker bringt Wucht und Vielfalt, im Sounddesign von Tom Strebel bestens textverst\u00e4ndlich. Unterst\u00fctzt wird das Orchester durch 100 S\u00e4ngerinnen und S\u00e4ngern (Chorleitung: Marcel Jahn).<\/p>\n\n\n\n<p>Herausgehoben werden muss das Videodesign von Oscar-Gewinner Sven Sauer und das Motion Design von Alexander Mink. Michael Sch\u00fcler \u00fcbernimmt f\u00fcr die Wiederaufnahme nach f\u00fcnfj\u00e4hriger Pause die zwischen gro\u00dfen Gesten und intimen Momenten aufgebaute Regie des verstorbenen Stefan Huber und setzt eigene Akzente. In Kombination mit dem intensiven Licht von Pia Virolainen ergeben sich rasche Szenenwechsel. Tische werden zum Papstthron, Kreuz oder Taufbecken auf der runden, schr\u00e4gen Spielfl\u00e4che gestellt. Die immer stilsichere Choreografie von Danny Costello nutzt die Spielfl\u00e4che mit Auftrittsm\u00f6glichkeiten \u00fcber rundlaufende Stufen.<\/p>\n\n\n<div  class=\"tpgb-wrap-956d14_7904  tpgb-wrap-fw \"  ><div id=\"956d14_7904\" class=\"tpgb-block-956d14_7904 tpgb-relative-block tpgb-gallery-list tpgb-metro gallery-style-2 hover-image-style-1   \" data-style=\"style-2\" data-id=\"956d14_7904\" data-layout=\"metro\" data-fancy-option='{\"loop\":false,\"thumb\":\"no\",\"infobar\":true,\"arrows\":true,\"transitionEffect\":\"slide\",\"button\":[\"close\"]}' data-splide='\"\"' data-metroAttr= '{\"metro_col\":3,\"tab_metro_col\":3,\"mobile_metro_col\":3,\"metro_style\":\"style-1\",\"tab_metro_style\":\"style-1\",\"mobile_metro_style\":\"style-1\"}' ><div class=\"tpgb-row post-loop-inner \"><div class=\"grid-item metro-item-0    tpgb-metro-1  tpgb-tab-metro-1  tpgb-mobile-metro-1 \"><a href=\"https:\/\/www.musical-today.de\/wp-content\/uploads\/2024\/08\/04-Bonifatius-Das-Musical-2024-copyright-spotlight-musicals-_-Fotograf-Martin-Engel-scaled.jpg\" class=\"tpgb-gallery-list-content tpgb-trans-easeinout\" data-fancybox=\"956d14_7904\" data-caption=\"Foto: spotlight musicals\/Martin Engel\" aria-label=\"Foto: spotlight musicals\/Martin Engel\"><div class=\"post-content-image\"><div class=\"tpgb-metro-gallery-image\" style=\"background: url(https:\/\/www.musical-today.de\/wp-content\/uploads\/2024\/08\/04-Bonifatius-Das-Musical-2024-copyright-spotlight-musicals-_-Fotograf-Martin-Engel-scaled.jpg);\"><\/div><\/div><div class=\"post-content-center\"><div class=\"post-zoom-icon\"><div class=\"meta-search-icon\"><span><img decoding=\"async\" class=\"fancy-img\" src=\"https:\/\/www.musical-today.de\/wp-content\/uploads\/2024\/08\/04-Bonifatius-Das-Musical-2024-copyright-spotlight-musicals-_-Fotograf-Martin-Engel-scaled.jpg\" alt=\"Media Image1\" title=\"\"><i class=\"fas fa-search-plus pop-icon\"><\/i><\/span><\/div><\/div><div class=\"post-content-bottom\"><p class=\"post-title tpgb-trans-easeinout\">Foto: spotlight musicals\/Martin Engel<\/p><\/div><\/div><\/a><\/div><div class=\"grid-item metro-item-1    tpgb-metro-2  tpgb-tab-metro-2  tpgb-mobile-metro-2 \"><a href=\"https:\/\/www.musical-today.de\/wp-content\/uploads\/2024\/08\/11-Bonifatius-Das-Musical-2024-copyright-spotlight-musicals-_-Fotograf-Christian-Tech-scaled.jpg\" class=\"tpgb-gallery-list-content tpgb-trans-easeinout\" data-fancybox=\"956d14_7904\" data-caption=\"Foto: spotlight musicals\/Christian Tech\" aria-label=\"Foto: spotlight musicals\/Christian Tech\"><div class=\"post-content-image\"><div class=\"tpgb-metro-gallery-image\" style=\"background: url(https:\/\/www.musical-today.de\/wp-content\/uploads\/2024\/08\/11-Bonifatius-Das-Musical-2024-copyright-spotlight-musicals-_-Fotograf-Christian-Tech-scaled.jpg);\"><\/div><\/div><div class=\"post-content-center\"><div class=\"post-zoom-icon\"><div class=\"meta-search-icon\"><span><img decoding=\"async\" class=\"fancy-img\" src=\"https:\/\/www.musical-today.de\/wp-content\/uploads\/2024\/08\/11-Bonifatius-Das-Musical-2024-copyright-spotlight-musicals-_-Fotograf-Christian-Tech-scaled.jpg\" alt=\"Media Image2\" title=\"\"><i class=\"fas fa-search-plus pop-icon\"><\/i><\/span><\/div><\/div><div class=\"post-content-bottom\"><p class=\"post-title tpgb-trans-easeinout\">Foto: spotlight musicals\/Christian Tech<\/p><\/div><\/div><\/a><\/div><div class=\"grid-item metro-item-2    tpgb-metro-3  tpgb-tab-metro-3  tpgb-mobile-metro-3 \"><a href=\"https:\/\/www.musical-today.de\/wp-content\/uploads\/2024\/08\/02-Bonifatius-Das-Musical-2024-copyright-spotlight-musicals-_-Fotograf-Michael-Werthmueller-scaled.jpg\" class=\"tpgb-gallery-list-content tpgb-trans-easeinout\" data-fancybox=\"956d14_7904\" data-caption=\"Foto: spotlight musicals\/Michael Werthm\u00fcller\" aria-label=\"Foto: spotlight musicals\/Michael Werthm\u00fcller\"><div class=\"post-content-image\"><div class=\"tpgb-metro-gallery-image\" style=\"background: url(https:\/\/www.musical-today.de\/wp-content\/uploads\/2024\/08\/02-Bonifatius-Das-Musical-2024-copyright-spotlight-musicals-_-Fotograf-Michael-Werthmueller-scaled.jpg);\"><\/div><\/div><div class=\"post-content-center\"><div class=\"post-zoom-icon\"><div class=\"meta-search-icon\"><span><img decoding=\"async\" class=\"fancy-img\" src=\"https:\/\/www.musical-today.de\/wp-content\/uploads\/2024\/08\/02-Bonifatius-Das-Musical-2024-copyright-spotlight-musicals-_-Fotograf-Michael-Werthmueller-scaled.jpg\" alt=\"Media Image3\" title=\"\"><i class=\"fas fa-search-plus pop-icon\"><\/i><\/span><\/div><\/div><div class=\"post-content-bottom\"><p class=\"post-title tpgb-trans-easeinout\">Foto: spotlight musicals\/Michael Werthm\u00fcller<\/p><\/div><\/div><\/a><\/div><\/div><\/div><\/div>\n\n\n<p>Die Ausstattung von Okarina Peter und Timo Dentler bietet eine gelungene Mischung aus Alltagskleidung und historischen Anleihen, die symbolisch \u00fcbertragen werden. So tr\u00e4gt der skrupellose Bischof Gewilip zwar ein Gewand im Schnitt klassischer geistlicher Roben, doch der rote Stoff ist glitzernd paillettenbesetzt. Frank Josef Winkels interpretiert ihn kraftvoll, wenig diabolisch, vielmehr l\u00e4ngst von allen guten Geistern verlassen. Das Gefolge des Franken Karl Martell tr\u00e4gt hingegen an Ritter erinnernde metallisch gl\u00e4nzende Stoffe. Und Bonifatius ein Gewand, das mit dem \u201eRagyndrudis-Codex\u201c bedruckt ist, der Handschrift christlicher Texte, die Bonifatius bei sich trug und der in Fulda erhalten ist.<\/p>\n\n\n\n<p>Radbod ist eine stimmliche und schauspielerische Glanzrolle f\u00fcr Andreas Lichtenberger \u2013 \u00fcberzeugend, wenn am Ende der schmale Grat zwischen Freund und Feind dargestellt wird. Die beiden humoristischen Begleiter Karlmann und Pippin werden von Simon Staiger und Tom Schimon passend interpretiert. Lullus, Abt von Hersfeld und Bonifatius-Nachfolger in Mainz, gibt die Legendenbildung in Auftrag. Max Gertsch spielt mit Lust an \u00dcberzeichnung auch Karl Martell, den Papst und den schw\u00e4belnden Gesandten.<\/p>\n\n\n\n<p>Seit der Urauff\u00fchrung war Reinhard Brussmann \u201eder\u201c Bonifatius und dr\u00fcckte durch kraftvolle Pr\u00e4senz und Stimme seinen Stempel auf. In der Ursprungsfassung wurde die Bonifatius-Statue lebendig \u2013 das wirkte bei Brussmann glaubw\u00fcrdig. In diesem Jahr verleiht Thomas Borchert dem Titelhelden seine glasklare Stimme und ruhiges Charisma. Anders. Menschlich. Bescheiden. Ber\u00fchrend, etwa im Zusammenspiel mit seinem andersgl\u00e4ubigen Freund Luidger (wunderbar: Karsten Kenzel). Gl\u00e4nzen kann Borchert in den kraftvollen Balladen. An seiner Seite ist Sturmius, den Friedrich Rau grandios liebenswert und zweifelnd mit seiner bis zum letzten der 6.000 Pl\u00e4tze anr\u00fchrenden Stimme verk\u00f6rpert. In den weiblichen Hauptrollen stehen die Publikumslieblinge Sabrina Weckerlin als Alrun und Anke Fiedler als Lioba auf der B\u00fchne. Eine \u00fcberzeugend-authentische Musicalproduktion, die Ma\u00dfst\u00e4be setzt.<\/p>\n\n\n\n<hr class=\"wp-block-separator has-alpha-channel-opacity is-style-dots\"\/>\n\n\n\n<p class=\"has-small-font-size\">Zus\u00e4tzliche Musik und Texte: Peter Scholz und Thomas van de Scheck \u2022 Bearbeitung und zus\u00e4tzliche Texte: Christoph Jilo \u2022 Musikarrangement: Frank Hollmann <\/p>\n\n\n\n<p class=\"has-small-font-size\">Musikalische Leitung: Inga Hilsberg \u2022 Choreografie: Danny Costello, Farid Halim und Katrin Merkl \u2022 Ausstattung: Okarina Peter und Timo Dentler \u2022 Licht: Pia Virolainen \u2022 Sounddesign: Tom Strebel und Youssef Iskander \u2022 Videodesign: Sven Sauer \u2022 Motion Design: Alexander Mink \u2022 Chor: Marcel Jahn \u2022 Mit: Thomas Borchert (Bonifatius), Friedrich Rau (Sturmius), Sabrina Weckerlin (Alrun), Alexander von Hugo (Willibald), Frank Josef Winkels (Gewilip), Andreas Lichtenberger (Radbod), Karsten Kenzel (Luidger), Simon Staiger (Karlmann), Tom Schimon (Pippin), Anke Fiedler (Lioba), Max Gertsch (Lullus\/Karl Martell\/Papst\/Gesandter) u.a. \u2022 K\u00f6lner Symphoniker<\/p>\n\n\n\n<p class=\"has-small-font-size\">Aufmacherfoto: spotlight musicals\/Michael Werthm\u00fcller<\/p>\n","protected":false},"excerpt":{"rendered":"<p>\u201eBonifatius\u201c alsspektakul\u00e4res Open-Air am Originalschauplatz Germanien im 8. Jahrhundert: Mit der Gr\u00fcndung des Klosters Fulda setzt Bonifatius ein Zeichen. Noch heute liegt er dort begraben, mit seinem Tod beginnt die im St\u00fcck von M\u00f6nch Willibald (Alexander von Hugo) wunderbar transparent gemachte Legendenbildung. Mit \u201eBonifatius \u2013 Das Musical\u201c begann zum 1250. Todestag des Heiligen im Jahr 2004 die Erfolgsgeschichte von \u201espotlight musicals\u201c. Allen voran damals wie heute: Dennis Martin (Text und Komposition) und Peter Scholz (zus\u00e4tzliche Musik und Texte). Schon vor [&hellip;]<\/p>\n","protected":false},"author":5,"featured_media":7905,"comment_status":"closed","ping_status":"closed","sticky":false,"template":"","format":"standard","meta":{"tpgb_global_settings":"","footnotes":""},"categories":[161],"tags":[],"class_list":["post-7904","post","type-post","status-publish","format-standard","has-post-thumbnail","hentry","category-fulda"],"tpgb_featured_images":{"full":["https:\/\/www.musical-today.de\/wp-content\/uploads\/2024\/08\/01-Bonifatius-Das-Musical-2024-copyright-spotlight-musicals-_-Fotograf-Michael-Werthmueller-scaled.jpg",2560,1707,false],"tp-image-grid":["https:\/\/www.musical-today.de\/wp-content\/uploads\/2024\/08\/01-Bonifatius-Das-Musical-2024-copyright-spotlight-musicals-_-Fotograf-Michael-Werthmueller-700x700.jpg",700,700,true],"thumbnail":["https:\/\/www.musical-today.de\/wp-content\/uploads\/2024\/08\/01-Bonifatius-Das-Musical-2024-copyright-spotlight-musicals-_-Fotograf-Michael-Werthmueller-600x400.jpg",600,400,true],"medium":["https:\/\/www.musical-today.de\/wp-content\/uploads\/2024\/08\/01-Bonifatius-Das-Musical-2024-copyright-spotlight-musicals-_-Fotograf-Michael-Werthmueller-1200x800.jpg",1200,800,true],"medium_large":["https:\/\/www.musical-today.de\/wp-content\/uploads\/2024\/08\/01-Bonifatius-Das-Musical-2024-copyright-spotlight-musicals-_-Fotograf-Michael-Werthmueller-949x633.jpg",770,514,true],"large":["https:\/\/www.musical-today.de\/wp-content\/uploads\/2024\/08\/01-Bonifatius-Das-Musical-2024-copyright-spotlight-musicals-_-Fotograf-Michael-Werthmueller-1920x1280.jpg",1139,759,true],"default":"https:\/\/www.musical-today.de\/wp-content\/plugins\/the-plus-addons-for-block-editor\/assets\/images\/tpgb-placeholder.jpg"},"tpgb_post_meta_info":{"get_date":"27.08.2024","get_modified_date":"15.04.2025","category_list":{"category":[{"term_id":161,"name":"Fulda","slug":"fulda","term_group":0,"term_taxonomy_id":161,"taxonomy":"category","description":"","parent":19,"count":2,"filter":"raw","term_order":"35"}],"post_tag":false,"post_format":false},"author_name":"Marcus Leitschuh","author_url":"https:\/\/www.musical-today.de\/en\/autor\/mleitschuh\/","author_email":"admin@valentinboesing.de","author_website":"","author_description":"studierte Germanistik und Theologie und arbeitet als Rektor mit Schultheater-Erfahrung. Lange war er Mitarbeiter der Zeitschrift \u201emusicals\u201c f\u00fcr Nord-Ost-Hessen und S\u00fcdniedersachsen. Er ist kulturpolitisch u.a. im documenta-Aufsichtsrat aktiv, wie auch Projektleiter Kultur der Elisabethkirche Kassel. Au\u00dferdem ist er immer wieder als Theaterfachmann Interviewpartner. Das Musical sieht er als untersch\u00e4tzte Form des Musiktheaters.\r\n(Foto: Dr. Arnulf M\u00fcller)","author_facebook":"","author_twitter":"","author_instagram":"","author_role":["author"],"author_firstname":"Marcus","author_lastname":"Leitschuh","user_login":"mleitschuh","author_avatar":"<img src=\"https:\/\/www.musical-today.de\/wp-content\/uploads\/2024\/03\/Marcus-Leitschuh-c-Dr.-Arnulf-Mueller-293x293.jpg\" width=\"200\" height=\"200\" alt=\"Marcus Leitschuh\" class=\"avatar avatar-200 wp-user-avatar wp-user-avatar-200 alignnone photo\" \/>","author_avatar_url":"https:\/\/www.musical-today.de\/wp-content\/uploads\/2024\/03\/Marcus-Leitschuh-c-Dr.-Arnulf-Mueller.jpg","comment_count":0,"post_likes":0,"post_views":0},"tpgb_post_category":{"category":"<a href=\"https:\/\/www.musical-today.de\/en\/deutschland\/fulda\/\" alt=\"Fulda\"  class=\"category-fulda\">Fulda<\/a> "},"_links":{"self":[{"href":"https:\/\/www.musical-today.de\/en\/wp-json\/wp\/v2\/posts\/7904","targetHints":{"allow":["GET"]}}],"collection":[{"href":"https:\/\/www.musical-today.de\/en\/wp-json\/wp\/v2\/posts"}],"about":[{"href":"https:\/\/www.musical-today.de\/en\/wp-json\/wp\/v2\/types\/post"}],"author":[{"embeddable":true,"href":"https:\/\/www.musical-today.de\/en\/wp-json\/wp\/v2\/users\/5"}],"replies":[{"embeddable":true,"href":"https:\/\/www.musical-today.de\/en\/wp-json\/wp\/v2\/comments?post=7904"}],"version-history":[{"count":0,"href":"https:\/\/www.musical-today.de\/en\/wp-json\/wp\/v2\/posts\/7904\/revisions"}],"wp:featuredmedia":[{"embeddable":true,"href":"https:\/\/www.musical-today.de\/en\/wp-json\/wp\/v2\/media\/7905"}],"wp:attachment":[{"href":"https:\/\/www.musical-today.de\/en\/wp-json\/wp\/v2\/media?parent=7904"}],"wp:term":[{"taxonomy":"category","embeddable":true,"href":"https:\/\/www.musical-today.de\/en\/wp-json\/wp\/v2\/categories?post=7904"},{"taxonomy":"post_tag","embeddable":true,"href":"https:\/\/www.musical-today.de\/en\/wp-json\/wp\/v2\/tags?post=7904"}],"curies":[{"name":"wp","href":"https:\/\/api.w.org\/{rel}","templated":true}]}}