{"id":7914,"date":"2024-08-30T11:23:32","date_gmt":"2024-08-30T09:23:32","guid":{"rendered":"https:\/\/www.musical-today.de\/?p=7914"},"modified":"2025-04-15T14:28:19","modified_gmt":"2025-04-15T12:28:19","slug":"fuessen-cinderella-das-musical","status":"publish","type":"post","link":"https:\/\/www.musical-today.de\/en\/fuessen-cinderella-das-musical\/","title":{"rendered":"Cinderella \u2013 Das Musical"},"content":{"rendered":"<div class=\"lets-info-up-wrap  lets-info-up--right lets-info-up--m-1 lets-info-up-skin-3 lets-info-up--side lets-info-up-13608\" style=\"background:#fafafa; color: #616161\">\t\t\t<div class=\"lets-info-up\">\r\n\t\t\t<div class=\"lets-info-up-fi\"><img decoding=\"async\" width=\"500\" height=\"333\" src=\"https:\/\/www.musical-today.de\/wp-content\/uploads\/2024\/01\/qi-addons-for-elementor-placeholder-500x333.png\" class=\"attachment-lets-info-up-d1 size-lets-info-up-d1\" alt=\"|\" srcset=\"https:\/\/www.musical-today.de\/wp-content\/uploads\/2024\/01\/qi-addons-for-elementor-placeholder-500x333.png 500w, https:\/\/www.musical-today.de\/wp-content\/uploads\/2024\/01\/qi-addons-for-elementor-placeholder-300x200.png 300w, https:\/\/www.musical-today.de\/wp-content\/uploads\/2024\/01\/qi-addons-for-elementor-placeholder-1024x683.png 1024w, https:\/\/www.musical-today.de\/wp-content\/uploads\/2024\/01\/qi-addons-for-elementor-placeholder-883x589.png 883w, https:\/\/www.musical-today.de\/wp-content\/uploads\/2024\/01\/qi-addons-for-elementor-placeholder-18x12.png 18w, https:\/\/www.musical-today.de\/wp-content\/uploads\/2024\/01\/qi-addons-for-elementor-placeholder-360x240.png 360w, https:\/\/www.musical-today.de\/wp-content\/uploads\/2024\/01\/qi-addons-for-elementor-placeholder-1155x770.png 1155w, https:\/\/www.musical-today.de\/wp-content\/uploads\/2024\/01\/qi-addons-for-elementor-placeholder-370x247.png 370w, https:\/\/www.musical-today.de\/wp-content\/uploads\/2024\/01\/qi-addons-for-elementor-placeholder-770x513.png 770w, https:\/\/www.musical-today.de\/wp-content\/uploads\/2024\/01\/qi-addons-for-elementor-placeholder-293x195.png 293w, https:\/\/www.musical-today.de\/wp-content\/uploads\/2024\/01\/qi-addons-for-elementor-placeholder-120x80.png 120w, https:\/\/www.musical-today.de\/wp-content\/uploads\/2024\/01\/qi-addons-for-elementor-placeholder-240x160.png 240w, https:\/\/www.musical-today.de\/wp-content\/uploads\/2024\/01\/qi-addons-for-elementor-placeholder-390x260.png 390w, https:\/\/www.musical-today.de\/wp-content\/uploads\/2024\/01\/qi-addons-for-elementor-placeholder.png 1200w\" sizes=\"(max-width: 500px) 100vw, 500px\" title=\"\"><\/div>\t\t\t<div class=\"lets-info-up-block-wrap\">\r\n\t\t\t\t<div class=\"lets-info-up-block lets-info-up-meta-block\"><div class=\"lets-info-up-meta-title lets-info-up-pretitle font-h\" style=\"color: #8c6d18;\">oRT<\/div><div class=\"lets-info-up-meta-content lets-info-up-title font-b\">Festspielhaus Neuschwanstein (F\u00fcssen)<\/div><\/div><div class=\"lets-info-up-block lets-info-up-meta-block\"><div class=\"lets-info-up-meta-title lets-info-up-pretitle font-h\" style=\"color: #8c6d18;\">von<\/div><div class=\"lets-info-up-meta-content lets-info-up-title font-b\">Ephraim Peise (Musik und Gesangstexte)<br>Benjamin Sahler (Buch)<\/div><\/div><div class=\"lets-info-up-block lets-info-up-meta-block\"><div class=\"lets-info-up-meta-title lets-info-up-pretitle font-h\" style=\"color: #8c6d18;\">Regie<\/div><div class=\"lets-info-up-meta-content lets-info-up-title font-b\">Dirk Schattner und Benjamin Sahler<\/div><\/div><div class=\"lets-info-up-block lets-info-up-meta-block\"><div class=\"lets-info-up-meta-title lets-info-up-pretitle font-h\" style=\"color: #8c6d18;\">Urauff\u00fchrung<\/div><div class=\"lets-info-up-meta-content lets-info-up-title font-b\">2024<\/div><\/div><div class=\"lets-info-up-block lets-info-up-meta-block\"><div class=\"lets-info-up-meta-title lets-info-up-pretitle font-h\" style=\"color: #8c6d18;\">INFOS<\/div><div class=\"lets-info-up-meta-content lets-info-up-title font-b\"><a href=\"https:\/\/das-festspielhaus.de\/programm\/cinderella-das-musical\/\" target=\"_blank\" data-type=\"link\" rel=\"noreferrer noopener\">www.das-festspielhaus.de<\/a><\/div><\/div>\t\t\t<\/div>\r\n\t\t\t<\/div>\r\n\t\t<\/div>\r\n\t\t\n\n\n<p><strong>Eine neue \u201eCinderella\u201c f\u00fcr die ganze Familie<\/strong><\/p>\n\n\n\n<p>Gewisse Klassiker werden nie alt, egal wie oft man sie erz\u00e4hlt. Immer wieder inspirieren sie neue B\u00fccher, Filme und Theaterst\u00fccke. Die Geschichte der F\u00fcssener \u201eCinderella\u201c ist eine Mischung aus der 1950er Disney-Filmversion und der bekannten M\u00e4rchenfassung der Gebr\u00fcder Grimm geworden \u2013 mit einer Prise eigener Fantasie.<\/p>\n\n\n\n<p>Die Mutter ist verstorben, der Vater auf Reisen. \u00dcbrig bleiben \u201eCinder-Ella\u201c und das geh\u00e4ssige Trio aus der Stiefmutter und ihren T\u00f6chtern. Gemeinsam mit dem sprechenden Eichh\u00f6rnchen Theophil und den anmutigen Tauben trotzen Ella und ihre neuen Freunde jeder Schikane, ob es um das Sortieren von Linsen geht oder darum, in Ketten an den Ofen gefesselt zu werden. Eine alte Weide in einem magischen Wald und die gute Fee d\u00fcrfen nat\u00fcrlich auch nicht fehlen, um schlussendlich herausgeputzt auf dem Ball zu erscheinen. Doch letztlich ist es nicht das Ballkleid oder der goldene Schuh, sondern Mut, Selbstvertrauen und ein kleines Segelboot, die diese Geschichte zu einem Happy End f\u00fchren.<\/p>\n\n\n\n<p>Diese \u201eCinderella\u201c ist ein Musical f\u00fcr die ganze Familie, in der neuen Adaption von Benjamin Sahler k\u00f6nnen Gro\u00df und Klein die Geschichte gleicherma\u00dfen (neu) entdecken. Zusammen mit Dirk Schattner \u00fcbernimmt er auch die Regie und verwandelt die B\u00fchne in eine \u00fcberw\u00e4ltigende M\u00e4rchenwelt. Imposante Requisiten f\u00fcr jede Kulisse bieten Einblick in ein ganzes K\u00f6nigreich: vom Dorf der Bewohner \u00fcber Ellas Haus mit Essbereich und K\u00fcche bis zum zauberhaften Wald und dem Ballsaal des K\u00f6nigs. Durch die choreografische Anleitung von Stefanie Gr\u00f6ning wird das Ganze zu einem gro\u00dfen Get\u00fcmmel an Freude und Spa\u00df, abgerundet durch fantasievolle Kost\u00fcme. Insbesondere die lichterbesetzte Kleidung der Zauberwesen macht den Wald zu einem magischen Ort.<\/p>\n\n\n<div  class=\"tpgb-wrap-956d14_7914  tpgb-wrap-fw \"  ><div id=\"956d14_7914\" class=\"tpgb-block-956d14_7914 tpgb-relative-block tpgb-gallery-list tpgb-metro gallery-style-2 hover-image-style-1   \" data-style=\"style-2\" data-id=\"956d14_7914\" data-layout=\"metro\" data-fancy-option='{\"loop\":false,\"thumb\":\"no\",\"infobar\":true,\"arrows\":true,\"transitionEffect\":\"slide\",\"button\":[\"close\"]}' data-splide='\"\"' data-metroAttr= '{\"metro_col\":3,\"tab_metro_col\":3,\"mobile_metro_col\":3,\"metro_style\":\"style-1\",\"tab_metro_style\":\"style-1\",\"mobile_metro_style\":\"style-1\"}' ><div class=\"tpgb-row post-loop-inner \"><div class=\"grid-item metro-item-0    tpgb-metro-1  tpgb-tab-metro-1  tpgb-mobile-metro-1 \"><a href=\"https:\/\/www.musical-today.de\/wp-content\/uploads\/2024\/08\/Michael_Boehmlaender_Cinderella_64-2Y9A1318-scaled-e1725009284139.jpg\" class=\"tpgb-gallery-list-content tpgb-trans-easeinout\" data-fancybox=\"956d14_7914\" data-caption=\"Foto: Michael B\u00f6hml\u00e4nder\" aria-label=\"Foto: Michael B\u00f6hml\u00e4nder\"><div class=\"post-content-image\"><div class=\"tpgb-metro-gallery-image\" style=\"background: url(https:\/\/www.musical-today.de\/wp-content\/uploads\/2024\/08\/Michael_Boehmlaender_Cinderella_64-2Y9A1318-scaled-e1725009284139.jpg);\"><\/div><\/div><div class=\"post-content-center\"><div class=\"post-zoom-icon\"><div class=\"meta-search-icon\"><span><img decoding=\"async\" class=\"fancy-img\" src=\"https:\/\/www.musical-today.de\/wp-content\/uploads\/2024\/08\/Michael_Boehmlaender_Cinderella_64-2Y9A1318-scaled-e1725009284139.jpg\" alt=\"Media Image1\" title=\"\"><i class=\"fas fa-search-plus pop-icon\"><\/i><\/span><\/div><\/div><div class=\"post-content-bottom\"><p class=\"post-title tpgb-trans-easeinout\">Foto: Michael B\u00f6hml\u00e4nder<\/p><\/div><\/div><\/a><\/div><div class=\"grid-item metro-item-1    tpgb-metro-2  tpgb-tab-metro-2  tpgb-mobile-metro-2 \"><a href=\"https:\/\/www.musical-today.de\/wp-content\/uploads\/2024\/08\/Michael_Boehmlaender_Cinderella_192-2Y9A2044-scaled-e1725009258685.jpg\" class=\"tpgb-gallery-list-content tpgb-trans-easeinout\" data-fancybox=\"956d14_7914\" data-caption=\"Foto: Michael B\u00f6hml\u00e4nder\" aria-label=\"Foto: Michael B\u00f6hml\u00e4nder\"><div class=\"post-content-image\"><div class=\"tpgb-metro-gallery-image\" style=\"background: url(https:\/\/www.musical-today.de\/wp-content\/uploads\/2024\/08\/Michael_Boehmlaender_Cinderella_192-2Y9A2044-scaled-e1725009258685.jpg);\"><\/div><\/div><div class=\"post-content-center\"><div class=\"post-zoom-icon\"><div class=\"meta-search-icon\"><span><img decoding=\"async\" class=\"fancy-img\" src=\"https:\/\/www.musical-today.de\/wp-content\/uploads\/2024\/08\/Michael_Boehmlaender_Cinderella_192-2Y9A2044-scaled-e1725009258685.jpg\" alt=\"Media Image2\" title=\"\"><i class=\"fas fa-search-plus pop-icon\"><\/i><\/span><\/div><\/div><div class=\"post-content-bottom\"><p class=\"post-title tpgb-trans-easeinout\">Foto: Michael B\u00f6hml\u00e4nder<\/p><\/div><\/div><\/a><\/div><div class=\"grid-item metro-item-2    tpgb-metro-3  tpgb-tab-metro-3  tpgb-mobile-metro-3 \"><a href=\"https:\/\/www.musical-today.de\/wp-content\/uploads\/2024\/08\/Michael_Boehmlaender_Cinderella_17-2Y9A1150-scaled-e1725009226697.jpg\" class=\"tpgb-gallery-list-content tpgb-trans-easeinout\" data-fancybox=\"956d14_7914\" data-caption=\"Foto: Michael B\u00f6hml\u00e4nder\" aria-label=\"Foto: Michael B\u00f6hml\u00e4nder\"><div class=\"post-content-image\"><div class=\"tpgb-metro-gallery-image\" style=\"background: url(https:\/\/www.musical-today.de\/wp-content\/uploads\/2024\/08\/Michael_Boehmlaender_Cinderella_17-2Y9A1150-scaled-e1725009226697.jpg);\"><\/div><\/div><div class=\"post-content-center\"><div class=\"post-zoom-icon\"><div class=\"meta-search-icon\"><span><img decoding=\"async\" class=\"fancy-img\" src=\"https:\/\/www.musical-today.de\/wp-content\/uploads\/2024\/08\/Michael_Boehmlaender_Cinderella_17-2Y9A1150-scaled-e1725009226697.jpg\" alt=\"Media Image3\" title=\"\"><i class=\"fas fa-search-plus pop-icon\"><\/i><\/span><\/div><\/div><div class=\"post-content-bottom\"><p class=\"post-title tpgb-trans-easeinout\">Foto: Michael B\u00f6hml\u00e4nder<\/p><\/div><\/div><\/a><\/div><\/div><\/div><\/div>\n\n\n<p>Besondere Atmosph\u00e4re schaffen die jungen Akrobatinnen der hauseigenen F\u00fcssener \u201eMusical Academy\u201c. Durch Kunstst\u00fccke mit Vertikalt\u00fcchern schwingen sie sich in die L\u00fcfte und pr\u00e4sentieren sich in artistischen Posen. Auch Lea Schmid und Giovane Hantke sind beeindruckender Teil dieser Academy und stehen als \u201eKleine Ella\u201c und \u201eKleiner Prinz\u201c mit Gesang und Schauspiel solistisch auf der B\u00fchne. Ephraim Peises Musik schafft Leichtigkeit und Unbeschwertheit, seine Texte verhelfen den Charakteren gekonnt zu lebendiger Existenz.<\/p>\n\n\n\n<p>Madeleine Haipt und Christina Reuter hauchen den beiden Schwestern Isabelle und Catherine Leben ein. Frech, dreist und mit kindlichem Wesen sorgen sie f\u00fcr viele Lacher. Sp\u00e4testens nach ihrem charakterlichen Wandel von Mobbern zu Empathietr\u00e4gern f\u00fcr Ella haben sie sich in die Herzen der Zuschauer gespielt \u2013 man ist erleichtert, wenn sie am Ende von Strafe verschont werden. Lediglich Michael Schneider als Eichh\u00f6rnchen Theophil buhlt mit den beiden noch um die Publikumsgunst und k\u00f6nnte ihnen \u201edie Show\u201c stehlen. Mit charmanten (Spar-)Witzen verk\u00f6rpert er einen Disney-\u00e4hnlichen Sidekick, der Ella mit Rat und Tat beisteht. Gesanglich besonders herausragend ist Julia Haugs Stiefmutter Colette mit ihrer vollen Stimme, sowie Daniel Mladenov als Prinz Andr\u00e9. \u00c4u\u00dferlich ist er mit vollem, dunklem Bart zwar nicht der typische Aschenputtel-Prinz, seine Stimme wirkt aber jugendlich und volumin\u00f6s zugleich. Stefanie Gr\u00f6ning als Cinderella tut sich dazu gesanglich vergleichsweise schwer, doch strahlt sie \u00fcberzeugend das n\u00f6tige unschuldige, \u201eladylike\u201c Verhalten aus, dass man sich f\u00fcr eine zuk\u00fcnftige Prinzessin vorstellt.<\/p>\n\n\n\n<p>Abgerundet werden die Songs durch ein stimmiges Ensemble, welches den Szenen Leben einhaucht. Vereinzelt versteht man den Text einzelner Passagen leider nicht sehr gut, vor allem wenn sie \u00fcberlappen oder es zu einem schnellen Wechsel von mehreren Gesangparts kommt. Auch das eine oder andere Duett wirkt gelegentlich noch etwas wackelig im Zusammenspiel. Nichtsdestotrotz: \u201eCinderella\u201c ist ein Musical, das mit Witz und Leichtigkeit punktet und alle Generationen f\u00fcr sich einnimmt. Kinder und Erwachsene werden ihren Spa\u00df an dieser Fassung haben. Und die Lehre eines M\u00e4rchens bleibt auch hier nicht aus: Du bist etwas Besonderes \u2013 genauso wie Du bist!<\/p>\n\n\n\n<hr class=\"wp-block-separator has-alpha-channel-opacity is-style-dots\"\/>\n\n\n\n<p class=\"has-small-font-size\">Musikalische Leitung: J\u00f6rg Hilger \u2022 Regie: Dirk Schattner und Benjamin Sahler \u2022 Choreografie: Stefanie Gr\u00f6ning, Anna Martens und Alina Groder \u2022 Mit: Stefanie Gr\u00f6ning (Cinderella), Lea Schmid (Kleine Ella), Daniel Mladenov (Prinz Andr\u00e9), Giovane Hantke (Kleiner Prinz), Nicole Ciroth (Mutter Elodi\u00e9), Timo Pfeffer (Vater Philippe), Madeleine Haipt (Isabelle), Frida Kotissek (Kleine Isabelle), Christina Reuter (Catherine), Romina Enzensberger (Kleine Catherine), Julia Haug (Colette), Angelika Erlacher (Fee), Michael Schneider (Theophil), Jens Rainer Kalkmann (K\u00f6nig Bernard), Eike R\u00fccker-Klapper (Jean Baptiste), Anna Martens und Alina Groder (Tauben) u.a.<\/p>\n\n\n\n<p class=\"has-small-font-size\">Aufmacherfoto: Michael B\u00f6hml\u00e4nder<\/p>\n","protected":false},"excerpt":{"rendered":"<p>Eine neue \u201eCinderella\u201c f\u00fcr die ganze Familie Gewisse Klassiker werden nie alt, egal wie oft man sie erz\u00e4hlt. Immer wieder inspirieren sie neue B\u00fccher, Filme und Theaterst\u00fccke. Die Geschichte der F\u00fcssener \u201eCinderella\u201c ist eine Mischung aus der 1950er Disney-Filmversion und der bekannten M\u00e4rchenfassung der Gebr\u00fcder Grimm geworden \u2013 mit einer Prise eigener Fantasie. Die Mutter ist verstorben, der Vater auf Reisen. \u00dcbrig bleiben \u201eCinder-Ella\u201c und das geh\u00e4ssige Trio aus der Stiefmutter und ihren T\u00f6chtern. Gemeinsam mit dem sprechenden Eichh\u00f6rnchen Theophil [&hellip;]<\/p>\n","protected":false},"author":57,"featured_media":7915,"comment_status":"closed","ping_status":"closed","sticky":false,"template":"","format":"standard","meta":{"tpgb_global_settings":"","footnotes":""},"categories":[190],"tags":[],"class_list":["post-7914","post","type-post","status-publish","format-standard","has-post-thumbnail","hentry","category-fuessen"],"tpgb_featured_images":{"full":["https:\/\/www.musical-today.de\/wp-content\/uploads\/2024\/08\/Michael_Boehmlaender_Cinderella_245-2Y9A2450-scaled-e1725009355931.jpg",1685,1706,false],"tp-image-grid":["https:\/\/www.musical-today.de\/wp-content\/uploads\/2024\/08\/Michael_Boehmlaender_Cinderella_245-2Y9A2450-scaled-e1725009355931-700x700.jpg",700,700,true],"thumbnail":["https:\/\/www.musical-today.de\/wp-content\/uploads\/2024\/08\/Michael_Boehmlaender_Cinderella_245-2Y9A2450-scaled-e1725009355931-600x607.jpg",600,607,true],"medium":["https:\/\/www.musical-today.de\/wp-content\/uploads\/2024\/08\/Michael_Boehmlaender_Cinderella_245-2Y9A2450-scaled-e1725009355931-1200x1215.jpg",1200,1215,true],"medium_large":["https:\/\/www.musical-today.de\/wp-content\/uploads\/2024\/08\/Michael_Boehmlaender_Cinderella_245-2Y9A2450-scaled-e1725009355931-949x961.jpg",770,780,true],"large":["https:\/\/www.musical-today.de\/wp-content\/uploads\/2024\/08\/Michael_Boehmlaender_Cinderella_245-2Y9A2450-1920x1280.jpg",1139,759,true],"default":"https:\/\/www.musical-today.de\/wp-content\/plugins\/the-plus-addons-for-block-editor\/assets\/images\/tpgb-placeholder.jpg"},"tpgb_post_meta_info":{"get_date":"30.08.2024","get_modified_date":"15.04.2025","category_list":{"category":[{"term_id":190,"name":"F\u00fcssen","slug":"fuessen","term_group":0,"term_taxonomy_id":190,"taxonomy":"category","description":"","parent":19,"count":4,"filter":"raw","term_order":"36"}],"post_tag":false,"post_format":false},"author_name":"Nadine Wei\u00df","author_url":"https:\/\/www.musical-today.de\/en\/autor\/nadineweiss\/","author_email":"online-nw@musical-toay.de","author_website":"","author_description":"","author_facebook":"","author_twitter":"","author_instagram":"","author_role":["author","editor","redakteur"],"author_firstname":"Nadine","author_lastname":"Wei\u00df","user_login":"nadineweiss","author_avatar":"<img src=\"https:\/\/www.musical-today.de\/wp-content\/uploads\/2024\/03\/434034552_122093726612266069_5386620108228489486_n-293x293.jpg\" width=\"200\" height=\"200\" alt=\"Nadine Wei\u00df\" class=\"avatar avatar-200 wp-user-avatar wp-user-avatar-200 alignnone photo\" \/>","author_avatar_url":"https:\/\/www.musical-today.de\/wp-content\/uploads\/2024\/03\/434034552_122093726612266069_5386620108228489486_n.jpg","comment_count":0,"post_likes":0,"post_views":0},"tpgb_post_category":{"category":"<a href=\"https:\/\/www.musical-today.de\/en\/deutschland\/fuessen\/\" alt=\"F\u00fcssen\"  class=\"category-fuessen\">F\u00fcssen<\/a> "},"_links":{"self":[{"href":"https:\/\/www.musical-today.de\/en\/wp-json\/wp\/v2\/posts\/7914","targetHints":{"allow":["GET"]}}],"collection":[{"href":"https:\/\/www.musical-today.de\/en\/wp-json\/wp\/v2\/posts"}],"about":[{"href":"https:\/\/www.musical-today.de\/en\/wp-json\/wp\/v2\/types\/post"}],"author":[{"embeddable":true,"href":"https:\/\/www.musical-today.de\/en\/wp-json\/wp\/v2\/users\/57"}],"replies":[{"embeddable":true,"href":"https:\/\/www.musical-today.de\/en\/wp-json\/wp\/v2\/comments?post=7914"}],"version-history":[{"count":0,"href":"https:\/\/www.musical-today.de\/en\/wp-json\/wp\/v2\/posts\/7914\/revisions"}],"wp:featuredmedia":[{"embeddable":true,"href":"https:\/\/www.musical-today.de\/en\/wp-json\/wp\/v2\/media\/7915"}],"wp:attachment":[{"href":"https:\/\/www.musical-today.de\/en\/wp-json\/wp\/v2\/media?parent=7914"}],"wp:term":[{"taxonomy":"category","embeddable":true,"href":"https:\/\/www.musical-today.de\/en\/wp-json\/wp\/v2\/categories?post=7914"},{"taxonomy":"post_tag","embeddable":true,"href":"https:\/\/www.musical-today.de\/en\/wp-json\/wp\/v2\/tags?post=7914"}],"curies":[{"name":"wp","href":"https:\/\/api.w.org\/{rel}","templated":true}]}}