{"id":7988,"date":"2024-09-14T10:53:21","date_gmt":"2024-09-14T08:53:21","guid":{"rendered":"https:\/\/www.musical-today.de\/?p=7988"},"modified":"2025-04-15T14:28:19","modified_gmt":"2025-04-15T12:28:19","slug":"linz-wonderland","status":"publish","type":"post","link":"https:\/\/www.musical-today.de\/en\/linz-wonderland\/","title":{"rendered":"Wonderland"},"content":{"rendered":"<div class=\"lets-info-up-wrap  lets-info-up--right lets-info-up--m-1 lets-info-up-skin-3 lets-info-up--side lets-info-up-32244\" style=\"background:#fafafa; color: #616161\">\t\t\t<div class=\"lets-info-up\">\r\n\t\t\t<div class=\"lets-info-up-fi\"><img decoding=\"async\" width=\"500\" height=\"333\" src=\"https:\/\/www.musical-today.de\/wp-content\/uploads\/2024\/01\/qi-addons-for-elementor-placeholder-500x333.png\" class=\"attachment-lets-info-up-d1 size-lets-info-up-d1\" alt=\"|\" srcset=\"https:\/\/www.musical-today.de\/wp-content\/uploads\/2024\/01\/qi-addons-for-elementor-placeholder-500x333.png 500w, https:\/\/www.musical-today.de\/wp-content\/uploads\/2024\/01\/qi-addons-for-elementor-placeholder-300x200.png 300w, https:\/\/www.musical-today.de\/wp-content\/uploads\/2024\/01\/qi-addons-for-elementor-placeholder-1024x683.png 1024w, https:\/\/www.musical-today.de\/wp-content\/uploads\/2024\/01\/qi-addons-for-elementor-placeholder-883x589.png 883w, https:\/\/www.musical-today.de\/wp-content\/uploads\/2024\/01\/qi-addons-for-elementor-placeholder-18x12.png 18w, https:\/\/www.musical-today.de\/wp-content\/uploads\/2024\/01\/qi-addons-for-elementor-placeholder-360x240.png 360w, https:\/\/www.musical-today.de\/wp-content\/uploads\/2024\/01\/qi-addons-for-elementor-placeholder-1155x770.png 1155w, https:\/\/www.musical-today.de\/wp-content\/uploads\/2024\/01\/qi-addons-for-elementor-placeholder-370x247.png 370w, https:\/\/www.musical-today.de\/wp-content\/uploads\/2024\/01\/qi-addons-for-elementor-placeholder-770x513.png 770w, https:\/\/www.musical-today.de\/wp-content\/uploads\/2024\/01\/qi-addons-for-elementor-placeholder-293x195.png 293w, https:\/\/www.musical-today.de\/wp-content\/uploads\/2024\/01\/qi-addons-for-elementor-placeholder-120x80.png 120w, https:\/\/www.musical-today.de\/wp-content\/uploads\/2024\/01\/qi-addons-for-elementor-placeholder-240x160.png 240w, https:\/\/www.musical-today.de\/wp-content\/uploads\/2024\/01\/qi-addons-for-elementor-placeholder-390x260.png 390w, https:\/\/www.musical-today.de\/wp-content\/uploads\/2024\/01\/qi-addons-for-elementor-placeholder.png 1200w\" sizes=\"(max-width: 500px) 100vw, 500px\" title=\"\"><\/div>\t\t\t<div class=\"lets-info-up-block-wrap\">\r\n\t\t\t\t<div class=\"lets-info-up-block lets-info-up-meta-block\"><div class=\"lets-info-up-meta-title lets-info-up-pretitle font-h\" style=\"color: #8c6d18;\">oRT<\/div><div class=\"lets-info-up-meta-content lets-info-up-title font-b\">Landestheater Linz<\/div><\/div><div class=\"lets-info-up-block lets-info-up-meta-block\"><div class=\"lets-info-up-meta-title lets-info-up-pretitle font-h\" style=\"color: #8c6d18;\">von<\/div><div class=\"lets-info-up-meta-content lets-info-up-title font-b\">Jennifer Paulson-Lee &amp; Gabriel Barre (Buch)<br>Frank Wildhorn (Musik)<br>Jack Murphy (Gesangstexte)<\/div><\/div><div class=\"lets-info-up-block lets-info-up-meta-block\"><div class=\"lets-info-up-meta-title lets-info-up-pretitle font-h\" style=\"color: #8c6d18;\">Regie<\/div><div class=\"lets-info-up-meta-content lets-info-up-title font-b\">Christopher Drewitz<\/div><\/div><div class=\"lets-info-up-block lets-info-up-meta-block\"><div class=\"lets-info-up-meta-title lets-info-up-pretitle font-h\" style=\"color: #8c6d18;\">Urauff\u00fchrunG<\/div><div class=\"lets-info-up-meta-content lets-info-up-title font-b\">2009<\/div><\/div><div class=\"lets-info-up-block lets-info-up-meta-block\"><div class=\"lets-info-up-meta-title lets-info-up-pretitle font-h\" style=\"color: #8c6d18;\">INFOS<\/div><div class=\"lets-info-up-meta-content lets-info-up-title font-b\"><a href=\"https:\/\/www.landestheater-linz.at\/stuecke\/detail?ref=202420251591\" data-type=\"link\" target=\"_blank\" rel=\"noopener noreferrer nofollow\">www.landestheater-linz.at<\/a><\/div><\/div>\t\t\t<\/div>\r\n\t\t\t<\/div>\r\n\t\t<\/div>\r\n\t\t\n\n\n<p><strong><strong><strong>\u201eWonderland\u201c im Musiktheater Linz<\/strong><\/strong><\/strong><\/p>\n\n\n\n<p>Das Linzer Musiktheater startet mit \u201eWonderland\u201c in eine neue Musical-Saison und pr\u00e4sentiert eine schrille Revue nach der Buchvorlage von Lewis Carrolls \u201eAlice im Wunderland\u201c. Was genau fasziniert an einem wei\u00dfen Kaninchen, einer Grinsekatze oder einem verr\u00fcckten Hutmacher? Warum begeistert uns ein Kinderbuch aus dem 19. Jahrhundert derma\u00dfen, dass basierend auf diesem Stoff Opern, Operetten, Musicals und circa 60 Verfilmungen ihr Publikum gefunden haben und weiterhin finden?<\/p>\n\n\n\n<p>\u00dcber diese Fragen zu Lewis Carrolls Buch \u201eAlice im Wunderland\u201c haben sich bereits zahlreiche Experten den Kopf zerbrochen. Das Spiel mit Absurdit\u00e4t und Nonsens, das Aufbrechen strikter Regeln und die Kritik an willk\u00fcrlicher Macht, sowie die kuriosen Wortspiele und R\u00e4tsel, bieten Stoff, aus dem Fantasie gewoben wird. Carroll selbst soll \u00fcbrigens ein knochentrockener Lehrer gewesen sein, dem es jedoch immer gelang, f\u00fcr Kinder eine kunterbunte Welt zu erschaffen. Und auch Erwachsene werden gerne von dem \u201eAlice im Wunderland\u201c-Virus angesteckt und springen begeistert in ein Rabbit Hole.&nbsp;<\/p>\n\n\n<div  class=\"tpgb-wrap-956d14_7988  tpgb-wrap-fw \"  ><div id=\"956d14_7988\" class=\"tpgb-block-956d14_7988 tpgb-relative-block tpgb-gallery-list tpgb-metro gallery-style-2 hover-image-style-1   \" data-style=\"style-2\" data-id=\"956d14_7988\" data-layout=\"metro\" data-fancy-option='{\"loop\":false,\"thumb\":\"no\",\"infobar\":true,\"arrows\":true,\"transitionEffect\":\"slide\",\"button\":[\"close\"]}' data-splide='\"\"' data-metroAttr= '{\"metro_col\":\"3\",\"tab_metro_col\":3,\"mobile_metro_col\":3,\"metro_style\":\"style-1\",\"tab_metro_style\":\"style-1\",\"mobile_metro_style\":\"style-1\"}' ><div class=\"tpgb-row post-loop-inner \"><div class=\"grid-item metro-item-0    tpgb-metro-1  tpgb-tab-metro-1  tpgb-mobile-metro-1 \"><a href=\"https:\/\/www.musical-today.de\/wp-content\/uploads\/2024\/09\/10395_300dpi-scaled.jpg\" class=\"tpgb-gallery-list-content tpgb-trans-easeinout\" data-fancybox=\"956d14_7988\" data-caption=\"Foto: Herwig Prammer\" aria-label=\"Foto: Herwig Prammer\"><div class=\"post-content-image\"><div class=\"tpgb-metro-gallery-image\" style=\"background: url(https:\/\/www.musical-today.de\/wp-content\/uploads\/2024\/09\/10395_300dpi-scaled.jpg);\"><\/div><\/div><div class=\"post-content-center\"><div class=\"post-zoom-icon\"><div class=\"meta-search-icon\"><span><img decoding=\"async\" class=\"fancy-img\" src=\"https:\/\/www.musical-today.de\/wp-content\/uploads\/2024\/09\/10395_300dpi-scaled.jpg\" alt=\"Media Image1\" title=\"\"><i class=\"fas fa-search-plus pop-icon\"><\/i><\/span><\/div><\/div><div class=\"post-content-bottom\"><p class=\"post-title tpgb-trans-easeinout\">Foto: Herwig Prammer<\/p><\/div><\/div><\/a><\/div><div class=\"grid-item metro-item-1    tpgb-metro-2  tpgb-tab-metro-2  tpgb-mobile-metro-2 \"><a href=\"https:\/\/www.musical-today.de\/wp-content\/uploads\/2024\/09\/10410_300dpi-scaled.jpg\" class=\"tpgb-gallery-list-content tpgb-trans-easeinout\" data-fancybox=\"956d14_7988\" data-caption=\"Foto: Herwig Prammer\" aria-label=\"Foto: Herwig Prammer\"><div class=\"post-content-image\"><div class=\"tpgb-metro-gallery-image\" style=\"background: url(https:\/\/www.musical-today.de\/wp-content\/uploads\/2024\/09\/10410_300dpi-scaled.jpg);\"><\/div><\/div><div class=\"post-content-center\"><div class=\"post-zoom-icon\"><div class=\"meta-search-icon\"><span><img decoding=\"async\" class=\"fancy-img\" src=\"https:\/\/www.musical-today.de\/wp-content\/uploads\/2024\/09\/10410_300dpi-scaled.jpg\" alt=\"Media Image2\" title=\"\"><i class=\"fas fa-search-plus pop-icon\"><\/i><\/span><\/div><\/div><div class=\"post-content-bottom\"><p class=\"post-title tpgb-trans-easeinout\">Foto: Herwig Prammer<\/p><\/div><\/div><\/a><\/div><div class=\"grid-item metro-item-2    tpgb-metro-3  tpgb-tab-metro-3  tpgb-mobile-metro-3 \"><a href=\"https:\/\/www.musical-today.de\/wp-content\/uploads\/2024\/09\/10394_300dpi-scaled.jpg\" class=\"tpgb-gallery-list-content tpgb-trans-easeinout\" data-fancybox=\"956d14_7988\" data-caption=\"Foto: Herwig Prammer\" aria-label=\"Foto: Herwig Prammer\"><div class=\"post-content-image\"><div class=\"tpgb-metro-gallery-image\" style=\"background: url(https:\/\/www.musical-today.de\/wp-content\/uploads\/2024\/09\/10394_300dpi-scaled.jpg);\"><\/div><\/div><div class=\"post-content-center\"><div class=\"post-zoom-icon\"><div class=\"meta-search-icon\"><span><img decoding=\"async\" class=\"fancy-img\" src=\"https:\/\/www.musical-today.de\/wp-content\/uploads\/2024\/09\/10394_300dpi-scaled.jpg\" alt=\"Media Image3\" title=\"\"><i class=\"fas fa-search-plus pop-icon\"><\/i><\/span><\/div><\/div><div class=\"post-content-bottom\"><p class=\"post-title tpgb-trans-easeinout\">Foto: Herwig Prammer<\/p><\/div><\/div><\/a><\/div><\/div><\/div><\/div>\n\n\n<p>Das Musiktheater Linz greift in dieser Saison das Thema mit \u201eWonderland\u201c des US-amerikanischen Komponisten Frank Wildhorn auf und bietet mit der Umsetzung des Musicals eine deutschsprachige Erstauff\u00fchrung. Eine mutige Entscheidung, denn dem St\u00fcck, das 2009 in Tampa uraufgef\u00fchrt wurde, blieb der Erfolg versagt, es wurde nach seiner \u00dcbersiedlung an den Broadway rasch abgesetzt. Der Inhalt greift auf das Original zur\u00fcck, f\u00fcr diese Fassung jedoch modernisiert: Alice arbeitet in einer Computerspielefirma namens Everheart, lebt von ihrem Ehemann getrennt und k\u00e4mpft als Mutter einer halbw\u00fcchsigen Tochter mit den \u00fcblichen Alltagsproblemen. Als ihre erfolgsgetriebene Chefin ein anspruchsvolles Projekt vergibt, schl\u00e4ft Alice \u00fcberfordert im B\u00fcro ein und verliert sich in einem Traum. Dort erlebt sie eine Reise ins Wunderland, begegnet ihrem j\u00fcngeren Ich und begibt sich auf die Suche nach dem Sinn ihres Lebens. Auf dem wilden Ritt wird sie von einem Kaninchen begleitet, trifft auf die Grinsekatze und die Herzk\u00f6nigin, nimmt an der Teeparty teil und muss sich vor dem Verr\u00fcckten Hutmacher in Sicherheit bringen. Aus dem Traum erwacht, wei\u00df sie sofort, was zu tun ist: Sie will sich in Zukunft mehr um ihr Kind k\u00fcmmern und vers\u00f6hnt sich mit ihrem Exmann.&nbsp;<\/p>\n\n\n\n<p>Ensemble und Protagonisten k\u00e4mpfen sich engagiert durch den Abend. Leider fehlen gro\u00dfe musikalische Ohrw\u00fcrmer, aber es gibt sch\u00f6n angelegte Swing-Nummern, und Rock-, Funk- und Soulkl\u00e4nge t\u00f6nen durch das Haus. Beherzt greifen die Musiker der Club-Wonderland-Band unter der Leitung von Tom Bitterlich in die Saiten und Tasten. Das Orchester ist in einer Szene f\u00fcr das Publikum gut sichtbar, weil es aus dem Orchestergraben auf B\u00fchnenh\u00f6he gefahren wird. Absolute Hauptdarsteller des Abends sind jedoch die fantasievollen und sehr aufwendig gearbeiteten Kost\u00fcme von Adam Nee, die man nicht aufh\u00f6ren m\u00f6chte zu bestaunen. Damit f\u00fcllen sich auch \u201eLeerl\u00e4ufe\u201c, wenn das St\u00fcck trotz der temporeichen Inszenierung von Christoph Drewitz nicht so recht z\u00fcndet, obwohl dieser mit flotten Szenenwechseln und kom\u00f6diantischen Einf\u00e4llen stets versucht, Schwung in die Sache zu bringen.&nbsp;<\/p>\n\n\n\n<p>Valerie Luksch ist als Alice vielbesch\u00e4ftigt, steht fast st\u00e4ndig auf der B\u00fchne und bew\u00e4ltigt diese Herausforderung stimmlich wie k\u00f6rperlich hervorragend. Ihr jugendliches Pendant wird von der 13-j\u00e4hrigen Helena Unger bravour\u00f6s dargestellt. Sehr komisch pr\u00e4sentiert sich der \u201eHeld\u201c, der sich Alice als Begleiter auf ihrer wundersamen Reise empfiehlt und im wirklichen Leben ihr Exmann Jack ist. Max Niemeyer agiert urkomisch, stimmlich bestens disponiert. \u00c4hnlich brilliert die stimmgewaltige Sanne Mieloo als Verr\u00fcckter Hutmacher in einem sehr ansprechenden Kost\u00fcm. Daniela Dett ist eine originelle Herzk\u00f6nigin, die bemerkenswert in ihrem Hofstaat w\u00fctet und gemeinsam mit ihrem Gefolge sicherlich das feinste Outfit tragen darf. Liebenswert hoppelt Christian Fr\u00f6hlich durch das Wunderland und steht Alice treu zur Seite. Kaum hat die ihren Traum beendet und sich f\u00fcr einen Neustart im Leben entschieden, endet das St\u00fcck. Ewas abrupt. Nichtsdestotrotz ist das Publikum hingerissen und entscheidet sich rasch f\u00fcr Standing Ovations.<\/p>\n\n\n\n<hr class=\"wp-block-separator has-alpha-channel-opacity is-style-dots\"\/>\n\n\n\n<p class=\"has-small-font-size\">Musikalische Leitung: Tom Bitterlich \u00b7 Choreografie: David Hartland \u00b7 B\u00fchnenbild: Andrew D. Edwards \u00b7 Kost\u00fcme: Adam Nee \u00b7 Darsteller: Valerie Luksch (Alice), Helena Unger (Junge Alice), Daniela Dett (Herzk\u00f6nigin), Sanne Mieloo (Verr\u00fcckter Hutmacher), Max Niemeyer (Jack), Christian Fr\u00f6hlich (Kaninchen), u. a.<br><br>Aufmacherfoto: Herwig Prammer<\/p>\n","protected":false},"excerpt":{"rendered":"<p>\u201eWonderland\u201c im Musiktheater Linz Das Linzer Musiktheater startet mit \u201eWonderland\u201c in eine neue Musical-Saison und pr\u00e4sentiert eine schrille Revue nach der Buchvorlage von Lewis Carrolls \u201eAlice im Wunderland\u201c. Was genau fasziniert an einem wei\u00dfen Kaninchen, einer Grinsekatze oder einem verr\u00fcckten Hutmacher? Warum begeistert uns ein Kinderbuch aus dem 19. Jahrhundert derma\u00dfen, dass basierend auf diesem Stoff Opern, Operetten, Musicals und circa 60 Verfilmungen ihr Publikum gefunden haben und weiterhin finden? \u00dcber diese Fragen zu Lewis Carrolls Buch \u201eAlice im Wunderland\u201c [&hellip;]<\/p>\n","protected":false},"author":16,"featured_media":7989,"comment_status":"closed","ping_status":"closed","sticky":false,"template":"","format":"standard","meta":{"tpgb_global_settings":"","footnotes":""},"categories":[87],"tags":[],"class_list":["post-7988","post","type-post","status-publish","format-standard","has-post-thumbnail","hentry","category-linz"],"tpgb_featured_images":{"full":["https:\/\/www.musical-today.de\/wp-content\/uploads\/2024\/09\/10393_300dpi-scaled.jpg",2560,1718,false],"tp-image-grid":["https:\/\/www.musical-today.de\/wp-content\/uploads\/2024\/09\/10393_300dpi-700x700.jpg",700,700,true],"thumbnail":["https:\/\/www.musical-today.de\/wp-content\/uploads\/2024\/09\/10393_300dpi-600x403.jpg",600,403,true],"medium":["https:\/\/www.musical-today.de\/wp-content\/uploads\/2024\/09\/10393_300dpi-1200x805.jpg",1200,805,true],"medium_large":["https:\/\/www.musical-today.de\/wp-content\/uploads\/2024\/09\/10393_300dpi-949x637.jpg",770,517,true],"large":["https:\/\/www.musical-today.de\/wp-content\/uploads\/2024\/09\/10393_300dpi-1920x1289.jpg",1139,765,true],"default":"https:\/\/www.musical-today.de\/wp-content\/plugins\/the-plus-addons-for-block-editor\/assets\/images\/tpgb-placeholder.jpg"},"tpgb_post_meta_info":{"get_date":"14.09.2024","get_modified_date":"15.04.2025","category_list":{"category":[{"term_id":87,"name":"Linz","slug":"linz","term_group":0,"term_taxonomy_id":87,"taxonomy":"category","description":"","parent":114,"count":9,"filter":"raw","term_order":"8"}],"post_tag":false,"post_format":false},"author_name":"Susanne Dressler","author_url":"https:\/\/www.musical-today.de\/en\/autor\/susannedressler\/","author_email":"online232@musical-today.de","author_website":"","author_description":"ist Historikerin und lebt als freiberufliche Journalistin in Wien. Die Begeisterung f\u00fcr Oper, Musical oder Operette begleitet sie seit fr\u00fchester Jugend und ist niemals schw\u00e4cher geworden. F\u00fcr sie gibt es im Musiktheater nichts, was es in der Realit\u00e4t nicht auch gibt: Liebe, Hass, Rache, Eifersucht, Mord, Krieg, Verzweiflung, Gl\u00fcck und Krankheit \u2013 nur eben verpackt in wundersch\u00f6ne Musik.","author_facebook":"","author_twitter":"","author_instagram":"","author_role":["author"],"author_firstname":"Susanne","author_lastname":"Dressler","user_login":"susannedressler","author_avatar":"<img src=\"https:\/\/www.musical-today.de\/wp-content\/uploads\/2024\/03\/Autor_Dressler-293x293.jpg\" width=\"200\" height=\"200\" alt=\"Susanne Dressler\" class=\"avatar avatar-200 wp-user-avatar wp-user-avatar-200 alignnone photo\" \/>","author_avatar_url":"https:\/\/www.musical-today.de\/wp-content\/uploads\/2024\/03\/Autor_Dressler.jpg","comment_count":0,"post_likes":0,"post_views":0},"tpgb_post_category":{"category":"<a href=\"https:\/\/www.musical-today.de\/en\/oesterreich\/linz\/\" alt=\"Linz\"  class=\"category-linz\">Linz<\/a> "},"_links":{"self":[{"href":"https:\/\/www.musical-today.de\/en\/wp-json\/wp\/v2\/posts\/7988","targetHints":{"allow":["GET"]}}],"collection":[{"href":"https:\/\/www.musical-today.de\/en\/wp-json\/wp\/v2\/posts"}],"about":[{"href":"https:\/\/www.musical-today.de\/en\/wp-json\/wp\/v2\/types\/post"}],"author":[{"embeddable":true,"href":"https:\/\/www.musical-today.de\/en\/wp-json\/wp\/v2\/users\/16"}],"replies":[{"embeddable":true,"href":"https:\/\/www.musical-today.de\/en\/wp-json\/wp\/v2\/comments?post=7988"}],"version-history":[{"count":0,"href":"https:\/\/www.musical-today.de\/en\/wp-json\/wp\/v2\/posts\/7988\/revisions"}],"wp:featuredmedia":[{"embeddable":true,"href":"https:\/\/www.musical-today.de\/en\/wp-json\/wp\/v2\/media\/7989"}],"wp:attachment":[{"href":"https:\/\/www.musical-today.de\/en\/wp-json\/wp\/v2\/media?parent=7988"}],"wp:term":[{"taxonomy":"category","embeddable":true,"href":"https:\/\/www.musical-today.de\/en\/wp-json\/wp\/v2\/categories?post=7988"},{"taxonomy":"post_tag","embeddable":true,"href":"https:\/\/www.musical-today.de\/en\/wp-json\/wp\/v2\/tags?post=7988"}],"curies":[{"name":"wp","href":"https:\/\/api.w.org\/{rel}","templated":true}]}}