{"id":8000,"date":"2024-09-16T14:45:36","date_gmt":"2024-09-16T12:45:36","guid":{"rendered":"https:\/\/www.musical-today.de\/?p=8000"},"modified":"2025-04-15T14:28:19","modified_gmt":"2025-04-15T12:28:19","slug":"wien-rock-me-amadeus","status":"publish","type":"post","link":"https:\/\/www.musical-today.de\/en\/wien-rock-me-amadeus\/","title":{"rendered":"Rock me Amadeus \u2013 Das Falco Musical"},"content":{"rendered":"<div class=\"lets-info-up-wrap  lets-info-up--right lets-info-up--m-1 lets-info-up-skin-3 lets-info-up--side lets-info-up-89354\" style=\"background:#fafafa; color: #616161\">\t\t\t<div class=\"lets-info-up\">\r\n\t\t\t<div class=\"lets-info-up-fi\"><img decoding=\"async\" width=\"500\" height=\"333\" src=\"https:\/\/www.musical-today.de\/wp-content\/uploads\/2024\/01\/qi-addons-for-elementor-placeholder-500x333.png\" class=\"attachment-lets-info-up-d1 size-lets-info-up-d1\" alt=\"|\" srcset=\"https:\/\/www.musical-today.de\/wp-content\/uploads\/2024\/01\/qi-addons-for-elementor-placeholder-500x333.png 500w, https:\/\/www.musical-today.de\/wp-content\/uploads\/2024\/01\/qi-addons-for-elementor-placeholder-300x200.png 300w, https:\/\/www.musical-today.de\/wp-content\/uploads\/2024\/01\/qi-addons-for-elementor-placeholder-1024x683.png 1024w, https:\/\/www.musical-today.de\/wp-content\/uploads\/2024\/01\/qi-addons-for-elementor-placeholder-883x589.png 883w, https:\/\/www.musical-today.de\/wp-content\/uploads\/2024\/01\/qi-addons-for-elementor-placeholder-18x12.png 18w, https:\/\/www.musical-today.de\/wp-content\/uploads\/2024\/01\/qi-addons-for-elementor-placeholder-360x240.png 360w, https:\/\/www.musical-today.de\/wp-content\/uploads\/2024\/01\/qi-addons-for-elementor-placeholder-1155x770.png 1155w, https:\/\/www.musical-today.de\/wp-content\/uploads\/2024\/01\/qi-addons-for-elementor-placeholder-370x247.png 370w, https:\/\/www.musical-today.de\/wp-content\/uploads\/2024\/01\/qi-addons-for-elementor-placeholder-770x513.png 770w, https:\/\/www.musical-today.de\/wp-content\/uploads\/2024\/01\/qi-addons-for-elementor-placeholder-293x195.png 293w, https:\/\/www.musical-today.de\/wp-content\/uploads\/2024\/01\/qi-addons-for-elementor-placeholder-120x80.png 120w, https:\/\/www.musical-today.de\/wp-content\/uploads\/2024\/01\/qi-addons-for-elementor-placeholder-240x160.png 240w, https:\/\/www.musical-today.de\/wp-content\/uploads\/2024\/01\/qi-addons-for-elementor-placeholder-390x260.png 390w, https:\/\/www.musical-today.de\/wp-content\/uploads\/2024\/01\/qi-addons-for-elementor-placeholder.png 1200w\" sizes=\"(max-width: 500px) 100vw, 500px\" title=\"\"><\/div>\t\t\t<div class=\"lets-info-up-block-wrap\">\r\n\t\t\t\t<div class=\"lets-info-up-block lets-info-up-meta-block\"><div class=\"lets-info-up-meta-title lets-info-up-pretitle font-h\" style=\"color: #8c6d18;\">oRT<\/div><div class=\"lets-info-up-meta-content lets-info-up-title font-b\">Ronacher Wien<\/div><\/div><div class=\"lets-info-up-block lets-info-up-meta-block\"><div class=\"lets-info-up-meta-title lets-info-up-pretitle font-h\" style=\"color: #8c6d18;\">von<\/div><div class=\"lets-info-up-meta-content lets-info-up-title font-b\">Christian Struppeck (Buch)<br>Falco (Musik &amp; Songtexte)<\/div><\/div><div class=\"lets-info-up-block lets-info-up-meta-block\"><div class=\"lets-info-up-meta-title lets-info-up-pretitle font-h\" style=\"color: #8c6d18;\">Regie<\/div><div class=\"lets-info-up-meta-content lets-info-up-title font-b\">Andreas Gergen<\/div><\/div><div class=\"lets-info-up-block lets-info-up-meta-block\"><div class=\"lets-info-up-meta-title lets-info-up-pretitle font-h\" style=\"color: #8c6d18;\">Urauff\u00fchrunG<\/div><div class=\"lets-info-up-meta-content lets-info-up-title font-b\">2023<\/div><\/div><div class=\"lets-info-up-block lets-info-up-meta-block\"><div class=\"lets-info-up-meta-title lets-info-up-pretitle font-h\" style=\"color: #8c6d18;\">INFOS<\/div><div class=\"lets-info-up-meta-content lets-info-up-title font-b\"><a href=\"https:\/\/www.musicalvienna.at\/de\/spielplan-und-tickets\/spielplan\/production\/1062\/ROCK-ME-AMADEUS-DAS-FALCO-MUSICAL\/calendar\" data-type=\"link\" target=\"_blank\" rel=\"noopener noreferrer nofollow\">www.musicalvienna.at<\/a><\/div><\/div>\t\t\t<\/div>\r\n\t\t\t<\/div>\r\n\t\t<\/div>\r\n\t\t\n\n\n<p><strong><strong><strong>\u201eRock me Amadeus \u2013 Das Falco Musical\u201c erlebt eine neue Auff\u00fchrungsserie im Ronacher<\/strong><\/strong><\/strong><\/p>\n\n\n\n<p>\u201eWenn ich morgen meinem Gott gegen\u00fcberstehe, kann ich sagen: &#8218;Ich bin unschuldig! Ich hab\u2019 niemandem was getan, ich hab\u2019 niemanden g&#8217;legt, ich hab\u2019 niemanden betrogen, ich hab\u2019 niemandem wehgetan &#8230; au\u00dfer mir selbst.&#8216; Und das wird er mir hoffentlich verzeihen.\u201c Mit diesem Originalzitat von Falco aus einem Interview anl\u00e4sslich seines 40. Geburtstags enden mehr als zwei Stunden \u201eRock me Amadeus \u2013 Das Falco Musical\u201c. Die Show im Ronacher beginnt mit der Nachricht, die am 7. Februar 1998 durch alle Medien ging: Hans H\u00f6lzel ist bei einem Autounfall in der Dominikanischen Republik gestorben. \u201e\u00d6sterreichs gr\u00f6\u00dfter Popstar\u201c sorgte Zeit seines kurzen Lebens f\u00fcr jede Menge Aufmerksamkeit in seiner Heimat, aber auch weltweit, und seine Hits sind unvergessen. Das merkt man rasch an der begeisterten Reaktion des Publikums, wenn diese durch das Haus schallen.<\/p>\n\n\n\n<p>Popstar wollte Hans H\u00f6lzel immer werden. Mit diesem bereits in der Schule ge\u00e4u\u00dferten Berufswunsch startet das Musical und erz\u00e4hlt den Werdegang von Falco. Was er sich ertr\u00e4umte, trat ein \u2013 manches jedoch anders als erwartet. Der Musical-Intendant der Vereinigten B\u00fchnen Wien, Christian Struppeck, hat ein simples und ein wenig r\u00fchrseliges Libretto verfasst, das detailgenau der Biografie des au\u00dfergew\u00f6hnlichen K\u00fcnstlers folgt: seine ersten zaghaften Versuche als Musiker, seine Exaltiertheit, der Sch\u00f6nbrunner Dialekt eingeschlossen, der Drogen- und Alkoholkonsum, sein enges Verh\u00e4ltnis zur Mutter, die \u00dcberforderung durch den Ruhm, der ihn wie eine riesige Woge mitriss, die Verzweiflung, nicht zu gen\u00fcgen, und gleichzeitig das Wissen, dass er Neues kreierte. Der Wunsch nach einem Familienleben und schlie\u00dflich der Absturz.<\/p>\n\n\n<div  class=\"tpgb-wrap-956d14_8000  tpgb-wrap-fw \"  ><div id=\"956d14_8000\" class=\"tpgb-block-956d14_8000 tpgb-relative-block tpgb-gallery-list tpgb-metro gallery-style-2 hover-image-style-1   \" data-style=\"style-2\" data-id=\"956d14_8000\" data-layout=\"metro\" data-fancy-option='{\"loop\":false,\"thumb\":\"no\",\"infobar\":true,\"arrows\":true,\"transitionEffect\":\"slide\",\"button\":[\"close\"]}' data-splide='\"\"' data-metroAttr= '{\"metro_col\":\"3\",\"tab_metro_col\":3,\"mobile_metro_col\":3,\"metro_style\":\"style-1\",\"tab_metro_style\":\"style-1\",\"mobile_metro_style\":\"style-1\"}' ><div class=\"tpgb-row post-loop-inner \"><div class=\"grid-item metro-item-0    tpgb-metro-1  tpgb-tab-metro-1  tpgb-mobile-metro-1 \"><a href=\"https:\/\/www.musical-today.de\/wp-content\/uploads\/2024\/09\/ROCK-ME-AMADEUS_Alex-MelcherAlter-Ego_\u00a9_VBW_Deen-van-Meer-scaled.jpg\" class=\"tpgb-gallery-list-content tpgb-trans-easeinout\" data-fancybox=\"956d14_8000\" data-caption=\"Foto: VBW\/Deen van Meer\" aria-label=\"Foto: VBW\/Deen van Meer\"><div class=\"post-content-image\"><div class=\"tpgb-metro-gallery-image\" style=\"background: url(https:\/\/www.musical-today.de\/wp-content\/uploads\/2024\/09\/ROCK-ME-AMADEUS_Alex-MelcherAlter-Ego_\u00a9_VBW_Deen-van-Meer-scaled.jpg);\"><\/div><\/div><div class=\"post-content-center\"><div class=\"post-zoom-icon\"><div class=\"meta-search-icon\"><span><img decoding=\"async\" class=\"fancy-img\" src=\"https:\/\/www.musical-today.de\/wp-content\/uploads\/2024\/09\/ROCK-ME-AMADEUS_Alex-MelcherAlter-Ego_\u00a9_VBW_Deen-van-Meer-scaled.jpg\" alt=\"Media Image1\" title=\"\"><i class=\"fas fa-search-plus pop-icon\"><\/i><\/span><\/div><\/div><div class=\"post-content-bottom\"><p class=\"post-title tpgb-trans-easeinout\">Foto: VBW\/Deen van Meer<\/p><\/div><\/div><\/a><\/div><div class=\"grid-item metro-item-1    tpgb-metro-2  tpgb-tab-metro-2  tpgb-mobile-metro-2 \"><a href=\"https:\/\/www.musical-today.de\/wp-content\/uploads\/2024\/09\/ROCK-ME-AMADEUS_Andreas-LichtenbergerHorst_Moritz-MausserHans_Katharina-GorgiIsabella_Franz-FrickelMarkus_Ensemble_\u00a9_VBW_Deen-van-Meer-scaled.jpg\" class=\"tpgb-gallery-list-content tpgb-trans-easeinout\" data-fancybox=\"956d14_8000\" data-caption=\"Foto: VBW\/Deen van Meer\" aria-label=\"Foto: VBW\/Deen van Meer\"><div class=\"post-content-image\"><div class=\"tpgb-metro-gallery-image\" style=\"background: url(https:\/\/www.musical-today.de\/wp-content\/uploads\/2024\/09\/ROCK-ME-AMADEUS_Andreas-LichtenbergerHorst_Moritz-MausserHans_Katharina-GorgiIsabella_Franz-FrickelMarkus_Ensemble_\u00a9_VBW_Deen-van-Meer-scaled.jpg);\"><\/div><\/div><div class=\"post-content-center\"><div class=\"post-zoom-icon\"><div class=\"meta-search-icon\"><span><img decoding=\"async\" class=\"fancy-img\" src=\"https:\/\/www.musical-today.de\/wp-content\/uploads\/2024\/09\/ROCK-ME-AMADEUS_Andreas-LichtenbergerHorst_Moritz-MausserHans_Katharina-GorgiIsabella_Franz-FrickelMarkus_Ensemble_\u00a9_VBW_Deen-van-Meer-scaled.jpg\" alt=\"Media Image2\" title=\"\"><i class=\"fas fa-search-plus pop-icon\"><\/i><\/span><\/div><\/div><div class=\"post-content-bottom\"><p class=\"post-title tpgb-trans-easeinout\">Foto: VBW\/Deen van Meer<\/p><\/div><\/div><\/a><\/div><div class=\"grid-item metro-item-2    tpgb-metro-3  tpgb-tab-metro-3  tpgb-mobile-metro-3 \"><a href=\"https:\/\/www.musical-today.de\/wp-content\/uploads\/2024\/09\/ROCK-ME-AMADEUS_Alex-MelcherAlter-Ego_Moritz-MausserHans_Ensemble_\u00a9VBW_Deen-van-Meer-scaled.jpg\" class=\"tpgb-gallery-list-content tpgb-trans-easeinout\" data-fancybox=\"956d14_8000\" data-caption=\"Foto: VBW\/Deen van Meer\" aria-label=\"Foto: VBW\/Deen van Meer\"><div class=\"post-content-image\"><div class=\"tpgb-metro-gallery-image\" style=\"background: url(https:\/\/www.musical-today.de\/wp-content\/uploads\/2024\/09\/ROCK-ME-AMADEUS_Alex-MelcherAlter-Ego_Moritz-MausserHans_Ensemble_\u00a9VBW_Deen-van-Meer-scaled.jpg);\"><\/div><\/div><div class=\"post-content-center\"><div class=\"post-zoom-icon\"><div class=\"meta-search-icon\"><span><img decoding=\"async\" class=\"fancy-img\" src=\"https:\/\/www.musical-today.de\/wp-content\/uploads\/2024\/09\/ROCK-ME-AMADEUS_Alex-MelcherAlter-Ego_Moritz-MausserHans_Ensemble_\u00a9VBW_Deen-van-Meer-scaled.jpg\" alt=\"Media Image3\" title=\"\"><i class=\"fas fa-search-plus pop-icon\"><\/i><\/span><\/div><\/div><div class=\"post-content-bottom\"><p class=\"post-title tpgb-trans-easeinout\">Foto: VBW\/Deen van Meer<\/p><\/div><\/div><\/a><\/div><\/div><\/div><\/div>\n\n\n<p>Die mageren Dialoge verschwinden hinter den gro\u00dfen Hits wie \u201eDer Kommissar\u201c, \u201eRock me Amadeus\u201c, \u201eJeanny\u201c, \u201eOut of the Dark\u201c, \u201eJunge R\u00f6mer\u201c, \u201eWiener Blut\u201c oder \u201eTitanic\u201c. Dazwischen verirren sich ein paar neue Songs, verfasst von den Br\u00fcdern Ferdi und Rob Bolland, wie \u201eHab den Mut und leb deinen Traum \u2026\u201c, die vermutlich Falco selbst niemals interpretiert h\u00e4tte. Dabei zeichneten die Bollands auch f\u00fcr einen Hit wie \u201eRock me Amadeus\u201c verantwortlich. Eines lernt man schnell: Das Leben eines Popstars ist alles andere als erstrebenswert, der Druck von Produzenten und Managern riesig, es muss st\u00e4ndig geliefert werden. Und \u2013 \u00dcberraschung \u2013 Alkohol und Drogen sind keine L\u00f6sung.<\/p>\n\n\n\n<p>Gl\u00fccksgriff f\u00fcr das Musical ist die Besetzung von Moritz Mausser als Falco. Der junge S\u00e4nger und Theaterschauspieler hat die Figur des Musikers verinnerlicht, singt mit Bravour, imitiert die exaltierte Sprache perfekt und wei\u00df sich ausgezeichnet zu bewegen. Ein kongenialer Partner ist sein Alter Ego, verk\u00f6rpert von Alex Melcher, der wie der Beelzebub pers\u00f6nlich die diabolischen Seiten Falcos darstellt. Unterst\u00fctzt werden diese starken Szenen, insbesondere im zweiten Teil, durch das schillernde und eindrucksvolle B\u00fchnenbild von Stephan Prattes. Neben unz\u00e4hligen Spiegeln, glitzernden Accessoires und flexibel einsetzbaren W\u00fcrfeln, die vom Schn\u00fcrboden schweben oder von der Seite auf die B\u00fchne geschoben werden, hat er einen riesigen Kopf als Mittelpunkt der B\u00fchne drapiert. Spannend wird es, wenn sich dieser dreht und das Innere zeigt.<\/p>\n\n\n\n<p>Genau dort sitzt das Alter Ego und bohrt sich durch den zweifelnden und von Selbstmitleid zerfressenen Falco. Der ungl\u00fccklich verlaufenen Liebesgeschichte mit Isabella (tadellos: Katharina Gorgi) wird viel Raum geboten, was nicht unbedingt notwendig gewesen w\u00e4re. Selbstverst\u00e4ndlich darf die Mama nicht fehlen, die von Tania Golden mit r\u00fchrender Naivit\u00e4t dargeboten wird. Mit dem Titel \u201eComing Home\u201c bewegt sich das Musical dem Tod des K\u00fcnstlers entgegen. Das Ensemble, gekleidet in wei\u00dfen Anz\u00fcgen, verteilt sich im Zuschauerraum und auf der B\u00fchne, bietet, begleitet vom bestens disponierten Orchester der Vereinigten B\u00fchnen Wien unter der Leitung von Michael R\u00f6mer, einen letzten gro\u00dfen Abgesang. Das Publikum springt begeistert von den St\u00fchlen auf und zollt nicht nur den Darstellern ihren Tribut, sondern auch Falco.<\/p>\n\n\n\n<hr class=\"wp-block-separator has-alpha-channel-opacity is-style-dots\"\/>\n\n\n\n<p class=\"has-small-font-size\">Musikalische Leitung: Michael R\u00f6mer \u00b7 Choreografie: Anthony van Laast \u00b7 B\u00fchnenbild: Stephan Prattes \u00b7 Kost\u00fcme: Uta Loher, Conny L\u00fcders \u00b7 Darsteller: Moritz Mausser (Hans), Alex Melcher (Alter Ego), Katharina Gorgi (Isabella), Andreas Lichtenberger (Horst), Tania Golden (Maria), Franz Frickel (Markus)<br><br>Aufmacherfoto: VBW\/Deen van Meer<\/p>\n","protected":false},"excerpt":{"rendered":"<p>\u201eRock me Amadeus \u2013 Das Falco Musical\u201c erlebt eine neue Auff\u00fchrungsserie im Ronacher \u201eWenn ich morgen meinem Gott gegen\u00fcberstehe, kann ich sagen: &#8218;Ich bin unschuldig! Ich hab\u2019 niemandem was getan, ich hab\u2019 niemanden g&#8217;legt, ich hab\u2019 niemanden betrogen, ich hab\u2019 niemandem wehgetan &#8230; au\u00dfer mir selbst.&#8216; Und das wird er mir hoffentlich verzeihen.\u201c Mit diesem Originalzitat von Falco aus einem Interview anl\u00e4sslich seines 40. Geburtstags enden mehr als zwei Stunden \u201eRock me Amadeus \u2013 Das Falco Musical\u201c. Die Show im [&hellip;]<\/p>\n","protected":false},"author":16,"featured_media":8001,"comment_status":"closed","ping_status":"closed","sticky":false,"template":"","format":"standard","meta":{"tpgb_global_settings":"","footnotes":""},"categories":[136],"tags":[],"class_list":["post-8000","post","type-post","status-publish","format-standard","has-post-thumbnail","hentry","category-wien"],"tpgb_featured_images":{"full":["https:\/\/www.musical-today.de\/wp-content\/uploads\/2024\/09\/ROCK-ME-AMADEUS_Moritz-MausserHans_Ensemble_\u00a9_VBW_Deen-van-Meer-2-scaled.jpg",2560,1825,false],"tp-image-grid":["https:\/\/www.musical-today.de\/wp-content\/uploads\/2024\/09\/ROCK-ME-AMADEUS_Moritz-MausserHans_Ensemble_\u00a9_VBW_Deen-van-Meer-2-700x700.jpg",700,700,true],"thumbnail":["https:\/\/www.musical-today.de\/wp-content\/uploads\/2024\/09\/ROCK-ME-AMADEUS_Moritz-MausserHans_Ensemble_\u00a9_VBW_Deen-van-Meer-2-600x428.jpg",600,428,true],"medium":["https:\/\/www.musical-today.de\/wp-content\/uploads\/2024\/09\/ROCK-ME-AMADEUS_Moritz-MausserHans_Ensemble_\u00a9_VBW_Deen-van-Meer-2-1200x855.jpg",1200,855,true],"medium_large":["https:\/\/www.musical-today.de\/wp-content\/uploads\/2024\/09\/ROCK-ME-AMADEUS_Moritz-MausserHans_Ensemble_\u00a9_VBW_Deen-van-Meer-2-949x676.jpg",770,548,true],"large":["https:\/\/www.musical-today.de\/wp-content\/uploads\/2024\/09\/ROCK-ME-AMADEUS_Moritz-MausserHans_Ensemble_\u00a9_VBW_Deen-van-Meer-2-1920x1369.jpg",1139,812,true],"default":"https:\/\/www.musical-today.de\/wp-content\/plugins\/the-plus-addons-for-block-editor\/assets\/images\/tpgb-placeholder.jpg"},"tpgb_post_meta_info":{"get_date":"16.09.2024","get_modified_date":"15.04.2025","category_list":{"category":[{"term_id":136,"name":"Wien","slug":"wien","term_group":0,"term_taxonomy_id":136,"taxonomy":"category","description":"","parent":114,"count":9,"filter":"raw","term_order":"12"}],"post_tag":false,"post_format":false},"author_name":"Susanne Dressler","author_url":"https:\/\/www.musical-today.de\/en\/autor\/susannedressler\/","author_email":"online232@musical-today.de","author_website":"","author_description":"ist Historikerin und lebt als freiberufliche Journalistin in Wien. Die Begeisterung f\u00fcr Oper, Musical oder Operette begleitet sie seit fr\u00fchester Jugend und ist niemals schw\u00e4cher geworden. F\u00fcr sie gibt es im Musiktheater nichts, was es in der Realit\u00e4t nicht auch gibt: Liebe, Hass, Rache, Eifersucht, Mord, Krieg, Verzweiflung, Gl\u00fcck und Krankheit \u2013 nur eben verpackt in wundersch\u00f6ne Musik.","author_facebook":"","author_twitter":"","author_instagram":"","author_role":["author"],"author_firstname":"Susanne","author_lastname":"Dressler","user_login":"susannedressler","author_avatar":"<img src=\"https:\/\/www.musical-today.de\/wp-content\/uploads\/2024\/03\/Autor_Dressler-293x293.jpg\" width=\"200\" height=\"200\" alt=\"Susanne Dressler\" class=\"avatar avatar-200 wp-user-avatar wp-user-avatar-200 alignnone photo\" \/>","author_avatar_url":"https:\/\/www.musical-today.de\/wp-content\/uploads\/2024\/03\/Autor_Dressler.jpg","comment_count":0,"post_likes":0,"post_views":0},"tpgb_post_category":{"category":"<a href=\"https:\/\/www.musical-today.de\/en\/oesterreich\/wien\/\" alt=\"Wien\"  class=\"category-wien\">Wien<\/a> "},"_links":{"self":[{"href":"https:\/\/www.musical-today.de\/en\/wp-json\/wp\/v2\/posts\/8000","targetHints":{"allow":["GET"]}}],"collection":[{"href":"https:\/\/www.musical-today.de\/en\/wp-json\/wp\/v2\/posts"}],"about":[{"href":"https:\/\/www.musical-today.de\/en\/wp-json\/wp\/v2\/types\/post"}],"author":[{"embeddable":true,"href":"https:\/\/www.musical-today.de\/en\/wp-json\/wp\/v2\/users\/16"}],"replies":[{"embeddable":true,"href":"https:\/\/www.musical-today.de\/en\/wp-json\/wp\/v2\/comments?post=8000"}],"version-history":[{"count":0,"href":"https:\/\/www.musical-today.de\/en\/wp-json\/wp\/v2\/posts\/8000\/revisions"}],"wp:featuredmedia":[{"embeddable":true,"href":"https:\/\/www.musical-today.de\/en\/wp-json\/wp\/v2\/media\/8001"}],"wp:attachment":[{"href":"https:\/\/www.musical-today.de\/en\/wp-json\/wp\/v2\/media?parent=8000"}],"wp:term":[{"taxonomy":"category","embeddable":true,"href":"https:\/\/www.musical-today.de\/en\/wp-json\/wp\/v2\/categories?post=8000"},{"taxonomy":"post_tag","embeddable":true,"href":"https:\/\/www.musical-today.de\/en\/wp-json\/wp\/v2\/tags?post=8000"}],"curies":[{"name":"wp","href":"https:\/\/api.w.org\/{rel}","templated":true}]}}