{"id":8009,"date":"2024-09-17T17:21:15","date_gmt":"2024-09-17T15:21:15","guid":{"rendered":"https:\/\/www.musical-today.de\/?p=8009"},"modified":"2025-04-15T14:28:19","modified_gmt":"2025-04-15T12:28:19","slug":"hildesheim-und-taglich-grusst-das-murmeltier","status":"publish","type":"post","link":"https:\/\/www.musical-today.de\/en\/hildesheim-und-taglich-grusst-das-murmeltier\/","title":{"rendered":"Und t\u00e4glich gr\u00fc\u00dft das Murmeltier"},"content":{"rendered":"<div class=\"lets-info-up-wrap  lets-info-up--right lets-info-up--m-1 lets-info-up-skin-3 lets-info-up--side lets-info-up-60871\" style=\"background:#fafafa; color: #616161\">\t\t\t<div class=\"lets-info-up\">\r\n\t\t\t<div class=\"lets-info-up-fi\"><img decoding=\"async\" width=\"500\" height=\"375\" src=\"https:\/\/www.musical-today.de\/wp-content\/uploads\/visual-portfolio\/placeholder-500x375.png\" class=\"attachment-lets-info-up-d1 size-lets-info-up-d1\" alt=\"|\" srcset=\"https:\/\/www.musical-today.de\/wp-content\/uploads\/visual-portfolio\/placeholder-500x375.png 500w, https:\/\/www.musical-today.de\/wp-content\/uploads\/visual-portfolio\/placeholder-300x225.png 300w, https:\/\/www.musical-today.de\/wp-content\/uploads\/visual-portfolio\/placeholder-1024x767.png 1024w, https:\/\/www.musical-today.de\/wp-content\/uploads\/visual-portfolio\/placeholder-883x662.png 883w, https:\/\/www.musical-today.de\/wp-content\/uploads\/visual-portfolio\/placeholder-16x12.png 16w, https:\/\/www.musical-today.de\/wp-content\/uploads\/visual-portfolio\/placeholder-800x600.png 800w, https:\/\/www.musical-today.de\/wp-content\/uploads\/visual-portfolio\/placeholder.png 1201w\" sizes=\"(max-width: 500px) 100vw, 500px\" title=\"\"><\/div>\t\t\t<div class=\"lets-info-up-block-wrap\">\r\n\t\t\t\t<div class=\"lets-info-up-block lets-info-up-meta-block\"><div class=\"lets-info-up-meta-title lets-info-up-pretitle font-h\" style=\"color: #8c6d18;\">Ort<\/div><div class=\"lets-info-up-meta-content lets-info-up-title font-b\">Theater f\u00fcr Niedersachsen Hildesheim<\/div><\/div><div class=\"lets-info-up-block lets-info-up-meta-block\"><div class=\"lets-info-up-meta-title lets-info-up-pretitle font-h\" style=\"color: #8c6d18;\">VON<\/div><div class=\"lets-info-up-meta-content lets-info-up-title font-b\">Danny Rubin (Buch)<br>Tim Minchin (Songtexte &amp; Musik)<\/div><\/div><div class=\"lets-info-up-block lets-info-up-meta-block\"><div class=\"lets-info-up-meta-title lets-info-up-pretitle font-h\" style=\"color: #8c6d18;\">Regie<\/div><div class=\"lets-info-up-meta-content lets-info-up-title font-b\">Jens Daryousch Ravari<\/div><\/div><div class=\"lets-info-up-block lets-info-up-meta-block\"><div class=\"lets-info-up-meta-title lets-info-up-pretitle font-h\" style=\"color: #8c6d18;\">Urauff\u00fchrung<\/div><div class=\"lets-info-up-meta-content lets-info-up-title font-b\">2024<\/div><\/div><div class=\"lets-info-up-block lets-info-up-meta-block\"><div class=\"lets-info-up-meta-title lets-info-up-pretitle font-h\" style=\"color: #8c6d18;\">INFOS<\/div><div class=\"lets-info-up-meta-content lets-info-up-title font-b\"><a href=\"https:\/\/tfn-online.de\/programm\/produktion\/und-taeglich-gruesst-das-murmeltier\" target=\"_blank\" data-type=\"link\" rel=\"noreferrer noopener\">www.tfn-online.de<\/a><\/div><\/div>\t\t\t<\/div>\r\n\t\t\t<\/div>\r\n\t\t<\/div>\r\n\t\t\n\n\n<p><strong>Deutsche Erstauff\u00fchrung von &#8222;Und t\u00e4glich gr\u00fc\u00dft das Murmeltier&#8220;<\/strong><\/p>\n\n\n\n<p>Wahren Kultstatus erlangte der Film mit Bill Murray 1993, ein knappes Vierteljahrhundert sp\u00e4ter folgte eine Musicalfassung, die deutlich weniger re\u00fcssierte, obwohl s\u00e4mtliche Zutaten z\u00fcnden m\u00fcssten. Abwechslungsreiche, eing\u00e4ngige Musik, geschliffene Dialoge, spannende Story mit anr\u00fchrenden Momenten mischen sich zu einem am\u00fcsanten B\u00fchnenst\u00fcck. Danny Rubin (Buch) im Gespann mit Songtexter und Komponist Tim Minchin, von ihm stammt der Londoner Megahit &#8222;Matilda&#8220;, machten eigentlich alles richtig, um mit &#8222;Und t\u00e4glich gr\u00fc\u00dft das Murmeltier&#8220; zu punkten. Das dachte auch die Intendanz des Hildesheimer Theaters f\u00fcr Niedersachsen und holte sich die Rechte f\u00fcr eine deutschsprachige Erstauff\u00fchrung in der fl\u00fcssigen \u00dcbersetzung von Roman Hinze. Ganz klar: Der Aufwand lohnte sich, die Adaption hat Potenzial.<\/p>\n\n\n\n<p>Eng h\u00e4lt sich das Musical an den Film. Der ber\u00fchmte TV-Wetterfrosch Phil Connors muss zum wiederholten Male in das stocklangweilige Provinzkaff Punxsutawney in Pennsylvania, um \u00fcber den Murmeltier-Tag zu berichten. Der ist seit 1887 historisch verbrieft und h\u00f6chst popul\u00e4r, soll immer am 2. Februar die Klimaprognose f\u00fcr das n\u00e4chste Fr\u00fchjahr vornehmen. Dieses Mal ger\u00e4t der \u00fcbel gelaunte Gast samt Assistentin Rita und Kameramann Larry in einen heftigen Schneesturm, der das Nest von der Au\u00dfenwelt abschneidet. Es kommt noch schlimmer. Phil strandet in einem Alptraum, erwacht von nun an stets am selben Tag, ausgerechnet dem Tag, dem das Murmeltier seinen Namen gab. Eine gr\u00e4sslich gemeine Zeitschleife, die alles Gewohnte abschneidet, den Mann an Grenzen schubst und sein Leben \u00fcberdenken l\u00e4sst, neue Kategorien schafft, am Ende f\u00fcr manch \u00fcberraschende Erkenntnisse sorgt.<br>Die Geschichte vom folgenschweren Murmeltier-Tag funktioniert, die Musik ebenso. Besonders Phils wechselnde Gef\u00fchlslagen finden darin Ausdruck. Polka, Jazz, Funk, Samba, Funk, Swing, Pop oder eine Ballade wie &#8222;Playing Nancy&#8220; leuchten geschickt Emotionen aus, zeigen ihn sarkastisch oder narzisstisch. <\/p>\n\n\n<div  class=\"tpgb-wrap-956d14_8009  tpgb-wrap-fw \"  ><div id=\"956d14_8009\" class=\"tpgb-block-956d14_8009 tpgb-relative-block tpgb-gallery-list tpgb-metro gallery-style-2 hover-image-style-1   \" data-style=\"style-2\" data-id=\"956d14_8009\" data-layout=\"metro\" data-fancy-option='{\"loop\":false,\"thumb\":\"no\",\"infobar\":true,\"arrows\":true,\"transitionEffect\":\"slide\",\"button\":[\"close\"]}' data-splide='\"\"' data-metroAttr= '{\"metro_col\":3,\"tab_metro_col\":3,\"mobile_metro_col\":3,\"metro_style\":\"style-1\",\"tab_metro_style\":\"style-1\",\"mobile_metro_style\":\"style-1\"}' ><div class=\"tpgb-row post-loop-inner \"><div class=\"grid-item metro-item-0    tpgb-metro-1  tpgb-tab-metro-1  tpgb-mobile-metro-1 \"><a href=\"https:\/\/www.musical-today.de\/wp-content\/uploads\/2024\/09\/230_tfn_murmeltier_foto_tim_mueller-scaled.jpg\" class=\"tpgb-gallery-list-content tpgb-trans-easeinout\" data-fancybox=\"956d14_8009\" data-caption=\"Foto: Tim M\u00fcller\" aria-label=\"Foto: Tim M\u00fcller\"><div class=\"post-content-image\"><div class=\"tpgb-metro-gallery-image\" style=\"background: url(https:\/\/www.musical-today.de\/wp-content\/uploads\/2024\/09\/230_tfn_murmeltier_foto_tim_mueller-scaled.jpg);\"><\/div><\/div><div class=\"post-content-center\"><div class=\"post-zoom-icon\"><div class=\"meta-search-icon\"><span><img decoding=\"async\" class=\"fancy-img\" src=\"https:\/\/www.musical-today.de\/wp-content\/uploads\/2024\/09\/230_tfn_murmeltier_foto_tim_mueller-scaled.jpg\" alt=\"Media Image1\" title=\"\"><i class=\"fas fa-search-plus pop-icon\"><\/i><\/span><\/div><\/div><div class=\"post-content-bottom\"><p class=\"post-title tpgb-trans-easeinout\">Foto: Tim M\u00fcller<\/p><\/div><\/div><\/a><\/div><div class=\"grid-item metro-item-1    tpgb-metro-2  tpgb-tab-metro-2  tpgb-mobile-metro-2 \"><a href=\"https:\/\/www.musical-today.de\/wp-content\/uploads\/2024\/09\/105_tfn_murmeltier_foto_tim_mueller-scaled.jpg\" class=\"tpgb-gallery-list-content tpgb-trans-easeinout\" data-fancybox=\"956d14_8009\" data-caption=\"Foto: Tim M\u00fcller\" aria-label=\"Foto: Tim M\u00fcller\"><div class=\"post-content-image\"><div class=\"tpgb-metro-gallery-image\" style=\"background: url(https:\/\/www.musical-today.de\/wp-content\/uploads\/2024\/09\/105_tfn_murmeltier_foto_tim_mueller-scaled.jpg);\"><\/div><\/div><div class=\"post-content-center\"><div class=\"post-zoom-icon\"><div class=\"meta-search-icon\"><span><img decoding=\"async\" class=\"fancy-img\" src=\"https:\/\/www.musical-today.de\/wp-content\/uploads\/2024\/09\/105_tfn_murmeltier_foto_tim_mueller-scaled.jpg\" alt=\"Media Image2\" title=\"\"><i class=\"fas fa-search-plus pop-icon\"><\/i><\/span><\/div><\/div><div class=\"post-content-bottom\"><p class=\"post-title tpgb-trans-easeinout\">Foto: Tim M\u00fcller<\/p><\/div><\/div><\/a><\/div><div class=\"grid-item metro-item-2    tpgb-metro-3  tpgb-tab-metro-3  tpgb-mobile-metro-3 \"><a href=\"https:\/\/www.musical-today.de\/wp-content\/uploads\/2024\/09\/011_tfn_murmeltier_foto_tim_mueller-scaled.jpg\" class=\"tpgb-gallery-list-content tpgb-trans-easeinout\" data-fancybox=\"956d14_8009\" data-caption=\"Foto: Tim M\u00fcller\" aria-label=\"Foto: Tim M\u00fcller\"><div class=\"post-content-image\"><div class=\"tpgb-metro-gallery-image\" style=\"background: url(https:\/\/www.musical-today.de\/wp-content\/uploads\/2024\/09\/011_tfn_murmeltier_foto_tim_mueller-scaled.jpg);\"><\/div><\/div><div class=\"post-content-center\"><div class=\"post-zoom-icon\"><div class=\"meta-search-icon\"><span><img decoding=\"async\" class=\"fancy-img\" src=\"https:\/\/www.musical-today.de\/wp-content\/uploads\/2024\/09\/011_tfn_murmeltier_foto_tim_mueller-scaled.jpg\" alt=\"Media Image3\" title=\"\"><i class=\"fas fa-search-plus pop-icon\"><\/i><\/span><\/div><\/div><div class=\"post-content-bottom\"><p class=\"post-title tpgb-trans-easeinout\">Foto: Tim M\u00fcller<\/p><\/div><\/div><\/a><\/div><\/div><\/div><\/div>\n\n\n<p>In Hildesheim ist f\u00fcr den angemessenen Sound Andreas Unsicker verantwortlich und der versteht sich mit seiner Combo vorz\u00fcglich auf Songs wie &#8222;Philanthropy&#8220;, &#8222;One Day&#8220; oder den &#8222;Punxsutawney-Rock&#8220;, auch wenn in der Premiere die Technik dem akustischen Genuss einen Streich spielt<br>Im schlichten, wandlungsf\u00e4higen B\u00fchnenbild (f\u00fcnf Boxen als Andeutungen f\u00fcr Saloon, Hotelzimmer oder Karussell) von Felix Wienb\u00fcrger tobt sich Regisseur Jens Daryousch Ravari kreativ aus, treibt den Spa\u00df auf die Spitze, ohne in billige Albernheiten abzugleiten, f\u00fchrt das zumeist in mehreren Rollen geforderte Ensemble mit gro\u00dfer Sensibilit\u00e4t durch die temporeiche Handlung, stark unterst\u00fctzt von Choreografin Doris Marlis, die ebenfalls jenseits des abgedroschenen Bewegungsvokabulars optische Reizpunkte platziert. Die Kost\u00fcme von Sybille G\u00e4nzlen-Zeit sind passgenau geschneidert, runden den positiven Gesamteindruck ab. Ravari b\u00fcrstet das Musical gegen Kitsch und Klamauk, g\u00f6nnt im Trubel ab und zu Augenblicke f\u00fcr Sentiment und etwas Ruhe.<\/p>\n\n\n\n<p>&#8222;Groundhog Day&#8220;, so der Originaltitel des in London 2016 uraufgef\u00fchrten Musicals, braucht agile, hoch pr\u00e4sente Darstellerpers\u00f6nlichkeiten, die das Feuer der Story einfangen und in Situationskomik tragen, im zweiten Teil auch mal Zartbitter-Flair verspr\u00fchen. Das schafft die Hildesheimer Company fast aus dem Stand. Zwischen leisen und aufgedrehten Momenten, Nachdenklichkeit und sprudelndem Wortwitz finden sie das jeweils richtige Timing inklusive Ausdruck, besonders J\u00fcrgen Brehm als Phil, der herrlich zwischen abgr\u00fcndiger Verzweiflung, Borniertheit und Sinneswandel pendelt.<br>Ebenfalls nach ganz vorn spielen sich Elisabeth K\u00f6stner als Rita und der Larry von Samuel Jonathan Berth, die \u00fcbrigen halten mehr als wacker mit, veredeln die deutschsprachige Erstauff\u00fchrung mit prallem Wumms, genannt seien Katharina Wollmann (Nancy), Joshua Edelsbacher (Ned), Luca Bernadas Cavallini (Debbie) und der schrullige Sheriff von Daniel Wernecke. Wer mit diesem Murmeltier schl\u00e4frige Stimmungen assoziiert, irrt: Das St\u00fcck wirbelt die Gem\u00fcter auf, macht riesiges Vergn\u00fcgen und begeistert das Hildesheimer Publikum.<\/p>\n\n\n\n<hr class=\"wp-block-separator has-alpha-channel-opacity is-style-dots\"\/>\n\n\n\n<p class=\"has-small-font-size\">Musikalische Leitung: Andreas Unsicker \u00b7&nbsp;Inszenierung: Jens Daryousch Ravari \u00b7 B\u00fchne: Felix Wienb\u00fcrger \u00b7&nbsp;Kost\u00fcme: Sybille G\u00e4n\u00dflen-Zeit \u00b7 Choreografie: Doris Marlis \u00b7 Darsteller: J\u00fcrgen Brehm (Phil Connors), Elisabeth K\u00f6stner (Rita Hansen), Samuel Jonathan Berth (Larry\/Gus), Katharina Wollmann (Nancy Taylor), Joshua Edelsbacher (Ned Ryerson), Silke Dubilier (Mrs. Lancaster), Karsten Oliver W\u00f6llm (Jenson), Lucia Bernadas Cavallini (Debbie), Jack Lukas (Fred), Daniel Wernecke (Sheriff)<\/p>\n\n\n\n<p class=\"has-small-font-size\">Aufmacherfoto: Tim M\u00fcller<\/p>\n","protected":false},"excerpt":{"rendered":"<p>Deutsche Erstauff\u00fchrung von &#8222;Und t\u00e4glich gr\u00fc\u00dft das Murmeltier&#8220; Wahren Kultstatus erlangte der Film mit Bill Murray 1993, ein knappes Vierteljahrhundert sp\u00e4ter folgte eine Musicalfassung, die deutlich weniger re\u00fcssierte, obwohl s\u00e4mtliche Zutaten z\u00fcnden m\u00fcssten. Abwechslungsreiche, eing\u00e4ngige Musik, geschliffene Dialoge, spannende Story mit anr\u00fchrenden Momenten mischen sich zu einem am\u00fcsanten B\u00fchnenst\u00fcck. Danny Rubin (Buch) im Gespann mit Songtexter und Komponist Tim Minchin, von ihm stammt der Londoner Megahit &#8222;Matilda&#8220;, machten eigentlich alles richtig, um mit &#8222;Und t\u00e4glich gr\u00fc\u00dft das Murmeltier&#8220; zu punkten. [&hellip;]<\/p>\n","protected":false},"author":4,"featured_media":8017,"comment_status":"closed","ping_status":"closed","sticky":false,"template":"","format":"standard","meta":{"tpgb_global_settings":"","footnotes":""},"categories":[73],"tags":[],"class_list":["post-8009","post","type-post","status-publish","format-standard","has-post-thumbnail","hentry","category-hildesheim"],"tpgb_featured_images":{"full":["https:\/\/www.musical-today.de\/wp-content\/uploads\/2024\/09\/036_tfn_murmeltier_foto_tim_mueller-scaled.jpg",2560,1707,false],"tp-image-grid":["https:\/\/www.musical-today.de\/wp-content\/uploads\/2024\/09\/036_tfn_murmeltier_foto_tim_mueller-700x700.jpg",700,700,true],"thumbnail":["https:\/\/www.musical-today.de\/wp-content\/uploads\/2024\/09\/036_tfn_murmeltier_foto_tim_mueller-600x400.jpg",600,400,true],"medium":["https:\/\/www.musical-today.de\/wp-content\/uploads\/2024\/09\/036_tfn_murmeltier_foto_tim_mueller-1200x800.jpg",1200,800,true],"medium_large":["https:\/\/www.musical-today.de\/wp-content\/uploads\/2024\/09\/036_tfn_murmeltier_foto_tim_mueller-949x633.jpg",770,514,true],"large":["https:\/\/www.musical-today.de\/wp-content\/uploads\/2024\/09\/036_tfn_murmeltier_foto_tim_mueller-1920x1280.jpg",1139,759,true],"default":"https:\/\/www.musical-today.de\/wp-content\/plugins\/the-plus-addons-for-block-editor\/assets\/images\/tpgb-placeholder.jpg"},"tpgb_post_meta_info":{"get_date":"17.09.2024","get_modified_date":"15.04.2025","category_list":{"category":[{"term_id":73,"name":"Hildesheim","slug":"hildesheim","term_group":0,"term_taxonomy_id":73,"taxonomy":"category","description":"","parent":19,"count":9,"filter":"raw","term_order":"50"}],"post_tag":false,"post_format":false},"author_name":"J\u00fcrgen Rickert","author_url":"https:\/\/www.musical-today.de\/en\/autor\/juergenrickert\/","author_email":"maail@valentinboesing.de","author_website":"","author_description":"Redakteur, Journalist, PR-Manager, P\u00e4dagoge. Arbeit in s\u00e4mtlichen Medien, mit Schwerpunkt Musiktheater-Rezensionen. Mitinitiator verschiedener internationaler Formate der UNESCO wie Euro-Arabischer Dialog, Deutsch-Afrikanische Jugendakademie, Climate Action Network. Dramaturgie und Produktionsleitung, z. B. \"Wohin gehst Du\" (Tanzprojekt), \"Gelbe Ohrfeigen\" (ARTE), Entwicklung des mehrfach interkontinental durchgef\u00fchrten Konzepts \"From Head to Heart\" mit szenischen Installationen.","author_facebook":"","author_twitter":"","author_instagram":"","author_role":["redakteur","author","editor","redaktionsteam"],"author_firstname":"J\u00fcrgen","author_lastname":"Rickert","user_login":"hjr","author_avatar":"<img src=\"https:\/\/www.musical-today.de\/wp-content\/uploads\/2024\/01\/cropped-Bildschirmfoto-2024-01-21-um-09.35.54-293x293.jpeg\" width=\"200\" height=\"200\" alt=\"J\u00fcrgen Rickert\" class=\"avatar avatar-200 wp-user-avatar wp-user-avatar-200 alignnone photo\" \/>","author_avatar_url":"https:\/\/www.musical-today.de\/wp-content\/uploads\/2024\/01\/cropped-Bildschirmfoto-2024-01-21-um-09.35.54.jpeg","comment_count":0,"post_likes":0,"post_views":0},"tpgb_post_category":{"category":"<a href=\"https:\/\/www.musical-today.de\/en\/deutschland\/hildesheim\/\" alt=\"Hildesheim\"  class=\"category-hildesheim\">Hildesheim<\/a> "},"_links":{"self":[{"href":"https:\/\/www.musical-today.de\/en\/wp-json\/wp\/v2\/posts\/8009","targetHints":{"allow":["GET"]}}],"collection":[{"href":"https:\/\/www.musical-today.de\/en\/wp-json\/wp\/v2\/posts"}],"about":[{"href":"https:\/\/www.musical-today.de\/en\/wp-json\/wp\/v2\/types\/post"}],"author":[{"embeddable":true,"href":"https:\/\/www.musical-today.de\/en\/wp-json\/wp\/v2\/users\/4"}],"replies":[{"embeddable":true,"href":"https:\/\/www.musical-today.de\/en\/wp-json\/wp\/v2\/comments?post=8009"}],"version-history":[{"count":0,"href":"https:\/\/www.musical-today.de\/en\/wp-json\/wp\/v2\/posts\/8009\/revisions"}],"wp:featuredmedia":[{"embeddable":true,"href":"https:\/\/www.musical-today.de\/en\/wp-json\/wp\/v2\/media\/8017"}],"wp:attachment":[{"href":"https:\/\/www.musical-today.de\/en\/wp-json\/wp\/v2\/media?parent=8009"}],"wp:term":[{"taxonomy":"category","embeddable":true,"href":"https:\/\/www.musical-today.de\/en\/wp-json\/wp\/v2\/categories?post=8009"},{"taxonomy":"post_tag","embeddable":true,"href":"https:\/\/www.musical-today.de\/en\/wp-json\/wp\/v2\/tags?post=8009"}],"curies":[{"name":"wp","href":"https:\/\/api.w.org\/{rel}","templated":true}]}}